{"id":10769,"date":"2024-08-28T20:06:11","date_gmt":"2024-08-28T18:06:11","guid":{"rendered":"https:\/\/lekahuin.com\/?p=10769"},"modified":"2024-08-28T20:17:31","modified_gmt":"2024-08-28T18:17:31","slug":"chile-seguridad","status":"publish","type":"post","link":"https:\/\/lekahuin.com\/?p=10769","title":{"rendered":"Chile &#8211; Seguridad"},"content":{"rendered":"\n<h2 class=\"wp-block-heading has-text-align-center\"><strong>GOBIERNO ARRINCONADO EN EL TEMA DE LA SEGURIDAD Y REPITIENDO LAS FRACASADAS POL\u00cdTICAS DE LA DERECHA<\/strong><\/h2>\n\n\n<div class=\"wp-block-image\">\n<figure class=\"aligncenter size-full\"><img data-recalc-dims=\"1\" fetchpriority=\"high\" decoding=\"async\" width=\"535\" height=\"367\" data-attachment-id=\"10773\" data-permalink=\"https:\/\/lekahuin.com\/?attachment_id=10773\" data-orig-file=\"https:\/\/i0.wp.com\/lekahuin.com\/wp-content\/uploads\/2024\/08\/seguridad-privada.jpg?fit=535%2C367&amp;ssl=1\" data-orig-size=\"535,367\" data-comments-opened=\"1\" data-image-meta=\"{&quot;aperture&quot;:&quot;0&quot;,&quot;credit&quot;:&quot;&quot;,&quot;camera&quot;:&quot;&quot;,&quot;caption&quot;:&quot;&quot;,&quot;created_timestamp&quot;:&quot;0&quot;,&quot;copyright&quot;:&quot;&quot;,&quot;focal_length&quot;:&quot;0&quot;,&quot;iso&quot;:&quot;0&quot;,&quot;shutter_speed&quot;:&quot;0&quot;,&quot;title&quot;:&quot;&quot;,&quot;orientation&quot;:&quot;0&quot;}\" data-image-title=\"seguridad privada\" data-image-description=\"\" data-image-caption=\"\" data-large-file=\"https:\/\/i0.wp.com\/lekahuin.com\/wp-content\/uploads\/2024\/08\/seguridad-privada.jpg?fit=535%2C367&amp;ssl=1\" src=\"https:\/\/i0.wp.com\/lekahuin.com\/wp-content\/uploads\/2024\/08\/seguridad-privada.jpg?resize=535%2C367&#038;ssl=1\" alt=\"\" class=\"wp-image-10773\" srcset=\"https:\/\/i0.wp.com\/lekahuin.com\/wp-content\/uploads\/2024\/08\/seguridad-privada.jpg?w=535&amp;ssl=1 535w, https:\/\/i0.wp.com\/lekahuin.com\/wp-content\/uploads\/2024\/08\/seguridad-privada.jpg?resize=300%2C206&amp;ssl=1 300w, https:\/\/i0.wp.com\/lekahuin.com\/wp-content\/uploads\/2024\/08\/seguridad-privada.jpg?resize=150%2C103&amp;ssl=1 150w\" sizes=\"(max-width: 535px) 100vw, 535px\" \/><figcaption class=\"wp-element-caption\"><strong>Seguridad privada en Chile<\/strong><\/figcaption><\/figure>\n<\/div>\n\n\n<p class=\"has-drop-cap has-text-align-justify wp-block-paragraph\">Para los que desde lejos seguimos la actualidad chilena desde pa\u00edses en que la cr\u00f3nica policial es una de las r\u00fabricas menores de los medios como la TV, salvo cuando se trata de hechos muy excepcionales y espectaculares, llama la atenci\u00f3n el lugar preponderante y los recursos y efectos t\u00e9cnicos utilizados en Chile para aumentar el impacto y espectacularidad de estos.<br>De este modo, vemos como aparece entre una de las cuestiones de primer inter\u00e9s el n\u00famero de homicidios cometidos durante un periodo de tiempo, una semana, un mes, en comparaci\u00f3n con otro lapso similar, en una especie de continuo ranking macabro.<br>Es en este contexto que, todos los canales de televisi\u00f3n aparecen en enconada competencia para destacar cualquier hecho delictual con una importante movilizaci\u00f3n de medios materiales y humanos en el terreno.<br>Desde all\u00ed, corresponsales que, a menudo evidencian un lenguaje impreciso, repetitivo y un vocabulario bastante elemental, presentan los aspectos m\u00e1s s\u00f3rdidos del hecho, comentados en el estudio por animadores cuya prestancia f\u00edsica no siempre es acorde con el nivel intelectual que manifiestan, todo esto con un fondo sonoro destinado a crear tensi\u00f3n y ansiedad.<br>Sobre la base de un real e importante aumento de la criminalidad en Chile en los \u00faltimos diez a\u00f1os, los medios y, como se se\u00f1alaba en particular, la televisi\u00f3n, est\u00e1n siendo as\u00ed un factor de primer orden en cuanto a orientar la opini\u00f3n p\u00fablica para que una de las principales preocupaciones de esta sea la seguridad.<br>La utilizaci\u00f3n del miedo y la ansiedad de una sociedad para dominarla mejor no es algo que fue inventado ni analizado por primera vez en Chile, pero es evidente hasta ser grotesca, la manera como se utiliza y abusa de este mecanismo a trav\u00e9s de medios, como la televisi\u00f3n, controlados todos por la clase social que gobierna alternativamente el pa\u00eds.<br>Es en este contexto que, frente al Gobierno, la Derecha chilena ha hecho del tema de la seguridad su caballo de batalla: a corto plazo, en la perspectiva de las pr\u00f3ximas elecciones municipales y, a mediano t\u00e9rmino, para las presidenciales y como tema central de su programa de gobierno.<br>En el intervalo de una seguidilla de mesas de trabajo y reuniones pol\u00edtico-jur\u00eddico-policiales con car\u00e1cter de urgencia, Boric, con justa raz\u00f3n, ha argumentado que su gobierno es aquel que m\u00e1s ha enviado proyectos de seguridad al Congreso. Pero, por el contrario, absteni\u00e9ndose de hacer un balance de los resultados.<br>De este modo, la Derecha ha conseguido arrinconar al Gobierno en un tema en que este no ha hecho m\u00e1s que repetir los m\u00e9todos y formulas que ya hab\u00edan fracasado durante la gesti\u00f3n de esta.<br>Sin analizar las causas estructurales y sociales de fondo que han generado la situaci\u00f3n actual de desarrollo de la criminalidad y tal como lo ha hecho tradicionalmente la Derecha, el actual gobierno ha optado exclusivamente por la represi\u00f3n, con medidas de efecto m\u00e1s que eficaces, con el ejemplo m\u00e1s elocuente de fracaso en la Ley Nahin-Retamal.<br>Esto, sin contar con las propuestas de algunos iluminados de la coalici\u00f3n de gobierno, que no pierden oportunidad de manifestar que la soluci\u00f3n est\u00e1 en declarar estados de excepci\u00f3n, con limitaci\u00f3n de todas las libertades p\u00fablicas y con la presencia masiva de militares en las calles.<br>En un plano ideal, la soluci\u00f3n de este problema como de muchos otros, s\u00f3lo puede obtenerse a trav\u00e9s de un cambio estructural y revolucionario de la sociedad lo que, como ha quedado demostrado hist\u00f3ricamente, no se obtiene por decreto, ni de la noche a la ma\u00f1ana, sino a trav\u00e9s de un proceso de transformaciones sociales, econ\u00f3micas y pol\u00edticas.<br>El problema es que para al menos iniciar este proceso, se necesita por sobre todo la voluntad pol\u00edtica de hacerlo.<\/p>\n","protected":false},"excerpt":{"rendered":"<div class=\"mh-excerpt\"><p>GOBIERNO ARRINCONADO EN EL TEMA DE LA SEGURIDAD Y REPITIENDO LAS FRACASADAS POL\u00cdTICAS DE LA DERECHA Para los que desde lejos seguimos la actualidad chilena <a class=\"mh-excerpt-more\" href=\"https:\/\/lekahuin.com\/?p=10769\" title=\"Chile &#8211; Seguridad\">[&#8230;]<\/a><\/p>\n<\/div>","protected":false},"author":211878710,"featured_media":0,"comment_status":"open","ping_status":"open","sticky":false,"template":"","format":"standard","meta":{"_coblocks_attr":"","_coblocks_dimensions":"","_coblocks_responsive_height":"","_coblocks_accordion_ie_support":"","_crdt_document":"","advanced_seo_description":"","jetpack_seo_html_title":"","jetpack_seo_noindex":false,"_jetpack_newsletter_access":"","_jetpack_dont_email_post_to_subs":false,"_jetpack_newsletter_tier_id":0,"_jetpack_memberships_contains_paywalled_content":false,"_jetpack_memberships_contains_paid_content":false,"footnotes":"","jetpack_post_was_ever_published":false},"categories":[6325],"tags":[],"class_list":["post-10769","post","type-post","status-publish","format-standard","hentry","category-non-classe"],"jetpack_featured_media_url":"","jetpack_likes_enabled":true,"jetpack_sharing_enabled":true,"jetpack_shortlink":"https:\/\/wp.me\/pdoWOp-2NH","jetpack-related-posts":[{"id":14692,"url":"https:\/\/lekahuin.com\/?p=14692","url_meta":{"origin":10769,"position":0},"title":"Internacional &#8211; Chile Toh\u00e1","author":"Le Kahuin","date":"28 octobre 2025","format":false,"excerpt":"DESDE PAR\u00cdS Y NO EN CHILE, CAROLINA TOH\u00c1 SE PERMITI\u00d3 CRITICAR A LA IZQUIERDA CHILENA Por Jorge Bustos Desde Par\u00eds, la ex ministra del Interior de Chile Carolina Toh\u00e1 se permiti\u00f3 criticar a la izquierda chilena en la Paris School of International Affairs de la Universidad Sciences Po, en una\u2026","rel":"","context":"Dans &quot;CHILE&quot;","block_context":{"text":"CHILE","link":"https:\/\/lekahuin.com\/?cat=55294247"},"img":{"alt_text":"","src":"https:\/\/i0.wp.com\/lekahuin.com\/wp-content\/uploads\/2025\/10\/Carolina-Toha-Paris.webp?resize=350%2C200&ssl=1","width":350,"height":200,"srcset":"https:\/\/i0.wp.com\/lekahuin.com\/wp-content\/uploads\/2025\/10\/Carolina-Toha-Paris.webp?resize=350%2C200&ssl=1 1x, https:\/\/i0.wp.com\/lekahuin.com\/wp-content\/uploads\/2025\/10\/Carolina-Toha-Paris.webp?resize=525%2C300&ssl=1 1.5x, https:\/\/i0.wp.com\/lekahuin.com\/wp-content\/uploads\/2025\/10\/Carolina-Toha-Paris.webp?resize=700%2C400&ssl=1 2x, https:\/\/i0.wp.com\/lekahuin.com\/wp-content\/uploads\/2025\/10\/Carolina-Toha-Paris.webp?resize=1050%2C600&ssl=1 3x"},"classes":[]},{"id":9505,"url":"https:\/\/lekahuin.com\/?p=9505","url_meta":{"origin":10769,"position":1},"title":"Chile &#8211; Paro de portuarios","author":"Le Kahuin","date":"22 avril 2024","format":false,"excerpt":"PORTUARIOS PARALIZAN EN VALPARA\u00cdSO Y SAN ANTONIO EXIGIENDO MEJORAS EN LAS CONDICIONES DE TRABAJO Barricadas en el puerto El jueves 05 de abril de 2024 los trabajadores portuarios realizaron un paro de actividades exigiendo mejores condiciones laborales, la concretizaci\u00f3n de medidas de seguridad, la implementaci\u00f3n de normas de justicia laboral\u2026","rel":"","context":"Dans &quot;CHILE&quot;","block_context":{"text":"CHILE","link":"https:\/\/lekahuin.com\/?cat=55294247"},"img":{"alt_text":"","src":"https:\/\/i0.wp.com\/lekahuin.com\/wp-content\/uploads\/2024\/04\/paro-portuario-050424.png?resize=350%2C200&ssl=1","width":350,"height":200,"srcset":"https:\/\/i0.wp.com\/lekahuin.com\/wp-content\/uploads\/2024\/04\/paro-portuario-050424.png?resize=350%2C200&ssl=1 1x, https:\/\/i0.wp.com\/lekahuin.com\/wp-content\/uploads\/2024\/04\/paro-portuario-050424.png?resize=525%2C300&ssl=1 1.5x, https:\/\/i0.wp.com\/lekahuin.com\/wp-content\/uploads\/2024\/04\/paro-portuario-050424.png?resize=700%2C400&ssl=1 2x"},"classes":[]},{"id":8229,"url":"https:\/\/lekahuin.com\/?p=8229","url_meta":{"origin":10769,"position":2},"title":"Israel &#8211; Cooperaci\u00f3n militar","author":"Le Kahuin","date":"23 d\u00e9cembre 2023","format":false,"excerpt":"ESTA MUY BIEN CONDENAR A ISRAEL POR EL GENOCIDIO EN GAZA\u00a0PERO \u00bfQU\u00c9 HAY DE LA COOPERACI\u00d3N MILITAR Y DE SEGURIDAD? Para desmentir a todos los que nos atacan y andan diciendo por ah\u00ed que tenemos algo personal contra presidente Boric, nos vamos a inclinar y sacar el sombrero frente a\u2026","rel":"","context":"Dans &quot;INTERNACIONAL&quot;","block_context":{"text":"INTERNACIONAL","link":"https:\/\/lekahuin.com\/?cat=55294248"},"img":{"alt_text":"","src":"https:\/\/i0.wp.com\/lekahuin.com\/wp-content\/uploads\/2023\/12\/Blindados-Sandcat-de-fabricacion-israeli.jpeg?resize=350%2C200&ssl=1","width":350,"height":200},"classes":[]},{"id":1844,"url":"https:\/\/lekahuin.com\/?p=1844","url_meta":{"origin":10769,"position":3},"title":"Chile","author":"Le Kahuin","date":"22 mars 2022","format":false,"excerpt":"MAS VALE ROBAR MILES DE MILLONES QUE PROVOCAR DA\u00d1OS EN MANIFESTACION JUEZA ROMY RUTHERFORD Demostrando que para algunos magistrados chilenos es mucho m\u00e1s grave manifestar y eventualmente romper alg\u00fan farol o una vitrina que estafar al pa\u00eds por miles de millones de pesos, a mediados del mes de marzo, la\u2026","rel":"","context":"Dans &quot;Non class\u00e9&quot;","block_context":{"text":"Non class\u00e9","link":"https:\/\/lekahuin.com\/?cat=6325"},"img":{"alt_text":"","src":"https:\/\/i0.wp.com\/lekahuin.com\/wp-content\/uploads\/2022\/03\/jueza-romy-rutheford.jpg?resize=350%2C200&ssl=1","width":350,"height":200,"srcset":"https:\/\/i0.wp.com\/lekahuin.com\/wp-content\/uploads\/2022\/03\/jueza-romy-rutheford.jpg?resize=350%2C200&ssl=1 1x, https:\/\/i0.wp.com\/lekahuin.com\/wp-content\/uploads\/2022\/03\/jueza-romy-rutheford.jpg?resize=525%2C300&ssl=1 1.5x, https:\/\/i0.wp.com\/lekahuin.com\/wp-content\/uploads\/2022\/03\/jueza-romy-rutheford.jpg?resize=700%2C400&ssl=1 2x"},"classes":[]},{"id":8858,"url":"https:\/\/lekahuin.com\/?p=8858","url_meta":{"origin":10769,"position":4},"title":"Chile &#8211; COSENA","author":"Le Kahuin","date":"18 f\u00e9vrier 2024","format":false,"excerpt":"\u00bfPOR QU\u00c9 INVOLUCRA A LOS COMANDANTES DE LAS FFAAEN UN CONFLICTO QUE ES SOCIAL Y POL\u00cdTICO? COSENA - 5 de Febrero de 2024 En noviembre de 2019, en pleno estallido social, un tal Boric Gabriel, joven diputado de la generaci\u00f3n pol\u00edtica salida de los movimientos estudiantiles de 2011, se refer\u00eda\u2026","rel":"","context":"Dans &quot;CHILE&quot;","block_context":{"text":"CHILE","link":"https:\/\/lekahuin.com\/?cat=55294247"},"img":{"alt_text":"","src":"https:\/\/i0.wp.com\/lekahuin.com\/wp-content\/uploads\/2024\/02\/Cosena-Boric.png?resize=350%2C200&ssl=1","width":350,"height":200,"srcset":"https:\/\/i0.wp.com\/lekahuin.com\/wp-content\/uploads\/2024\/02\/Cosena-Boric.png?resize=350%2C200&ssl=1 1x, https:\/\/i0.wp.com\/lekahuin.com\/wp-content\/uploads\/2024\/02\/Cosena-Boric.png?resize=525%2C300&ssl=1 1.5x, https:\/\/i0.wp.com\/lekahuin.com\/wp-content\/uploads\/2024\/02\/Cosena-Boric.png?resize=700%2C400&ssl=1 2x"},"classes":[]},{"id":14141,"url":"https:\/\/lekahuin.com\/?p=14141","url_meta":{"origin":10769,"position":5},"title":"Chile &#8211; Historia para los m\u00e1s j\u00f3venes &#8211; I","author":"Le Kahuin","date":"26 ao\u00fbt 2025","format":false,"excerpt":"LOS A\u00d1OS 60, UNA EPOCA PR\u00d3LOGODE GRANDES CAMBIOS EN CHILE Y EL MUNDO En esta serie escrita por nuestro compa\u00f1ero Pedro Marcial Vega, este nos muestra su visi\u00f3n historia de los grandes acontecimientos que fueron modelando el momento actual, la que entregaremos en cap\u00edtulos en nuestros pr\u00f3ximos n\u00fameros.-----------------------------------En los a\u00f1os\u2026","rel":"","context":"Dans &quot;CHILE&quot;","block_context":{"text":"CHILE","link":"https:\/\/lekahuin.com\/?cat=55294247"},"img":{"alt_text":"","src":"https:\/\/i0.wp.com\/lekahuin.com\/wp-content\/uploads\/2025\/08\/portada_coleccion.webp?resize=350%2C200&ssl=1","width":350,"height":200,"srcset":"https:\/\/i0.wp.com\/lekahuin.com\/wp-content\/uploads\/2025\/08\/portada_coleccion.webp?resize=350%2C200&ssl=1 1x, https:\/\/i0.wp.com\/lekahuin.com\/wp-content\/uploads\/2025\/08\/portada_coleccion.webp?resize=525%2C300&ssl=1 1.5x"},"classes":[]}],"_links":{"self":[{"href":"https:\/\/lekahuin.com\/index.php?rest_route=\/wp\/v2\/posts\/10769","targetHints":{"allow":["GET"]}}],"collection":[{"href":"https:\/\/lekahuin.com\/index.php?rest_route=\/wp\/v2\/posts"}],"about":[{"href":"https:\/\/lekahuin.com\/index.php?rest_route=\/wp\/v2\/types\/post"}],"author":[{"embeddable":true,"href":"https:\/\/lekahuin.com\/index.php?rest_route=\/wp\/v2\/users\/211878710"}],"replies":[{"embeddable":true,"href":"https:\/\/lekahuin.com\/index.php?rest_route=%2Fwp%2Fv2%2Fcomments&post=10769"}],"version-history":[{"count":5,"href":"https:\/\/lekahuin.com\/index.php?rest_route=\/wp\/v2\/posts\/10769\/revisions"}],"predecessor-version":[{"id":10775,"href":"https:\/\/lekahuin.com\/index.php?rest_route=\/wp\/v2\/posts\/10769\/revisions\/10775"}],"wp:attachment":[{"href":"https:\/\/lekahuin.com\/index.php?rest_route=%2Fwp%2Fv2%2Fmedia&parent=10769"}],"wp:term":[{"taxonomy":"category","embeddable":true,"href":"https:\/\/lekahuin.com\/index.php?rest_route=%2Fwp%2Fv2%2Fcategories&post=10769"},{"taxonomy":"post_tag","embeddable":true,"href":"https:\/\/lekahuin.com\/index.php?rest_route=%2Fwp%2Fv2%2Ftags&post=10769"}],"curies":[{"name":"wp","href":"https:\/\/api.w.org\/{rel}","templated":true}]}}