{"id":10824,"date":"2024-08-29T09:39:01","date_gmt":"2024-08-29T07:39:01","guid":{"rendered":"https:\/\/lekahuin.com\/?p=10824"},"modified":"2024-08-29T09:43:16","modified_gmt":"2024-08-29T07:43:16","slug":"chile-revuelta-social","status":"publish","type":"post","link":"https:\/\/lekahuin.com\/?p=10824","title":{"rendered":"Chile &#8211; Revuelta Social"},"content":{"rendered":"\n<h2 class=\"wp-block-heading has-text-align-center\"><strong>POR PRIMERA VEZ CONDENAN A DOS CARABINEROS\u00a0ACUSADOS DE TORTURAS DURANTE ESTALLIDO SOCIAL<\/strong><\/h2>\n\n\n<div class=\"wp-block-image\">\n<figure class=\"aligncenter size-full is-resized\"><img data-recalc-dims=\"1\" fetchpriority=\"high\" decoding=\"async\" width=\"846\" height=\"507\" data-attachment-id=\"8923\" data-permalink=\"https:\/\/lekahuin.com\/?attachment_id=8923\" data-orig-file=\"https:\/\/i0.wp.com\/lekahuin.com\/wp-content\/uploads\/2024\/02\/victimas-traumas-oculares-1.png?fit=846%2C507&amp;ssl=1\" data-orig-size=\"846,507\" data-comments-opened=\"1\" data-image-meta=\"{&quot;aperture&quot;:&quot;0&quot;,&quot;credit&quot;:&quot;&quot;,&quot;camera&quot;:&quot;&quot;,&quot;caption&quot;:&quot;&quot;,&quot;created_timestamp&quot;:&quot;0&quot;,&quot;copyright&quot;:&quot;&quot;,&quot;focal_length&quot;:&quot;0&quot;,&quot;iso&quot;:&quot;0&quot;,&quot;shutter_speed&quot;:&quot;0&quot;,&quot;title&quot;:&quot;&quot;,&quot;orientation&quot;:&quot;0&quot;}\" data-image-title=\"victimas-traumas-oculares-1\" data-image-description=\"\" data-image-caption=\"\" data-large-file=\"https:\/\/i0.wp.com\/lekahuin.com\/wp-content\/uploads\/2024\/02\/victimas-traumas-oculares-1.png?fit=846%2C507&amp;ssl=1\" src=\"https:\/\/i0.wp.com\/lekahuin.com\/wp-content\/uploads\/2024\/02\/victimas-traumas-oculares-1.png?resize=846%2C507&#038;ssl=1\" alt=\"\" class=\"wp-image-8923\" style=\"width:702px;height:auto\" srcset=\"https:\/\/i0.wp.com\/lekahuin.com\/wp-content\/uploads\/2024\/02\/victimas-traumas-oculares-1.png?w=846&amp;ssl=1 846w, https:\/\/i0.wp.com\/lekahuin.com\/wp-content\/uploads\/2024\/02\/victimas-traumas-oculares-1.png?resize=300%2C180&amp;ssl=1 300w, https:\/\/i0.wp.com\/lekahuin.com\/wp-content\/uploads\/2024\/02\/victimas-traumas-oculares-1.png?resize=150%2C90&amp;ssl=1 150w, https:\/\/i0.wp.com\/lekahuin.com\/wp-content\/uploads\/2024\/02\/victimas-traumas-oculares-1.png?resize=768%2C460&amp;ssl=1 768w\" sizes=\"(max-width: 846px) 100vw, 846px\" \/><\/figure>\n<\/div>\n\n\n<p class=\"has-drop-cap has-text-align-justify wp-block-paragraph\">E<strong>l Cuarto Tribunal de Juicio Oral en lo Penal de Santiago conden\u00f3 definitivamente a 5 a\u00f1os \u00a0y 4 a\u00f1os de prisi\u00f3n efectiva respectivamente, \u00a0a dos carabineros, \u00a0acusados del crimen de torturas contra un detenido, por primera vez en relaci\u00f3n a hechos ocurridos durante el estallido social iniciado en octubre de 2019 y cuando el actual Director general de Carabineros, Ricardo Y\u00e1\u00f1ez, era el superior responsable de las actuaciones de la polic\u00eda.<\/strong><br>El 31 de enero de 2020, al interior del Metro Universidad de Chile, el subteniente Nicol\u00e1s Neira Dur\u00e1n y el carabinero Gustavo Ferrada V\u00e1squez, luego de detener a Renzo\u00a0Paolo Fuentealba, procedieron a golpearlo, propin\u00e1ndole un puntapi\u00e9 en el rostro que provoc\u00f3 a este \u00faltimo una grave fractura con desplazamiento del tabique nasal.<br><em>\u00a0<\/em>Luego de inmovilizar a la v\u00edctima, los dos hechores llevaron a esta al interior del metro mientras le torc\u00edan los dedos, antes de conducirla a la Primera Comisar\u00eda de Santiago.<br>Durante el trayecto, junto a otros funcionarios policiales, los dos criminales procedieron a torcerle los brazos a la v\u00edctima y el subteniente comenz\u00f3 a estrangularlo hasta hacerle perder conocimiento durante algunos momentos, acci\u00f3n que repiti\u00f3 reiteradamente.<br>Luego, en las cercan\u00edas de la Comisar\u00eda y ocultos detr\u00e1s de un veh\u00edculo, tomaron a Fuentealba por los pies y lo brazos, balance\u00e1ndolo y estrell\u00e1ndolo contra un port\u00f3n, todo lo cual le provoc\u00f3 lecciones m\u00faltiples.<br>En marzo de este a\u00f1o, Neira y Ferrada ya hab\u00edan sido condenados por los mismos cr\u00edmenes, sentencia frente a la cual, en junio pasado, hab\u00edan presentado apelaci\u00f3n ante la Cuarta Sala de la Corte de Apelaciones de Santiago, la que acogi\u00f3 la demanda.<br>Refiri\u00e9ndose al fallo que por primera vez sanciona cr\u00edmenes de torturas cometidos durante el estallido social, el a<strong>bogado de Derechos Humanos Claudio Nash<\/strong> destac\u00f3 que <strong>\u00ab\u00a0este fallo es importante porque los tribunales chilenos han sido reticentes a calificar actos como tortura\u00a0\u00bb.<\/strong><\/p>\n","protected":false},"excerpt":{"rendered":"<div class=\"mh-excerpt\"><p>POR PRIMERA VEZ CONDENAN A DOS CARABINEROS\u00a0ACUSADOS DE TORTURAS DURANTE ESTALLIDO SOCIAL El Cuarto Tribunal de Juicio Oral en lo Penal de Santiago conden\u00f3 definitivamente <a class=\"mh-excerpt-more\" href=\"https:\/\/lekahuin.com\/?p=10824\" title=\"Chile &#8211; Revuelta Social\">[&#8230;]<\/a><\/p>\n<\/div>","protected":false},"author":211878710,"featured_media":0,"comment_status":"open","ping_status":"open","sticky":false,"template":"","format":"standard","meta":{"_coblocks_attr":"","_coblocks_dimensions":"","_coblocks_responsive_height":"","_coblocks_accordion_ie_support":"","_crdt_document":"","advanced_seo_description":"","jetpack_seo_html_title":"","jetpack_seo_noindex":false,"_jetpack_newsletter_access":"","_jetpack_dont_email_post_to_subs":false,"_jetpack_newsletter_tier_id":0,"_jetpack_memberships_contains_paywalled_content":false,"_jetpack_memberships_contains_paid_content":false,"footnotes":"","jetpack_post_was_ever_published":false},"categories":[55294247],"tags":[],"class_list":["post-10824","post","type-post","status-publish","format-standard","hentry","category-chile"],"jetpack_featured_media_url":"","jetpack_likes_enabled":true,"jetpack_sharing_enabled":true,"jetpack_shortlink":"https:\/\/wp.me\/pdoWOp-2OA","jetpack-related-posts":[{"id":12436,"url":"https:\/\/lekahuin.com\/?p=12436","url_meta":{"origin":10824,"position":0},"title":"Chile &#8211; Impunidad","author":"Le Kahuin","date":"23 f\u00e9vrier 2025","format":false,"excerpt":"MINISTERIO PUBLICO DECIDE CERRAR M\u00c1S DE 1.500 CAUSAS\u00a0POR VIOLACIONES DE LOS DDHH DURANTE EL ESTALLIDO SOCIAL El Ministerio P\u00fablico decidi\u00f3 el cierre de m\u00e1s de 1.500 causas por violaciones de los Derechos Humanos cometidas durante el estallido social en 2019, marcando un nuevo paso hacia un estado de impunidad para\u2026","rel":"","context":"Dans &quot;CHILE&quot;","block_context":{"text":"CHILE","link":"https:\/\/lekahuin.com\/?cat=55294247"},"img":{"alt_text":"","src":"https:\/\/lekahuin.com\/wp-content\/uploads\/2025\/02\/estallido.avif","width":350,"height":200,"srcset":"https:\/\/lekahuin.com\/wp-content\/uploads\/2025\/02\/estallido.avif 1x, https:\/\/lekahuin.com\/wp-content\/uploads\/2025\/02\/estallido.avif 1.5x, https:\/\/lekahuin.com\/wp-content\/uploads\/2025\/02\/estallido.avif 2x, https:\/\/lekahuin.com\/wp-content\/uploads\/2025\/02\/estallido.avif 3x, https:\/\/lekahuin.com\/wp-content\/uploads\/2025\/02\/estallido.avif 4x"},"classes":[]},{"id":8686,"url":"https:\/\/lekahuin.com\/?p=8686","url_meta":{"origin":10824,"position":1},"title":"Chile &#8211; Justicia &#8211; Fiscal Chong","author":"Le Kahuin","date":"17 f\u00e9vrier 2024","format":false,"excerpt":"INICIAN INVESTIGACI\u00d3N POR AMENAZAS CONTRA FISCAL XIMENA CHONG, QUIEN INVESTIGA CAUSA CONTRA GENERAL DIRECTOR DE CARABINEROS RICARDO Y\u00c1\u00d1EZ La Fiscal\u00eda regional Sur de Santiago inici\u00f3 una investigaci\u00f3n frente a las amenazas que ha recibido la fiscal Ximena Chong, quien lleva adelante las investigaciones por violaciones a los derechos humanos durante\u2026","rel":"","context":"Dans &quot;CHILE&quot;","block_context":{"text":"CHILE","link":"https:\/\/lekahuin.com\/?cat=55294247"},"img":{"alt_text":"","src":"https:\/\/i0.wp.com\/lekahuin.com\/wp-content\/uploads\/2024\/02\/Chong.jpg?resize=350%2C200&ssl=1","width":350,"height":200},"classes":[]},{"id":12804,"url":"https:\/\/lekahuin.com\/?p=12804","url_meta":{"origin":10824,"position":2},"title":"Chile &#8211; Wallmapu &#8211; Hurac\u00e1n","author":"Le Kahuin","date":"24 mars 2025","format":false,"excerpt":"APLAZAN UNA VEZ MAS JUICIO POR CASO OPERACI\u00d3N HURAC\u00c1N, PERO DETIENEN A PRESUNTO AUTOR DE CRIMEN CONTRA CARABINEROS En febrero de 2020, los comuneros que fueron v\u00edctimas de un montaje de una unidad de inteligencia de Carabineros presentaron un recurso hist\u00f3rico, demandando al Estado de Chile por 2 mil millones\u2026","rel":"","context":"Dans &quot;CHILE&quot;","block_context":{"text":"CHILE","link":"https:\/\/lekahuin.com\/?cat=55294247"},"img":{"alt_text":"","src":"https:\/\/i0.wp.com\/lekahuin.com\/wp-content\/uploads\/2025\/03\/1581983955-operacion-huracan.jpg.webp?resize=350%2C200&ssl=1","width":350,"height":200,"srcset":"https:\/\/i0.wp.com\/lekahuin.com\/wp-content\/uploads\/2025\/03\/1581983955-operacion-huracan.jpg.webp?resize=350%2C200&ssl=1 1x, https:\/\/i0.wp.com\/lekahuin.com\/wp-content\/uploads\/2025\/03\/1581983955-operacion-huracan.jpg.webp?resize=525%2C300&ssl=1 1.5x, https:\/\/i0.wp.com\/lekahuin.com\/wp-content\/uploads\/2025\/03\/1581983955-operacion-huracan.jpg.webp?resize=700%2C400&ssl=1 2x, https:\/\/i0.wp.com\/lekahuin.com\/wp-content\/uploads\/2025\/03\/1581983955-operacion-huracan.jpg.webp?resize=1050%2C600&ssl=1 3x"},"classes":[]},{"id":13004,"url":"https:\/\/lekahuin.com\/?p=13004","url_meta":{"origin":10824,"position":3},"title":"Chile &#8211; \u00a1 F\u00fatbol&#8230; !","author":"Le Kahuin","date":"23 avril 2025","format":false,"excerpt":"LA VIOLENCIA EN LOS ESTADIOS NO ES M\u00c1S QUE UNA MANIFESTACI\u00d3N DE LA VIOLENCIA DEL SISTEMA Tragedia en estadio: una joven de 18 a\u00f1os y ni\u00f1o muertos, invasi\u00f3n en la cancha y partido suspendido. El mi\u00e9rcoles 10 de abril, una muchacha de 18 a\u00f1os y un ni\u00f1o de 13 murieron\u2026","rel":"","context":"Dans &quot;CHILE&quot;","block_context":{"text":"CHILE","link":"https:\/\/lekahuin.com\/?cat=55294247"},"img":{"alt_text":"","src":"https:\/\/i0.wp.com\/lekahuin.com\/wp-content\/uploads\/2025\/04\/violencia-estadio-colo-colo.webp?resize=350%2C200&ssl=1","width":350,"height":200,"srcset":"https:\/\/i0.wp.com\/lekahuin.com\/wp-content\/uploads\/2025\/04\/violencia-estadio-colo-colo.webp?resize=350%2C200&ssl=1 1x, https:\/\/i0.wp.com\/lekahuin.com\/wp-content\/uploads\/2025\/04\/violencia-estadio-colo-colo.webp?resize=525%2C300&ssl=1 1.5x, https:\/\/i0.wp.com\/lekahuin.com\/wp-content\/uploads\/2025\/04\/violencia-estadio-colo-colo.webp?resize=700%2C400&ssl=1 2x"},"classes":[]},{"id":2758,"url":"https:\/\/lekahuin.com\/?p=2758","url_meta":{"origin":10824,"position":4},"title":"Chile","author":"Le Kahuin","date":"21 octobre 2022","format":false,"excerpt":"DINERO EN UN SACO ROTO ES AUMENTO DE PRESUPUESTO PARA CARABINEROS,\u00a0SIN AL MENOS UNA M\u00cdNIMA REFORMA A principios de octubre, nuestro querido, amado, joven \u00a0y amarillo presidente anunci\u00f3 \u00a0por cadena nacional para el pr\u00f3ximo a\u00f1o, un aumento de 164 mil millones de pesos \u00a0(+4,4%) para la r\u00fabrica Orden P\u00fablico y\u2026","rel":"","context":"Dans &quot;Non class\u00e9&quot;","block_context":{"text":"Non class\u00e9","link":"https:\/\/lekahuin.com\/?cat=6325"},"img":{"alt_text":"","src":"","width":0,"height":0},"classes":[]},{"id":3430,"url":"https:\/\/lekahuin.com\/?p=3430","url_meta":{"origin":10824,"position":5},"title":"Chile: Rechazo de financiamiento al INDH","author":"Le Kahuin","date":"17 d\u00e9cembre 2022","format":false,"excerpt":"LOS CRIMINALES Y SUS C\u00d3MPLICES QUIEREN BORRARNOS LA MEMORIA El jueves 17 la c\u00e1mara de diputados rechaz\u00f3 el financiamiento del Instituto Nacional de los Derechos Humanos (INDH), privando al organismo de un presupuesto cercano a los 15.000 millones de pesos, al tiempo de rechazar el programa de Patrimonio Cultural, bajo\u2026","rel":"","context":"Dans &quot;Non class\u00e9&quot;","block_context":{"text":"Non class\u00e9","link":"https:\/\/lekahuin.com\/?cat=6325"},"img":{"alt_text":"","src":"https:\/\/i0.wp.com\/lekahuin.com\/wp-content\/uploads\/2022\/12\/Foto-INDH-Carab-1.jpg?resize=350%2C200&ssl=1","width":350,"height":200,"srcset":"https:\/\/i0.wp.com\/lekahuin.com\/wp-content\/uploads\/2022\/12\/Foto-INDH-Carab-1.jpg?resize=350%2C200&ssl=1 1x, https:\/\/i0.wp.com\/lekahuin.com\/wp-content\/uploads\/2022\/12\/Foto-INDH-Carab-1.jpg?resize=525%2C300&ssl=1 1.5x"},"classes":[]}],"_links":{"self":[{"href":"https:\/\/lekahuin.com\/index.php?rest_route=\/wp\/v2\/posts\/10824","targetHints":{"allow":["GET"]}}],"collection":[{"href":"https:\/\/lekahuin.com\/index.php?rest_route=\/wp\/v2\/posts"}],"about":[{"href":"https:\/\/lekahuin.com\/index.php?rest_route=\/wp\/v2\/types\/post"}],"author":[{"embeddable":true,"href":"https:\/\/lekahuin.com\/index.php?rest_route=\/wp\/v2\/users\/211878710"}],"replies":[{"embeddable":true,"href":"https:\/\/lekahuin.com\/index.php?rest_route=%2Fwp%2Fv2%2Fcomments&post=10824"}],"version-history":[{"count":5,"href":"https:\/\/lekahuin.com\/index.php?rest_route=\/wp\/v2\/posts\/10824\/revisions"}],"predecessor-version":[{"id":10829,"href":"https:\/\/lekahuin.com\/index.php?rest_route=\/wp\/v2\/posts\/10824\/revisions\/10829"}],"wp:attachment":[{"href":"https:\/\/lekahuin.com\/index.php?rest_route=%2Fwp%2Fv2%2Fmedia&parent=10824"}],"wp:term":[{"taxonomy":"category","embeddable":true,"href":"https:\/\/lekahuin.com\/index.php?rest_route=%2Fwp%2Fv2%2Fcategories&post=10824"},{"taxonomy":"post_tag","embeddable":true,"href":"https:\/\/lekahuin.com\/index.php?rest_route=%2Fwp%2Fv2%2Ftags&post=10824"}],"curies":[{"name":"wp","href":"https:\/\/api.w.org\/{rel}","templated":true}]}}