{"id":1091,"date":"2021-11-17T00:41:13","date_gmt":"2021-11-16T23:41:13","guid":{"rendered":"https:\/\/lekahuin.com\/?p=1091"},"modified":"2021-11-19T16:43:16","modified_gmt":"2021-11-19T15:43:16","slug":"1091","status":"publish","type":"post","link":"https:\/\/lekahuin.com\/?p=1091","title":{"rendered":"Pablo Sep\u00falveda Allende"},"content":{"rendered":"\n<h2 class=\"has-text-align-center wp-block-heading\" id=\"el-doble-standard-en-ddhh-y-la-izquierda-nice\"><strong>El doble standard en DDHH y la izquierda \u00ab\u00a0Nice\u00a0\u00bb<\/strong><\/h2>\n\n\n\n<figure class=\"wp-block-image size-large\"><img data-recalc-dims=\"1\" fetchpriority=\"high\" decoding=\"async\" width=\"822\" height=\"595\" data-attachment-id=\"1161\" data-permalink=\"https:\/\/lekahuin.com\/?attachment_id=1161\" data-orig-file=\"https:\/\/i0.wp.com\/lekahuin.com\/wp-content\/uploads\/2021\/11\/la-alegria-ya-llega.jpg?fit=822%2C595&amp;ssl=1\" data-orig-size=\"822,595\" data-comments-opened=\"1\" data-image-meta=\"{&quot;aperture&quot;:&quot;0&quot;,&quot;credit&quot;:&quot;&quot;,&quot;camera&quot;:&quot;&quot;,&quot;caption&quot;:&quot;&quot;,&quot;created_timestamp&quot;:&quot;0&quot;,&quot;copyright&quot;:&quot;&quot;,&quot;focal_length&quot;:&quot;0&quot;,&quot;iso&quot;:&quot;0&quot;,&quot;shutter_speed&quot;:&quot;0&quot;,&quot;title&quot;:&quot;&quot;,&quot;orientation&quot;:&quot;1&quot;}\" data-image-title=\"la-alegria-ya-llega\" data-image-description=\"\" data-image-caption=\"\" data-large-file=\"https:\/\/i0.wp.com\/lekahuin.com\/wp-content\/uploads\/2021\/11\/la-alegria-ya-llega.jpg?fit=822%2C595&amp;ssl=1\" src=\"https:\/\/i0.wp.com\/lekahuin.com\/wp-content\/uploads\/2021\/11\/la-alegria-ya-llega.jpg?resize=822%2C595&#038;ssl=1\" alt=\"\" class=\"wp-image-1161\" \/><\/figure>\n\n\n\n<p class=\"has-text-align-justify wp-block-paragraph\">Diputado, me atrevo a responderte porque veo el peligro que significa que importantes l\u00edderes como t\u00fa, j\u00f3venes referentes de esa \u201cnueva izquierda\u201d que ha surgido en el Frente Amplio, hagan simplonas, absurdas y desinformadas comparaciones en temas tan delicados como lo son los DDHH.<\/p>\n\n\n\n<p class=\"has-text-align-justify wp-block-paragraph\">Es muy sesgado y grosero que equipares -sin el m\u00e1s m\u00ednimo argumento- el supuesto \u201cdebilitamiento de las condiciones b\u00e1sicas de la democracia en Venezuela\u201d, la \u201cpermanente restricci\u00f3n de libertades en Cuba\u201d y \u201cla represi\u00f3n del gobierno de Ortega en Nicaragua\u201d con las s\u00ed comprobadas atrocidades de la dictadura militar en Chile, el evidente intervencionismo criminal de los EEUU alrededor de todo el mundo y el terrorismo de Estado de Israel contra el Pueblo de Palestina.<\/p>\n\n\n\n<p class=\"has-text-align-justify wp-block-paragraph\">El que escribas semejante insensatez no \u201csignifica transformarse en un pseudo agente de la CIA\u201d pero s\u00ed denota una importante irresponsabilidad e inmadurez pol\u00edtica que puede transformarte en un elemento \u00fatil para la derecha, o peor a\u00fan, terminar siendo esa \u201cizquierda\u201d que la derecha ans\u00eda; una izquierda sonsa, ambigua, una izquierda inofensiva, que por oportunismo prefiere parecer \u201cpol\u00edticamente correcta\u201d, esa izquierda que no es \u201cni chicha ni limonada\u201d, esa que no quiere quedar mal con nadie.<\/p>\n\n\n\n<p class=\"has-text-align-justify wp-block-paragraph\">Una izquierda as\u00ed, confunde, pues no se atreve a se\u00f1alar y enfrentar con coraje a los verdaderos enemigos de los pueblos. Ah\u00ed el peligro de emitir opiniones pol\u00edticamente inmaduras.<\/p>\n\n\n\n<p class=\"has-text-align-justify wp-block-paragraph\">\u00bfAcaso te has preguntado por qu\u00e9 Venezuela est\u00e1 siendo tan vilipendiada y atacada medi\u00e1ticamente? \u00bfPor qu\u00e9 es noticia todos los d\u00edas en pr\u00e1cticamente todos los pa\u00edses del mundo occidental donde dominan los grandes medios de comunicaci\u00f3n? \u00bfPor qu\u00e9 es atacada por todos los flancos y en patota? \u00bfPor qu\u00e9 esos grandes noticieros callan las continuas masacres en Colombia y M\u00e9xico? \u00bfPor qu\u00e9 los que se rasgan las vestiduras preocup\u00e1ndose por un diputado venezolano, confeso de participar en un intento de magnicidio, no tienen el valor de exigir a Israel que cese el genocidio contra el Pueblo Palestino?<\/p>\n\n\n\n<p class=\"wp-block-paragraph\">El mundo al rev\u00e9s. Ese es el mundo de la pol\u00edtica sin coraz\u00f3n y sin coraje.<\/p>\n\n\n\n<p class=\"has-text-align-justify wp-block-paragraph\">Ya Margarita Labarca Goddard te argument\u00f3 de forma clara y contundente por qu\u00e9 te equivocas en tus juicios hacia Cuba, Venezuela y Nicaragua. Yo solo agregar\u00e9 que Venezuela tiene una democracia mucho m\u00e1s saludable y transparente que la que hay en Chile, cuando quieras te lo puedo argumentar y lo podemos debatir, si es que te interesa.<\/p>\n\n\n\n<p class=\"has-text-align-justify wp-block-paragraph\">Tambi\u00e9n resulta f\u00e1cil argumentarte por qu\u00e9 es una falacia la \u201cpermanente restricci\u00f3n de las libertades en Cuba\u201d. Eso sin mencionar que la palabra \u201clibertad\u201d est\u00e1 tan manoseada, que a estas alturas su verdadero significado resulta ambiguo, y una definici\u00f3n sensata requiere de un debate hasta filos\u00f3fico. O dime t\u00fa, \u00bfqu\u00e9 es la libertad?<\/p>\n\n\n\n<p class=\"has-text-align-justify wp-block-paragraph\">Te nombro estos dos pa\u00edses porque los conozco bastante bien. En Cuba viv\u00ed 9 a\u00f1os y en Venezuela llevo viviendo otros 9 a\u00f1os. A Nicaragua no la conozco de primera mano, pero te invito a preguntarte c\u00f3mo habr\u00eda sido la reacci\u00f3n de un gobierno de derecha ante la acci\u00f3n de bandas criminales pagadas y fuertemente armadas, que llegan a tomar sectores de las m\u00e1s importantes ciudades del pa\u00eds; y donde adem\u00e1s, dichas bandas mercenarias se instalan a cometer hechos abominables como secuestrar, torturar, mutilar, violar y hasta quemar vivos, a decenas de seres humanos, por el solo hecho de ser militantes de una causa -en este caso, militantes sandinistas-, donde la persecuci\u00f3n lleg\u00f3 al punto de asesinar a familias enteras en sus propios hogares.<\/p>\n\n\n\n<p class=\"has-text-align-justify wp-block-paragraph\">El gobierno leg\u00edtimamente electo en Nicaragua, aun teniendo los recursos, el marco jur\u00eddico y la fuerza para accionar contundentemente de forma inmediata contra semejante desestabilizaci\u00f3n fascista, bastante se contuvo. \u00bfCrees que la derecha en el poder habr\u00eda tenido esa visi\u00f3n pac\u00edfica y de llamado a di\u00e1logo para la resoluci\u00f3n del conflicto?<\/p>\n\n\n\n<p class=\"wp-block-paragraph\">La historia nos responde.<\/p>\n\n\n\n<p class=\"has-text-align-justify wp-block-paragraph\">Entiendo que puedas estar confundido por los grandes \u201cmedios de comunicaci\u00f3n\u201d que se encargaron de victimizar a los victimarios; igualito a como lo hicieron hace un a\u00f1o en Venezuela durante las llamadas guarimbas.<\/p>\n\n\n\n<p class=\"has-text-align-justify wp-block-paragraph\">Por tanto, Gabriel, hablando objetivamente, con argumentos serios -sin opiniones formadas y modeladas medi\u00e1ticamente a base de tergiversaciones y mentiras repetidas a diario-, no existe doble est\u00e1ndar en los que defendemos a Cuba, Venezuela y Nicaragua.<\/p>\n\n\n\n<p class=\"has-text-align-justify wp-block-paragraph\">No tenemos desaparecidos ni torturados, no metemos presos a quienes piensan u opinan distinto, s\u00ed a criminales; sean estos diputados, pol\u00edticos o supuestos estudiantes. M\u00e1s bien me parece ver ese \u201cdoble est\u00e1ndar\u201d en ti mismo, al emitir c\u00f3modos juicios de valor desde la manipulaci\u00f3n y el desconocimiento.<\/p>\n\n\n\n<p class=\"has-text-align-justify wp-block-paragraph\">Sobre medios de comunicaci\u00f3n, democracia y libertades, podemos discutir comparando a Chile con estos pa\u00edses. Te aseguro que lamentablemente Chile no saldr\u00eda muy bien parado, m\u00e1s a\u00fan, si incluimos los derechos humanos, econ\u00f3micos y sociales que all\u00e1 no son m\u00e1s que mercanc\u00edas.<\/p>\n\n\n\n<p class=\"wp-block-paragraph\">\u201cUna persona alcanza su nivel m\u00e1s alto de ignorancia cuando rechaza algo de lo cual no sabe nada\u201d.<\/p>\n\n\n\n<p class=\"wp-block-paragraph\">Salud.<\/p>\n\n\n\n<p class=\"wp-block-paragraph\"><strong>Por Pablo Sep\u00falveda Allende<\/strong><\/p>\n\n\n\n<h2 class=\"has-text-align-center wp-block-heading\" id=\"nicaragua\">Nicaragua<\/h2>\n\n\n\n<div class=\"wp-block-image\"><figure class=\"aligncenter size-large\"><img data-recalc-dims=\"1\" decoding=\"async\" width=\"912\" height=\"1185\" data-attachment-id=\"1285\" data-permalink=\"https:\/\/lekahuin.com\/?attachment_id=1285\" data-orig-file=\"https:\/\/i0.wp.com\/lekahuin.com\/wp-content\/uploads\/2021\/11\/ortega-2.jpg?fit=912%2C1185&amp;ssl=1\" data-orig-size=\"912,1185\" data-comments-opened=\"1\" data-image-meta=\"{&quot;aperture&quot;:&quot;0&quot;,&quot;credit&quot;:&quot;&quot;,&quot;camera&quot;:&quot;&quot;,&quot;caption&quot;:&quot;&quot;,&quot;created_timestamp&quot;:&quot;0&quot;,&quot;copyright&quot;:&quot;&quot;,&quot;focal_length&quot;:&quot;0&quot;,&quot;iso&quot;:&quot;0&quot;,&quot;shutter_speed&quot;:&quot;0&quot;,&quot;title&quot;:&quot;&quot;,&quot;orientation&quot;:&quot;1&quot;}\" data-image-title=\"ortega-2\" data-image-description=\"\" data-image-caption=\"\" data-large-file=\"https:\/\/i0.wp.com\/lekahuin.com\/wp-content\/uploads\/2021\/11\/ortega-2.jpg?fit=788%2C1024&amp;ssl=1\" src=\"https:\/\/i0.wp.com\/lekahuin.com\/wp-content\/uploads\/2021\/11\/ortega-2.jpg?resize=912%2C1185&#038;ssl=1\" alt=\"\" class=\"wp-image-1285\" \/><\/figure><\/div>\n\n\n\n<h3 class=\"has-text-align-center wp-block-heading\" id=\"verdades-a-medias-o-parciales-por-ignorancia-o-intencion\">Verdades a medias o parciales por ignorancia o intenci\u00f3n<\/h3>\n\n\n\n<p class=\"has-text-align-justify wp-block-paragraph\">Las opuestas posiciones en el seno de la candidatura de Gabriel Boric, entre este mismo y la dirigencia del partido Comunista que lo apoya, en torno a las elecciones en Nicaragua, parad\u00f3jicamente tienen mucho en com\u00fan, pues ambas, de buena o de mala fe, son parciales e incompletas, para analizar un tema complejo.<\/p>\n\n\n\n<p class=\"has-text-align-justify wp-block-paragraph\">El candidato Gabriel Boric, tomando como fundamente el tema de los Derechos Humanos, calific\u00f3 las elecciones celebradas en Nicaragua el pasado domingo 7 de noviembre de \u201cfarsa\u201d.<\/p>\n\n\n\n<p class=\"has-text-align-justify wp-block-paragraph\">En esta postura y en cierto sentido, Boric recibi\u00f3 el apoyo de notables dirigentes j\u00f3venes comunistas, como Camila Vallejos y Karol Cariola, y de las mismas Juventudes Comunistas que, de esta manera, cuestionaron a la direcci\u00f3n del PC que hab\u00eda saludado y reconocido los comicios nicarag\u00fcenses.<\/p>\n\n\n\n<p class=\"has-text-align-justify wp-block-paragraph\">La declaraci\u00f3n del candidato Boric tiene el mismo estilo y va en el mismo sentido cr\u00edtico de otras que hab\u00eda formulado anteriormente referidas a Cuba y Venezuela.<\/p>\n\n\n\n<p class=\"has-text-align-justify wp-block-paragraph\">Por cierto, ni Cuba, ni Venezuela, ni en este caso Nicaragua, son temas sagrados o tab\u00faes que no pueden ser sujeto de cr\u00edticas.<\/p>\n\n\n\n<p class=\"has-text-align-justify wp-block-paragraph\">Pero hay una condici\u00f3n esencial para considerar que las cr\u00edticas tienen valor o est\u00e1n destinadas a avanzar en la b\u00fasqueda de una verdad lo m\u00e1s universal posible.<\/p>\n\n\n\n<p class=\"has-text-align-justify wp-block-paragraph\">Esta condici\u00f3n es que deben estar fundamentadas y, sobre todo, situadas en un contexto y no como hechos aislados y desconectados de una realidad m\u00e1s amplia.<\/p>\n\n\n\n<p class=\"has-text-align-justify wp-block-paragraph\">En este caso de las elecciones nicarag\u00fcenses, se\u00f1alar\u201d, sin m\u00e1s ni m\u00e1s, de manera deliberada o por ignorancia, que se trata de una \u201cfarsa\u201d puede aparecer como un ataque dirigido principalmente a la Revoluci\u00f3n Sandinista.<\/p>\n\n\n\n<p class=\"has-text-align-justify wp-block-paragraph\">Deliberadamente o no, se identifica el movimiento que liber\u00f3 al pa\u00eds de la dictadura de Somoza y que inici\u00f3 un proceso social in\u00e9dito al precio de una guerra civil impulsada por Estados Unidos, con un sujeto que traicion\u00f3 la revoluci\u00f3n y se convirti\u00f3 en un dictador.<\/p>\n\n\n\n<p class=\"has-text-align-justify wp-block-paragraph\">Por ignorancia o deliberadamente, se omite considerar que despu\u00e9s de la agresi\u00f3n de EEUU, en 1990, luego de la derrota electoral del sandinismo y despu\u00e9s, con ocasi\u00f3n de un congreso extraordinario en 1994, la fracci\u00f3n dirigida por Ortega tom\u00f3 el control total del movimiento.<\/p>\n\n\n\n<p class=\"has-text-align-justify wp-block-paragraph\">Se dej\u00f3 &nbsp;de lado se\u00f1alar que Ortega inici\u00f3 as\u00ed una deriva de caudillismo y ambici\u00f3n personal que hizo que los principales y m\u00e1s importantes l\u00edderes de la insurgencia sandinista contra Somoza lo condenaran, lo que les vali\u00f3 ser expulsados del movimiento, perseguidos y obligados al exilio.<\/p>\n\n\n\n<p class=\"has-text-align-justify wp-block-paragraph\">Del mismo modo, pero seguramente sin que intervenga el elemento de la ignorancia, desde la otra posici\u00f3n dentro la candidatura de Boric, se salud\u00f3 y se apoy\u00f3 sin m\u00e1s la misma elecci\u00f3n nicarag\u00fcense.<\/p>\n\n\n\n<p class=\"has-text-align-justify wp-block-paragraph\">&nbsp;En un hecho in\u00e9dito, desde el seno mismo de la juventud del PC aparecieron voces que criticaron la manera como se hab\u00eda adoptado dicha posici\u00f3n y se declararon disidentes de ella.<\/p>\n\n\n\n<p class=\"has-text-align-justify wp-block-paragraph\">Si bien la soluci\u00f3n del diferendo y en general de la cuesti\u00f3n de la pol\u00edtica internacional fue postergada y entregada al futuro gobierno, lo que queda en evidencia es una renovada madurez pol\u00edtica y una in\u00e9dita libertad de an\u00e1lisis y pensamiento de los j\u00f3venes.<\/p>\n\n\n\n<p class=\"has-text-align-justify wp-block-paragraph\">Esta actitud viene a romper con a\u00f1ejas pr\u00e1cticas que, ocultando o negando parcialmente una realidad que, en muchos casos saltaba a la vista, perjudicaron gravemente m\u00e1s que dieron fuerza o favorecieron a los movimientos sociales y que, indirectamente, entregaron as\u00ed armas de las que se sirvi\u00f3 el imperialismo y la reacci\u00f3n.<\/p>\n\n\n\n<p class=\"has-text-align-justify wp-block-paragraph\">Por ejemplo, el negar e impedir el debate en torno a los cr\u00edmenes del estalinismo no sirvi\u00f3 para realzar la epopeya de la Uni\u00f3n sovi\u00e9tica en su lucha contra el nazismo, bien por el contrario, la opac\u00f3 y la interpretaci\u00f3n de ese hecho como de otros, qued\u00f3 a merced exclusiva de la reacci\u00f3n.<\/p>\n\n\n\n<p class=\"has-text-align-justify wp-block-paragraph\">En la circunstancia, esta reacci\u00f3n cr\u00edtica de los j\u00f3venes no puede quedar s\u00f3lo all\u00ed en el cuestionamiento de un m\u00e9todo. No se trata de substituir una verdad parcial, truncada, desvirtuada o travestida por otra del mismo tono que tendr\u00eda m\u00e1s valor porque pronunciada por nuevas generaciones.<\/p>\n\n\n\n<p class=\"has-text-align-justify wp-block-paragraph\">En el caso concreto del tema nicarag\u00fcense y de las elecciones, el conocerlo, estudiarlo y discutirlo queda como \u201ctarea para la casa\u201d para lo(a)s j\u00f3venes cr\u00edtico(a)s. S\u00f3lo as\u00ed podr\u00e1n entenderlo, hacerlo entender y darlo a conocer en todos sus aspectos.<\/p>\n\n\n\n<p class=\"has-text-align-justify wp-block-paragraph\">De no hacerlo y en la ignorancia, no les queda m\u00e1s que repetir como loros lo mismo que dice la reacci\u00f3n.<\/p>\n","protected":false},"excerpt":{"rendered":"<div class=\"mh-excerpt\"><p>El doble standard en DDHH y la izquierda \u00ab\u00a0Nice\u00a0\u00bb Diputado, me atrevo a responderte porque veo el peligro que significa que importantes l\u00edderes como t\u00fa, <a class=\"mh-excerpt-more\" href=\"https:\/\/lekahuin.com\/?p=1091\" title=\"Pablo Sep\u00falveda Allende\">[&#8230;]<\/a><\/p>\n<\/div>","protected":false},"author":211878710,"featured_media":0,"comment_status":"open","ping_status":"open","sticky":false,"template":"","format":"standard","meta":{"_coblocks_attr":"","_coblocks_dimensions":"","_coblocks_responsive_height":"","_coblocks_accordion_ie_support":"","_crdt_document":"","advanced_seo_description":"","jetpack_seo_html_title":"","jetpack_seo_noindex":false,"_jetpack_newsletter_access":"","_jetpack_dont_email_post_to_subs":false,"_jetpack_newsletter_tier_id":0,"_jetpack_memberships_contains_paywalled_content":false,"_jetpack_memberships_contains_paid_content":false,"footnotes":"","jetpack_post_was_ever_published":false},"categories":[6325],"tags":[],"class_list":["post-1091","post","type-post","status-publish","format-standard","hentry","category-non-classe"],"jetpack_featured_media_url":"","jetpack_likes_enabled":true,"jetpack_sharing_enabled":true,"jetpack_shortlink":"https:\/\/wp.me\/sdoWOp-1091","jetpack-related-posts":[{"id":8371,"url":"https:\/\/lekahuin.com\/?p=8371","url_meta":{"origin":1091,"position":0},"title":"Chile &#8211; PC &#8211; Jadue","author":"Le Kahuin","date":"25 janvier 2024","format":false,"excerpt":"CACHETADAS DE PAYASO Seguramente, \u201csin querer queriendo\u201d, como dec\u00eda un famoso personaje de la televisi\u00f3n mexicana de los a\u00f1os 80, el alcalde Recoleta, Daniel Jadue provoc\u00f3 al interior de su partido, el PC, una pol\u00e9mica de esas que pueden arreglarse en familia y que, por la trascendencia que evidentemente le\u2026","rel":"","context":"Dans &quot;CHILE&quot;","block_context":{"text":"CHILE","link":"https:\/\/lekahuin.com\/?cat=55294247"},"img":{"alt_text":"","src":"https:\/\/i0.wp.com\/lekahuin.com\/wp-content\/uploads\/2024\/01\/polemica-Pc.jpg?resize=350%2C200&ssl=1","width":350,"height":200,"srcset":"https:\/\/i0.wp.com\/lekahuin.com\/wp-content\/uploads\/2024\/01\/polemica-Pc.jpg?resize=350%2C200&ssl=1 1x, https:\/\/i0.wp.com\/lekahuin.com\/wp-content\/uploads\/2024\/01\/polemica-Pc.jpg?resize=525%2C300&ssl=1 1.5x, https:\/\/i0.wp.com\/lekahuin.com\/wp-content\/uploads\/2024\/01\/polemica-Pc.jpg?resize=700%2C400&ssl=1 2x, https:\/\/i0.wp.com\/lekahuin.com\/wp-content\/uploads\/2024\/01\/polemica-Pc.jpg?resize=1050%2C600&ssl=1 3x, https:\/\/i0.wp.com\/lekahuin.com\/wp-content\/uploads\/2024\/01\/polemica-Pc.jpg?resize=1400%2C800&ssl=1 4x"},"classes":[]},{"id":10651,"url":"https:\/\/lekahuin.com\/?p=10651","url_meta":{"origin":1091,"position":1},"title":"Palma de Honor","author":"Le Kahuin","date":"26 ao\u00fbt 2024","format":false,"excerpt":"JURADO DE LA PALMA DE HONOR DESTACA LA CONSTANCIA\u00a0E INCANSABLES M\u00c9RITOS DE LA DIPUTADA CAMILA FLORES Cuando Su Seren\u00edsima Se\u00f1or\u00eda (SSS) hizo su aparici\u00f3n en el umbral de la puerta de caoba que da entrada a la sala donde sesiona el Honorable Jurado de la Palma de Honor, los Honorables\u2026","rel":"","context":"Dans &quot;Palma de Honor&quot;","block_context":{"text":"Palma de Honor","link":"https:\/\/lekahuin.com\/?cat=55294256"},"img":{"alt_text":"","src":"https:\/\/i0.wp.com\/lekahuin.com\/wp-content\/uploads\/2024\/08\/Camila-Flores.jpg?resize=350%2C200&ssl=1","width":350,"height":200,"srcset":"https:\/\/i0.wp.com\/lekahuin.com\/wp-content\/uploads\/2024\/08\/Camila-Flores.jpg?resize=350%2C200&ssl=1 1x, https:\/\/i0.wp.com\/lekahuin.com\/wp-content\/uploads\/2024\/08\/Camila-Flores.jpg?resize=525%2C300&ssl=1 1.5x, https:\/\/i0.wp.com\/lekahuin.com\/wp-content\/uploads\/2024\/08\/Camila-Flores.jpg?resize=700%2C400&ssl=1 2x, https:\/\/i0.wp.com\/lekahuin.com\/wp-content\/uploads\/2024\/08\/Camila-Flores.jpg?resize=1050%2C600&ssl=1 3x, https:\/\/i0.wp.com\/lekahuin.com\/wp-content\/uploads\/2024\/08\/Camila-Flores.jpg?resize=1400%2C800&ssl=1 4x"},"classes":[]},{"id":8085,"url":"https:\/\/lekahuin.com\/?p=8085","url_meta":{"origin":1091,"position":2},"title":"Chile &#8211; INDH en huelga","author":"Le Kahuin","date":"22 d\u00e9cembre 2023","format":false,"excerpt":"TRABAJADORES DEL INSTITUTO NACIONAL DE DDHH EN LUCHA PARA QUE SE RESPETEN \u2026 \u00a0SUS DDHH Un poco de historia:En el marco de los cincuenta a\u00f1os del golpe de Estado, despu\u00e9s de haberse mostrado no muy entusiasmado por conmemorar la fecha, nuestro bienamado, joven y amarillo mandatario marc\u00f3 los esp\u00edritus en\u2026","rel":"","context":"Dans &quot;CHILE&quot;","block_context":{"text":"CHILE","link":"https:\/\/lekahuin.com\/?cat=55294247"},"img":{"alt_text":"","src":"https:\/\/i0.wp.com\/lekahuin.com\/wp-content\/uploads\/2023\/12\/INDH-despidos.png?resize=350%2C200&ssl=1","width":350,"height":200},"classes":[]},{"id":14692,"url":"https:\/\/lekahuin.com\/?p=14692","url_meta":{"origin":1091,"position":3},"title":"Internacional &#8211; Chile Toh\u00e1","author":"Le Kahuin","date":"28 octobre 2025","format":false,"excerpt":"DESDE PAR\u00cdS Y NO EN CHILE, CAROLINA TOH\u00c1 SE PERMITI\u00d3 CRITICAR A LA IZQUIERDA CHILENA Por Jorge Bustos Desde Par\u00eds, la ex ministra del Interior de Chile Carolina Toh\u00e1 se permiti\u00f3 criticar a la izquierda chilena en la Paris School of International Affairs de la Universidad Sciences Po, en una\u2026","rel":"","context":"Dans &quot;CHILE&quot;","block_context":{"text":"CHILE","link":"https:\/\/lekahuin.com\/?cat=55294247"},"img":{"alt_text":"","src":"https:\/\/i0.wp.com\/lekahuin.com\/wp-content\/uploads\/2025\/10\/Carolina-Toha-Paris.webp?resize=350%2C200&ssl=1","width":350,"height":200,"srcset":"https:\/\/i0.wp.com\/lekahuin.com\/wp-content\/uploads\/2025\/10\/Carolina-Toha-Paris.webp?resize=350%2C200&ssl=1 1x, https:\/\/i0.wp.com\/lekahuin.com\/wp-content\/uploads\/2025\/10\/Carolina-Toha-Paris.webp?resize=525%2C300&ssl=1 1.5x, https:\/\/i0.wp.com\/lekahuin.com\/wp-content\/uploads\/2025\/10\/Carolina-Toha-Paris.webp?resize=700%2C400&ssl=1 2x, https:\/\/i0.wp.com\/lekahuin.com\/wp-content\/uploads\/2025\/10\/Carolina-Toha-Paris.webp?resize=1050%2C600&ssl=1 3x"},"classes":[]},{"id":126,"url":"https:\/\/lekahuin.com\/?p=126","url_meta":{"origin":1091,"position":4},"title":"Primera L\u00ednea","author":"Le Kahuin","date":"8 octobre 2021","format":false,"excerpt":"Los olvidados de la Historia en Chile No es la primera vez que en Chile, ciertos acontecimientos importantes y sus protagonistas hayan pasado al olvido. Ello ha ocurrido desde comienzos de siglo y tambi\u00e9n en nuestra Historia reciente. El estallido Social del 18 de octubre de 2019 ha sido uno\u2026","rel":"","context":"Dans &quot;Non class\u00e9&quot;","block_context":{"text":"Non class\u00e9","link":"https:\/\/lekahuin.com\/?cat=6325"},"img":{"alt_text":"","src":"https:\/\/i0.wp.com\/lekahuin.com\/wp-content\/uploads\/2021\/10\/chile-desperto.jpg?fit=500%2C374&ssl=1&resize=350%2C200","width":350,"height":200},"classes":[]},{"id":1035,"url":"https:\/\/lekahuin.com\/?p=1035","url_meta":{"origin":1091,"position":5},"title":"Los olvidados de la historia en Chile","author":"Le Kahuin","date":"8 octobre 2021","format":false,"excerpt":"Los olvidados de la Historia en Chile No es la primera vez que en Chile, ciertos acontecimientos importantes y sus protagonistas hayan pasado al olvido. Ello ha ocurrido desde comienzos de siglo y tambi\u00e9n en nuestra Historia reciente. El estallido Social del 18 de octubre de 2019 ha sido uno\u2026","rel":"","context":"Dans &quot;Non class\u00e9&quot;","block_context":{"text":"Non class\u00e9","link":"https:\/\/lekahuin.com\/?cat=6325"},"img":{"alt_text":"","src":"https:\/\/i0.wp.com\/lekahuin.com\/wp-content\/uploads\/2021\/10\/chile-desperto.jpg?fit=500%2C374&ssl=1&resize=350%2C200","width":350,"height":200},"classes":[]}],"_links":{"self":[{"href":"https:\/\/lekahuin.com\/index.php?rest_route=\/wp\/v2\/posts\/1091","targetHints":{"allow":["GET"]}}],"collection":[{"href":"https:\/\/lekahuin.com\/index.php?rest_route=\/wp\/v2\/posts"}],"about":[{"href":"https:\/\/lekahuin.com\/index.php?rest_route=\/wp\/v2\/types\/post"}],"author":[{"embeddable":true,"href":"https:\/\/lekahuin.com\/index.php?rest_route=\/wp\/v2\/users\/211878710"}],"replies":[{"embeddable":true,"href":"https:\/\/lekahuin.com\/index.php?rest_route=%2Fwp%2Fv2%2Fcomments&post=1091"}],"version-history":[{"count":18,"href":"https:\/\/lekahuin.com\/index.php?rest_route=\/wp\/v2\/posts\/1091\/revisions"}],"predecessor-version":[{"id":1291,"href":"https:\/\/lekahuin.com\/index.php?rest_route=\/wp\/v2\/posts\/1091\/revisions\/1291"}],"wp:attachment":[{"href":"https:\/\/lekahuin.com\/index.php?rest_route=%2Fwp%2Fv2%2Fmedia&parent=1091"}],"wp:term":[{"taxonomy":"category","embeddable":true,"href":"https:\/\/lekahuin.com\/index.php?rest_route=%2Fwp%2Fv2%2Fcategories&post=1091"},{"taxonomy":"post_tag","embeddable":true,"href":"https:\/\/lekahuin.com\/index.php?rest_route=%2Fwp%2Fv2%2Ftags&post=1091"}],"curies":[{"name":"wp","href":"https:\/\/api.w.org\/{rel}","templated":true}]}}