{"id":11025,"date":"2024-09-24T22:24:29","date_gmt":"2024-09-24T20:24:29","guid":{"rendered":"https:\/\/lekahuin.com\/?p=11025"},"modified":"2024-09-24T22:26:23","modified_gmt":"2024-09-24T20:26:23","slug":"obituario-septiembre-2024","status":"publish","type":"post","link":"https:\/\/lekahuin.com\/?p=11025","title":{"rendered":"Obituario &#8211; Septiembre 2024"},"content":{"rendered":"\n<h2 class=\"wp-block-heading has-text-align-center\">\u00a1 <strong>AHORA SE NOS FUE EL \u201cMONO SALINAS\u201d<\/strong> !<\/h2>\n\n\n<div class=\"wp-block-image\">\n<figure class=\"aligncenter size-large is-resized\"><img data-recalc-dims=\"1\" fetchpriority=\"high\" decoding=\"async\" width=\"845\" height=\"1024\" data-attachment-id=\"11027\" data-permalink=\"https:\/\/lekahuin.com\/?attachment_id=11027\" data-orig-file=\"https:\/\/i0.wp.com\/lekahuin.com\/wp-content\/uploads\/2024\/09\/El-Mono-Salinas-RIP.jpg?fit=2428%2C2941&amp;ssl=1\" data-orig-size=\"2428,2941\" data-comments-opened=\"1\" data-image-meta=\"{&quot;aperture&quot;:&quot;0&quot;,&quot;credit&quot;:&quot;&quot;,&quot;camera&quot;:&quot;&quot;,&quot;caption&quot;:&quot;&quot;,&quot;created_timestamp&quot;:&quot;1726841836&quot;,&quot;copyright&quot;:&quot;&quot;,&quot;focal_length&quot;:&quot;0&quot;,&quot;iso&quot;:&quot;0&quot;,&quot;shutter_speed&quot;:&quot;0&quot;,&quot;title&quot;:&quot;&quot;,&quot;orientation&quot;:&quot;0&quot;}\" data-image-title=\"El Mono Salinas RIP\" data-image-description=\"\" data-image-caption=\"\" data-large-file=\"https:\/\/i0.wp.com\/lekahuin.com\/wp-content\/uploads\/2024\/09\/El-Mono-Salinas-RIP.jpg?fit=845%2C1024&amp;ssl=1\" src=\"https:\/\/i0.wp.com\/lekahuin.com\/wp-content\/uploads\/2024\/09\/El-Mono-Salinas-RIP.jpg?resize=845%2C1024&#038;ssl=1\" alt=\"\" class=\"wp-image-11027\" style=\"width:553px;height:auto\" srcset=\"https:\/\/i0.wp.com\/lekahuin.com\/wp-content\/uploads\/2024\/09\/El-Mono-Salinas-RIP.jpg?resize=845%2C1024&amp;ssl=1 845w, https:\/\/i0.wp.com\/lekahuin.com\/wp-content\/uploads\/2024\/09\/El-Mono-Salinas-RIP.jpg?resize=248%2C300&amp;ssl=1 248w, https:\/\/i0.wp.com\/lekahuin.com\/wp-content\/uploads\/2024\/09\/El-Mono-Salinas-RIP.jpg?resize=124%2C150&amp;ssl=1 124w, https:\/\/i0.wp.com\/lekahuin.com\/wp-content\/uploads\/2024\/09\/El-Mono-Salinas-RIP.jpg?resize=768%2C930&amp;ssl=1 768w, https:\/\/i0.wp.com\/lekahuin.com\/wp-content\/uploads\/2024\/09\/El-Mono-Salinas-RIP.jpg?resize=1268%2C1536&amp;ssl=1 1268w, https:\/\/i0.wp.com\/lekahuin.com\/wp-content\/uploads\/2024\/09\/El-Mono-Salinas-RIP.jpg?resize=1691%2C2048&amp;ssl=1 1691w, https:\/\/i0.wp.com\/lekahuin.com\/wp-content\/uploads\/2024\/09\/El-Mono-Salinas-RIP.jpg?resize=1200%2C1454&amp;ssl=1 1200w, https:\/\/i0.wp.com\/lekahuin.com\/wp-content\/uploads\/2024\/09\/El-Mono-Salinas-RIP.jpg?w=2000&amp;ssl=1 2000w\" sizes=\"(max-width: 845px) 100vw, 845px\" \/><figcaption class=\"wp-element-caption\"><strong>Dibujo de Daniel \u201cEl Mono\u201d Salinas de 1978 y que ilustraba<\/strong><br><strong> en 1982 algunos de los art\u00edculos que escrib\u00eda en \u00a0Le Cahu\u00edn de Par\u00eds (Peri\u00f3dico cahuinero y veraz)<\/strong><\/figcaption><\/figure>\n<\/div>\n\n\n<p class=\"has-drop-cap wp-block-paragraph\">Ya en nuestro anterior n\u00famero de agosto se\u00f1al\u00e1bamos, por cierto, con mucho pesar, que las circunstancias nos estaban obligando a inaugurar una nueva secci\u00f3n en Le Kahu\u00edn de Par\u00eds: la de las de las defunciones o aquella llamada com\u00fanmente \u201cobituario\u201d.<br>Los tristes hechos nos demuestran que ten\u00edamos raz\u00f3n, pues a comienzos del presente mes nos enteramos de otra partida, la de alguien con el que nos sent\u00edamos ligados hacia el pasado por haber compartido una idea similar a la de la presente publicaci\u00f3n que reciben (casi) regularmente cada mes.<br>Daniel \u201cEl Mono\u201d Salinas, quien fue uno de los creadores del antepasado de Le Kahuin de Par\u00eds, aquel del mismo nombre, pero con \u201cC\u201d, impreso en papel y que durante diez n\u00fameros publicamos hace m\u00e1s de 40 a\u00f1os, entre 1982 y 1983, falleci\u00f3 el 9 de septiembre, a los 77 a\u00f1os, en Angol su ciudad de origen y de recuerdo constante durante su exilio en Par\u00eds, hasta su regreso.<br>Un saludo fraternal y de solidaridad para su familia y para todos los que fueron sus compa\u00f1eros y amigos.<\/p>\n\n\n\n<p class=\"wp-block-paragraph\"><\/p>\n","protected":false},"excerpt":{"rendered":"<div class=\"mh-excerpt\"><p>\u00a1 AHORA SE NOS FUE EL \u201cMONO SALINAS\u201d ! Ya en nuestro anterior n\u00famero de agosto se\u00f1al\u00e1bamos, por cierto, con mucho pesar, que las circunstancias <a class=\"mh-excerpt-more\" href=\"https:\/\/lekahuin.com\/?p=11025\" title=\"Obituario &#8211; Septiembre 2024\">[&#8230;]<\/a><\/p>\n<\/div>","protected":false},"author":211878710,"featured_media":0,"comment_status":"open","ping_status":"open","sticky":false,"template":"","format":"standard","meta":{"_coblocks_attr":"","_coblocks_dimensions":"","_coblocks_responsive_height":"","_coblocks_accordion_ie_support":"","_crdt_document":"","advanced_seo_description":"","jetpack_seo_html_title":"","jetpack_seo_noindex":false,"_jetpack_newsletter_access":"","_jetpack_dont_email_post_to_subs":false,"_jetpack_newsletter_tier_id":0,"_jetpack_memberships_contains_paywalled_content":false,"_jetpack_memberships_contains_paid_content":false,"footnotes":"","jetpack_post_was_ever_published":false},"categories":[55294257],"tags":[],"class_list":["post-11025","post","type-post","status-publish","format-standard","hentry","category-obituario"],"jetpack_featured_media_url":"","jetpack_likes_enabled":true,"jetpack_sharing_enabled":true,"jetpack_shortlink":"https:\/\/wp.me\/pdoWOp-2RP","jetpack-related-posts":[{"id":3101,"url":"https:\/\/lekahuin.com\/?p=3101","url_meta":{"origin":11025,"position":0},"title":"Francia","author":"Le Kahuin","date":"24 novembre 2022","format":false,"excerpt":"Jacqueline Drouilly y Marcelo Salinas Detenidos Desaparecidos en Chile (1974) Ver\u00f3nica Arellano y Jorge Ferrada en Par\u00eds (noviembre 2022)Tropa de teatro El Deseo - Chile JACQUELINE LLEG\u00d3 A PAR\u00cdS El filme en medio-metraje \u201cJacqueline\u201d, realizado en la continuaci\u00f3n de una pieza de danza del mismo nombre, fue presentado en Par\u00eds\u2026","rel":"","context":"Dans &quot;Non class\u00e9&quot;","block_context":{"text":"Non class\u00e9","link":"https:\/\/lekahuin.com\/?cat=6325"},"img":{"alt_text":"","src":"https:\/\/i0.wp.com\/lekahuin.com\/wp-content\/uploads\/2022\/11\/jacqueline-marcelo-1.jpg?resize=350%2C200","width":350,"height":200,"srcset":"https:\/\/i0.wp.com\/lekahuin.com\/wp-content\/uploads\/2022\/11\/jacqueline-marcelo-1.jpg?resize=350%2C200 1x, https:\/\/i0.wp.com\/lekahuin.com\/wp-content\/uploads\/2022\/11\/jacqueline-marcelo-1.jpg?resize=525%2C300 1.5x"},"classes":[]},{"id":11561,"url":"https:\/\/lekahuin.com\/?p=11561","url_meta":{"origin":11025,"position":1},"title":"Obituario","author":"Le Kahuin","date":"28 octobre 2024","format":false,"excerpt":"JOS\u00c9 ALVARADO-REYES PARTI\u00d3 A LA ETERNIDAD Los chilenos en Par\u00eds est\u00e1n de duelo, pues Jos\u00e9 Alvarado-Marchant, Popeye, inici\u00f3 su viaje a la eternidad. Su familia, sus compa\u00f1eros y amigos le rindieron un \u00faltimo homenaje, el 16 de octubre de 2024, en el Cementerio Antiguo de Romainville en la periferia pr\u00f3xima\u2026","rel":"","context":"Dans &quot;Non class\u00e9&quot;","block_context":{"text":"Non class\u00e9","link":"https:\/\/lekahuin.com\/?cat=6325"},"img":{"alt_text":"","src":"https:\/\/i0.wp.com\/lekahuin.com\/wp-content\/uploads\/2024\/10\/Popeye-1.png?resize=350%2C200&ssl=1","width":350,"height":200,"srcset":"https:\/\/i0.wp.com\/lekahuin.com\/wp-content\/uploads\/2024\/10\/Popeye-1.png?resize=350%2C200&ssl=1 1x, https:\/\/i0.wp.com\/lekahuin.com\/wp-content\/uploads\/2024\/10\/Popeye-1.png?resize=525%2C300&ssl=1 1.5x"},"classes":[]},{"id":1790,"url":"https:\/\/lekahuin.com\/?p=1790","url_meta":{"origin":11025,"position":2},"title":"CHILE","author":"Le Kahuin","date":"21 f\u00e9vrier 2022","format":false,"excerpt":"VI\u00d1A DEL MAR - BORDE COSTERO Y PROYECTOS INMOBILIARIOS. DIFICIL RECUPERACION AMBIENTAL Vi\u00f1a : Proyecto de recuperaci\u00f3n ambiemtal - Organizaci\u00f3n de Vecinos Parque Urbano Las Salinas Vi\u00f1a: Proyecto immobiliario Las Salinas (Grupo Angelini) Vi\u00f1a del Mar. A proximidad del sector industrial de 15 Norte se cre\u00f3, a partir de 1915,\u2026","rel":"","context":"Dans &quot;Non class\u00e9&quot;","block_context":{"text":"Non class\u00e9","link":"https:\/\/lekahuin.com\/?cat=6325"},"img":{"alt_text":"","src":"https:\/\/i0.wp.com\/lekahuin.com\/wp-content\/uploads\/2022\/02\/facebook_1645480330930_6901644733945092743.jpg?resize=350%2C200&ssl=1","width":350,"height":200,"srcset":"https:\/\/i0.wp.com\/lekahuin.com\/wp-content\/uploads\/2022\/02\/facebook_1645480330930_6901644733945092743.jpg?resize=350%2C200&ssl=1 1x, https:\/\/i0.wp.com\/lekahuin.com\/wp-content\/uploads\/2022\/02\/facebook_1645480330930_6901644733945092743.jpg?resize=525%2C300&ssl=1 1.5x, https:\/\/i0.wp.com\/lekahuin.com\/wp-content\/uploads\/2022\/02\/facebook_1645480330930_6901644733945092743.jpg?resize=700%2C400&ssl=1 2x"},"classes":[]},{"id":10640,"url":"https:\/\/lekahuin.com\/?p=10640","url_meta":{"origin":11025,"position":3},"title":"Editorial n\u00ba 35","author":"Le Kahuin","date":"26 ao\u00fbt 2024","format":false,"excerpt":"OBITUARIO En toda publicaci\u00f3n seria y respetable, de esas que ya casi no quedan, obligadamente existe una secci\u00f3n llamada de p\u00e1ginas sociales.All\u00ed se informa del feliz acontecimiento cual es el nacimiento de un reto\u00f1o, del viaje de aquel, del matrimonio de fulanito y fulanita o del necesariamente lamentable fallecimiento de\u2026","rel":"","context":"Dans &quot;EDITORIAL&quot;","block_context":{"text":"EDITORIAL","link":"https:\/\/lekahuin.com\/?cat=55294250"},"img":{"alt_text":"","src":"","width":0,"height":0},"classes":[]},{"id":9099,"url":"https:\/\/lekahuin.com\/?p=9099","url_meta":{"origin":11025,"position":4},"title":"Chile &#8211; Justicia &#8211; Operaci\u00f3n Afa Carb\u00f3n","author":"Le Kahuin","date":"24 mars 2024","format":false,"excerpt":"LA JUSTICIA TARDA, PERO LLEGA\u2026 SIEMPRE ATRASADA, MIENTRAS LOS CRIMINALES SIGUEN ESTANDO BIEN PAGADOS Matanza de miembros de la Resistencia los d\u00edas 23 y 24 de agosto de 1984 en las ciudades de Concepci\u00f3n, Los \u00c1ngeles y Valdivia. Los que, con mucha ingenuidad y ligereza se van por ah\u00ed repitiendo\u2026","rel":"","context":"Dans &quot;CHILE&quot;","block_context":{"text":"CHILE","link":"https:\/\/lekahuin.com\/?cat=55294247"},"img":{"alt_text":"","src":"https:\/\/i0.wp.com\/lekahuin.com\/wp-content\/uploads\/2024\/03\/Alfa-carbon.png?resize=350%2C200&ssl=1","width":350,"height":200,"srcset":"https:\/\/i0.wp.com\/lekahuin.com\/wp-content\/uploads\/2024\/03\/Alfa-carbon.png?resize=350%2C200&ssl=1 1x, https:\/\/i0.wp.com\/lekahuin.com\/wp-content\/uploads\/2024\/03\/Alfa-carbon.png?resize=525%2C300&ssl=1 1.5x"},"classes":[]},{"id":12352,"url":"https:\/\/lekahuin.com\/?p=12352","url_meta":{"origin":11025,"position":5},"title":"Poeta Hern\u00e1n Miranda","author":"Le Kahuin","date":"29 janvier 2025","format":false,"excerpt":"AHORA SE NOS FUE EL COMPA\u00d1ERO MIRANDA Por F Fern\u00e1ndez Tal como supon\u00edamos cuando iniciamos esta secci\u00f3n, en funci\u00f3n de nuestra edad y de la generaci\u00f3n a la que pertenecemos, era cierto que muy a menudo tendr\u00edamos razones para llenarla con algunas l\u00edneas marcadas por la tristeza.Es as\u00ed como hoy\u2026","rel":"","context":"Dans &quot;OBITUARIO&quot;","block_context":{"text":"OBITUARIO","link":"https:\/\/lekahuin.com\/?cat=55294257"},"img":{"alt_text":"","src":"https:\/\/i0.wp.com\/lekahuin.com\/wp-content\/uploads\/2025\/01\/Foto_Miranda-bis-1.jpg?resize=350%2C200&ssl=1","width":350,"height":200},"classes":[]}],"_links":{"self":[{"href":"https:\/\/lekahuin.com\/index.php?rest_route=\/wp\/v2\/posts\/11025","targetHints":{"allow":["GET"]}}],"collection":[{"href":"https:\/\/lekahuin.com\/index.php?rest_route=\/wp\/v2\/posts"}],"about":[{"href":"https:\/\/lekahuin.com\/index.php?rest_route=\/wp\/v2\/types\/post"}],"author":[{"embeddable":true,"href":"https:\/\/lekahuin.com\/index.php?rest_route=\/wp\/v2\/users\/211878710"}],"replies":[{"embeddable":true,"href":"https:\/\/lekahuin.com\/index.php?rest_route=%2Fwp%2Fv2%2Fcomments&post=11025"}],"version-history":[{"count":6,"href":"https:\/\/lekahuin.com\/index.php?rest_route=\/wp\/v2\/posts\/11025\/revisions"}],"predecessor-version":[{"id":11032,"href":"https:\/\/lekahuin.com\/index.php?rest_route=\/wp\/v2\/posts\/11025\/revisions\/11032"}],"wp:attachment":[{"href":"https:\/\/lekahuin.com\/index.php?rest_route=%2Fwp%2Fv2%2Fmedia&parent=11025"}],"wp:term":[{"taxonomy":"category","embeddable":true,"href":"https:\/\/lekahuin.com\/index.php?rest_route=%2Fwp%2Fv2%2Fcategories&post=11025"},{"taxonomy":"post_tag","embeddable":true,"href":"https:\/\/lekahuin.com\/index.php?rest_route=%2Fwp%2Fv2%2Ftags&post=11025"}],"curies":[{"name":"wp","href":"https:\/\/api.w.org\/{rel}","templated":true}]}}