{"id":11047,"date":"2024-09-25T01:51:38","date_gmt":"2024-09-24T23:51:38","guid":{"rendered":"https:\/\/lekahuin.com\/?p=11047"},"modified":"2024-09-25T02:14:04","modified_gmt":"2024-09-25T00:14:04","slug":"internacional-francia-6","status":"publish","type":"post","link":"https:\/\/lekahuin.com\/?p=11047","title":{"rendered":"Internacional &#8211; Francia"},"content":{"rendered":"\n<h2 class=\"wp-block-heading has-text-align-center\"><strong>\u00bfEL HABER RESULTADO \u201cPRINGADO\u201d&nbsp;VALE PARA SER CONDECORADO POR ACTOS DE VALENT\u00cdA Y DEVOCI\u00d3N?<\/strong><\/h2>\n\n\n<div class=\"wp-block-image\">\n<figure class=\"aligncenter size-full is-resized\"><img data-recalc-dims=\"1\" fetchpriority=\"high\" decoding=\"async\" width=\"1000\" height=\"625\" data-attachment-id=\"11061\" data-permalink=\"https:\/\/lekahuin.com\/?attachment_id=11061\" data-orig-file=\"https:\/\/i0.wp.com\/lekahuin.com\/wp-content\/uploads\/2024\/09\/crs-1.jpg?fit=1000%2C625&amp;ssl=1\" data-orig-size=\"1000,625\" data-comments-opened=\"1\" data-image-meta=\"{&quot;aperture&quot;:&quot;0&quot;,&quot;credit&quot;:&quot;&quot;,&quot;camera&quot;:&quot;&quot;,&quot;caption&quot;:&quot;&quot;,&quot;created_timestamp&quot;:&quot;0&quot;,&quot;copyright&quot;:&quot;&quot;,&quot;focal_length&quot;:&quot;0&quot;,&quot;iso&quot;:&quot;0&quot;,&quot;shutter_speed&quot;:&quot;0&quot;,&quot;title&quot;:&quot;&quot;,&quot;orientation&quot;:&quot;0&quot;}\" data-image-title=\"crs (1)\" data-image-description=\"\" data-image-caption=\"\" data-large-file=\"https:\/\/i0.wp.com\/lekahuin.com\/wp-content\/uploads\/2024\/09\/crs-1.jpg?fit=1000%2C625&amp;ssl=1\" src=\"https:\/\/i0.wp.com\/lekahuin.com\/wp-content\/uploads\/2024\/09\/crs-1.jpg?resize=1000%2C625&#038;ssl=1\" alt=\"\" class=\"wp-image-11061\" style=\"width:710px;height:auto\" srcset=\"https:\/\/i0.wp.com\/lekahuin.com\/wp-content\/uploads\/2024\/09\/crs-1.jpg?w=1000&amp;ssl=1 1000w, https:\/\/i0.wp.com\/lekahuin.com\/wp-content\/uploads\/2024\/09\/crs-1.jpg?resize=300%2C188&amp;ssl=1 300w, https:\/\/i0.wp.com\/lekahuin.com\/wp-content\/uploads\/2024\/09\/crs-1.jpg?resize=150%2C94&amp;ssl=1 150w, https:\/\/i0.wp.com\/lekahuin.com\/wp-content\/uploads\/2024\/09\/crs-1.jpg?resize=768%2C480&amp;ssl=1 768w\" sizes=\"(max-width: 1000px) 100vw, 1000px\" \/><figcaption class=\"wp-element-caption\"><strong>Nueva Caledonia<\/strong><\/figcaption><\/figure>\n<\/div>\n\n\n<p class=\"has-drop-cap has-text-align-justify wp-block-paragraph\">A comienzos de septiembre, el semanario humor\u00edstico franc\u00e9s <strong>Le Canard Encha\u00een\u00e9<\/strong> revel\u00f3 que varias decenas de miembros del cuerpo equivalente a las Fuerzas Especiales de la Polic\u00eda&nbsp;(CRS), enviados a Nueva Caledonia para enfrentar las manifestaciones en esa posesi\u00f3n francesa en el Asia, debieron ser repatriados de urgencia por estar&nbsp;\u201cpringados\u201d.<br>El peri\u00f3dico comentaba con iron\u00eda que \u201c<em>una grave epidemia de gonorrea oblig\u00f3 a que varias decenas de CRS desplegados en Nueva Caledonia debieran ser repatriados de urgencia<\/em>\u201d, precisando que los afectados hab\u00edan estado alojados en las inmediaciones de un cabaret conocido por ser uno de los m\u00e1s picarescos de la isla.<br>Dos semanas despu\u00e9s de esta nota de Le Canard Encha\u00een\u00e9, la gobernaci\u00f3n con sede en la ciudad de Nantes (oeste) informaba sobre una ceremonia de condecoraci\u00f3n por Actos de Coraje y Devoci\u00f3n al estandarte de la CRS 82 luego de la misi\u00f3n en Numea (Nueva Caledonia) del 16 de mayo al 20 de junio.<br>En efecto, en mayo de este a\u00f1o, la prensa local hab\u00eda informado que la famosa CRS, una unidad especializada en operaciones de \u201c<em>restablecimiento del orden<\/em>\u201d, formaba parte del conjunto de fuerzas enviadas con urgencia para enfrentar las manifestaciones que ten\u00edan lugar en esa posesi\u00f3n francesa.<br>Como es de imaginar, la relaci\u00f3n entre las dos informaciones dio lugar a comentarios que circularon por las redes sociales donde, ir\u00f3nicamente, se planteaba la cuesti\u00f3n si la gonorrea contra\u00edda durante una misi\u00f3n como la de los pacos franceses pod\u00eda ser considerada como una herida de guerra y m\u00e9rito para una condecoraci\u00f3n.<\/p>\n\n\n\n<p class=\"wp-block-paragraph\"><\/p>\n","protected":false},"excerpt":{"rendered":"<div class=\"mh-excerpt\"><p>\u00bfEL HABER RESULTADO \u201cPRINGADO\u201d&nbsp;VALE PARA SER CONDECORADO POR ACTOS DE VALENT\u00cdA Y DEVOCI\u00d3N? A comienzos de septiembre, el semanario humor\u00edstico franc\u00e9s Le Canard Encha\u00een\u00e9 revel\u00f3 <a class=\"mh-excerpt-more\" href=\"https:\/\/lekahuin.com\/?p=11047\" title=\"Internacional &#8211; Francia\">[&#8230;]<\/a><\/p>\n<\/div>","protected":false},"author":211878710,"featured_media":0,"comment_status":"open","ping_status":"open","sticky":false,"template":"","format":"standard","meta":{"_coblocks_attr":"","_coblocks_dimensions":"","_coblocks_responsive_height":"","_coblocks_accordion_ie_support":"","_crdt_document":"","advanced_seo_description":"","jetpack_seo_html_title":"","jetpack_seo_noindex":false,"_jetpack_newsletter_access":"","_jetpack_dont_email_post_to_subs":false,"_jetpack_newsletter_tier_id":0,"_jetpack_memberships_contains_paywalled_content":false,"_jetpack_memberships_contains_paid_content":false,"footnotes":"","jetpack_post_was_ever_published":false},"categories":[55294248],"tags":[],"class_list":["post-11047","post","type-post","status-publish","format-standard","hentry","category-internacional"],"jetpack_featured_media_url":"","jetpack_likes_enabled":true,"jetpack_sharing_enabled":true,"jetpack_shortlink":"https:\/\/wp.me\/pdoWOp-2Sb","jetpack-related-posts":[{"id":15036,"url":"https:\/\/lekahuin.com\/?p=15036","url_meta":{"origin":11047,"position":0},"title":"Internacional &#8211; USA","author":"Le Kahuin","date":"27 novembre 2025","format":false,"excerpt":"Nuevo alcalde de Nueva York Zohran Mamdani: SOCIALISTA DEM\u00d3CRATA, INMIGRADO, MUSULM\u00c1N,SOLIDARIO DE PALESTINA\u2026\u00bfY QU\u00c9 FUE? Para comprender el impacto que provoc\u00f3 la elecci\u00f3n de Zohran Mamdani como alcalde de Nueva York, habr\u00eda de imaginarse, guardando por supuesto todas las proporciones del caso, lo que significar\u00eda el que, por ejemplo, Daniel\u2026","rel":"","context":"Dans &quot;INTERNACIONAL&quot;","block_context":{"text":"INTERNACIONAL","link":"https:\/\/lekahuin.com\/?cat=55294248"},"img":{"alt_text":"","src":"https:\/\/i0.wp.com\/lekahuin.com\/wp-content\/uploads\/2025\/11\/mamdani.jpg?resize=350%2C200&ssl=1","width":350,"height":200,"srcset":"https:\/\/i0.wp.com\/lekahuin.com\/wp-content\/uploads\/2025\/11\/mamdani.jpg?resize=350%2C200&ssl=1 1x, https:\/\/i0.wp.com\/lekahuin.com\/wp-content\/uploads\/2025\/11\/mamdani.jpg?resize=525%2C300&ssl=1 1.5x, https:\/\/i0.wp.com\/lekahuin.com\/wp-content\/uploads\/2025\/11\/mamdani.jpg?resize=700%2C400&ssl=1 2x, https:\/\/i0.wp.com\/lekahuin.com\/wp-content\/uploads\/2025\/11\/mamdani.jpg?resize=1050%2C600&ssl=1 3x"},"classes":[]},{"id":15300,"url":"https:\/\/lekahuin.com\/?p=15300","url_meta":{"origin":11047,"position":1},"title":"Internacional &#8211; Elecciones USA","author":"Le Kahuin","date":"29 novembre 2025","format":false,"excerpt":"EN LO QUE SE REFIERE A ELECCIONES, NO TODO PUEDE SER MALAS NOTICIAS Katie Wilson, militante dem\u00f3crata en la l\u00ednea de Mamdani, elegida como alcaldesa en la ciudad de Seattle, al noroeste de Estados Unidos. Por los tiempos que corren, en particular en nuestro querido Chilito, hablar de elecciones y\u2026","rel":"","context":"Dans &quot;INTERNACIONAL&quot;","block_context":{"text":"INTERNACIONAL","link":"https:\/\/lekahuin.com\/?cat=55294248"},"img":{"alt_text":"","src":"https:\/\/i0.wp.com\/lekahuin.com\/wp-content\/uploads\/2025\/11\/kate-wilson-usa.png?resize=350%2C200&ssl=1","width":350,"height":200,"srcset":"https:\/\/i0.wp.com\/lekahuin.com\/wp-content\/uploads\/2025\/11\/kate-wilson-usa.png?resize=350%2C200&ssl=1 1x, https:\/\/i0.wp.com\/lekahuin.com\/wp-content\/uploads\/2025\/11\/kate-wilson-usa.png?resize=525%2C300&ssl=1 1.5x, https:\/\/i0.wp.com\/lekahuin.com\/wp-content\/uploads\/2025\/11\/kate-wilson-usa.png?resize=700%2C400&ssl=1 2x"},"classes":[]},{"id":12635,"url":"https:\/\/lekahuin.com\/?p=12635","url_meta":{"origin":11047,"position":2},"title":"Memoria &#8211; Campo de concentraci\u00f3n Puchuncav\u00ed","author":"Le Kahuin","date":"4 mars 2025","format":false,"excerpt":"CORPORACI\u00d3N MELINKA-PUCHUNCAV\u00cd2024: UN A\u00d1O DE RECONOCIMIENTOS Y TRABAJO COMUNITARIO Con la participaci\u00f3n en seminarios y conversatorios, adem\u00e1s de un reconocimiento a su presidente, la Corporaci\u00f3n de Memoria y Cultura Melinka-Puchuncav\u00ed cerr\u00f3 meses de intenso trabajo en defensa de la memoria y la educaci\u00f3n en derechos humanos.El 2024 comenz\u00f3 con importantes\u2026","rel":"","context":"Dans &quot;CHILE&quot;","block_context":{"text":"CHILE","link":"https:\/\/lekahuin.com\/?cat=55294247"},"img":{"alt_text":"","src":"https:\/\/i0.wp.com\/lekahuin.com\/wp-content\/uploads\/2025\/03\/puchuncavi-01.jpg?resize=350%2C200&ssl=1","width":350,"height":200,"srcset":"https:\/\/i0.wp.com\/lekahuin.com\/wp-content\/uploads\/2025\/03\/puchuncavi-01.jpg?resize=350%2C200&ssl=1 1x, https:\/\/i0.wp.com\/lekahuin.com\/wp-content\/uploads\/2025\/03\/puchuncavi-01.jpg?resize=525%2C300&ssl=1 1.5x"},"classes":[]},{"id":8998,"url":"https:\/\/lekahuin.com\/?p=8998","url_meta":{"origin":11047,"position":3},"title":"Palestina &#8211; Solidaridad","author":"Le Kahuin","date":"20 f\u00e9vrier 2024","format":false,"excerpt":"CIENTOS DE MILES DE PERSONAS A TRAV\u00c9S DEL MUNDO EN JORNADA DE SOLIDARIDAD CON EL PUEBLO PALESTINO El 14 de febrero reciente, cientos de miles de personas salieron a las calles en el mundo entero para protestar contra el genocidio que lleva adelante Israel en la franja de Gaza y\u2026","rel":"","context":"Dans &quot;INTERNACIONAL&quot;","block_context":{"text":"INTERNACIONAL","link":"https:\/\/lekahuin.com\/?cat=55294248"},"img":{"alt_text":"","src":"https:\/\/i0.wp.com\/lekahuin.com\/wp-content\/uploads\/2024\/02\/internac-gaza.jpg?resize=350%2C200&ssl=1","width":350,"height":200,"srcset":"https:\/\/i0.wp.com\/lekahuin.com\/wp-content\/uploads\/2024\/02\/internac-gaza.jpg?resize=350%2C200&ssl=1 1x, https:\/\/i0.wp.com\/lekahuin.com\/wp-content\/uploads\/2024\/02\/internac-gaza.jpg?resize=525%2C300&ssl=1 1.5x, https:\/\/i0.wp.com\/lekahuin.com\/wp-content\/uploads\/2024\/02\/internac-gaza.jpg?resize=700%2C400&ssl=1 2x, https:\/\/i0.wp.com\/lekahuin.com\/wp-content\/uploads\/2024\/02\/internac-gaza.jpg?resize=1050%2C600&ssl=1 3x"},"classes":[]},{"id":10158,"url":"https:\/\/lekahuin.com\/?p=10158","url_meta":{"origin":11047,"position":4},"title":"Internacional &#8211; Francia","author":"Le Kahuin","date":"24 juin 2024","format":false,"excerpt":"EN FRANCIA, \u201cEL PA\u00cdS DE LAS LUCES\u201d, COMO LA LLAMAN,\u00a0LA EXTREMA DERECHA LE DIO UNA PATADA AL ENCHUFE El 9 de junio reci\u00e9n pasado, en \u201cEl Pa\u00eds de las Luces\u201d, como los franceses, tan adictos a mirarse el ombligo, llaman a Francia, hubo uno de esos enormes apagones hist\u00f3ricos, cuando\u2026","rel":"","context":"Dans &quot;INTERNACIONAL&quot;","block_context":{"text":"INTERNACIONAL","link":"https:\/\/lekahuin.com\/?cat=55294248"},"img":{"alt_text":"","src":"https:\/\/i0.wp.com\/lekahuin.com\/wp-content\/uploads\/2024\/06\/se-manifiestan-en-francia-contra-la-extrema-derecha-1320html-marcha-francia.jpg?resize=350%2C200&ssl=1","width":350,"height":200,"srcset":"https:\/\/i0.wp.com\/lekahuin.com\/wp-content\/uploads\/2024\/06\/se-manifiestan-en-francia-contra-la-extrema-derecha-1320html-marcha-francia.jpg?resize=350%2C200&ssl=1 1x, https:\/\/i0.wp.com\/lekahuin.com\/wp-content\/uploads\/2024\/06\/se-manifiestan-en-francia-contra-la-extrema-derecha-1320html-marcha-francia.jpg?resize=525%2C300&ssl=1 1.5x, https:\/\/i0.wp.com\/lekahuin.com\/wp-content\/uploads\/2024\/06\/se-manifiestan-en-francia-contra-la-extrema-derecha-1320html-marcha-francia.jpg?resize=700%2C400&ssl=1 2x"},"classes":[]},{"id":13686,"url":"https:\/\/lekahuin.com\/?p=13686","url_meta":{"origin":11047,"position":5},"title":"USA &#8211; gringos blancos y racistas con diarrea","author":"Le Kahuin","date":"27 juin 2025","format":false,"excerpt":"DESPUES DE QUE EL NEGRO OBAMA FUE PRESIDENTE DE EEUU AHORA UN MUSULM\u00c1N PODR\u00cdA SER ALCALDE DE NUEVA YORK Fuente: L'Orient le Jour Zohran Mamdani Despu\u00e9s de que en 2009 un negro fue elegido presidente de Estados Unidos en la persona de Barack Obama, ahora, el que un musulm\u00e1n, de\u2026","rel":"","context":"Dans &quot;INTERNACIONAL&quot;","block_context":{"text":"INTERNACIONAL","link":"https:\/\/lekahuin.com\/?cat=55294248"},"img":{"alt_text":"","src":"https:\/\/i0.wp.com\/lekahuin.com\/wp-content\/uploads\/2025\/06\/Zoran-Mamdani-speaks-an-event-honoring-COVID-19-.webp?resize=350%2C200&ssl=1","width":350,"height":200,"srcset":"https:\/\/i0.wp.com\/lekahuin.com\/wp-content\/uploads\/2025\/06\/Zoran-Mamdani-speaks-an-event-honoring-COVID-19-.webp?resize=350%2C200&ssl=1 1x, https:\/\/i0.wp.com\/lekahuin.com\/wp-content\/uploads\/2025\/06\/Zoran-Mamdani-speaks-an-event-honoring-COVID-19-.webp?resize=525%2C300&ssl=1 1.5x, https:\/\/i0.wp.com\/lekahuin.com\/wp-content\/uploads\/2025\/06\/Zoran-Mamdani-speaks-an-event-honoring-COVID-19-.webp?resize=700%2C400&ssl=1 2x, https:\/\/i0.wp.com\/lekahuin.com\/wp-content\/uploads\/2025\/06\/Zoran-Mamdani-speaks-an-event-honoring-COVID-19-.webp?resize=1050%2C600&ssl=1 3x"},"classes":[]}],"_links":{"self":[{"href":"https:\/\/lekahuin.com\/index.php?rest_route=\/wp\/v2\/posts\/11047","targetHints":{"allow":["GET"]}}],"collection":[{"href":"https:\/\/lekahuin.com\/index.php?rest_route=\/wp\/v2\/posts"}],"about":[{"href":"https:\/\/lekahuin.com\/index.php?rest_route=\/wp\/v2\/types\/post"}],"author":[{"embeddable":true,"href":"https:\/\/lekahuin.com\/index.php?rest_route=\/wp\/v2\/users\/211878710"}],"replies":[{"embeddable":true,"href":"https:\/\/lekahuin.com\/index.php?rest_route=%2Fwp%2Fv2%2Fcomments&post=11047"}],"version-history":[{"count":6,"href":"https:\/\/lekahuin.com\/index.php?rest_route=\/wp\/v2\/posts\/11047\/revisions"}],"predecessor-version":[{"id":11062,"href":"https:\/\/lekahuin.com\/index.php?rest_route=\/wp\/v2\/posts\/11047\/revisions\/11062"}],"wp:attachment":[{"href":"https:\/\/lekahuin.com\/index.php?rest_route=%2Fwp%2Fv2%2Fmedia&parent=11047"}],"wp:term":[{"taxonomy":"category","embeddable":true,"href":"https:\/\/lekahuin.com\/index.php?rest_route=%2Fwp%2Fv2%2Fcategories&post=11047"},{"taxonomy":"post_tag","embeddable":true,"href":"https:\/\/lekahuin.com\/index.php?rest_route=%2Fwp%2Fv2%2Ftags&post=11047"}],"curies":[{"name":"wp","href":"https:\/\/api.w.org\/{rel}","templated":true}]}}