{"id":11299,"date":"2024-10-26T22:37:28","date_gmt":"2024-10-26T20:37:28","guid":{"rendered":"https:\/\/lekahuin.com\/?p=11299"},"modified":"2024-10-27T18:23:48","modified_gmt":"2024-10-27T17:23:48","slug":"internacional-gaza-3","status":"publish","type":"post","link":"https:\/\/lekahuin.com\/?p=11299","title":{"rendered":"Internacional &#8211; Gaza &#8211; Testimonio"},"content":{"rendered":"\n<h2 class=\"wp-block-heading has-text-align-center\"><strong>\u201cA VECES ME CUESTA DARME CUENTA DE LA MAGNITUD DEL DESASTRE\u2026\u201d<\/strong><\/h2>\n\n\n\n<p class=\"has-text-align-center has-medium-font-size wp-block-paragraph\"><strong>Testimonio directo de un periodista palestino desde Gaza<\/strong><\/p>\n\n\n<div class=\"wp-block-image\">\n<figure class=\"aligncenter size-large is-resized\"><img data-recalc-dims=\"1\" fetchpriority=\"high\" decoding=\"async\" width=\"1024\" height=\"408\" data-attachment-id=\"11366\" data-permalink=\"https:\/\/lekahuin.com\/?attachment_id=11366\" data-orig-file=\"https:\/\/i0.wp.com\/lekahuin.com\/wp-content\/uploads\/2024\/10\/Jamous-Rafah.png?fit=1104%2C440&amp;ssl=1\" data-orig-size=\"1104,440\" data-comments-opened=\"1\" data-image-meta=\"{&quot;aperture&quot;:&quot;0&quot;,&quot;credit&quot;:&quot;&quot;,&quot;camera&quot;:&quot;&quot;,&quot;caption&quot;:&quot;&quot;,&quot;created_timestamp&quot;:&quot;0&quot;,&quot;copyright&quot;:&quot;&quot;,&quot;focal_length&quot;:&quot;0&quot;,&quot;iso&quot;:&quot;0&quot;,&quot;shutter_speed&quot;:&quot;0&quot;,&quot;title&quot;:&quot;&quot;,&quot;orientation&quot;:&quot;0&quot;}\" data-image-title=\"Jamous- Rafah\" data-image-description=\"\" data-image-caption=\"\" data-large-file=\"https:\/\/i0.wp.com\/lekahuin.com\/wp-content\/uploads\/2024\/10\/Jamous-Rafah.png?fit=1024%2C408&amp;ssl=1\" src=\"https:\/\/i0.wp.com\/lekahuin.com\/wp-content\/uploads\/2024\/10\/Jamous-Rafah.png?resize=1024%2C408&#038;ssl=1\" alt=\"\" class=\"wp-image-11366\" style=\"width:709px;height:auto\" srcset=\"https:\/\/i0.wp.com\/lekahuin.com\/wp-content\/uploads\/2024\/10\/Jamous-Rafah.png?resize=1024%2C408&amp;ssl=1 1024w, https:\/\/i0.wp.com\/lekahuin.com\/wp-content\/uploads\/2024\/10\/Jamous-Rafah.png?resize=300%2C120&amp;ssl=1 300w, https:\/\/i0.wp.com\/lekahuin.com\/wp-content\/uploads\/2024\/10\/Jamous-Rafah.png?resize=150%2C60&amp;ssl=1 150w, https:\/\/i0.wp.com\/lekahuin.com\/wp-content\/uploads\/2024\/10\/Jamous-Rafah.png?resize=768%2C306&amp;ssl=1 768w, https:\/\/i0.wp.com\/lekahuin.com\/wp-content\/uploads\/2024\/10\/Jamous-Rafah.png?w=1104&amp;ssl=1 1104w\" sizes=\"(max-width: 1000px) 100vw, 1000px\" \/><figcaption class=\"wp-element-caption\">Rami Abou Jamous en directo desde Rafah. <br>Tanques israel\u00eds deplegados en Rafah. Acceso humanitario a Gaza cortado (mayo de 2024)<\/figcaption><\/figure>\n<\/div>\n\n\n<p class=\"has-drop-cap has-text-align-justify wp-block-paragraph\">El periodista <strong>Rami Abou Jamous, fundador de Gaza Press<\/strong>, una oficina que entregaba ayuda y traducci\u00f3n para los periodistas occidentales, tuvo que abandonar su apartamento en la ciudad de Gaza con su esposa Sabah, los hijos de ella y el hijo de ambos, Walid, de dos a\u00f1os y medio, obligado por los soldados israel\u00edes.<br>Desde entonces <strong>est\u00e1 refugiado en Rafah<\/strong> y desde all\u00ed escribe para el blog de informaci\u00f3n editado en <strong>Francia Orient XXI,<\/strong> del cual traducimos el texto.<br><br><em><strong>Jueves 10 de octubre de 2024.<\/strong><br><strong><br><\/strong>El jueves, para ir hasta la Casa de la prensa, tom\u00e9 uno de esos minibuses destartalados de principios de los a\u00f1os 1990, donde se amontonan unos sobre otros. Es uno de los escasos medios de transporte que quedan Gaza, adem\u00e1s de los remolques para transportar animales, tirados por autom\u00f3viles, burros, las carretas o los autos destartalados donde se viaja hasta en el maletero.<br>Yo aprovecho de estos viajes para que los pasajeros me cuenten sus historias. El jueves conoc\u00ed la de un \u00a0hombre que caminaba con muletas. Le faltaba la pierna derecha. Era un hombre de unos treinta a\u00f1os, flaco, de aspecto cansado. Le pregunt\u00e9 si sab\u00eda cu\u00e1ntas personas se encontraban en el mismo estado que \u00e9l. \u00a0Qued\u00e9 estupefacto por el n\u00famero que me dio, al punto que fui a verificar en internet. Ten\u00eda raz\u00f3n.<br><strong>Seg\u00fan la ONU y el ministerio de la Salud de Gaza, m\u00e1s de 10.000 personas han perdido uno o varios miembros desde que comenz\u00f3 la guerra, incluyendo 4.000 ni\u00f1os.<\/strong><br>Sus historias son desgarradoras. Me acuerdo de esa ni\u00f1ita de tres a\u00f1os, cuya imagen fue vista por todo el mundo, amputada de los dos pies y una mano, que observaba con aire angelical lo que ocurr\u00eda a su alrededor y al periodista que la estaba filmando.<br>No sab\u00eda lo que le hab\u00eda ocurrido.<br>Seguramente tambi\u00e9n hab\u00e9is visto a ese ni\u00f1o que perdi\u00f3 sus dos manos y que ahora trata de aprender a hacer todo con sus pies, como comer o escribir.<br>Antes de la guerra, hubo decenas de amputados en la \u00abMarchas del regreso\u00bb en 2018, cuando decenas de personas, sobre todo j\u00f3venes, manifestaban delante de las fronteras de la franja de Gaza para poder salir de esta prisi\u00f3n al aire libre.<br>\u00a0Me recuerdo muy bien como los francotiradores israel\u00edes se divert\u00edan dispar\u00e1ndoles. Publicaban v\u00eddeos donde se jactaban de cazar manifestantes como si fuesen conejos, como si se entrenaran. Empleaban balas especiales que destru\u00edan las articulaciones, destrozaban los miembros lo que obligaba a amputarlos. Se dec\u00eda que \u00edbamos a tener que enfrentar una generaci\u00f3n de cojos. Actualmente, todo esto ocurre a mucho mayor escala.<br>Tambi\u00e9n le\u00ed que hay cuatro amputaciones por d\u00eda. Nos hemos convertido en estad\u00edsticas. Se habla tambi\u00e9n de 100.000 heridos. Pero cuando se habla de \u201cheridos\u201d, la palabra no significa mucho. Herido aqu\u00ed no significa unos cuantos puntos de sutura, sino m\u00e1s bien quedar paralizado de por vida, perder un miembro, perder la vista, quedar sordo\u2026 Cien mil heridos quiere decir cien mil personas que quiz\u00e1s no podr\u00e1n trabajar, o casarse, o simplemente llevar una vida normal.<br>Tengo un amigo que trabaja en un centro social. Me dijo: \u00abSabes Rami, en una guerra, por una persona muerta en un bombardeo, otras cuatro mueren despu\u00e9s debido a sus heridas, por falta de medicinas para atender una patolog\u00eda grave, debido a un AVC.<br><strong>Actualmente se registran al menos 42.000 muertos, pero sin duda hay muchos m\u00e1s enterrados bajos los escombros. Si se considera esta cifra y si la guerra terminara hoy, sus consecuencias har\u00edan llegar la cifra a 200.000 muertos.<\/strong><br>Lo mismo para los heridos. El n\u00famero de minusv\u00e1lidos tendr\u00e1 un impacto muy duro para sus familias y para la sociedad en general. Actualmente, en toda la franja de Gaza, hay una carencia terrible de medicinas. No hay ni un solo fabricante de pr\u00f3tesis. Durante a\u00f1os, estas se fabricaban en el hospital Hamad, financiado por Qatar y en el Centro municipal de Gaza, por la Cruz Roja. Todo esto ya no existe.<br>Hoy hay s\u00f3lo este homnbre cansado que subi\u00f3 al minib\u00fas con sus muletas\u00a0; Me dijo que hab\u00eda escuchado hablar de un protesista, Salah Selmi, que trabaj\u00f3 en el hospital Hamad y que ahora fabrica pr\u00f3tesis muy artesanales, las hace con tubos de pl\u00e1stico, como los de las alcantarillas. Me cuenta.<br>Lo fui a ver pero me dijo que s\u00f3lo ten\u00eda seis pr\u00f3tesis, que no ten\u00eda materia prima y que, de todas maneras, no quer\u00eda convertirse en una referencia en este terreno, pues no podr\u00eda nunca fabricar cuatro mil pr\u00f3tesis\u2026 El problema es que tampoco hay muletas ni sillas de ruedas\u2026.<br>En la Casa de la Prensa que ten\u00edamos antes, nos hab\u00edamos preocupado para que hubiese rampas y toilettes adaptadas para las personas en sillas de ruedas. Pero nuestro local fue destruido por los israel\u00edes y el nuevo local esta situado en el segundo piso. Tenemos que subir en brazos a los periodistas.<br>En la <strong>franja de Gaza<\/strong> nada est\u00e1 adaptado par facilitar el acceso a los lisiados y hay tantos. <strong>\u201cHay ortopedistas que trabajan en consultorios situados en los pisos altos y sin ascensor \u201c,<\/strong> me dice el hombre de las muletas y evocando su vida cotidiana agrega:<strong><br>\u201cMe estoy acostumbrando poco a poco, aunque se que ser\u00e1 dif\u00edcil. Soy padre de familia, por lo que tengo que asumir las necesidades de mi mujer y mis hijos. No quiero sentirme in\u00fatil, incapaz de darles lo que sea\u00a0\u00bb.<br><\/strong>Ah\u00ed comprend\u00ed como esa pobre gente se est\u00e1 acostumbrando a una vida disminuida, en condiciones muy dif\u00edciles, viviendo en carpas o en simples paravientos, en la arena o en las ruinas de las casas bombardeadas.<br>\u00bfComo pueden hacer esos lisiados cuando no existe ninguna ayuda para ellos\u00a0?<br>El sue\u00f1o de mi vecino en el minib\u00fas es una pr\u00f3tesis, para continuar su vida. Sobre todo, no quiere que su hijo lo vea como un inv\u00e1lido incapaz de hacer cualquier cosa por s\u00ed mismo.<br>Me recuerdo muy bien que durante las \u00abMarchas del retorno\u00a0\u00bb entrevist\u00e9 j\u00f3venes que hab\u00edan perdido sus piernas, pero que, a pesar de todo, quer\u00edan llevar una vida normal, Incluso hab\u00edan creado un equipo de f\u00fatbol para mostrar que todo iba bien y que eran como los otros. Uno de ellos era corredor ciclista, hab\u00eda so\u00f1ado participar en los juegos ol\u00edmpicos y despu\u00e9s de su amputaci\u00f3n en los juegos para ol\u00edmpicos. Pero necesitaba una pr\u00f3tesis deportiva y una bicicleta especial, algo imposible en Gaza.<br>Como \u00e9l, miles de j\u00f3venes en Gaza, miles de familias enteras ven sus sue\u00f1os hacerse humo. Miles de heridos, de lisiados.<br><strong>Yo soy un gaz\u00e1n, pero a veces me cuesta darme cuenta de la amplitud del desastre, este \u00ab\u00a0Gazacidio\u00a0\u00bb\u00a0\u00a0que vivimos.<\/strong><br><strong>Espero que esta guerra va a terminar, espero que el hombre de las muletas, al que olvid\u00e9 preguntarle el nombre, un d\u00eda tendr\u00e1 su pr\u00f3tesis, que podr\u00e1 integrarse a una vida profesional y que su hijo estar\u00e1 orgulloso de \u00e9l. Y que ser\u00e1 lo mismo para los miles de amputados de Gaza.<br>Pero, por el momento, nadie se ocupa de esto, ni las ONG ni la Cruz Roja que se ocupaban antes, pues vista la situaci\u00f3n, esto no es una prioridad.<\/strong><\/em><\/p>\n\n\n\n<p class=\"wp-block-paragraph\"><\/p>\n","protected":false},"excerpt":{"rendered":"<div class=\"mh-excerpt\"><p>\u201cA VECES ME CUESTA DARME CUENTA DE LA MAGNITUD DEL DESASTRE\u2026\u201d Testimonio directo de un periodista palestino desde Gaza El periodista Rami Abou Jamous, fundador <a class=\"mh-excerpt-more\" href=\"https:\/\/lekahuin.com\/?p=11299\" title=\"Internacional &#8211; Gaza &#8211; Testimonio\">[&#8230;]<\/a><\/p>\n<\/div>","protected":false},"author":211878710,"featured_media":0,"comment_status":"open","ping_status":"open","sticky":false,"template":"","format":"standard","meta":{"_coblocks_attr":"","_coblocks_dimensions":"","_coblocks_responsive_height":"","_coblocks_accordion_ie_support":"","_crdt_document":"","advanced_seo_description":"","jetpack_seo_html_title":"","jetpack_seo_noindex":false,"_jetpack_newsletter_access":"","_jetpack_dont_email_post_to_subs":false,"_jetpack_newsletter_tier_id":0,"_jetpack_memberships_contains_paywalled_content":false,"_jetpack_memberships_contains_paid_content":false,"footnotes":"","jetpack_post_was_ever_published":false},"categories":[55294248],"tags":[],"class_list":["post-11299","post","type-post","status-publish","format-standard","hentry","category-internacional"],"jetpack_featured_media_url":"","jetpack_likes_enabled":true,"jetpack_sharing_enabled":true,"jetpack_shortlink":"https:\/\/wp.me\/pdoWOp-2Wf","jetpack-related-posts":[{"id":11403,"url":"https:\/\/lekahuin.com\/?p=11403","url_meta":{"origin":11299,"position":0},"title":"Internacional &#8211; Israel &#8211; Ni\u00f1os heridos &#8211; Gaza","author":"Le Kahuin","date":"27 octobre 2024","format":false,"excerpt":"ISRAEL OBSTACULIZA ATENCI\u00d3N Y EVACUACI\u00d3N \u00a0DE NI\u00d1OS HERIDOS EN LA FRANJA DE GAZA, DENUNCI\u00d3 LA ONU Foto: Naciones Unidas Los ni\u00f1os, igual que las personas discapacitadas, que no ponen ning\u00fan riesgo a la seguridad de Israel, est\u00e1n enfrentando condiciones cada vez m\u00e1s terribles en la Franja de Gaza y muchos\u2026","rel":"","context":"Dans &quot;INTERNACIONAL&quot;","block_context":{"text":"INTERNACIONAL","link":"https:\/\/lekahuin.com\/?cat=55294248"},"img":{"alt_text":"","src":"https:\/\/i0.wp.com\/lekahuin.com\/wp-content\/uploads\/2024\/10\/foto-gaza-un-ano-1.jpg?resize=350%2C200&ssl=1","width":350,"height":200,"srcset":"https:\/\/i0.wp.com\/lekahuin.com\/wp-content\/uploads\/2024\/10\/foto-gaza-un-ano-1.jpg?resize=350%2C200&ssl=1 1x, https:\/\/i0.wp.com\/lekahuin.com\/wp-content\/uploads\/2024\/10\/foto-gaza-un-ano-1.jpg?resize=525%2C300&ssl=1 1.5x, https:\/\/i0.wp.com\/lekahuin.com\/wp-content\/uploads\/2024\/10\/foto-gaza-un-ano-1.jpg?resize=700%2C400&ssl=1 2x, https:\/\/i0.wp.com\/lekahuin.com\/wp-content\/uploads\/2024\/10\/foto-gaza-un-ano-1.jpg?resize=1050%2C600&ssl=1 3x"},"classes":[]},{"id":9144,"url":"https:\/\/lekahuin.com\/?p=9144","url_meta":{"origin":11299,"position":1},"title":"Internacional &#8211; Gaza","author":"Le Kahuin","date":"24 mars 2024","format":false,"excerpt":"LO QUE ENFURECE A LOS ISRAEL\u00cdES, ES QUE EL HAMAS SIGUE PRESENTE Por Rami Ab\u00fa Jam\u00fas \/ Orient XXI (*) Foto: Jeune Afrique Tres dirigentes del Hamas fueron muertos por el ej\u00e9rcito israel\u00ed en los \u00faltimos d\u00edas. Uno en la ciudad de Gaza, otro en Nusseirat y un tercero al\u2026","rel":"","context":"Dans &quot;INTERNACIONAL&quot;","block_context":{"text":"INTERNACIONAL","link":"https:\/\/lekahuin.com\/?cat=55294248"},"img":{"alt_text":"","src":"https:\/\/i0.wp.com\/lekahuin.com\/wp-content\/uploads\/2024\/03\/gaza-jeune-afrique-1.png?resize=350%2C200&ssl=1","width":350,"height":200,"srcset":"https:\/\/i0.wp.com\/lekahuin.com\/wp-content\/uploads\/2024\/03\/gaza-jeune-afrique-1.png?resize=350%2C200&ssl=1 1x, https:\/\/i0.wp.com\/lekahuin.com\/wp-content\/uploads\/2024\/03\/gaza-jeune-afrique-1.png?resize=525%2C300&ssl=1 1.5x"},"classes":[]},{"id":13358,"url":"https:\/\/lekahuin.com\/?p=13358","url_meta":{"origin":11299,"position":2},"title":"Internacional &#8211; Israel","author":"Le Kahuin","date":"26 mai 2025","format":false,"excerpt":"ISRAEL PERMITE SAQUEO DE CAMIONES CON VIVERES EN GAZA\u00a0PARA AUMENTAR CAOS EN LA FRANJA Y DIFICULTAR LA AYUDA Los camiones que entran por el paso fronterizo de Rafah son v\u00edctimas de saqueos organizados. Seg\u00fan diversas fuentes que incluyen el diario israel\u00ed Haaretz y el estadounidense Washington Post, las tropas israel\u00edes\u2026","rel":"","context":"Dans &quot;INTERNACIONAL&quot;","block_context":{"text":"INTERNACIONAL","link":"https:\/\/lekahuin.com\/?cat=55294248"},"img":{"alt_text":"","src":"https:\/\/i0.wp.com\/lekahuin.com\/wp-content\/uploads\/2025\/05\/NYT-gaza-saqueos.webp?resize=350%2C200&ssl=1","width":350,"height":200,"srcset":"https:\/\/i0.wp.com\/lekahuin.com\/wp-content\/uploads\/2025\/05\/NYT-gaza-saqueos.webp?resize=350%2C200&ssl=1 1x, https:\/\/i0.wp.com\/lekahuin.com\/wp-content\/uploads\/2025\/05\/NYT-gaza-saqueos.webp?resize=525%2C300&ssl=1 1.5x, https:\/\/i0.wp.com\/lekahuin.com\/wp-content\/uploads\/2025\/05\/NYT-gaza-saqueos.webp?resize=700%2C400&ssl=1 2x, https:\/\/i0.wp.com\/lekahuin.com\/wp-content\/uploads\/2025\/05\/NYT-gaza-saqueos.webp?resize=1050%2C600&ssl=1 3x, https:\/\/i0.wp.com\/lekahuin.com\/wp-content\/uploads\/2025\/05\/NYT-gaza-saqueos.webp?resize=1400%2C800&ssl=1 4x"},"classes":[]},{"id":14808,"url":"https:\/\/lekahuin.com\/?p=14808","url_meta":{"origin":11299,"position":3},"title":"Internacional &#8211; Gaza","author":"Le Kahuin","date":"28 octobre 2025","format":false,"excerpt":"\u201cDEL GENOCIDIO EN GAZA TAMBIEN SON RESPONSABLES LOS PAISES QUE ARMAN, APOYAN Y FINANCIAN A ISRAEL\u201d Fuente: SpanishRevolution Francesca Albanese, relatora especial de la ONU para los Derechos humanos en Palestina ocupada El genocidio en Gaza no es solo obra de Israel, sino un crimen compartido por m\u00e1s de sesenta\u2026","rel":"","context":"Dans &quot;INTERNACIONAL&quot;","block_context":{"text":"INTERNACIONAL","link":"https:\/\/lekahuin.com\/?cat=55294248"},"img":{"alt_text":"","src":"https:\/\/i0.wp.com\/lekahuin.com\/wp-content\/uploads\/2025\/10\/albanese-gaza.png?resize=350%2C200&ssl=1","width":350,"height":200,"srcset":"https:\/\/i0.wp.com\/lekahuin.com\/wp-content\/uploads\/2025\/10\/albanese-gaza.png?resize=350%2C200&ssl=1 1x, https:\/\/i0.wp.com\/lekahuin.com\/wp-content\/uploads\/2025\/10\/albanese-gaza.png?resize=525%2C300&ssl=1 1.5x, https:\/\/i0.wp.com\/lekahuin.com\/wp-content\/uploads\/2025\/10\/albanese-gaza.png?resize=700%2C400&ssl=1 2x"},"classes":[]},{"id":12199,"url":"https:\/\/lekahuin.com\/?p=12199","url_meta":{"origin":11299,"position":4},"title":"Israel &#8211; Impunidad","author":"Le Kahuin","date":"26 janvier 2025","format":false,"excerpt":"PUBLICAN EN ISRAEL INSTRUCCIONES PARA QUE SOLDADOS CRIMINALES DE GUERRA EVITEN LA JUSTICIA Luego de m\u00faltiples acciones judiciales contra soldados israel\u00edes criminales de guerra, iniciadas en distintos pa\u00edses, un sitio de informaci\u00f3n public\u00f3 en Israel un cat\u00e1logo con una larga lista de consejos destinados a los soldados de ese pa\u00eds,\u2026","rel":"","context":"Dans &quot;INTERNACIONAL&quot;","block_context":{"text":"INTERNACIONAL","link":"https:\/\/lekahuin.com\/?cat=55294248"},"img":{"alt_text":"","src":"https:\/\/i0.wp.com\/lekahuin.com\/wp-content\/uploads\/2025\/01\/se-busca-isareli-chile.jpeg?resize=350%2C200&ssl=1","width":350,"height":200,"srcset":"https:\/\/i0.wp.com\/lekahuin.com\/wp-content\/uploads\/2025\/01\/se-busca-isareli-chile.jpeg?resize=350%2C200&ssl=1 1x, https:\/\/i0.wp.com\/lekahuin.com\/wp-content\/uploads\/2025\/01\/se-busca-isareli-chile.jpeg?resize=525%2C300&ssl=1 1.5x, https:\/\/i0.wp.com\/lekahuin.com\/wp-content\/uploads\/2025\/01\/se-busca-isareli-chile.jpeg?resize=700%2C400&ssl=1 2x, https:\/\/i0.wp.com\/lekahuin.com\/wp-content\/uploads\/2025\/01\/se-busca-isareli-chile.jpeg?resize=1050%2C600&ssl=1 3x"},"classes":[]},{"id":8229,"url":"https:\/\/lekahuin.com\/?p=8229","url_meta":{"origin":11299,"position":5},"title":"Israel &#8211; Cooperaci\u00f3n militar","author":"Le Kahuin","date":"23 d\u00e9cembre 2023","format":false,"excerpt":"ESTA MUY BIEN CONDENAR A ISRAEL POR EL GENOCIDIO EN GAZA\u00a0PERO \u00bfQU\u00c9 HAY DE LA COOPERACI\u00d3N MILITAR Y DE SEGURIDAD? Para desmentir a todos los que nos atacan y andan diciendo por ah\u00ed que tenemos algo personal contra presidente Boric, nos vamos a inclinar y sacar el sombrero frente a\u2026","rel":"","context":"Dans &quot;INTERNACIONAL&quot;","block_context":{"text":"INTERNACIONAL","link":"https:\/\/lekahuin.com\/?cat=55294248"},"img":{"alt_text":"","src":"https:\/\/i0.wp.com\/lekahuin.com\/wp-content\/uploads\/2023\/12\/Blindados-Sandcat-de-fabricacion-israeli.jpeg?resize=350%2C200&ssl=1","width":350,"height":200},"classes":[]}],"_links":{"self":[{"href":"https:\/\/lekahuin.com\/index.php?rest_route=\/wp\/v2\/posts\/11299","targetHints":{"allow":["GET"]}}],"collection":[{"href":"https:\/\/lekahuin.com\/index.php?rest_route=\/wp\/v2\/posts"}],"about":[{"href":"https:\/\/lekahuin.com\/index.php?rest_route=\/wp\/v2\/types\/post"}],"author":[{"embeddable":true,"href":"https:\/\/lekahuin.com\/index.php?rest_route=\/wp\/v2\/users\/211878710"}],"replies":[{"embeddable":true,"href":"https:\/\/lekahuin.com\/index.php?rest_route=%2Fwp%2Fv2%2Fcomments&post=11299"}],"version-history":[{"count":6,"href":"https:\/\/lekahuin.com\/index.php?rest_route=\/wp\/v2\/posts\/11299\/revisions"}],"predecessor-version":[{"id":11416,"href":"https:\/\/lekahuin.com\/index.php?rest_route=\/wp\/v2\/posts\/11299\/revisions\/11416"}],"wp:attachment":[{"href":"https:\/\/lekahuin.com\/index.php?rest_route=%2Fwp%2Fv2%2Fmedia&parent=11299"}],"wp:term":[{"taxonomy":"category","embeddable":true,"href":"https:\/\/lekahuin.com\/index.php?rest_route=%2Fwp%2Fv2%2Fcategories&post=11299"},{"taxonomy":"post_tag","embeddable":true,"href":"https:\/\/lekahuin.com\/index.php?rest_route=%2Fwp%2Fv2%2Ftags&post=11299"}],"curies":[{"name":"wp","href":"https:\/\/api.w.org\/{rel}","templated":true}]}}