{"id":11338,"date":"2024-10-26T23:37:22","date_gmt":"2024-10-26T21:37:22","guid":{"rendered":"https:\/\/lekahuin.com\/?p=11338"},"modified":"2024-10-27T09:45:30","modified_gmt":"2024-10-27T08:45:30","slug":"internacional-colombia","status":"publish","type":"post","link":"https:\/\/lekahuin.com\/?p=11338","title":{"rendered":"Internacional &#8211; Colombia"},"content":{"rendered":"\n<h2 class=\"wp-block-heading has-text-align-center\"><strong>ACOSO Y PROCESO GOLPISTA CONTRA EL GOBIERNO &nbsp;DEL IZQUIERDISTA PRESIDENTE COLOMBIANO GUSTAVO PETRO<\/strong><\/h2>\n\n\n<div class=\"wp-block-image\">\n<figure class=\"aligncenter size-full is-resized\"><img data-recalc-dims=\"1\" fetchpriority=\"high\" decoding=\"async\" width=\"772\" height=\"436\" data-attachment-id=\"11359\" data-permalink=\"https:\/\/lekahuin.com\/?attachment_id=11359\" data-orig-file=\"https:\/\/i0.wp.com\/lekahuin.com\/wp-content\/uploads\/2024\/10\/colombia-petro-golpe-1.png?fit=772%2C436&amp;ssl=1\" data-orig-size=\"772,436\" data-comments-opened=\"1\" data-image-meta=\"{&quot;aperture&quot;:&quot;0&quot;,&quot;credit&quot;:&quot;&quot;,&quot;camera&quot;:&quot;&quot;,&quot;caption&quot;:&quot;&quot;,&quot;created_timestamp&quot;:&quot;0&quot;,&quot;copyright&quot;:&quot;&quot;,&quot;focal_length&quot;:&quot;0&quot;,&quot;iso&quot;:&quot;0&quot;,&quot;shutter_speed&quot;:&quot;0&quot;,&quot;title&quot;:&quot;&quot;,&quot;orientation&quot;:&quot;0&quot;}\" data-image-title=\"colombia petro golpe\" data-image-description=\"\" data-image-caption=\"\" data-large-file=\"https:\/\/i0.wp.com\/lekahuin.com\/wp-content\/uploads\/2024\/10\/colombia-petro-golpe-1.png?fit=772%2C436&amp;ssl=1\" src=\"https:\/\/i0.wp.com\/lekahuin.com\/wp-content\/uploads\/2024\/10\/colombia-petro-golpe-1.png?resize=772%2C436&#038;ssl=1\" alt=\"\" class=\"wp-image-11359\" style=\"width:570px;height:auto\" srcset=\"https:\/\/i0.wp.com\/lekahuin.com\/wp-content\/uploads\/2024\/10\/colombia-petro-golpe-1.png?w=772&amp;ssl=1 772w, https:\/\/i0.wp.com\/lekahuin.com\/wp-content\/uploads\/2024\/10\/colombia-petro-golpe-1.png?resize=300%2C169&amp;ssl=1 300w, https:\/\/i0.wp.com\/lekahuin.com\/wp-content\/uploads\/2024\/10\/colombia-petro-golpe-1.png?resize=150%2C85&amp;ssl=1 150w, https:\/\/i0.wp.com\/lekahuin.com\/wp-content\/uploads\/2024\/10\/colombia-petro-golpe-1.png?resize=768%2C434&amp;ssl=1 768w\" sizes=\"(max-width: 772px) 100vw, 772px\" \/><\/figure>\n<\/div>\n\n\n<p class=\"has-drop-cap has-text-align-justify wp-block-paragraph\">El gobierno colombiano<strong>&nbsp;<\/strong>present\u00f3 un recurso ante la Corte Interamericana de Derechos Humanos para solicitar <strong><em><strong><em>\u201cmedidas provisionales para el presidente\u201d<\/em><\/strong><\/em><\/strong>&nbsp;Gustavo Petro, luego que este denunciara se hab\u00eda dado \u201cel primer paso de un golpe de Estado\u201d en su contra de parte del Consejo Nacional Electoral (CNE).<br>Este organismo decidi\u00f3 iniciar una investigaci\u00f3n sobre la candidatura presidencial de 2022 y acusa a Petro de haber sobrepasado el l\u00edmite legal de financiamiento durante la campa\u00f1a, y de recibir fondos de entidades prohibidas.<br>Mera coincidencia, quien solicito se iniciara la investigaci\u00f3n es el juez del CNE \u00c1lvaro Hern\u00e1n Prada, miembro del partido Centro Democr\u00e1tico del expresidente Armando Uribe, junto al cual Prada est\u00e1 acusado y procesado por cohecho.<br>Esta no es la primera tentativa de desestabilizaci\u00f3n desde que asumi\u00f3 el gobierno del presidente Petro en 2022.<br>En marzo pasado, John Marulanda, exdirector de la Asociaci\u00f3n de Oficiales Retirados de las Fuerzas Militares de Colombia, hab\u00eda declarado claramente que <strong><em><strong><em>\u201char\u00eda todo lo posible por sacar a un tipo que era guerrillero\u201d<\/em><\/strong><\/em><\/strong>, insinuando que Colombia deb\u00eda hacer como Per\u00fa, cuando destituy\u00f3 al presidente Pedro Castillo.<br>En junio de este a\u00f1o,&nbsp;tres partidos de derecha que hab\u00edan formado parte de su coalici\u00f3n bloquearon importantes reformas contenidas en su programa, como la salud, el trabajo y las pensiones, lo que ya intelectuales y l\u00edderes de 20 pa\u00edses hab\u00edan calificado de <strong><em><strong><em>\u201cgolpe suave\u201d.<\/em><\/strong><\/em><\/strong><strong><em><strong><em><br><\/em><\/strong><\/em><\/strong>En la ocasi\u00f3n, el presidente Petro rompi\u00f3 con los tres partidos, procedi\u00f3 a una restructuraci\u00f3n de su gabinete y convoc\u00f3 a manifestaciones populares en apoyo a las reformas.<br>Ya en febrero del presente a\u00f1o, el mandatario colombiano hab\u00eda denunciado que el Ministerio P\u00fablico intentaba derrocar su gobierno <strong><em><strong><em>\u201cpor la v\u00eda judicial\u201d.<\/em><\/strong><\/em><\/strong><strong><em><strong><em><br><\/em><\/strong><\/em><\/strong>Refiri\u00e9ndose ahora a la acusaci\u00f3n del CNE, Gustavo Petro destac\u00f3 se trat\u00f3 de un fallo que cont\u00f3 con \u201cvotos de enemigos pol\u00edticos del presidente en el consejo electoral\u201d.<br>Denunci\u00f3 as\u00ed que se tratar\u00eda de <strong><em><strong><em>\u201cun golpe de Estado contra el cambio en Colombia y el voto del pueblo\u201d<\/em><\/strong><\/em><\/strong>&nbsp;y llam\u00f3 a una movilizaci\u00f3n popular generalizada, puesto que <strong><em><strong><em>\u201cuna burla al voto popular se responde con el pueblo\u201d.&nbsp;<\/em><\/strong><\/em><\/strong><strong><em><strong><em><br><\/em><\/strong><\/em><\/strong>El Consejo tiene hasta el 19 de junio de 2025 para sancionar a Petro, Sea cual sea la determinaci\u00f3n de la entidad que es s\u00f3lo administrativa, \u00e9sta no podr\u00e1 remover de su cargo al presidente colombiano<br>Seg\u00fan la normativa legal del pa\u00eds, quienes tienen la facultad de destituir a un presidente en Colombia s\u00f3lo son la C\u00e1mara de Diputados y el Senado.<br>Respondiendo a la tentativa del CNE, Petro dijo que \u201c<strong><em><strong><em>cinco politiqueros no van a hundir la democracia en Colombia\u201d<\/em><\/strong><\/em><\/strong>, agregando que <strong><em><strong><em>\u201cquieren quitarle el derecho pol\u00edtico al pueblo\u201d<\/em><\/strong><\/em><\/strong>, antes declarar solemnemente que <strong><em><strong><em>\u201cel Presidente llegar\u00e1 hasta donde el pueblo diga, no importa mi vida\u201d.<\/em><\/strong><\/em><\/strong><strong><em><strong><em><br><\/em><\/strong><\/em><\/strong><\/p>\n","protected":false},"excerpt":{"rendered":"<div class=\"mh-excerpt\"><p>ACOSO Y PROCESO GOLPISTA CONTRA EL GOBIERNO &nbsp;DEL IZQUIERDISTA PRESIDENTE COLOMBIANO GUSTAVO PETRO El gobierno colombiano&nbsp;present\u00f3 un recurso ante la Corte Interamericana de Derechos Humanos <a class=\"mh-excerpt-more\" href=\"https:\/\/lekahuin.com\/?p=11338\" title=\"Internacional &#8211; Colombia\">[&#8230;]<\/a><\/p>\n<\/div>","protected":false},"author":211878710,"featured_media":0,"comment_status":"open","ping_status":"open","sticky":false,"template":"","format":"standard","meta":{"_coblocks_attr":"","_coblocks_dimensions":"","_coblocks_responsive_height":"","_coblocks_accordion_ie_support":"","_crdt_document":"","advanced_seo_description":"","jetpack_seo_html_title":"","jetpack_seo_noindex":false,"_jetpack_newsletter_access":"","_jetpack_dont_email_post_to_subs":false,"_jetpack_newsletter_tier_id":0,"_jetpack_memberships_contains_paywalled_content":false,"_jetpack_memberships_contains_paid_content":false,"footnotes":"","jetpack_post_was_ever_published":false},"categories":[55294248],"tags":[],"class_list":["post-11338","post","type-post","status-publish","format-standard","hentry","category-internacional"],"jetpack_featured_media_url":"","jetpack_likes_enabled":true,"jetpack_sharing_enabled":true,"jetpack_shortlink":"https:\/\/wp.me\/pdoWOp-2WS","jetpack-related-posts":[{"id":7406,"url":"https:\/\/lekahuin.com\/?p=7406","url_meta":{"origin":11338,"position":0},"title":"Internacional &#8211; Petro &#8211; Palestina","author":"Le Kahuin","date":"29 octobre 2023","format":false,"excerpt":"PETRO DEMOSTR\u00d3 DIGNIDAD E INDEPENDENCIA DE SU GOBIERNO DENUNCIANDO SIN EQU\u00cdVOCOS LOS CR\u00cdMENES DE ISRAEL Tal como ya lo hab\u00eda demostrado al condenar sin equ\u00edvocos la dictadura de Dina Duarte, luego del golpe de Estado en el Per\u00fa, el gobierno de Petro mostr\u00f3 una vez m\u00e1s su independencia y su\u2026","rel":"","context":"Dans &quot;INTERNACIONAL&quot;","block_context":{"text":"INTERNACIONAL","link":"https:\/\/lekahuin.com\/?cat=55294248"},"img":{"alt_text":"","src":"https:\/\/i0.wp.com\/lekahuin.com\/wp-content\/uploads\/2023\/10\/Petro-1.png?resize=350%2C200&ssl=1","width":350,"height":200,"srcset":"https:\/\/i0.wp.com\/lekahuin.com\/wp-content\/uploads\/2023\/10\/Petro-1.png?resize=350%2C200&ssl=1 1x, https:\/\/i0.wp.com\/lekahuin.com\/wp-content\/uploads\/2023\/10\/Petro-1.png?resize=525%2C300&ssl=1 1.5x, https:\/\/i0.wp.com\/lekahuin.com\/wp-content\/uploads\/2023\/10\/Petro-1.png?resize=700%2C400&ssl=1 2x"},"classes":[]},{"id":14472,"url":"https:\/\/lekahuin.com\/?p=14472","url_meta":{"origin":11338,"position":1},"title":"Internacional &#8211; Petro &#8211; ONU","author":"Le Kahuin","date":"29 septembre 2025","format":false,"excerpt":"PETRO REITERA CONDENA AL MATONAJE DE EEUU LUEGO QUE WASHINGTON LE RETIRARA LA VISA El discurso pronunciado por el presidente de Colombia Gustavo Petro ante la Asamblea general de las Naciones Unidas en que denuncia la hist\u00f3rica posici\u00f3n de mat\u00f3n internacional de Estados Unidos y su actual complicidad con el\u2026","rel":"","context":"Dans &quot;INTERNACIONAL&quot;","block_context":{"text":"INTERNACIONAL","link":"https:\/\/lekahuin.com\/?cat=55294248"},"img":{"alt_text":"","src":"https:\/\/i0.wp.com\/lekahuin.com\/wp-content\/uploads\/2025\/09\/petro-onu.webp?resize=350%2C200&ssl=1","width":350,"height":200,"srcset":"https:\/\/i0.wp.com\/lekahuin.com\/wp-content\/uploads\/2025\/09\/petro-onu.webp?resize=350%2C200&ssl=1 1x, https:\/\/i0.wp.com\/lekahuin.com\/wp-content\/uploads\/2025\/09\/petro-onu.webp?resize=525%2C300&ssl=1 1.5x, https:\/\/i0.wp.com\/lekahuin.com\/wp-content\/uploads\/2025\/09\/petro-onu.webp?resize=700%2C400&ssl=1 2x"},"classes":[]},{"id":7192,"url":"https:\/\/lekahuin.com\/?p=7192","url_meta":{"origin":11338,"position":2},"title":"Internacional &#8211; Conmemoraciones 50 a\u00f1os","author":"Le Kahuin","date":"26 septembre 2023","format":false,"excerpt":"A NIVEL INTERNACIONAL CONMEMORACION DEL 50\u00ba ANIVERSARIO\u00a0FUE SIN POL\u00c9MICA Y CON INMENSO RESPETO Y ENTUSIASMO Conmemoraciones 50 a\u00f1os : Los puntitos son calles, pasajes, avenidas y plazas donde sale el nombre de Salvador Allende en Europa. Si, con uno de esos proverbios que en pocas palabras resumen un hecho complejo,\u2026","rel":"","context":"Dans &quot;INTERNACIONAL&quot;","block_context":{"text":"INTERNACIONAL","link":"https:\/\/lekahuin.com\/?cat=55294248"},"img":{"alt_text":"","src":"https:\/\/i0.wp.com\/lekahuin.com\/wp-content\/uploads\/2023\/09\/internacional-conmemoraciones.jpg?resize=350%2C200&ssl=1","width":350,"height":200,"srcset":"https:\/\/i0.wp.com\/lekahuin.com\/wp-content\/uploads\/2023\/09\/internacional-conmemoraciones.jpg?resize=350%2C200&ssl=1 1x, https:\/\/i0.wp.com\/lekahuin.com\/wp-content\/uploads\/2023\/09\/internacional-conmemoraciones.jpg?resize=525%2C300&ssl=1 1.5x, https:\/\/i0.wp.com\/lekahuin.com\/wp-content\/uploads\/2023\/09\/internacional-conmemoraciones.jpg?resize=700%2C400&ssl=1 2x"},"classes":[]},{"id":9596,"url":"https:\/\/lekahuin.com\/?p=9596","url_meta":{"origin":11338,"position":3},"title":"Chile &#8211; Hezbol\u00e1","author":"Le Kahuin","date":"25 avril 2024","format":false,"excerpt":"SEG\u00daN LOS GRINGOS, POR VOZ DE MILEI, CHILE EST\u00c1 EN LA MIRA DE LOS \u201cHEZBOLUDOS\u201d Javier Milei con el Presidente israel\u00ed Isaac Herzog. Abril 2024 El cuasi incidente diplom\u00e1tico generado por la ministra de Seguridad del ultraderechista gobierno argentino de Javier Milei, Patricia Bullrich, generado cuando habl\u00f3 de la presencia\u2026","rel":"","context":"Dans &quot;CHILE&quot;","block_context":{"text":"CHILE","link":"https:\/\/lekahuin.com\/?cat=55294247"},"img":{"alt_text":"","src":"https:\/\/i0.wp.com\/lekahuin.com\/wp-content\/uploads\/2024\/04\/Milei-Herzog-presidente-israeli.png?resize=350%2C200&ssl=1","width":350,"height":200,"srcset":"https:\/\/i0.wp.com\/lekahuin.com\/wp-content\/uploads\/2024\/04\/Milei-Herzog-presidente-israeli.png?resize=350%2C200&ssl=1 1x, https:\/\/i0.wp.com\/lekahuin.com\/wp-content\/uploads\/2024\/04\/Milei-Herzog-presidente-israeli.png?resize=525%2C300&ssl=1 1.5x, https:\/\/i0.wp.com\/lekahuin.com\/wp-content\/uploads\/2024\/04\/Milei-Herzog-presidente-israeli.png?resize=700%2C400&ssl=1 2x"},"classes":[]},{"id":14436,"url":"https:\/\/lekahuin.com\/?p=14436","url_meta":{"origin":11338,"position":4},"title":"Trump &#8211; Naciones Unidas","author":"Le Kahuin","date":"29 septembre 2025","format":false,"excerpt":"TRUMP ANTE LAS NACIONES UNIDAS SE MANIFIESTACOMO UN PELIGRO REAL PARA TODA LA HUMANIDAD Por Marc Botenga (*) El discurso de Trump ante las Naciones Unidas es el imperialismo estadounidense en su totalidad. El rostro del colonialismo del siglo XIX. Un imperialismo que amenaza a todos, que amenaza con invadir\u2026","rel":"","context":"Dans &quot;INTERNACIONAL&quot;","block_context":{"text":"INTERNACIONAL","link":"https:\/\/lekahuin.com\/?cat=55294248"},"img":{"alt_text":"","src":"https:\/\/lekahuin.com\/wp-content\/uploads\/2025\/09\/trump-onu.avif","width":350,"height":200,"srcset":"https:\/\/lekahuin.com\/wp-content\/uploads\/2025\/09\/trump-onu.avif 1x, https:\/\/lekahuin.com\/wp-content\/uploads\/2025\/09\/trump-onu.avif 1.5x, https:\/\/lekahuin.com\/wp-content\/uploads\/2025\/09\/trump-onu.avif 2x, https:\/\/lekahuin.com\/wp-content\/uploads\/2025\/09\/trump-onu.avif 3x"},"classes":[]},{"id":14790,"url":"https:\/\/lekahuin.com\/?p=14790","url_meta":{"origin":11338,"position":5},"title":"Internacional -USA- Venezuela","author":"Le Kahuin","date":"28 octobre 2025","format":false,"excerpt":"ESTADOS UNIDOS FRENTE A VENEZUELA: UN MAT\u00d3N DE BARRIO QUE QUIERE IMPRESIONAR Desde hace dos meses Estados Unidos mantiene contra Venezuela, la tensi\u00f3n que puede provocar un despliegue militar nunca visto antes en la regi\u00f3n del Caribe, a lo que se agrega una serie de ataques contra embarcaciones menores, so\u2026","rel":"","context":"Dans &quot;INTERNACIONAL&quot;","block_context":{"text":"INTERNACIONAL","link":"https:\/\/lekahuin.com\/?cat=55294248"},"img":{"alt_text":"","src":"https:\/\/i0.wp.com\/lekahuin.com\/wp-content\/uploads\/2025\/10\/trump-maduro.webp?resize=350%2C200&ssl=1","width":350,"height":200,"srcset":"https:\/\/i0.wp.com\/lekahuin.com\/wp-content\/uploads\/2025\/10\/trump-maduro.webp?resize=350%2C200&ssl=1 1x, https:\/\/i0.wp.com\/lekahuin.com\/wp-content\/uploads\/2025\/10\/trump-maduro.webp?resize=525%2C300&ssl=1 1.5x, https:\/\/i0.wp.com\/lekahuin.com\/wp-content\/uploads\/2025\/10\/trump-maduro.webp?resize=700%2C400&ssl=1 2x"},"classes":[]}],"_links":{"self":[{"href":"https:\/\/lekahuin.com\/index.php?rest_route=\/wp\/v2\/posts\/11338","targetHints":{"allow":["GET"]}}],"collection":[{"href":"https:\/\/lekahuin.com\/index.php?rest_route=\/wp\/v2\/posts"}],"about":[{"href":"https:\/\/lekahuin.com\/index.php?rest_route=\/wp\/v2\/types\/post"}],"author":[{"embeddable":true,"href":"https:\/\/lekahuin.com\/index.php?rest_route=\/wp\/v2\/users\/211878710"}],"replies":[{"embeddable":true,"href":"https:\/\/lekahuin.com\/index.php?rest_route=%2Fwp%2Fv2%2Fcomments&post=11338"}],"version-history":[{"count":4,"href":"https:\/\/lekahuin.com\/index.php?rest_route=\/wp\/v2\/posts\/11338\/revisions"}],"predecessor-version":[{"id":11360,"href":"https:\/\/lekahuin.com\/index.php?rest_route=\/wp\/v2\/posts\/11338\/revisions\/11360"}],"wp:attachment":[{"href":"https:\/\/lekahuin.com\/index.php?rest_route=%2Fwp%2Fv2%2Fmedia&parent=11338"}],"wp:term":[{"taxonomy":"category","embeddable":true,"href":"https:\/\/lekahuin.com\/index.php?rest_route=%2Fwp%2Fv2%2Fcategories&post=11338"},{"taxonomy":"post_tag","embeddable":true,"href":"https:\/\/lekahuin.com\/index.php?rest_route=%2Fwp%2Fv2%2Ftags&post=11338"}],"curies":[{"name":"wp","href":"https:\/\/api.w.org\/{rel}","templated":true}]}}