{"id":11477,"date":"2024-10-28T12:55:22","date_gmt":"2024-10-28T11:55:22","guid":{"rendered":"https:\/\/lekahuin.com\/?p=11477"},"modified":"2024-10-28T17:08:11","modified_gmt":"2024-10-28T16:08:11","slug":"chile-impunidad-jefes-policiales","status":"publish","type":"post","link":"https:\/\/lekahuin.com\/?p=11477","title":{"rendered":"Chile &#8211; Impunidad &#8211; Jefes policiales"},"content":{"rendered":"\n<h2 class=\"wp-block-heading has-text-align-center\" style=\"font-size:30px\"><strong>CLEMENCIA EN MEDIDAS CAUTELARES PARA EX JEFES POLICIALES PODR\u00cdA INTERPRETARSE COMO SE\u00d1AL EN FAVOR DE LA IMPUNIDAD<\/strong><\/h2>\n\n\n\n<div aria-label=\"Offset Gallery\" class=\"wp-block-coblocks-gallery-offset\"><ul class=\"coblocks-gallery has-no-alignment has-caption-style-dark has-small-images has-small-gutter\"><li class=\"coblocks-gallery--item\"><figure class=\"wp-block-coblocks-gallery-offset__figure\"><img data-recalc-dims=\"1\" fetchpriority=\"high\" decoding=\"async\" width=\"1024\" height=\"576\" data-attachment-id=\"11532\" data-permalink=\"https:\/\/lekahuin.com\/?attachment_id=11532\" data-orig-file=\"https:\/\/i0.wp.com\/lekahuin.com\/wp-content\/uploads\/2024\/10\/aministia-yanez.jpg?fit=1280%2C720&amp;ssl=1\" data-orig-size=\"1280,720\" data-comments-opened=\"1\" data-image-meta=\"{&quot;aperture&quot;:&quot;0&quot;,&quot;credit&quot;:&quot;&quot;,&quot;camera&quot;:&quot;&quot;,&quot;caption&quot;:&quot;&quot;,&quot;created_timestamp&quot;:&quot;0&quot;,&quot;copyright&quot;:&quot;&quot;,&quot;focal_length&quot;:&quot;0&quot;,&quot;iso&quot;:&quot;0&quot;,&quot;shutter_speed&quot;:&quot;0&quot;,&quot;title&quot;:&quot;&quot;,&quot;orientation&quot;:&quot;0&quot;}\" data-image-title=\"aministia &amp;#8211; yanez\" data-image-description=\"\" data-image-caption=\"\" data-large-file=\"https:\/\/i0.wp.com\/lekahuin.com\/wp-content\/uploads\/2024\/10\/aministia-yanez.jpg?fit=1024%2C576&amp;ssl=1\" src=\"https:\/\/i0.wp.com\/lekahuin.com\/wp-content\/uploads\/2024\/10\/aministia-yanez.jpg?resize=1024%2C576&#038;ssl=1\" alt=\"\" data-id=\"11532\" data-imglink=\"\" data-link=\"https:\/\/lekahuin.com\/?attachment_id=11532\" class=\"wp-image-11532\" srcset=\"https:\/\/i0.wp.com\/lekahuin.com\/wp-content\/uploads\/2024\/10\/aministia-yanez.jpg?resize=1024%2C576&amp;ssl=1 1024w, https:\/\/i0.wp.com\/lekahuin.com\/wp-content\/uploads\/2024\/10\/aministia-yanez.jpg?resize=300%2C169&amp;ssl=1 300w, https:\/\/i0.wp.com\/lekahuin.com\/wp-content\/uploads\/2024\/10\/aministia-yanez.jpg?resize=150%2C84&amp;ssl=1 150w, https:\/\/i0.wp.com\/lekahuin.com\/wp-content\/uploads\/2024\/10\/aministia-yanez.jpg?resize=768%2C432&amp;ssl=1 768w, https:\/\/i0.wp.com\/lekahuin.com\/wp-content\/uploads\/2024\/10\/aministia-yanez.jpg?resize=1200%2C675&amp;ssl=1 1200w, https:\/\/i0.wp.com\/lekahuin.com\/wp-content\/uploads\/2024\/10\/aministia-yanez.jpg?resize=678%2C381&amp;ssl=1 678w, https:\/\/i0.wp.com\/lekahuin.com\/wp-content\/uploads\/2024\/10\/aministia-yanez.jpg?w=1280&amp;ssl=1 1280w\" sizes=\"(max-width: 1000px) 100vw, 1000px\" \/><\/figure><\/li><li class=\"coblocks-gallery--item\"><figure class=\"wp-block-coblocks-gallery-offset__figure\"><img data-recalc-dims=\"1\" decoding=\"async\" width=\"1024\" height=\"683\" data-attachment-id=\"11535\" data-permalink=\"https:\/\/lekahuin.com\/?attachment_id=11535\" data-orig-file=\"https:\/\/i0.wp.com\/lekahuin.com\/wp-content\/uploads\/2024\/10\/general-yanez-pdte-boric.jpg?fit=1200%2C800&amp;ssl=1\" data-orig-size=\"1200,800\" data-comments-opened=\"1\" data-image-meta=\"{&quot;aperture&quot;:&quot;0&quot;,&quot;credit&quot;:&quot;&quot;,&quot;camera&quot;:&quot;&quot;,&quot;caption&quot;:&quot;&quot;,&quot;created_timestamp&quot;:&quot;0&quot;,&quot;copyright&quot;:&quot;&quot;,&quot;focal_length&quot;:&quot;0&quot;,&quot;iso&quot;:&quot;0&quot;,&quot;shutter_speed&quot;:&quot;0&quot;,&quot;title&quot;:&quot;&quot;,&quot;orientation&quot;:&quot;0&quot;}\" data-image-title=\"general-yanez-pdte-boric\" data-image-description=\"\" data-image-caption=\"\" data-large-file=\"https:\/\/i0.wp.com\/lekahuin.com\/wp-content\/uploads\/2024\/10\/general-yanez-pdte-boric.jpg?fit=1024%2C683&amp;ssl=1\" src=\"https:\/\/i0.wp.com\/lekahuin.com\/wp-content\/uploads\/2024\/10\/general-yanez-pdte-boric.jpg?resize=1024%2C683&#038;ssl=1\" alt=\"\" data-id=\"11535\" data-imglink=\"\" data-link=\"https:\/\/lekahuin.com\/?attachment_id=11535\" class=\"wp-image-11535\" srcset=\"https:\/\/i0.wp.com\/lekahuin.com\/wp-content\/uploads\/2024\/10\/general-yanez-pdte-boric.jpg?resize=1024%2C683&amp;ssl=1 1024w, https:\/\/i0.wp.com\/lekahuin.com\/wp-content\/uploads\/2024\/10\/general-yanez-pdte-boric.jpg?resize=300%2C200&amp;ssl=1 300w, https:\/\/i0.wp.com\/lekahuin.com\/wp-content\/uploads\/2024\/10\/general-yanez-pdte-boric.jpg?resize=150%2C100&amp;ssl=1 150w, https:\/\/i0.wp.com\/lekahuin.com\/wp-content\/uploads\/2024\/10\/general-yanez-pdte-boric.jpg?resize=768%2C512&amp;ssl=1 768w, https:\/\/i0.wp.com\/lekahuin.com\/wp-content\/uploads\/2024\/10\/general-yanez-pdte-boric.jpg?w=1200&amp;ssl=1 1200w\" sizes=\"(max-width: 1000px) 100vw, 1000px\" \/><\/figure><\/li><\/ul><\/div>\n\n\n\n<p class=\"has-drop-cap wp-block-paragraph\">La decisi\u00f3n judicial que dictamin\u00f3 s\u00f3lo el arraigo nacional y la firma quincenal como medidas cautelares para los generales de Carabineros Ricardo Y\u00e1\u00f1ez, Mario Rozas, altos mandos y responsables de la represi\u00f3n contra la revuelta ciudadana de 2019, podr\u00eda prefigurar un clemente veredicto definitivo y una se\u00f1al m\u00e1s en favor de la &nbsp;impunidad frente a las violaciones de los derechos humanos.<br>Adem\u00e1s, da fuerza a esta idea la actitud del gobierno de Gabriel Boric, que apenas si reaccion\u00f3 frente a las interferencias del general Y\u00e1\u00f1ez en las decisiones del Poder Legislativo llam\u00e1ndolo a dar m\u00e1s facultades a Carabineros, y su pasividad frente al abierto desaf\u00edo a la Justicia de este mismo, al negarse a comparecer en cinco ocasiones ante los jueces que investigaban las graves violaciones a los derechos humanos durante las manifestaciones del estallido social.<br>Por el contrario, y lo menos que puede decirse es que, a pesar de las graves acusaciones que pesan sobre Y\u00e1\u00f1ez por su acci\u00f3n u inacci\u00f3n durante el estallido social, este pudo contar con el irrestricto apoyo del propio Boric que, con su actitud y desde que asumi\u00f3 como presidente, dio carta blanca a Carabineros para reprimir a los estudiantes, a los mapuches y toda manifestaci\u00f3n cuestionando el sistema heredado de la Dictadura y tan bien guardado y desarrollado por los gobiernos sucesivos.<br>En un balance entregado por el Instituto nacional de los Derechos Humanos (INDH) con motivo del quinto aniversario de la revuelta ciudadana este se\u00f1al\u00f3 que el Estado a\u00fan no cumple con su obligaci\u00f3n de implementar un programa de reparaci\u00f3n integral para las v\u00edctimas, precisando a modo de ilustraci\u00f3n que s\u00f3lo el 1,3% de las querellas presentadas por el organismo han tenido una sentencia condenatoria.<br>La directora del INDH para la Regi\u00f3n Metropolitana, Beatriz Contreras destac\u00f3 que \u201cel Estado a\u00fan no cumple con su obligaci\u00f3n de implementar un plan de reparaciones integrales y las medidas aisladas que pueden haberse tomado hasta hoy son satisfactorias ni tampoco responden al est\u00e1ndar internacional que se exige en estos casos.<br>El reciente suicidio de Sebasti\u00e1n M\u00e9ndez, el sexto de una de las 460 que sufrieron traumatismo ocular por la acci\u00f3n de Carabineros, es una m\u00e1s de las pruebas que confirman el abandono total en que han quedado este tipo de v\u00edctimas, sobre todo en el aspecto sicol\u00f3gico y de reinserci\u00f3n social, dan absoluto cr\u00e9dito a las afirmaciones de la directora del INDH.<br>Por su parte, el jefe de la Unidad de Protecci\u00f3n de Derechos del organismo, David Bahamondes se\u00f1al\u00f3 que sobre la base de un an\u00e1lisis general de la situaci\u00f3n \u201c<strong><em><strong><em>se puede se\u00f1alar que la impunidad ha sido la t\u00f3nica de los resultados de la mayor\u00eda de los procesos seguidos ante la justicia\u2026 lo que es una mala se\u00f1al para el pa\u00eds\u201d.<\/em><\/strong><\/em><\/strong><\/p>\n","protected":false},"excerpt":{"rendered":"<div class=\"mh-excerpt\"><p>CLEMENCIA EN MEDIDAS CAUTELARES PARA EX JEFES POLICIALES PODR\u00cdA INTERPRETARSE COMO SE\u00d1AL EN FAVOR DE LA IMPUNIDAD La decisi\u00f3n judicial que dictamin\u00f3 s\u00f3lo el arraigo <a class=\"mh-excerpt-more\" href=\"https:\/\/lekahuin.com\/?p=11477\" title=\"Chile &#8211; Impunidad &#8211; Jefes policiales\">[&#8230;]<\/a><\/p>\n<\/div>","protected":false},"author":211878710,"featured_media":0,"comment_status":"open","ping_status":"open","sticky":false,"template":"","format":"standard","meta":{"_coblocks_attr":"","_coblocks_dimensions":"","_coblocks_responsive_height":"","_coblocks_accordion_ie_support":"","_crdt_document":"","advanced_seo_description":"","jetpack_seo_html_title":"","jetpack_seo_noindex":false,"_jetpack_newsletter_access":"","_jetpack_dont_email_post_to_subs":false,"_jetpack_newsletter_tier_id":0,"_jetpack_memberships_contains_paywalled_content":false,"_jetpack_memberships_contains_paid_content":false,"footnotes":"","jetpack_post_was_ever_published":false},"categories":[55294247],"tags":[],"class_list":["post-11477","post","type-post","status-publish","format-standard","hentry","category-chile"],"jetpack_featured_media_url":"","jetpack_likes_enabled":true,"jetpack_sharing_enabled":true,"jetpack_shortlink":"https:\/\/wp.me\/pdoWOp-2Z7","jetpack-related-posts":[{"id":16431,"url":"https:\/\/lekahuin.com\/?p=16431","url_meta":{"origin":11477,"position":0},"title":"Cultura &#8211; Libro","author":"Le Kahuin","date":"26 mars 2026","format":false,"excerpt":"UN LIBRO QUE MUESTRA COMO SE DESCUBRI\u00d3 EL ACTUARDE UNO DE LOS GRUPOS MAS LETALES DE LA DINA Por Sergio Zamora Si numerosos criminales cumplen hoy sentencias en el Penal de Punta Peuco es gracias a la investigaci\u00f3n sobre los asesinatos cometidos por la Dina Exterior y la brigada Mulch\u00e9n,\u2026","rel":"","context":"Dans &quot;CHILE&quot;","block_context":{"text":"CHILE","link":"https:\/\/lekahuin.com\/?cat=55294247"},"img":{"alt_text":"","src":"https:\/\/i0.wp.com\/lekahuin.com\/wp-content\/uploads\/2026\/03\/jofre-libro.png?resize=350%2C200&ssl=1","width":350,"height":200},"classes":[]},{"id":16713,"url":"https:\/\/lekahuin.com\/?p=16713","url_meta":{"origin":11477,"position":1},"title":"Chile &#8211; Impunidad Gobierno Kast","author":"Le Kahuin","date":"1 avril 2026","format":false,"excerpt":"Y CONTIN\u00daA LA IMPUNIDAD: SUBSECRETARIO DE DDHH PIDE RENUNCIAS A JEFATURA DEL PROGRAMA DE DERECHOS HUMANOS Y DEL PLAN NACIONAL DE B\u00daSQUEDA El Gobierno confirm\u00f3 la continuidad de la iniciativa e inform\u00f3 que se trataban de cargos de \u201cexclusiva confianza\u201d y que las funcionarias \u201cno presentaron sus renuncias el d\u00eda\u2026","rel":"","context":"Dans &quot;CHILE&quot;","block_context":{"text":"CHILE","link":"https:\/\/lekahuin.com\/?cat=55294247"},"img":{"alt_text":"","src":"https:\/\/i0.wp.com\/lekahuin.com\/wp-content\/uploads\/2026\/04\/plan-busqueda-1.jpg?resize=350%2C200&ssl=1","width":350,"height":200},"classes":[]},{"id":7607,"url":"https:\/\/lekahuin.com\/?p=7607","url_meta":{"origin":11477,"position":2},"title":"Chile &#8211; Ley Na\u00edn &#8211; Campa\u00f1a","author":"Le Kahuin","date":"26 novembre 2023","format":false,"excerpt":"FAMILIARES DE V\u00cdCTIMAS DE LEY NA\u00cdN RETAMAL LANZAN CAMPA\u00d1A PARA SU DEROGACI\u00d3N Familiares de las v\u00edctimas de la ley Nain-Retamal que da a la polic\u00eda impunidad para matar, iniciaron a mediados de noviembre, una coordinaci\u00f3n con diversas organizaciones, para exigir justicia y, a t\u00e9rmino, obtener la derogaci\u00f3n.El colectivo esta dirigido\u2026","rel":"","context":"Dans &quot;Non class\u00e9&quot;","block_context":{"text":"Non class\u00e9","link":"https:\/\/lekahuin.com\/?cat=6325"},"img":{"alt_text":"","src":"https:\/\/i0.wp.com\/lekahuin.com\/wp-content\/uploads\/2023\/11\/Contra-ley-Nahin-Retamal.jpg?resize=350%2C200&ssl=1","width":350,"height":200,"srcset":"https:\/\/i0.wp.com\/lekahuin.com\/wp-content\/uploads\/2023\/11\/Contra-ley-Nahin-Retamal.jpg?resize=350%2C200&ssl=1 1x, https:\/\/i0.wp.com\/lekahuin.com\/wp-content\/uploads\/2023\/11\/Contra-ley-Nahin-Retamal.jpg?resize=525%2C300&ssl=1 1.5x, https:\/\/i0.wp.com\/lekahuin.com\/wp-content\/uploads\/2023\/11\/Contra-ley-Nahin-Retamal.jpg?resize=700%2C400&ssl=1 2x"},"classes":[]},{"id":9530,"url":"https:\/\/lekahuin.com\/?p=9530","url_meta":{"origin":11477,"position":3},"title":"Cultura &#8211; Libro","author":"Le Kahuin","date":"22 avril 2024","format":false,"excerpt":"\u00bfA QUI\u00c9N LE INTERESA QUE NO SE SEPA QUI\u00c9N QUEM\u00d3 EL METRO? Durante la noche del 18 de octubre de 2019, siete estaciones del Metro de Santiago fueron incendiadas y destruidas y despu\u00e9s, en consecuencia, cinco personas fueron condenadas y encarceladas durante casi a\u00f1o, antes de ser absueltas.Josefa Barraza y\u2026","rel":"","context":"Dans &quot;CULTURA&quot;","block_context":{"text":"CULTURA","link":"https:\/\/lekahuin.com\/?cat=55294249"},"img":{"alt_text":"","src":"https:\/\/i0.wp.com\/lekahuin.com\/wp-content\/uploads\/2024\/04\/prise-bastille-14-juillet-1-2.jpg?resize=350%2C200&ssl=1","width":350,"height":200,"srcset":"https:\/\/i0.wp.com\/lekahuin.com\/wp-content\/uploads\/2024\/04\/prise-bastille-14-juillet-1-2.jpg?resize=350%2C200&ssl=1 1x, https:\/\/i0.wp.com\/lekahuin.com\/wp-content\/uploads\/2024\/04\/prise-bastille-14-juillet-1-2.jpg?resize=525%2C300&ssl=1 1.5x"},"classes":[]},{"id":5432,"url":"https:\/\/lekahuin.com\/?p=5432","url_meta":{"origin":11477,"position":4},"title":"Chile &#8211; 21 de mayo","author":"Le Kahuin","date":"26 mai 2023","format":false,"excerpt":"CUATRO MARINOS CONMEMORAN EN IQUIQUE LAS GLORIAS NAVALES:NO LAS DE PRAT, SINO LAS DE LAS TORTURAS Y ASESINATOS DE 1973 El s\u00e1bado 19 de mayo pasado en Iquique, cuatro marinos que, sin duda quer\u00edan celebrar las glorias de la Armada, no las de Arturo Prat, sino las de 1973, las\u2026","rel":"","context":"Dans &quot;Non class\u00e9&quot;","block_context":{"text":"Non class\u00e9","link":"https:\/\/lekahuin.com\/?cat=6325"},"img":{"alt_text":"","src":"","width":0,"height":0},"classes":[]},{"id":8782,"url":"https:\/\/lekahuin.com\/?p=8782","url_meta":{"origin":11477,"position":5},"title":"Chile &#8211; Londres 38 &#8211; Pi\u00f1era","author":"Le Kahuin","date":"18 f\u00e9vrier 2024","format":false,"excerpt":"ORGANIZACI\u00d3N LONDRES 38 DENUNCIA NEGACIONISMOEN TORNO A LA MUERTE DE SEBASTI\u00c1N PI\u00d1ERA La pretensi\u00f3n de forzar un consenso en cuanto al car\u00e1cter democr\u00e1tico de Sebasti\u00e1n Pi\u00f1era y su gobierno y una interpretaci\u00f3n de la revuelta social donde se omiten sus causas y motivaciones y la violenta y criminal respuesta del\u2026","rel":"","context":"Dans &quot;CHILE&quot;","block_context":{"text":"CHILE","link":"https:\/\/lekahuin.com\/?cat=55294247"},"img":{"alt_text":"","src":"https:\/\/i0.wp.com\/lekahuin.com\/wp-content\/uploads\/2024\/02\/londres-38.png?resize=350%2C200&ssl=1","width":350,"height":200,"srcset":"https:\/\/i0.wp.com\/lekahuin.com\/wp-content\/uploads\/2024\/02\/londres-38.png?resize=350%2C200&ssl=1 1x, https:\/\/i0.wp.com\/lekahuin.com\/wp-content\/uploads\/2024\/02\/londres-38.png?resize=525%2C300&ssl=1 1.5x"},"classes":[]}],"_links":{"self":[{"href":"https:\/\/lekahuin.com\/index.php?rest_route=\/wp\/v2\/posts\/11477","targetHints":{"allow":["GET"]}}],"collection":[{"href":"https:\/\/lekahuin.com\/index.php?rest_route=\/wp\/v2\/posts"}],"about":[{"href":"https:\/\/lekahuin.com\/index.php?rest_route=\/wp\/v2\/types\/post"}],"author":[{"embeddable":true,"href":"https:\/\/lekahuin.com\/index.php?rest_route=\/wp\/v2\/users\/211878710"}],"replies":[{"embeddable":true,"href":"https:\/\/lekahuin.com\/index.php?rest_route=%2Fwp%2Fv2%2Fcomments&post=11477"}],"version-history":[{"count":7,"href":"https:\/\/lekahuin.com\/index.php?rest_route=\/wp\/v2\/posts\/11477\/revisions"}],"predecessor-version":[{"id":11537,"href":"https:\/\/lekahuin.com\/index.php?rest_route=\/wp\/v2\/posts\/11477\/revisions\/11537"}],"wp:attachment":[{"href":"https:\/\/lekahuin.com\/index.php?rest_route=%2Fwp%2Fv2%2Fmedia&parent=11477"}],"wp:term":[{"taxonomy":"category","embeddable":true,"href":"https:\/\/lekahuin.com\/index.php?rest_route=%2Fwp%2Fv2%2Fcategories&post=11477"},{"taxonomy":"post_tag","embeddable":true,"href":"https:\/\/lekahuin.com\/index.php?rest_route=%2Fwp%2Fv2%2Ftags&post=11477"}],"curies":[{"name":"wp","href":"https:\/\/api.w.org\/{rel}","templated":true}]}}