{"id":11640,"date":"2024-11-27T00:17:39","date_gmt":"2024-11-26T23:17:39","guid":{"rendered":"https:\/\/lekahuin.com\/?p=11640"},"modified":"2024-11-29T15:45:35","modified_gmt":"2024-11-29T14:45:35","slug":"cultura-libro-6","status":"publish","type":"post","link":"https:\/\/lekahuin.com\/?p=11640","title":{"rendered":"Cultura &#8211; Libro"},"content":{"rendered":"\n<h2 class=\"wp-block-heading has-text-align-center\"><strong>PARA LEER, ENTRETENERSE Y APRENDER, UN LIBRO SOBRE NUESTRO EXILIO O ESTE EXILIO NUESTRO<\/strong><\/h2>\n\n\n\n<p class=\"has-text-align-center wp-block-paragraph\"><strong>Por Sergio Zamora<\/strong><\/p>\n\n\n<div class=\"wp-block-image\">\n<figure class=\"aligncenter size-full is-resized\"><img data-recalc-dims=\"1\" fetchpriority=\"high\" decoding=\"async\" width=\"433\" height=\"597\" data-attachment-id=\"11740\" data-permalink=\"https:\/\/lekahuin.com\/?attachment_id=11740\" data-orig-file=\"https:\/\/i0.wp.com\/lekahuin.com\/wp-content\/uploads\/2024\/11\/libro-julian-bis-1.png?fit=433%2C597&amp;ssl=1\" data-orig-size=\"433,597\" data-comments-opened=\"1\" data-image-meta=\"{&quot;aperture&quot;:&quot;0&quot;,&quot;credit&quot;:&quot;&quot;,&quot;camera&quot;:&quot;&quot;,&quot;caption&quot;:&quot;&quot;,&quot;created_timestamp&quot;:&quot;0&quot;,&quot;copyright&quot;:&quot;&quot;,&quot;focal_length&quot;:&quot;0&quot;,&quot;iso&quot;:&quot;0&quot;,&quot;shutter_speed&quot;:&quot;0&quot;,&quot;title&quot;:&quot;&quot;,&quot;orientation&quot;:&quot;0&quot;}\" data-image-title=\"libro julian bis\" data-image-description=\"\" data-image-caption=\"\" data-large-file=\"https:\/\/i0.wp.com\/lekahuin.com\/wp-content\/uploads\/2024\/11\/libro-julian-bis-1.png?fit=433%2C597&amp;ssl=1\" src=\"https:\/\/i0.wp.com\/lekahuin.com\/wp-content\/uploads\/2024\/11\/libro-julian-bis-1.png?resize=433%2C597&#038;ssl=1\" alt=\"\" class=\"wp-image-11740\" style=\"width:433px;height:auto\" srcset=\"https:\/\/i0.wp.com\/lekahuin.com\/wp-content\/uploads\/2024\/11\/libro-julian-bis-1.png?w=433&amp;ssl=1 433w, https:\/\/i0.wp.com\/lekahuin.com\/wp-content\/uploads\/2024\/11\/libro-julian-bis-1.png?resize=218%2C300&amp;ssl=1 218w, https:\/\/i0.wp.com\/lekahuin.com\/wp-content\/uploads\/2024\/11\/libro-julian-bis-1.png?resize=109%2C150&amp;ssl=1 109w\" sizes=\"(max-width: 433px) 100vw, 433px\" \/><\/figure>\n<\/div>\n\n\n<p class=\"has-drop-cap has-text-align-justify wp-block-paragraph\">Los 35 relatos y cr\u00f3nicas que conforman esta obra responden largamente a lo que todo lector hedonista busca cuando emprende la lectura de un libro: el entretenerse y aprender cosas nuevas.<br><strong>Partiendo de la premisa que hubo tantos exilios como exiliados, este libro nos permite conocer uno de esos, desde la opini\u00f3n y vivencias de un militante del MIR, quien, aunque asume los valores pol\u00edticos y morales que marcaron su generaci\u00f3n, no puede ocultar un cierto desencanto y tambi\u00e9n\u00a0desconcierto.<\/strong><br>Desencanto y desconcierto expresado entre l\u00edneas por haber partido de Chile para salvar su vida y encontrarse envuelto en una nueva realidad totalmente diferente a la que marc\u00f3 su devenir de militante en el pasado, sin desmerecer su valor moral pues, a pesar de las dificultades, no reniega de los principios y convicciones que marcaron su acci\u00f3n en Chile<br>Conocido es que la historia se construye con fragmentos de recuerdos de experiencias que el tiempo permite interpretarlos, completarlos o confirmarlos con los recuerdos de otros. As\u00ed, la memoria personal y\/o hist\u00f3rica es recuperada y permite que lo vivido no caiga en los limbos del olvido.<br>La lectura de estas cr\u00f3nicas nos permite compenetrarnos en las diversas inquietudes que conoce el autor, as\u00ed como de hechos, personas o situaciones, que de alguna manera definen el exilio en Francia, en los comienzos en la ciudad de Rouen (regi\u00f3n de Normand\u00eda, oeste), en donde el autor comienza su aprendizaje para integrarse en la nueva sociedad en que le toca vivir.<br>Es decir, a partir de una realidad personal se trasciende y nos permite conocer una realidad com\u00fan o universal. De ese hecho el t\u00edtulo expresa de la mejor manera esa idea: el exilio de Juli\u00e1n Bastias forma parte de nuestro exilio.<br>Hay relatos que expresan con mucha honestidad las tribulaciones de un militante a quien se le exige retornar a Chile, cuando \u00e9l no quiere, pues est\u00e1 consciente que volver no se justifica por una necesidad pol\u00edtica sino m\u00e1s bien por una aplicaci\u00f3n ciega de principios alejados de la realidad.<br>Como todo militante sobreviviente de una dictadura, le era dif\u00edcil dejar atr\u00e1s los temores, que segu\u00edan pegados a sus talones, personificados en una supuesta y omnipresente vigilancia policial, la mayor\u00eda de las veces totalmente imaginarios.<br>Con mucha iron\u00eda Juli\u00e1n nos describe las afirmaciones de un dirigente de su partido, por ejemplo, en el cap\u00edtulo referido al grupo musical Karaxu, que expresa una realidad imaginada en Chile, que ya no es compartida por los militantes.<br>\u00a0Pero adem\u00e1s de las descripciones de hechos, el autor nos entrega tambi\u00e9n diferentes reflexiones que vinculan al exilio con la realidad chilena, como por ejemplo a prop\u00f3sito de la relaci\u00f3n de los chilenos con los mapuches, o bien sus recuerdos de episodios chilenos.<br>Los entretenidos relatos de Juli\u00e1n, diferentes y variados, saltando de una realidad del presente al pasado y en diferentes lugares, permitir\u00e1 a quien no conoci\u00f3 el exilio formarse una idea de esa realidad, y para quienes lo vivimos, reconocer en los diferentes relatos, algunas de nuestras propias vivencias.<br>Cr\u00f3nicas algunas tristes, otras alegres, como es la vida, que permiten tambi\u00e9n, responder incidentemente a la afirmaci\u00f3n que es expresada a veces con buenas o malas intenciones de que <em>los exiliados lo pasaron bien<\/em>.<br>Dado que lo pasaron bien, no vale la pena detenerse en ese problema, aun cuando \u00a0es en realidad una forma de escamotear la verdadera raz\u00f3n y cu\u00e1l es el porqu\u00e9 de ese exilio: el cruento golpe de Estado del 11 de septiembre de 1973.<br>Con la diversidad de temas tratados referidos al exilio, Juli\u00e1n permite responder a esa afirmaci\u00f3n: \u00bfLos exiliados lo pasaron bien? La realidad es un poco m\u00e1s compleja y la muestra en una obra que entretiene y ense\u00f1a.<br>\u00bfSe le puede pedir m\u00e1s a un libro?<br>&#8212;&#8212;&#8212;&#8212;&#8212;&#8212;&#8212;&#8212;&#8212;&#8212;&#8212;&#8212;&#8212;&#8212;&#8212;&#8212;&#8212;&#8212;&#8212;&#8212;&#8212;&#8212;<br><strong>Nuestro exilio<\/strong>, Juli\u00e1n Bastias<br>Edici\u00f3n, Uitgeverij Contreras, \u00c1msterdam, 2024.<\/p>\n\n\n\n<p class=\"wp-block-paragraph\"><\/p>\n","protected":false},"excerpt":{"rendered":"<div class=\"mh-excerpt\"><p>PARA LEER, ENTRETENERSE Y APRENDER, UN LIBRO SOBRE NUESTRO EXILIO O ESTE EXILIO NUESTRO Por Sergio Zamora Los 35 relatos y cr\u00f3nicas que conforman esta <a class=\"mh-excerpt-more\" href=\"https:\/\/lekahuin.com\/?p=11640\" title=\"Cultura &#8211; Libro\">[&#8230;]<\/a><\/p>\n<\/div>","protected":false},"author":211878710,"featured_media":0,"comment_status":"open","ping_status":"open","sticky":false,"template":"","format":"standard","meta":{"_coblocks_attr":"","_coblocks_dimensions":"","_coblocks_responsive_height":"","_coblocks_accordion_ie_support":"","_crdt_document":"","advanced_seo_description":"","jetpack_seo_html_title":"","jetpack_seo_noindex":false,"_jetpack_newsletter_access":"","_jetpack_dont_email_post_to_subs":false,"_jetpack_newsletter_tier_id":0,"_jetpack_memberships_contains_paywalled_content":false,"_jetpack_memberships_contains_paid_content":false,"footnotes":"","jetpack_post_was_ever_published":false},"categories":[55294249],"tags":[],"class_list":["post-11640","post","type-post","status-publish","format-standard","hentry","category-cultura"],"jetpack_featured_media_url":"","jetpack_likes_enabled":true,"jetpack_sharing_enabled":true,"jetpack_shortlink":"https:\/\/wp.me\/pdoWOp-31K","jetpack-related-posts":[{"id":11317,"url":"https:\/\/lekahuin.com\/?p=11317","url_meta":{"origin":11640,"position":0},"title":"Cultura &#8211; Libro","author":"Le Kahuin","date":"26 octobre 2024","format":false,"excerpt":"CUANDO LA MEMORIA ERA UN R\u00cdO.CANTARES DE OSVALDO TORRES Por Sergio Zamora Este libro sobre el folclorista Osvaldo Torres, escrito por el soci\u00f3logo Bernardo Guerrero conjuga con habilidad literaria la historia personal de Osvaldo \u2013 su entorno sociocultural cuando ni\u00f1o y joven, su trayectoria de artista ya adulto \u2013 con\u2026","rel":"","context":"Dans &quot;CULTURA&quot;","block_context":{"text":"CULTURA","link":"https:\/\/lekahuin.com\/?cat=55294249"},"img":{"alt_text":"","src":"https:\/\/i0.wp.com\/lekahuin.com\/wp-content\/uploads\/2024\/10\/cuando-la-memoria-era-un-rio.jpg?resize=350%2C200&ssl=1","width":350,"height":200},"classes":[]},{"id":4422,"url":"https:\/\/lekahuin.com\/?p=4422","url_meta":{"origin":11640,"position":1},"title":"Presos Pol\u00edticos &#8211; Exilio Francia","author":"Le Kahuin","date":"25 f\u00e9vrier 2023","format":false,"excerpt":"UNA EXPERIENCIA DE LUCHA QUE CUESTION\u00d3 Y REJUVENECI\u00d3 NUESTRO PASADO Y NUESTRAS HISTORIAS DE VETERANOS Por Juli\u00e1n Bast\u00edas Una de las situaciones m\u00e1s enriquecedoras que he podido vivir en mi largo exilio ha sido el acompa\u00f1amiento a j\u00f3venes en prisi\u00f3n despu\u00e9s del estallido social en Chile, en octubre de 2029.Nunca\u2026","rel":"","context":"Dans &quot;Non class\u00e9&quot;","block_context":{"text":"Non class\u00e9","link":"https:\/\/lekahuin.com\/?cat=6325"},"img":{"alt_text":"","src":"https:\/\/i0.wp.com\/lekahuin.com\/wp-content\/uploads\/2023\/02\/foto-manif-por-pp-fr-1.jpg?resize=350%2C200&ssl=1","width":350,"height":200,"srcset":"https:\/\/i0.wp.com\/lekahuin.com\/wp-content\/uploads\/2023\/02\/foto-manif-por-pp-fr-1.jpg?resize=350%2C200&ssl=1 1x, https:\/\/i0.wp.com\/lekahuin.com\/wp-content\/uploads\/2023\/02\/foto-manif-por-pp-fr-1.jpg?resize=525%2C300&ssl=1 1.5x, https:\/\/i0.wp.com\/lekahuin.com\/wp-content\/uploads\/2023\/02\/foto-manif-por-pp-fr-1.jpg?resize=700%2C400&ssl=1 2x"},"classes":[]},{"id":11851,"url":"https:\/\/lekahuin.com\/?p=11851","url_meta":{"origin":11640,"position":2},"title":"Cultura &#8211; Libro","author":"Le Kahuin","date":"20 d\u00e9cembre 2024","format":false,"excerpt":"\u201cLA VIDA DE MEDIO LADO\u201d Por Sergio Zamora Esta novela, inspirada en la vida del escritor y poeta marrano Antonio Enr\u00edquez G\u00f3mez (1600-1663), tiene como personaje principal al poeta y dramaturgo Alonso de Mora huyendo de la Santa Inquisici\u00f3n, quien nos lleva a su exilio entre Espa\u00f1a, Portugal y Francia,\u2026","rel":"","context":"Dans &quot;CULTURA&quot;","block_context":{"text":"CULTURA","link":"https:\/\/lekahuin.com\/?cat=55294249"},"img":{"alt_text":"","src":"https:\/\/i0.wp.com\/lekahuin.com\/wp-content\/uploads\/2024\/12\/LA-VIDA-DE-MEDIO-LADO-bis.jpg?resize=350%2C200&ssl=1","width":350,"height":200,"srcset":"https:\/\/i0.wp.com\/lekahuin.com\/wp-content\/uploads\/2024\/12\/LA-VIDA-DE-MEDIO-LADO-bis.jpg?resize=350%2C200&ssl=1 1x, https:\/\/i0.wp.com\/lekahuin.com\/wp-content\/uploads\/2024\/12\/LA-VIDA-DE-MEDIO-LADO-bis.jpg?resize=525%2C300&ssl=1 1.5x, https:\/\/i0.wp.com\/lekahuin.com\/wp-content\/uploads\/2024\/12\/LA-VIDA-DE-MEDIO-LADO-bis.jpg?resize=700%2C400&ssl=1 2x"},"classes":[]},{"id":8080,"url":"https:\/\/lekahuin.com\/?p=8080","url_meta":{"origin":11640,"position":3},"title":"Cultura &#8211; Poes\u00eda Juana Guaiquil Lipicheo","author":"Le Kahuin","date":"22 d\u00e9cembre 2023","format":false,"excerpt":"UN ENCUENTRO, UN LIBRO DE POEMAS Acababa de votar en el local habilitado para tal efecto en el cuico \u00a0barrio de Neully-sur-Seine, vecino a Par\u00eds.El voto de los chilenos en el extranjero, adem\u00e1s de permitir la manifestaci\u00f3n de un derecho ciudadano para los que tuvimos que partir, es una de\u2026","rel":"","context":"Dans &quot;CULTURA&quot;","block_context":{"text":"CULTURA","link":"https:\/\/lekahuin.com\/?cat=55294249"},"img":{"alt_text":"","src":"https:\/\/i0.wp.com\/lekahuin.com\/wp-content\/uploads\/2023\/12\/Mayeutica-mapuche20231220_19491483.jpg?resize=350%2C200&ssl=1","width":350,"height":200,"srcset":"https:\/\/i0.wp.com\/lekahuin.com\/wp-content\/uploads\/2023\/12\/Mayeutica-mapuche20231220_19491483.jpg?resize=350%2C200&ssl=1 1x, https:\/\/i0.wp.com\/lekahuin.com\/wp-content\/uploads\/2023\/12\/Mayeutica-mapuche20231220_19491483.jpg?resize=525%2C300&ssl=1 1.5x, https:\/\/i0.wp.com\/lekahuin.com\/wp-content\/uploads\/2023\/12\/Mayeutica-mapuche20231220_19491483.jpg?resize=700%2C400&ssl=1 2x"},"classes":[]},{"id":8056,"url":"https:\/\/lekahuin.com\/?p=8056","url_meta":{"origin":11640,"position":4},"title":"Francia &#8211; Libro De Rodrigo Arenas","author":"Le Kahuin","date":"22 d\u00e9cembre 2023","format":false,"excerpt":"RODRIGO ARENAS, NUESTRO DIPUTADO FRANCO PORTE\u00d1O, PROPONE UN VERDADERO NUEVO PROYECTO DE SOCIEDAD Rodrigo Arenas, diputado de la Sociedad Civil en Francia Sabiendo que los lectores de Le Kahuin de Paris en Chile y los chilenos en el extranjero ya lo conocieron no s\u00f3lo a trav\u00e9s de nuestras p\u00e1ginas, no\u2026","rel":"","context":"Dans &quot;CULTURA&quot;","block_context":{"text":"CULTURA","link":"https:\/\/lekahuin.com\/?cat=55294249"},"img":{"alt_text":"","src":"https:\/\/i0.wp.com\/lekahuin.com\/wp-content\/uploads\/2023\/12\/Rodrigo-Arenas20231222.jpg?resize=350%2C200&ssl=1","width":350,"height":200,"srcset":"https:\/\/i0.wp.com\/lekahuin.com\/wp-content\/uploads\/2023\/12\/Rodrigo-Arenas20231222.jpg?resize=350%2C200&ssl=1 1x, https:\/\/i0.wp.com\/lekahuin.com\/wp-content\/uploads\/2023\/12\/Rodrigo-Arenas20231222.jpg?resize=525%2C300&ssl=1 1.5x, https:\/\/i0.wp.com\/lekahuin.com\/wp-content\/uploads\/2023\/12\/Rodrigo-Arenas20231222.jpg?resize=700%2C400&ssl=1 2x, https:\/\/i0.wp.com\/lekahuin.com\/wp-content\/uploads\/2023\/12\/Rodrigo-Arenas20231222.jpg?resize=1050%2C600&ssl=1 3x"},"classes":[]},{"id":12094,"url":"https:\/\/lekahuin.com\/?p=12094","url_meta":{"origin":11640,"position":5},"title":"Cultura &#8211; Libro Winnipeg","author":"Le Kahuin","date":"25 janvier 2025","format":false,"excerpt":"UNA OBRA DE PRIMER ORDEN SOBRE EL RESCATE POR CHILE DE 2000 ESPA\u00d1OLES REPUBLICANOS A BORDO DEL \u201cWINNIPEG\u201d Por Sergio Zamora El libro de Josu Chueca Intxusta, \u201c2.000\u00a0 del \u201cWinnipeg\u201d, Diario de a bordo\u201d, un verdadero documento hist\u00f3rico, nos permite conocer en detalle lo que fue y signific\u00f3 el viaje\u2026","rel":"","context":"Dans &quot;CULTURA&quot;","block_context":{"text":"CULTURA","link":"https:\/\/lekahuin.com\/?cat=55294249"},"img":{"alt_text":"","src":"https:\/\/i0.wp.com\/lekahuin.com\/wp-content\/uploads\/2025\/01\/winnipeg1166-bis.png?resize=350%2C200","width":350,"height":200},"classes":[]}],"_links":{"self":[{"href":"https:\/\/lekahuin.com\/index.php?rest_route=\/wp\/v2\/posts\/11640","targetHints":{"allow":["GET"]}}],"collection":[{"href":"https:\/\/lekahuin.com\/index.php?rest_route=\/wp\/v2\/posts"}],"about":[{"href":"https:\/\/lekahuin.com\/index.php?rest_route=\/wp\/v2\/types\/post"}],"author":[{"embeddable":true,"href":"https:\/\/lekahuin.com\/index.php?rest_route=\/wp\/v2\/users\/211878710"}],"replies":[{"embeddable":true,"href":"https:\/\/lekahuin.com\/index.php?rest_route=%2Fwp%2Fv2%2Fcomments&post=11640"}],"version-history":[{"count":11,"href":"https:\/\/lekahuin.com\/index.php?rest_route=\/wp\/v2\/posts\/11640\/revisions"}],"predecessor-version":[{"id":11769,"href":"https:\/\/lekahuin.com\/index.php?rest_route=\/wp\/v2\/posts\/11640\/revisions\/11769"}],"wp:attachment":[{"href":"https:\/\/lekahuin.com\/index.php?rest_route=%2Fwp%2Fv2%2Fmedia&parent=11640"}],"wp:term":[{"taxonomy":"category","embeddable":true,"href":"https:\/\/lekahuin.com\/index.php?rest_route=%2Fwp%2Fv2%2Fcategories&post=11640"},{"taxonomy":"post_tag","embeddable":true,"href":"https:\/\/lekahuin.com\/index.php?rest_route=%2Fwp%2Fv2%2Ftags&post=11640"}],"curies":[{"name":"wp","href":"https:\/\/api.w.org\/{rel}","templated":true}]}}