{"id":11881,"date":"2024-12-21T14:41:01","date_gmt":"2024-12-21T13:41:01","guid":{"rendered":"https:\/\/lekahuin.com\/?p=11881"},"modified":"2024-12-21T15:41:28","modified_gmt":"2024-12-21T14:41:28","slug":"chile-instituciones-i","status":"publish","type":"post","link":"https:\/\/lekahuin.com\/?p=11881","title":{"rendered":"Chile &#8211; Instituciones &#8211; I"},"content":{"rendered":"\n<h2 class=\"wp-block-heading has-text-align-center\"><strong>LA PRIVATIZACI\u00d3N DE LAS INSTITUCIONES Y SU MARCA INDELEBLE EN LA VIDA DE LOS CHILENOS<\/strong><\/h2>\n\n\n\n<p class=\"has-text-align-center wp-block-paragraph\"><strong>Por Pedro Marcial Vega<br>Primera parte<\/strong><\/p>\n\n\n<div class=\"wp-block-image\">\n<figure class=\"aligncenter size-full is-resized\"><img data-recalc-dims=\"1\" fetchpriority=\"high\" decoding=\"async\" width=\"731\" height=\"495\" data-attachment-id=\"11887\" data-permalink=\"https:\/\/lekahuin.com\/?attachment_id=11887\" data-orig-file=\"https:\/\/i0.wp.com\/lekahuin.com\/wp-content\/uploads\/2024\/12\/Isapres.png?fit=731%2C495&amp;ssl=1\" data-orig-size=\"731,495\" data-comments-opened=\"1\" data-image-meta=\"{&quot;aperture&quot;:&quot;0&quot;,&quot;credit&quot;:&quot;&quot;,&quot;camera&quot;:&quot;&quot;,&quot;caption&quot;:&quot;&quot;,&quot;created_timestamp&quot;:&quot;0&quot;,&quot;copyright&quot;:&quot;&quot;,&quot;focal_length&quot;:&quot;0&quot;,&quot;iso&quot;:&quot;0&quot;,&quot;shutter_speed&quot;:&quot;0&quot;,&quot;title&quot;:&quot;&quot;,&quot;orientation&quot;:&quot;0&quot;}\" data-image-title=\"Isapres\" data-image-description=\"\" data-image-caption=\"\" data-large-file=\"https:\/\/i0.wp.com\/lekahuin.com\/wp-content\/uploads\/2024\/12\/Isapres.png?fit=731%2C495&amp;ssl=1\" src=\"https:\/\/i0.wp.com\/lekahuin.com\/wp-content\/uploads\/2024\/12\/Isapres.png?resize=731%2C495&#038;ssl=1\" alt=\"\" class=\"wp-image-11887\" style=\"width:577px;height:auto\" srcset=\"https:\/\/i0.wp.com\/lekahuin.com\/wp-content\/uploads\/2024\/12\/Isapres.png?w=731&amp;ssl=1 731w, https:\/\/i0.wp.com\/lekahuin.com\/wp-content\/uploads\/2024\/12\/Isapres.png?resize=300%2C203&amp;ssl=1 300w, https:\/\/i0.wp.com\/lekahuin.com\/wp-content\/uploads\/2024\/12\/Isapres.png?resize=150%2C102&amp;ssl=1 150w\" sizes=\"(max-width: 731px) 100vw, 731px\" \/><figcaption class=\"wp-element-caption\"><strong>Publicidad de una de las Isapres (Instituciones de salud previsional), aseguradoras privadas. En 2021-2022, estas tuvieron enormes p\u00e9rdidas, lo que explica, que hoy \u00ab\u00a0est\u00e9n haciendo agua\u00a0\u00bb.<\/strong><\/figcaption><\/figure>\n<\/div>\n\n\n<p class=\"has-drop-cap has-text-align-justify wp-block-paragraph\">La vida cotidiana de los chilenos est\u00e1 en gran parte determinada por la privatizaci\u00f3n de las distintas instituciones operada a partir de la Dictadura, como por los diferentes servicios p\u00fablicos a los que acceden gratuitamente, desarroll\u00e1ndose esta entre un eje de privatizaci\u00f3n y otro de gratuidad.<br>Un ejemplo claro es lo que se da en el \u00e1mbito de la salud.<br>Hay quienes tienen recursos monetarios suficientes y acceden a la salud privada (Isapres) y quienes carecen de ellos que acuden a la salud p\u00fablica (Fonasa), si bien hay personas que a\u00fan estando en Fonasa adquieren servicios privados para ex\u00e1menes o consultas m\u00e9dicas.<br>Para los que no tienen los medios suficientes para atenderse en un sistema de salud privado, el Estado debe asegurar este servicio en un papel llamado de subsidiario, consagrada de manera clara y expl\u00edcita en la actual Constituci\u00f3n.<br>Como es f\u00e1cil comprender, entre otras, esta situaci\u00f3n es la base misma de la segregaci\u00f3n social.<br>As\u00ed, los que s\u00f3lo acuden a lo privado pertenecen a las clases altas o medias altas o medias. Los que combinan el uso de ambos sistemas son de clases medias bajas, y los que acuden a lo p\u00fablico exclusivamente pueden ser de cualquier clase, exceptuando las altas.<br>Esta divisi\u00f3n clasista genera individuos, no genera colectividad. Lo que podr\u00eda hacerlo es la universalizaci\u00f3n del acceso a la salud.<br>El individualismo se fortalece en las clases con menores recursos porque el Estado neoliberal complementa lo subsidiario focalizando recursos hacia aquellas personas de menores ingresos, mediante diversos programas que abarcan la vida cotidiana en sus distintos aspectos.<br>As\u00ed, la focalizaci\u00f3n \u201celige\u201d a las personas tomando en cuenta diferentes requisitos, aparte de sus ingresos, los que determinan un puntaje que les posibilita, o no, ser beneficiados por un subsidio.<br>Esto genera segregaci\u00f3n e individualismo, e incluso desconcierto entre las personas, pues puede ocurrir que s\u00f3lo por un punto se deje fuera a alguien que tiene las mismas condiciones de existencia que otra que s\u00ed es elegida.<br>\u00a0Este individualismo establecido por la focalizaci\u00f3n conlleva o genera una mentalidad de competencia.<br>\u00bfQu\u00e9 debo hacer para acceder al programa? Como otrora con la implementaci\u00f3n de la ficha CAS (Comit\u00e9 de Asistencia Social), ante la visita del funcionario del Estado, las personas literalmente escond\u00edan sus electrodom\u00e9sticos porque les generaban puntaje en contra y no alcanzaban el subsidio.<br>La reacci\u00f3n de los individuos se podr\u00eda calificar como conformista. O sea, no hab\u00eda un cuestionamiento frente lo estructural que les afectaba, pero s\u00ed hac\u00edan \u201ctrampas\u201d para lograr sus beneficios. Y puede haber otra parte, distinta de las anteriores qu\u00e9 si entiende lo estructural pero no encuentra los caminos necesarios para cambiarlo. Estos pueden ser quienes estuvieron en la Rebeli\u00f3n Social de Octubre 2019.<br>La mentalidad de una parte de la poblaci\u00f3n chilena cambi\u00f3 radicalmente con el golpe de estado y la privatizaci\u00f3n de las condiciones de existencia.<br>En primer t\u00e9rmino, obviamente, debido a los horrores cometidos por la dictadura, lo que se tradujo en miedo, temor, a lo que vino a agregarse, con el proceso de privatizaciones, un estado de incertidumbre que a\u00fan persiste: \u00bfTendr\u00e9 dinero para salud y educaci\u00f3n, para jubilarme y poder vivir con esa pensi\u00f3n?<br>\u00a0Los medios de comunicaci\u00f3n incrementan esta percepci\u00f3n de ser vulnerables y expuestos a la pobreza.<br>Sin embargo, en muchas personas, el miedo y la incertidumbre, provocan una mentalidad conformista en relaci\u00f3n a lo institucionalmente establecido.<br>Parad\u00f3jicamente, ese conformismo las empuja a buscar formas de potenciarlo mediante la obtenci\u00f3n de subsidios que el sistema ofrece para mantener un cierto nivel de vida cotidiana y que puede expresarse en una mentalidad acorde con la idea de \u201csalvarse dentro del sistema\u201d.<br>&#8212;&#8212;&#8212;&#8212;&#8212;&#8212;&#8212;&#8212;-<br>Fin de la primera parte.<br><br><\/p>\n","protected":false},"excerpt":{"rendered":"<div class=\"mh-excerpt\"><p>LA PRIVATIZACI\u00d3N DE LAS INSTITUCIONES Y SU MARCA INDELEBLE EN LA VIDA DE LOS CHILENOS Por Pedro Marcial VegaPrimera parte La vida cotidiana de los <a class=\"mh-excerpt-more\" href=\"https:\/\/lekahuin.com\/?p=11881\" title=\"Chile &#8211; Instituciones &#8211; I\">[&#8230;]<\/a><\/p>\n<\/div>","protected":false},"author":211878710,"featured_media":0,"comment_status":"open","ping_status":"open","sticky":false,"template":"","format":"standard","meta":{"_coblocks_attr":"","_coblocks_dimensions":"","_coblocks_responsive_height":"","_coblocks_accordion_ie_support":"","_crdt_document":"","advanced_seo_description":"","jetpack_seo_html_title":"","jetpack_seo_noindex":false,"_jetpack_newsletter_access":"","_jetpack_dont_email_post_to_subs":false,"_jetpack_newsletter_tier_id":0,"_jetpack_memberships_contains_paywalled_content":false,"_jetpack_memberships_contains_paid_content":false,"footnotes":"","jetpack_post_was_ever_published":false},"categories":[55294247],"tags":[],"class_list":["post-11881","post","type-post","status-publish","format-standard","hentry","category-chile"],"jetpack_featured_media_url":"","jetpack_likes_enabled":true,"jetpack_sharing_enabled":true,"jetpack_shortlink":"https:\/\/wp.me\/pdoWOp-35D","jetpack-related-posts":[{"id":5432,"url":"https:\/\/lekahuin.com\/?p=5432","url_meta":{"origin":11881,"position":0},"title":"Chile &#8211; 21 de mayo","author":"Le Kahuin","date":"26 mai 2023","format":false,"excerpt":"CUATRO MARINOS CONMEMORAN EN IQUIQUE LAS GLORIAS NAVALES:NO LAS DE PRAT, SINO LAS DE LAS TORTURAS Y ASESINATOS DE 1973 El s\u00e1bado 19 de mayo pasado en Iquique, cuatro marinos que, sin duda quer\u00edan celebrar las glorias de la Armada, no las de Arturo Prat, sino las de 1973, las\u2026","rel":"","context":"Dans &quot;Non class\u00e9&quot;","block_context":{"text":"Non class\u00e9","link":"https:\/\/lekahuin.com\/?cat=6325"},"img":{"alt_text":"","src":"","width":0,"height":0},"classes":[]},{"id":15936,"url":"https:\/\/lekahuin.com\/?p=15936","url_meta":{"origin":11881,"position":1},"title":"Chile &#8211; \u00a1 El Mercurio miente !","author":"Le Kahuin","date":"30 janvier 2026","format":false,"excerpt":"EL MERCURIO, UNA VEZ MAS PUESTO EN EVIDENCIA\u00a0POR SUS MENTIRAS Una declaraci\u00f3n en la que una vez \u00a0m\u00e1s se deja en evidencia el m\u00e9todo de la mentira que es el \u00a0del diario El Mercurio, hizo p\u00fablica la Fundaci\u00f3n de Documentaci\u00f3n y Archivo de la Vicar\u00eda de la solidaridad del Arzobispado\u2026","rel":"","context":"Dans &quot;CHILE&quot;","block_context":{"text":"CHILE","link":"https:\/\/lekahuin.com\/?cat=55294247"},"img":{"alt_text":"","src":"https:\/\/i0.wp.com\/lekahuin.com\/wp-content\/uploads\/2026\/01\/el-mercurio-miente-1800x-1.jpg?resize=350%2C200&ssl=1","width":350,"height":200,"srcset":"https:\/\/i0.wp.com\/lekahuin.com\/wp-content\/uploads\/2026\/01\/el-mercurio-miente-1800x-1.jpg?resize=350%2C200&ssl=1 1x, https:\/\/i0.wp.com\/lekahuin.com\/wp-content\/uploads\/2026\/01\/el-mercurio-miente-1800x-1.jpg?resize=525%2C300&ssl=1 1.5x"},"classes":[]},{"id":14141,"url":"https:\/\/lekahuin.com\/?p=14141","url_meta":{"origin":11881,"position":2},"title":"Chile &#8211; Historia para los m\u00e1s j\u00f3venes &#8211; I","author":"Le Kahuin","date":"26 ao\u00fbt 2025","format":false,"excerpt":"LOS A\u00d1OS 60, UNA EPOCA PR\u00d3LOGODE GRANDES CAMBIOS EN CHILE Y EL MUNDO En esta serie escrita por nuestro compa\u00f1ero Pedro Marcial Vega, este nos muestra su visi\u00f3n historia de los grandes acontecimientos que fueron modelando el momento actual, la que entregaremos en cap\u00edtulos en nuestros pr\u00f3ximos n\u00fameros.-----------------------------------En los a\u00f1os\u2026","rel":"","context":"Dans &quot;CHILE&quot;","block_context":{"text":"CHILE","link":"https:\/\/lekahuin.com\/?cat=55294247"},"img":{"alt_text":"","src":"https:\/\/i0.wp.com\/lekahuin.com\/wp-content\/uploads\/2025\/08\/portada_coleccion.webp?resize=350%2C200&ssl=1","width":350,"height":200,"srcset":"https:\/\/i0.wp.com\/lekahuin.com\/wp-content\/uploads\/2025\/08\/portada_coleccion.webp?resize=350%2C200&ssl=1 1x, https:\/\/i0.wp.com\/lekahuin.com\/wp-content\/uploads\/2025\/08\/portada_coleccion.webp?resize=525%2C300&ssl=1 1.5x"},"classes":[]},{"id":9893,"url":"https:\/\/lekahuin.com\/?p=9893","url_meta":{"origin":11881,"position":3},"title":"Chile &#8211; Opini\u00f3n &#8211; Mujeres","author":"Le Kahuin","date":"24 mai 2024","format":false,"excerpt":"LAS MUJERES: UNA VEZ M\u00c1S EJEMPLO DE FUERZA Y VALOR por Fernando Fern\u00e1ndez Flores Madres de conscriptos La muerte en el norte de Chile del conscripto Franco Vargas, la mutilaci\u00f3n de otro, m\u00e1s otros 40 afectados en su salud, son casos que podr\u00edan haber pasado casi inadvertidos de no ser\u2026","rel":"","context":"Dans &quot;CHILE&quot;","block_context":{"text":"CHILE","link":"https:\/\/lekahuin.com\/?cat=55294247"},"img":{"alt_text":"","src":"https:\/\/i0.wp.com\/lekahuin.com\/wp-content\/uploads\/2024\/05\/Madre-conscripto-1.png?resize=350%2C200&ssl=1","width":350,"height":200,"srcset":"https:\/\/i0.wp.com\/lekahuin.com\/wp-content\/uploads\/2024\/05\/Madre-conscripto-1.png?resize=350%2C200&ssl=1 1x, https:\/\/i0.wp.com\/lekahuin.com\/wp-content\/uploads\/2024\/05\/Madre-conscripto-1.png?resize=525%2C300&ssl=1 1.5x"},"classes":[]},{"id":9914,"url":"https:\/\/lekahuin.com\/?p=9914","url_meta":{"origin":11881,"position":4},"title":"Chile &#8211; Memoria &#8211; 21 de Mayo","author":"Le Kahuin","date":"24 mai 2024","format":false,"excerpt":"EL 21 DE MAYO, ORGANIZACIONES DE DDHH RECUERDANEN VALPARA\u00cdSO LAS OTRAS \u201cGLORIAS NAVALES\u201d Fuente: El Clarin. Desde Valpara\u00edso: Guillermo Correa Camiroaga. El tiempo pasa, pero afortunadamente existen a\u00fan los guardianes de la memoria, como los que el pasado 21 de mayo, durante la ceremonia en honor a las \u201cGlorias Navales\u201d,\u2026","rel":"","context":"Dans &quot;CHILE&quot;","block_context":{"text":"CHILE","link":"https:\/\/lekahuin.com\/?cat=55294247"},"img":{"alt_text":"","src":"https:\/\/i0.wp.com\/lekahuin.com\/wp-content\/uploads\/2024\/05\/21-mayo-03.webp?resize=350%2C200&ssl=1","width":350,"height":200,"srcset":"https:\/\/i0.wp.com\/lekahuin.com\/wp-content\/uploads\/2024\/05\/21-mayo-03.webp?resize=350%2C200&ssl=1 1x, https:\/\/i0.wp.com\/lekahuin.com\/wp-content\/uploads\/2024\/05\/21-mayo-03.webp?resize=525%2C300&ssl=1 1.5x, https:\/\/i0.wp.com\/lekahuin.com\/wp-content\/uploads\/2024\/05\/21-mayo-03.webp?resize=700%2C400&ssl=1 2x, https:\/\/i0.wp.com\/lekahuin.com\/wp-content\/uploads\/2024\/05\/21-mayo-03.webp?resize=1050%2C600&ssl=1 3x"},"classes":[]},{"id":3455,"url":"https:\/\/lekahuin.com\/?p=3455","url_meta":{"origin":11881,"position":5},"title":"Chile","author":"Le Kahuin","date":"21 d\u00e9cembre 2022","format":false,"excerpt":"PONER AL PERRO A CUIDAR LONGANIZAS \u00a0(1\u00aa parte) \u201cPoderoso se\u00f1or es Don Dinero\u201d \u00a0\u00a0\u00a0\u00a0\u00a0\u00a0\u00a0\u00a0Francisco de Quevedo (1580-1645) por Sergio Zamora Si hay un consenso a nivel de los organismos internacionales, como las Naciones Unidas, la Unesco, o las ONG como Amnesty International, es el de la preocupaci\u00f3n por uno de\u2026","rel":"","context":"Dans &quot;Non class\u00e9&quot;","block_context":{"text":"Non class\u00e9","link":"https:\/\/lekahuin.com\/?cat=6325"},"img":{"alt_text":"","src":"https:\/\/i0.wp.com\/lekahuin.com\/wp-content\/uploads\/2022\/12\/Fotos-milicos-corrptos.jpg?resize=350%2C200&ssl=1","width":350,"height":200,"srcset":"https:\/\/i0.wp.com\/lekahuin.com\/wp-content\/uploads\/2022\/12\/Fotos-milicos-corrptos.jpg?resize=350%2C200&ssl=1 1x, https:\/\/i0.wp.com\/lekahuin.com\/wp-content\/uploads\/2022\/12\/Fotos-milicos-corrptos.jpg?resize=525%2C300&ssl=1 1.5x, https:\/\/i0.wp.com\/lekahuin.com\/wp-content\/uploads\/2022\/12\/Fotos-milicos-corrptos.jpg?resize=700%2C400&ssl=1 2x"},"classes":[]}],"_links":{"self":[{"href":"https:\/\/lekahuin.com\/index.php?rest_route=\/wp\/v2\/posts\/11881","targetHints":{"allow":["GET"]}}],"collection":[{"href":"https:\/\/lekahuin.com\/index.php?rest_route=\/wp\/v2\/posts"}],"about":[{"href":"https:\/\/lekahuin.com\/index.php?rest_route=\/wp\/v2\/types\/post"}],"author":[{"embeddable":true,"href":"https:\/\/lekahuin.com\/index.php?rest_route=\/wp\/v2\/users\/211878710"}],"replies":[{"embeddable":true,"href":"https:\/\/lekahuin.com\/index.php?rest_route=%2Fwp%2Fv2%2Fcomments&post=11881"}],"version-history":[{"count":6,"href":"https:\/\/lekahuin.com\/index.php?rest_route=\/wp\/v2\/posts\/11881\/revisions"}],"predecessor-version":[{"id":11889,"href":"https:\/\/lekahuin.com\/index.php?rest_route=\/wp\/v2\/posts\/11881\/revisions\/11889"}],"wp:attachment":[{"href":"https:\/\/lekahuin.com\/index.php?rest_route=%2Fwp%2Fv2%2Fmedia&parent=11881"}],"wp:term":[{"taxonomy":"category","embeddable":true,"href":"https:\/\/lekahuin.com\/index.php?rest_route=%2Fwp%2Fv2%2Fcategories&post=11881"},{"taxonomy":"post_tag","embeddable":true,"href":"https:\/\/lekahuin.com\/index.php?rest_route=%2Fwp%2Fv2%2Ftags&post=11881"}],"curies":[{"name":"wp","href":"https:\/\/api.w.org\/{rel}","templated":true}]}}