{"id":11970,"date":"2024-12-22T23:01:21","date_gmt":"2024-12-22T22:01:21","guid":{"rendered":"https:\/\/lekahuin.com\/?p=11970"},"modified":"2025-01-05T16:45:40","modified_gmt":"2025-01-05T15:45:40","slug":"chile-pcch-siria","status":"publish","type":"post","link":"https:\/\/lekahuin.com\/?p=11970","title":{"rendered":"Chile &#8211; PCCH -Siria"},"content":{"rendered":"\n<h2 class=\"wp-block-heading has-text-align-center\"><strong>EL PARTIDO COMUNISTA CHILENO Y LA CAIDA DE BASHAR AL-ASSAD<\/strong><\/h2>\n\n\n\n<div class=\"wp-block-columns is-layout-flex wp-container-core-columns-is-layout-8aa3364d wp-block-columns-is-layout-flex\" style=\"padding-top:2.5rem;padding-right:2.5rem;padding-bottom:2.5rem;padding-left:2.5rem\">\n<div class=\"wp-block-column is-layout-flow wp-block-column-is-layout-flow\" style=\"flex-basis:100%\"><\/div>\n<\/div>\n\n\n\n<p class=\"has-text-align-center wp-block-paragraph\"><strong>Por Claudio Jedlicki<\/strong><\/p>\n\n\n<div class=\"wp-block-image\">\n<figure class=\"aligncenter size-full\"><img data-recalc-dims=\"1\" fetchpriority=\"high\" decoding=\"async\" width=\"586\" height=\"490\" data-attachment-id=\"11981\" data-permalink=\"https:\/\/lekahuin.com\/?attachment_id=11981\" data-orig-file=\"https:\/\/i0.wp.com\/lekahuin.com\/wp-content\/uploads\/2024\/12\/PC-Chile-1.jpg?fit=586%2C490&amp;ssl=1\" data-orig-size=\"586,490\" data-comments-opened=\"1\" data-image-meta=\"{&quot;aperture&quot;:&quot;0&quot;,&quot;credit&quot;:&quot;&quot;,&quot;camera&quot;:&quot;&quot;,&quot;caption&quot;:&quot;&quot;,&quot;created_timestamp&quot;:&quot;0&quot;,&quot;copyright&quot;:&quot;&quot;,&quot;focal_length&quot;:&quot;0&quot;,&quot;iso&quot;:&quot;0&quot;,&quot;shutter_speed&quot;:&quot;0&quot;,&quot;title&quot;:&quot;&quot;,&quot;orientation&quot;:&quot;0&quot;}\" data-image-title=\"PC Chile\" data-image-description=\"\" data-image-caption=\"\" data-large-file=\"https:\/\/i0.wp.com\/lekahuin.com\/wp-content\/uploads\/2024\/12\/PC-Chile-1.jpg?fit=586%2C490&amp;ssl=1\" src=\"https:\/\/i0.wp.com\/lekahuin.com\/wp-content\/uploads\/2024\/12\/PC-Chile-1.jpg?resize=586%2C490&#038;ssl=1\" alt=\"\" class=\"wp-image-11981\" srcset=\"https:\/\/i0.wp.com\/lekahuin.com\/wp-content\/uploads\/2024\/12\/PC-Chile-1.jpg?w=586&amp;ssl=1 586w, https:\/\/i0.wp.com\/lekahuin.com\/wp-content\/uploads\/2024\/12\/PC-Chile-1.jpg?resize=300%2C251&amp;ssl=1 300w, https:\/\/i0.wp.com\/lekahuin.com\/wp-content\/uploads\/2024\/12\/PC-Chile-1.jpg?resize=150%2C125&amp;ssl=1 150w\" sizes=\"(max-width: 586px) 100vw, 586px\" \/><\/figure>\n<\/div>\n\n\n<p class=\"has-text-align-justify wp-block-paragraph\">\u00bfQu\u00e9 bicho pic\u00f3 al Comit\u00e9 Central del Partido Comunista Chileno (PCCH) para declarar el 8 de diciembre pasado entre otras cosas que <strong>\u201ccondena la irrupci\u00f3n militar de la organizaci\u00f3n terrorista Hayat Tahrir al Cham, que derroc\u00f3 mediante un golpe de Estado al gobierno del Presidente Bashar al&nbsp; Assa<\/strong>d\u201d?<br>&nbsp;El comunicado se termina <strong><em>por \u201cReafirmamos nuestra condena ante este nuevo crimen masivo, de car\u00e1cter expansivo y que pone en peligro la paz en toda la regi\u00f3n y el mundo. Nadie que defienda la vida y la dignidad humana puede permanecer al margen de su condena\u201d<br><\/em><\/strong>El PCCH no puede ignorar que Assad es un asesino que ha gobernado Siria eximi\u00e9ndose de la m\u00e1s elemental forma de democracia por casi un cuarto de siglo, coleccionando las ejecuciones, las torturas, las desapariciones y otras acciones de este tipo que desgraciadamente el pueblo chileno tambi\u00e9n conoci\u00f3.<br>Si se nos antojara buscar diferencias entre ambas dictaduras, la no menos escamoteable, ser\u00eda respecto al n\u00famero de v\u00edctimas: las de Assad muy por encima de las de Pinochet, 25 veces m\u00e1s.<br>Excluimos de esta contabilidad macabra, los varios miles de muertos de la guerra civil producto de bombardeos de ciudades a diestra y siniestra con armas qu\u00edmicas o convencionales.<br>No evocamos tampoco los otros tantos miles de cr\u00edmenes cometidos por su padre H\u00e1fez del que Bashar hered\u00f3 el poder como pr\u00edncipe en una monarqu\u00eda cualquiera.<br>No lamentarse de la fuga del dictador no implica regocijarse de los que vienen en substituto.<br>Al contrario, por lo que sabemos hay de que inquietarse. Sin embargo, es innegable que el pueblo sirio los acogi\u00f3 como libertadores y que por otra parte hasta aqu\u00ed han procedido con cautela y desprovistos de sectarismo.<br>Los prisioneros pol\u00edticos aun vivos fueron puestos en libertad sin discriminaci\u00f3n de sus etiquetas. Tambi\u00e9n hasta aqu\u00ed se han tenido a distancia en cuanto a imponer la ley isl\u00e1mica (Sharia ) y m\u00e1s bien han enviado signos en sentido contrario.<br>De todos modos, una gran vigilancia se impone, en particular respecto al estatuto de la mujer y la autonom\u00eda del pueblo kurdo. Sobre todo, no hay dejarse a llevar por algunos gestos iniciales que podr\u00edan solamente obedecer a la adopci\u00f3n de una t\u00e1ctica pasajera.<br>\u00bfComo diablos entonces despu\u00e9s de un tal prontuario de la dictadura siria y con las precauciones que se imponen sobre los que la derrocaron, comprender la posici\u00f3n del PCCH?<br>No se nos ocurre nada otro que la banal inclinaci\u00f3n campista del PCCH desde el desmoronamiento de la Uni\u00f3n Sovi\u00e9tica. Cierto que siete decenios bajo la tutela, ideol\u00f3gica y financiera del PC sovi\u00e9tico marcan durablemente.<br>Pero \u00bfC\u00f3mo no desprenderse de esta despu\u00e9s de que muchos de sus dirigentes y en particular los de su aparato policiaco represivo, el KGB, se apoderaran del aparato estatal y de buena parte de las riquezas del pa\u00eds?&nbsp;<br>M\u00e1s aun, ampar\u00e1ndose en un sistema que luego de enterrar el socialismo, se basa en la propiedad privada de las fuentes y medios de producci\u00f3n. Propiedad privada mal habida que nos recuerda las reprivatizaciones de la dictadura pinochetista.<br>He aqu\u00ed el &nbsp;campismo que se traduce por la tendencia a alinearse pol\u00edticamente con uno, de dos campos imperialistas que se confrontan.<br>De esta manera el PCCH, apoya a Rusia en cuanto conflicto en que se involucre, directa (Ucrania) o indirectamente (Siria de los Al Assad) contra los EEUU o m\u00e1s generalmente Occidente.<br>Esta posici\u00f3n nos parece tan absurda como deschavetada. Lo que nos cabe como militantes del progreso, de la igualdad, de la justicia social, de la libertad, del respeto del medio ambiente y de la preservaci\u00f3n del planeta para las generaciones que vienen, es de alinearnos con estos valores y con nada m\u00e1s.<br>Menos a\u00fan con imperios o bloques que circunstancialmente evolucionan en funci\u00f3n de sus propios intereses expansionistas.<br>Sabemos que no todos los militantes del PCCH adhieren a su posicionamiento actual, es hora de que le cambien el rumbo errado en el que este est\u00e1 enredando.<br><br><\/p>\n","protected":false},"excerpt":{"rendered":"<div class=\"mh-excerpt\"><p>EL PARTIDO COMUNISTA CHILENO Y LA CAIDA DE BASHAR AL-ASSAD Por Claudio Jedlicki \u00bfQu\u00e9 bicho pic\u00f3 al Comit\u00e9 Central del Partido Comunista Chileno (PCCH) para <a class=\"mh-excerpt-more\" href=\"https:\/\/lekahuin.com\/?p=11970\" title=\"Chile &#8211; PCCH -Siria\">[&#8230;]<\/a><\/p>\n<\/div>","protected":false},"author":211878710,"featured_media":0,"comment_status":"open","ping_status":"open","sticky":false,"template":"","format":"standard","meta":{"_coblocks_attr":"","_coblocks_dimensions":"","_coblocks_responsive_height":"","_coblocks_accordion_ie_support":"","_crdt_document":"","advanced_seo_description":"","jetpack_seo_html_title":"","jetpack_seo_noindex":false,"_jetpack_newsletter_access":"","_jetpack_dont_email_post_to_subs":false,"_jetpack_newsletter_tier_id":0,"_jetpack_memberships_contains_paywalled_content":false,"_jetpack_memberships_contains_paid_content":false,"footnotes":"","jetpack_post_was_ever_published":false},"categories":[55294247],"tags":[],"class_list":["post-11970","post","type-post","status-publish","format-standard","hentry","category-chile"],"jetpack_featured_media_url":"","jetpack_likes_enabled":true,"jetpack_sharing_enabled":true,"jetpack_shortlink":"https:\/\/wp.me\/pdoWOp-374","jetpack-related-posts":[{"id":12689,"url":"https:\/\/lekahuin.com\/?p=12689","url_meta":{"origin":11970,"position":0},"title":"Internacional &#8211; Siria","author":"Le Kahuin","date":"23 mars 2025","format":false,"excerpt":"EN SIRIA, EL NUEVO R\u00c9GIMEN CONFRONTADO AL PELIGRO DE UNA NUEVA GUERRA CIVIL Escaladas de violencia en Siria. Nuevos enfrentamientos entre tropas del actual gobierno y partidarios del regimen de Bashar al Assad Foto: Firas Makdesi (Reuters) Tres meses despu\u00e9s de la ca\u00edda del r\u00e9gimen de Bashar al Assad, con\u2026","rel":"","context":"Dans &quot;INTERNACIONAL&quot;","block_context":{"text":"INTERNACIONAL","link":"https:\/\/lekahuin.com\/?cat=55294248"},"img":{"alt_text":"","src":"https:\/\/i0.wp.com\/lekahuin.com\/wp-content\/uploads\/2025\/03\/siria-conflictos-internos-Firas-Makdesi-Reuters.jpg?resize=350%2C200&ssl=1","width":350,"height":200,"srcset":"https:\/\/i0.wp.com\/lekahuin.com\/wp-content\/uploads\/2025\/03\/siria-conflictos-internos-Firas-Makdesi-Reuters.jpg?resize=350%2C200&ssl=1 1x, https:\/\/i0.wp.com\/lekahuin.com\/wp-content\/uploads\/2025\/03\/siria-conflictos-internos-Firas-Makdesi-Reuters.jpg?resize=525%2C300&ssl=1 1.5x, https:\/\/i0.wp.com\/lekahuin.com\/wp-content\/uploads\/2025\/03\/siria-conflictos-internos-Firas-Makdesi-Reuters.jpg?resize=700%2C400&ssl=1 2x, https:\/\/i0.wp.com\/lekahuin.com\/wp-content\/uploads\/2025\/03\/siria-conflictos-internos-Firas-Makdesi-Reuters.jpg?resize=1050%2C600&ssl=1 3x"},"classes":[]},{"id":11932,"url":"https:\/\/lekahuin.com\/?p=11932","url_meta":{"origin":11970,"position":1},"title":"Internacional &#8211; Siria","author":"Le Kahuin","date":"22 d\u00e9cembre 2024","format":false,"excerpt":"LA GRAN INTERROGANTE: \u00bfCUAL SER\u00c1 LA ORIENTACI\u00d3N DEL NUEVO PODER DESPU\u00c9S DE LA CA\u00cdDA DE BASHAR AL-ASSAD? Tropas sirias \"rebeldes\" atacando Alepo. Luego de la ca\u00edda del r\u00e9gimen de Bashar Al-Assad y las esperanzas y decepciones de miles de sirios que buscan a seres queridos, detenidos y desaparecidos, persiste ahora\u2026","rel":"","context":"Dans &quot;INTERNACIONAL&quot;","block_context":{"text":"INTERNACIONAL","link":"https:\/\/lekahuin.com\/?cat=55294248"},"img":{"alt_text":"","src":"https:\/\/i0.wp.com\/lekahuin.com\/wp-content\/uploads\/2024\/12\/siria-ataque-rebelde-a-Alepo-1.webp?resize=350%2C200&ssl=1","width":350,"height":200,"srcset":"https:\/\/i0.wp.com\/lekahuin.com\/wp-content\/uploads\/2024\/12\/siria-ataque-rebelde-a-Alepo-1.webp?resize=350%2C200&ssl=1 1x, https:\/\/i0.wp.com\/lekahuin.com\/wp-content\/uploads\/2024\/12\/siria-ataque-rebelde-a-Alepo-1.webp?resize=525%2C300&ssl=1 1.5x, https:\/\/i0.wp.com\/lekahuin.com\/wp-content\/uploads\/2024\/12\/siria-ataque-rebelde-a-Alepo-1.webp?resize=700%2C400&ssl=1 2x, https:\/\/i0.wp.com\/lekahuin.com\/wp-content\/uploads\/2024\/12\/siria-ataque-rebelde-a-Alepo-1.webp?resize=1050%2C600&ssl=1 3x"},"classes":[]},{"id":3390,"url":"https:\/\/lekahuin.com\/?p=3390","url_meta":{"origin":11970,"position":2},"title":"Ca\u00edda de Karol Cariola","author":"Le Kahuin","date":"17 d\u00e9cembre 2022","format":false,"excerpt":"CAIDA EN PLENO VUELO DE KAROL CARIOLA. PARTIDOS FIRMANTES NO RESPETARON EL ACUERDO PARA QUE FUESE PRESIDENTA DE LA CAMARA DE DIPUTADOS Despu\u00e9s de varias semanas de descalificaciones, incertitudes, dudas y cuestionamientos, la diputada comunista Karol Cariola,\u00a0finalmente,\u00a0no presidir\u00e1 la C\u00e1mara de Diputadas y Diputados por los pr\u00f3ximos ocho meses.En un\u2026","rel":"","context":"Dans &quot;Non class\u00e9&quot;","block_context":{"text":"Non class\u00e9","link":"https:\/\/lekahuin.com\/?cat=6325"},"img":{"alt_text":"","src":"https:\/\/i0.wp.com\/lekahuin.com\/wp-content\/uploads\/2022\/12\/Karol.jpg?resize=350%2C200&ssl=1","width":350,"height":200},"classes":[]},{"id":11936,"url":"https:\/\/lekahuin.com\/?p=11936","url_meta":{"origin":11970,"position":3},"title":"Editorial","author":"Le Kahuin","date":"22 d\u00e9cembre 2024","format":false,"excerpt":"LOS BUENOS Y LOS MALOS La ca\u00edda de la dinast\u00eda Al-Assad en Siria nos ponen una vez m\u00e1s ante la dif\u00edcil obligaci\u00f3n de reunir el m\u00e1ximo de elementos que nos permitan sacar conclusiones y definir nuestra posici\u00f3n, \u00fanica y exclusivamente, sobre una base que no puede ser otra que la\u2026","rel":"","context":"Dans &quot;EDITORIAL&quot;","block_context":{"text":"EDITORIAL","link":"https:\/\/lekahuin.com\/?cat=55294250"},"img":{"alt_text":"","src":"","width":0,"height":0},"classes":[]},{"id":13911,"url":"https:\/\/lekahuin.com\/?p=13911","url_meta":{"origin":11970,"position":4},"title":"Internacional &#8211; Israel &#8211; Siria","author":"Le Kahuin","date":"25 juillet 2025","format":false,"excerpt":"PARA DESVIAR LA ATENCI\u00d3N SOBRE GAZA Y LA DERROTA FRENTE A IR\u00c1N,\u00a0ISRAEL LANZA NUEVA ESCALADA B\u00c9LICA, AHORA CONTRA SIRIA. 19-07-2025 Vid\u00e9os circulant sur les r\u00e9seaux montrent un bombardement intense sur Damas Con el pretexto de proteger a la minor\u00eda drusa en Siria, a mediados de julio, Israel lanz\u00f3 repetidos ataques\u2026","rel":"","context":"Dans &quot;INTERNACIONAL&quot;","block_context":{"text":"INTERNACIONAL","link":"https:\/\/lekahuin.com\/?cat=55294248"},"img":{"alt_text":"","src":"https:\/\/i0.wp.com\/lekahuin.com\/wp-content\/uploads\/2025\/07\/israel-siria-ataque-16jul-848x477-1.webp?resize=350%2C200&ssl=1","width":350,"height":200,"srcset":"https:\/\/i0.wp.com\/lekahuin.com\/wp-content\/uploads\/2025\/07\/israel-siria-ataque-16jul-848x477-1.webp?resize=350%2C200&ssl=1 1x, https:\/\/i0.wp.com\/lekahuin.com\/wp-content\/uploads\/2025\/07\/israel-siria-ataque-16jul-848x477-1.webp?resize=525%2C300&ssl=1 1.5x, https:\/\/i0.wp.com\/lekahuin.com\/wp-content\/uploads\/2025\/07\/israel-siria-ataque-16jul-848x477-1.webp?resize=700%2C400&ssl=1 2x"},"classes":[]},{"id":10440,"url":"https:\/\/lekahuin.com\/?p=10440","url_meta":{"origin":11970,"position":5},"title":"Chile &#8211; Extrema derecha","author":"Le Kahuin","date":"24 juillet 2024","format":false,"excerpt":"LA SUBIDA DE LA EXTREMA DERECHA: ALGUNAS CONVERGENCIAS Y DIVERGENCIAS ENTRE CHILE Y FRANCIA (1era parte) por Claudio Jedlicki Como pre\u00e1mbulo para iniciar esta mirada comparativa entre el desarrollo pol\u00edtico de ambos pa\u00edses, comenzaremos recordando que en los a\u00f1os 1930, ambas naciones vieron la llegada al gobierno de una alianza\u2026","rel":"","context":"Dans &quot;CHILE&quot;","block_context":{"text":"CHILE","link":"https:\/\/lekahuin.com\/?cat=55294247"},"img":{"alt_text":"","src":"https:\/\/i0.wp.com\/lekahuin.com\/wp-content\/uploads\/2024\/07\/ultraderecha-chile-2023-el-siglo.png?resize=350%2C200&ssl=1","width":350,"height":200,"srcset":"https:\/\/i0.wp.com\/lekahuin.com\/wp-content\/uploads\/2024\/07\/ultraderecha-chile-2023-el-siglo.png?resize=350%2C200&ssl=1 1x, https:\/\/i0.wp.com\/lekahuin.com\/wp-content\/uploads\/2024\/07\/ultraderecha-chile-2023-el-siglo.png?resize=525%2C300&ssl=1 1.5x, https:\/\/i0.wp.com\/lekahuin.com\/wp-content\/uploads\/2024\/07\/ultraderecha-chile-2023-el-siglo.png?resize=700%2C400&ssl=1 2x"},"classes":[]}],"_links":{"self":[{"href":"https:\/\/lekahuin.com\/index.php?rest_route=\/wp\/v2\/posts\/11970","targetHints":{"allow":["GET"]}}],"collection":[{"href":"https:\/\/lekahuin.com\/index.php?rest_route=\/wp\/v2\/posts"}],"about":[{"href":"https:\/\/lekahuin.com\/index.php?rest_route=\/wp\/v2\/types\/post"}],"author":[{"embeddable":true,"href":"https:\/\/lekahuin.com\/index.php?rest_route=\/wp\/v2\/users\/211878710"}],"replies":[{"embeddable":true,"href":"https:\/\/lekahuin.com\/index.php?rest_route=%2Fwp%2Fv2%2Fcomments&post=11970"}],"version-history":[{"count":9,"href":"https:\/\/lekahuin.com\/index.php?rest_route=\/wp\/v2\/posts\/11970\/revisions"}],"predecessor-version":[{"id":12018,"href":"https:\/\/lekahuin.com\/index.php?rest_route=\/wp\/v2\/posts\/11970\/revisions\/12018"}],"wp:attachment":[{"href":"https:\/\/lekahuin.com\/index.php?rest_route=%2Fwp%2Fv2%2Fmedia&parent=11970"}],"wp:term":[{"taxonomy":"category","embeddable":true,"href":"https:\/\/lekahuin.com\/index.php?rest_route=%2Fwp%2Fv2%2Fcategories&post=11970"},{"taxonomy":"post_tag","embeddable":true,"href":"https:\/\/lekahuin.com\/index.php?rest_route=%2Fwp%2Fv2%2Ftags&post=11970"}],"curies":[{"name":"wp","href":"https:\/\/api.w.org\/{rel}","templated":true}]}}