{"id":12041,"date":"2025-01-24T12:31:39","date_gmt":"2025-01-24T11:31:39","guid":{"rendered":"https:\/\/lekahuin.com\/?p=12041"},"modified":"2025-01-27T09:16:31","modified_gmt":"2025-01-27T08:16:31","slug":"argentina-milei","status":"publish","type":"post","link":"https:\/\/lekahuin.com\/?p=12041","title":{"rendered":"Argentina &#8211; Milei"},"content":{"rendered":"\n<h2 class=\"wp-block-heading has-text-align-center\"><strong>UN A\u00d1O DE GOBIERNO DE MILEI, UN A\u00d1O DE M\u00c1S\u2026<\/strong><\/h2>\n\n\n\n<p class=\"has-text-align-center wp-block-paragraph\"><strong>Por Claudio Jedlicki<\/strong><\/p>\n\n\n<div class=\"wp-block-image\">\n<figure class=\"aligncenter size-full\"><img data-recalc-dims=\"1\" fetchpriority=\"high\" decoding=\"async\" width=\"609\" height=\"321\" data-attachment-id=\"12115\" data-permalink=\"https:\/\/lekahuin.com\/?attachment_id=12115\" data-orig-file=\"https:\/\/i0.wp.com\/lekahuin.com\/wp-content\/uploads\/2025\/01\/trio-Capture.png?fit=609%2C321&amp;ssl=1\" data-orig-size=\"609,321\" data-comments-opened=\"1\" data-image-meta=\"{&quot;aperture&quot;:&quot;0&quot;,&quot;credit&quot;:&quot;&quot;,&quot;camera&quot;:&quot;&quot;,&quot;caption&quot;:&quot;&quot;,&quot;created_timestamp&quot;:&quot;0&quot;,&quot;copyright&quot;:&quot;&quot;,&quot;focal_length&quot;:&quot;0&quot;,&quot;iso&quot;:&quot;0&quot;,&quot;shutter_speed&quot;:&quot;0&quot;,&quot;title&quot;:&quot;&quot;,&quot;orientation&quot;:&quot;0&quot;}\" data-image-title=\"trio &amp;#8211; Capture\" data-image-description=\"\" data-image-caption=\"\" data-large-file=\"https:\/\/i0.wp.com\/lekahuin.com\/wp-content\/uploads\/2025\/01\/trio-Capture.png?fit=609%2C321&amp;ssl=1\" src=\"https:\/\/i0.wp.com\/lekahuin.com\/wp-content\/uploads\/2025\/01\/trio-Capture.png?resize=609%2C321&#038;ssl=1\" alt=\"\" class=\"wp-image-12115\" srcset=\"https:\/\/i0.wp.com\/lekahuin.com\/wp-content\/uploads\/2025\/01\/trio-Capture.png?w=609&amp;ssl=1 609w, https:\/\/i0.wp.com\/lekahuin.com\/wp-content\/uploads\/2025\/01\/trio-Capture.png?resize=300%2C158&amp;ssl=1 300w, https:\/\/i0.wp.com\/lekahuin.com\/wp-content\/uploads\/2025\/01\/trio-Capture.png?resize=150%2C79&amp;ssl=1 150w\" sizes=\"(max-width: 609px) 100vw, 609px\" \/><figcaption class=\"wp-element-caption\">MIlei con Trump y Musk durante la investidura de Trump como Presidente de EEUU<\/figcaption><\/figure>\n<\/div>\n\n\n<p class=\"has-drop-cap has-text-align-justify wp-block-paragraph\">El 10 de diciembre Milei celebr\u00f3 su primer a\u00f1o de gobierno con un \u00edndice de inflaci\u00f3n del 2,4% y de 166% en interanual, comparado con el 12,8% mensual que se registraba al asumir su mandato.<br>Su principal arma para lograr esta baja fue la reducci\u00f3n en un tercio del gasto fiscal, lo que permiti\u00f3 pasar de un d\u00e9ficit negativo de 1,9% a un excedente fiscal primario de 2% del PIB.<br>La revaluaci\u00f3n paulatina del peso a lo largo del a\u00f1o tambi\u00e9n contribuy\u00f3 a la baja despu\u00e9s de la devaluaci\u00f3n del primer mes. La contrapartida de este ajuste es un dr\u00e1stico descenso del PIB en 2024. &nbsp;Al fin del 3\u00b0 trimestre, la ca\u00edda acumulada era de 3% y para el conjunto del a\u00f1o se estima entre -3,5% y -4,0%.<br>Corolario de la contracci\u00f3n de la producci\u00f3n nacional es la baja del consumo, lo que se traduce en empresas que quiebran, licenciamientos que aumentan y progresi\u00f3n de la pobreza.<br>Entre el primer y el tercer trimestre de 2024, cerraron m\u00e1s de 16.500 peque\u00f1as y medianas empresas (PyMES), a lo que se agrega el cese de actividades de 9.000 microempresas (menos de 5 empleados) y, el caso de 8 multinacionales que abandonaron el pa\u00eds, sin mencionar otras que han suspendido o reducido<br>actividades.<br>El impacto de la cesaci\u00f3n de actividades gener\u00f3 la p\u00e9rdida de m\u00e1s de 160 000 puestos de trabajo. Esta situaci\u00f3n se traduce por un incremento de la tasa de desempleo y de la pobreza. La primera pasa de 6% a 7% y la segunda gana 11 puntos de porcentaje abarcando una buena mitad (53%) de la poblaci\u00f3n.<br>Sin embargo, el \u00edndice de confianza en comparaci\u00f3n con los dos gobiernos precedentes despu\u00e9s del primer a\u00f1o de mandato es superior de 5,7% y 31,7% respectivamente.<br>Recordemos que paralelamente a su elecci\u00f3n, el partido de Milei, La Libertad Avanza increment\u00f3 su representaci\u00f3n de s\u00f3lo 3 a 37 esca\u00f1os en la C\u00e1mara de Diputados y de 0 a 8 en el Senado. Es decir, menos de 10% y 15% del total respectivamente. Esto, adem\u00e1s, sin que cuente con gobernador alguno en un pa\u00eds federalista.<br>A pesar de una posici\u00f3n ultra minoritaria, pudo imponer en parte su programa de ruptura y de gobernanza fraudulenta sin muchas dificultades, mediante una alianza con la derecha \u201cmacrista\u201d y \u201carregl\u00e1ndose los bigotes\u201d con algunos parlamentarios peronistas. Adem\u00e1s, abus\u00f3 utilizando los Decretos de Necesidad y Urgencia y el veto presidencial, \u201cpas\u00e1ndose por el aro\u201d al Parlamento.<br>Reaccionario, provocador, grosero, mentiroso, calumniador, sin escr\u00fapulos y sinverg\u00fcenza, se ha impuesto y ha podido imponer a sus compatriotas una parte de su programa.<br>Adepto de las redes sociales como otros de su cala\u00f1a, Trump y compa\u00f1\u00eda, las ha transformado en el principal instrumento de propaganda, de apoyo y de forma de hacer pol\u00edtica.<br>Hay un factor explicativo bastante claro en la popularidad relativa del sujeto de marras: es la tendencia a la baja del ritmo de inflaci\u00f3n. Su evoluci\u00f3n ha estado correlacionada con la del \u00edndice de confianza en Milei, en un pa\u00eds hist\u00f3ricamente traumatizado por la hiperinflaci\u00f3n.<br>Tampoco podemos desestimar el terreno propicio en que prospera: all\u00ed donde se hace pol\u00edtica en ausencia de ideolog\u00eda, all\u00ed donde corrupci\u00f3n y poder han sido una dupla inseparable y sobre todo, all\u00ed donde, desde el fin de la Dictadura en 1983, todos los gobiernos han decepcionado, salvo el de N\u00e9stor Kirchner (2003-2007), que s\u00ed adopt\u00f3 un programa de desarrollo coherente y progresista.<br>Terminemos evocando la necesidad de reflexionar sobre la manera de c\u00f3mo enfrentar esta nueva forma de hacer pol\u00edtica y de utilizar las redes sociales. Tanto m\u00e1s si tomamos en consideraci\u00f3n la llegada al gobierno de sujetos intelectualmente mediocres como Trump, Bolsonaro, Erdogan, Orban, Milei\u2026<br><br><\/p>\n\n\n\n<p class=\"wp-block-paragraph\"><\/p>\n","protected":false},"excerpt":{"rendered":"<div class=\"mh-excerpt\"><p>UN A\u00d1O DE GOBIERNO DE MILEI, UN A\u00d1O DE M\u00c1S\u2026 Por Claudio Jedlicki El 10 de diciembre Milei celebr\u00f3 su primer a\u00f1o de gobierno con <a class=\"mh-excerpt-more\" href=\"https:\/\/lekahuin.com\/?p=12041\" title=\"Argentina &#8211; Milei\">[&#8230;]<\/a><\/p>\n<\/div>","protected":false},"author":211878710,"featured_media":0,"comment_status":"open","ping_status":"open","sticky":false,"template":"","format":"standard","meta":{"_coblocks_attr":"","_coblocks_dimensions":"","_coblocks_responsive_height":"","_coblocks_accordion_ie_support":"","_crdt_document":"","advanced_seo_description":"","jetpack_seo_html_title":"","jetpack_seo_noindex":false,"_jetpack_newsletter_access":"","_jetpack_dont_email_post_to_subs":false,"_jetpack_newsletter_tier_id":0,"_jetpack_memberships_contains_paywalled_content":false,"_jetpack_memberships_contains_paid_content":false,"footnotes":"","jetpack_post_was_ever_published":false},"categories":[55294248],"tags":[],"class_list":["post-12041","post","type-post","status-publish","format-standard","hentry","category-internacional"],"jetpack_featured_media_url":"","jetpack_likes_enabled":true,"jetpack_sharing_enabled":true,"jetpack_shortlink":"https:\/\/wp.me\/pdoWOp-38d","jetpack-related-posts":[{"id":14719,"url":"https:\/\/lekahuin.com\/?p=14719","url_meta":{"origin":12041,"position":0},"title":"Internacional &#8211; Argentina &#8211; Elecciones","author":"Le Kahuin","date":"28 octobre 2025","format":false,"excerpt":"EL ANUNCIADO OCASO DE MILEI HIZO AGUAS Por Claudio Jedlicki Desde la llegada de Milei a fines de 2023, un fuerte golpe recesivo afect\u00f3 el pa\u00eds con su secuela de p\u00e9rdidas de empleo, empresas quebradas y hasta hambre provocado por su paquete de medidas destinadas a liberalizar la econom\u00eda.Lo sigui\u00f3\u2026","rel":"","context":"Dans &quot;INTERNACIONAL&quot;","block_context":{"text":"INTERNACIONAL","link":"https:\/\/lekahuin.com\/?cat=55294248"},"img":{"alt_text":"","src":"https:\/\/i0.wp.com\/lekahuin.com\/wp-content\/uploads\/2025\/10\/milei-gana-elecciones.jpg?resize=350%2C200&ssl=1","width":350,"height":200,"srcset":"https:\/\/i0.wp.com\/lekahuin.com\/wp-content\/uploads\/2025\/10\/milei-gana-elecciones.jpg?resize=350%2C200&ssl=1 1x, https:\/\/i0.wp.com\/lekahuin.com\/wp-content\/uploads\/2025\/10\/milei-gana-elecciones.jpg?resize=525%2C300&ssl=1 1.5x, https:\/\/i0.wp.com\/lekahuin.com\/wp-content\/uploads\/2025\/10\/milei-gana-elecciones.jpg?resize=700%2C400&ssl=1 2x, https:\/\/i0.wp.com\/lekahuin.com\/wp-content\/uploads\/2025\/10\/milei-gana-elecciones.jpg?resize=1050%2C600&ssl=1 3x, https:\/\/i0.wp.com\/lekahuin.com\/wp-content\/uploads\/2025\/10\/milei-gana-elecciones.jpg?resize=1400%2C800&ssl=1 4x"},"classes":[]},{"id":14795,"url":"https:\/\/lekahuin.com\/?p=14795","url_meta":{"origin":12041,"position":1},"title":"USA &#8211; Argentina &#8211; Elecciones","author":"Le Kahuin","date":"28 octobre 2025","format":false,"excerpt":"IMPORTANTE VICTORIA PARA DONALD TRUMP: MILEI GANA ELECCIONES EN ARGENTINA Cuando todos esperaban para el partido gobierno argentino La Libertad Avanza (LLA) una derrota semejante a la sufrida a principio de septiembre en la provincia de Buenos Aires, en las legislativas del 26 de octubre, este super\u00f3 con creces a\u2026","rel":"","context":"Dans &quot;INTERNACIONAL&quot;","block_context":{"text":"INTERNACIONAL","link":"https:\/\/lekahuin.com\/?cat=55294248"},"img":{"alt_text":"","src":"https:\/\/i0.wp.com\/lekahuin.com\/wp-content\/uploads\/2025\/10\/milei-trump.jpg?resize=350%2C200&ssl=1","width":350,"height":200,"srcset":"https:\/\/i0.wp.com\/lekahuin.com\/wp-content\/uploads\/2025\/10\/milei-trump.jpg?resize=350%2C200&ssl=1 1x, https:\/\/i0.wp.com\/lekahuin.com\/wp-content\/uploads\/2025\/10\/milei-trump.jpg?resize=525%2C300&ssl=1 1.5x, https:\/\/i0.wp.com\/lekahuin.com\/wp-content\/uploads\/2025\/10\/milei-trump.jpg?resize=700%2C400&ssl=1 2x, https:\/\/i0.wp.com\/lekahuin.com\/wp-content\/uploads\/2025\/10\/milei-trump.jpg?resize=1050%2C600&ssl=1 3x, https:\/\/i0.wp.com\/lekahuin.com\/wp-content\/uploads\/2025\/10\/milei-trump.jpg?resize=1400%2C800&ssl=1 4x"},"classes":[]},{"id":12402,"url":"https:\/\/lekahuin.com\/?p=12402","url_meta":{"origin":12041,"position":2},"title":"Argentina &#8211; Milei &#8211; USA","author":"Le Kahuin","date":"22 f\u00e9vrier 2025","format":false,"excerpt":"MILEI BUSCA EN EEUU EL PARAGUAS DE DONALD TRUMP\u00a0CUANDO LE LLUEVEN LAS DENUNCIAS POR ESTAFA El presidente argentino Javier Milei con Elon Munsk y la motosierra En momentos en que tanto en Argentina como incluso en Estados Unidos se multiplicaban las denuncias y se iban conociendo nuevos antecedentes de la\u2026","rel":"","context":"Dans &quot;INTERNACIONAL&quot;","block_context":{"text":"INTERNACIONAL","link":"https:\/\/lekahuin.com\/?cat=55294248"},"img":{"alt_text":"","src":"https:\/\/i0.wp.com\/lekahuin.com\/wp-content\/uploads\/2025\/02\/Musk-Milei-e1740123438281-1.jpeg?resize=350%2C200&ssl=1","width":350,"height":200,"srcset":"https:\/\/i0.wp.com\/lekahuin.com\/wp-content\/uploads\/2025\/02\/Musk-Milei-e1740123438281-1.jpeg?resize=350%2C200&ssl=1 1x, https:\/\/i0.wp.com\/lekahuin.com\/wp-content\/uploads\/2025\/02\/Musk-Milei-e1740123438281-1.jpeg?resize=525%2C300&ssl=1 1.5x, https:\/\/i0.wp.com\/lekahuin.com\/wp-content\/uploads\/2025\/02\/Musk-Milei-e1740123438281-1.jpeg?resize=700%2C400&ssl=1 2x, https:\/\/i0.wp.com\/lekahuin.com\/wp-content\/uploads\/2025\/02\/Musk-Milei-e1740123438281-1.jpeg?resize=1050%2C600&ssl=1 3x, https:\/\/i0.wp.com\/lekahuin.com\/wp-content\/uploads\/2025\/02\/Musk-Milei-e1740123438281-1.jpeg?resize=1400%2C800&ssl=1 4x"},"classes":[]},{"id":9596,"url":"https:\/\/lekahuin.com\/?p=9596","url_meta":{"origin":12041,"position":3},"title":"Chile &#8211; Hezbol\u00e1","author":"Le Kahuin","date":"25 avril 2024","format":false,"excerpt":"SEG\u00daN LOS GRINGOS, POR VOZ DE MILEI, CHILE EST\u00c1 EN LA MIRA DE LOS \u201cHEZBOLUDOS\u201d Javier Milei con el Presidente israel\u00ed Isaac Herzog. Abril 2024 El cuasi incidente diplom\u00e1tico generado por la ministra de Seguridad del ultraderechista gobierno argentino de Javier Milei, Patricia Bullrich, generado cuando habl\u00f3 de la presencia\u2026","rel":"","context":"Dans &quot;CHILE&quot;","block_context":{"text":"CHILE","link":"https:\/\/lekahuin.com\/?cat=55294247"},"img":{"alt_text":"","src":"https:\/\/i0.wp.com\/lekahuin.com\/wp-content\/uploads\/2024\/04\/Milei-Herzog-presidente-israeli.png?resize=350%2C200&ssl=1","width":350,"height":200,"srcset":"https:\/\/i0.wp.com\/lekahuin.com\/wp-content\/uploads\/2024\/04\/Milei-Herzog-presidente-israeli.png?resize=350%2C200&ssl=1 1x, https:\/\/i0.wp.com\/lekahuin.com\/wp-content\/uploads\/2024\/04\/Milei-Herzog-presidente-israeli.png?resize=525%2C300&ssl=1 1.5x, https:\/\/i0.wp.com\/lekahuin.com\/wp-content\/uploads\/2024\/04\/Milei-Herzog-presidente-israeli.png?resize=700%2C400&ssl=1 2x"},"classes":[]},{"id":13548,"url":"https:\/\/lekahuin.com\/?p=13548","url_meta":{"origin":12041,"position":4},"title":"Internacional &#8211; Netanyahu &#8211; Milei","author":"Le Kahuin","date":"25 juin 2025","format":false,"excerpt":"DETR\u00c1S DEL IDILIO ENTRE MILEI Y NETANYAHU, EEUU\u00a0Y EL CONTROL DE LAS V\u00cdAS MAR\u00cdTIMAS INTEROCE\u00c1NICAS La reciente imagen del serial killer, Benjam\u00edn Netanyahu, reunido con el loco Javier Milei y ojeando un mapa de Sudam\u00e9rica, ha renovado con justa raz\u00f3n las interrogantes que plantea entre otros, el manifiesto y creciente\u2026","rel":"","context":"Dans &quot;INTERNACIONAL&quot;","block_context":{"text":"INTERNACIONAL","link":"https:\/\/lekahuin.com\/?cat=55294248"},"img":{"alt_text":"","src":"https:\/\/i0.wp.com\/lekahuin.com\/wp-content\/uploads\/2025\/06\/netanyahou-milei.webp?resize=350%2C200&ssl=1","width":350,"height":200,"srcset":"https:\/\/i0.wp.com\/lekahuin.com\/wp-content\/uploads\/2025\/06\/netanyahou-milei.webp?resize=350%2C200&ssl=1 1x, https:\/\/i0.wp.com\/lekahuin.com\/wp-content\/uploads\/2025\/06\/netanyahou-milei.webp?resize=525%2C300&ssl=1 1.5x, https:\/\/i0.wp.com\/lekahuin.com\/wp-content\/uploads\/2025\/06\/netanyahou-milei.webp?resize=700%2C400&ssl=1 2x"},"classes":[]},{"id":14495,"url":"https:\/\/lekahuin.com\/?p=14495","url_meta":{"origin":12041,"position":5},"title":"Argentina &#8211; Remate","author":"Le Kahuin","date":"30 septembre 2025","format":false,"excerpt":"EL REMATE DE LA SOBERAN\u00cdA ARGENTINA DE MILEI EN WASHINGTON TAMBI\u00c9N DEBE PREOCUPAR Y ALERTAR EN CHILE El grotesco espect\u00e1culo de lameculo y rastrero protagonizado en Washington por ese gran amigo de Kast que es Javier Milei, cuando fue a pedir dinero a Trump para tratar de salvar de la\u2026","rel":"","context":"Dans &quot;INTERNACIONAL&quot;","block_context":{"text":"INTERNACIONAL","link":"https:\/\/lekahuin.com\/?cat=55294248"},"img":{"alt_text":"","src":"https:\/\/i0.wp.com\/lekahuin.com\/wp-content\/uploads\/2025\/09\/6-Milei-bandera-EEUU-770x420-1.webp?resize=350%2C200&ssl=1","width":350,"height":200,"srcset":"https:\/\/i0.wp.com\/lekahuin.com\/wp-content\/uploads\/2025\/09\/6-Milei-bandera-EEUU-770x420-1.webp?resize=350%2C200&ssl=1 1x, https:\/\/i0.wp.com\/lekahuin.com\/wp-content\/uploads\/2025\/09\/6-Milei-bandera-EEUU-770x420-1.webp?resize=525%2C300&ssl=1 1.5x, https:\/\/i0.wp.com\/lekahuin.com\/wp-content\/uploads\/2025\/09\/6-Milei-bandera-EEUU-770x420-1.webp?resize=700%2C400&ssl=1 2x"},"classes":[]}],"_links":{"self":[{"href":"https:\/\/lekahuin.com\/index.php?rest_route=\/wp\/v2\/posts\/12041","targetHints":{"allow":["GET"]}}],"collection":[{"href":"https:\/\/lekahuin.com\/index.php?rest_route=\/wp\/v2\/posts"}],"about":[{"href":"https:\/\/lekahuin.com\/index.php?rest_route=\/wp\/v2\/types\/post"}],"author":[{"embeddable":true,"href":"https:\/\/lekahuin.com\/index.php?rest_route=\/wp\/v2\/users\/211878710"}],"replies":[{"embeddable":true,"href":"https:\/\/lekahuin.com\/index.php?rest_route=%2Fwp%2Fv2%2Fcomments&post=12041"}],"version-history":[{"count":7,"href":"https:\/\/lekahuin.com\/index.php?rest_route=\/wp\/v2\/posts\/12041\/revisions"}],"predecessor-version":[{"id":12344,"href":"https:\/\/lekahuin.com\/index.php?rest_route=\/wp\/v2\/posts\/12041\/revisions\/12344"}],"wp:attachment":[{"href":"https:\/\/lekahuin.com\/index.php?rest_route=%2Fwp%2Fv2%2Fmedia&parent=12041"}],"wp:term":[{"taxonomy":"category","embeddable":true,"href":"https:\/\/lekahuin.com\/index.php?rest_route=%2Fwp%2Fv2%2Fcategories&post=12041"},{"taxonomy":"post_tag","embeddable":true,"href":"https:\/\/lekahuin.com\/index.php?rest_route=%2Fwp%2Fv2%2Ftags&post=12041"}],"curies":[{"name":"wp","href":"https:\/\/api.w.org\/{rel}","templated":true}]}}