{"id":12091,"date":"2025-01-25T15:29:10","date_gmt":"2025-01-25T14:29:10","guid":{"rendered":"https:\/\/lekahuin.com\/?p=12091"},"modified":"2025-01-26T11:23:22","modified_gmt":"2025-01-26T10:23:22","slug":"chile-aborto-2","status":"publish","type":"post","link":"https:\/\/lekahuin.com\/?p=12091","title":{"rendered":"Chile &#8211; Aborto"},"content":{"rendered":"\n<h2 class=\"wp-block-heading has-text-align-center\"><strong>EL ABORTO, UNA CUESTION DE LIBERTAD PERSONAL, DE SALUD P\u00daBLICA Y NO DE MORAL \u201cPECHO\u00d1A\u201d E HIP\u00d3CRITA<\/strong><\/h2>\n\n\n<div class=\"wp-block-image\">\n<figure class=\"aligncenter size-large is-resized\"><img data-recalc-dims=\"1\" fetchpriority=\"high\" decoding=\"async\" width=\"768\" height=\"1024\" data-attachment-id=\"12138\" data-permalink=\"https:\/\/lekahuin.com\/?attachment_id=12138\" data-orig-file=\"https:\/\/i0.wp.com\/lekahuin.com\/wp-content\/uploads\/2025\/01\/sexo-deseo-embarazo-decido.jpg?fit=2736%2C3648&amp;ssl=1\" data-orig-size=\"2736,3648\" data-comments-opened=\"1\" data-image-meta=\"{&quot;aperture&quot;:&quot;10.6&quot;,&quot;credit&quot;:&quot;&quot;,&quot;camera&quot;:&quot;VLUU NV10, NV10&quot;,&quot;caption&quot;:&quot;SAMSUNG DIGITAL CAMERA&quot;,&quot;created_timestamp&quot;:&quot;1190982689&quot;,&quot;copyright&quot;:&quot;&quot;,&quot;focal_length&quot;:&quot;15&quot;,&quot;iso&quot;:&quot;400&quot;,&quot;shutter_speed&quot;:&quot;0.002&quot;,&quot;title&quot;:&quot;SAMSUNG DIGITAL CAMERA&quot;,&quot;orientation&quot;:&quot;0&quot;}\" data-image-title=\"SAMSUNG DIGITAL CAMERA\" data-image-description=\"\" data-image-caption=\"&lt;p&gt;SAMSUNG DIGITAL CAMERA&lt;\/p&gt;\n\" data-large-file=\"https:\/\/i0.wp.com\/lekahuin.com\/wp-content\/uploads\/2025\/01\/sexo-deseo-embarazo-decido.jpg?fit=768%2C1024&amp;ssl=1\" src=\"https:\/\/i0.wp.com\/lekahuin.com\/wp-content\/uploads\/2025\/01\/sexo-deseo-embarazo-decido.jpg?resize=768%2C1024&#038;ssl=1\" alt=\"\" class=\"wp-image-12138\" style=\"width:442px;height:auto\" srcset=\"https:\/\/i0.wp.com\/lekahuin.com\/wp-content\/uploads\/2025\/01\/sexo-deseo-embarazo-decido.jpg?resize=768%2C1024&amp;ssl=1 768w, https:\/\/i0.wp.com\/lekahuin.com\/wp-content\/uploads\/2025\/01\/sexo-deseo-embarazo-decido.jpg?resize=225%2C300&amp;ssl=1 225w, https:\/\/i0.wp.com\/lekahuin.com\/wp-content\/uploads\/2025\/01\/sexo-deseo-embarazo-decido.jpg?resize=113%2C150&amp;ssl=1 113w, https:\/\/i0.wp.com\/lekahuin.com\/wp-content\/uploads\/2025\/01\/sexo-deseo-embarazo-decido.jpg?resize=1152%2C1536&amp;ssl=1 1152w, https:\/\/i0.wp.com\/lekahuin.com\/wp-content\/uploads\/2025\/01\/sexo-deseo-embarazo-decido.jpg?resize=1536%2C2048&amp;ssl=1 1536w, https:\/\/i0.wp.com\/lekahuin.com\/wp-content\/uploads\/2025\/01\/sexo-deseo-embarazo-decido.jpg?resize=900%2C1200&amp;ssl=1 900w, https:\/\/i0.wp.com\/lekahuin.com\/wp-content\/uploads\/2025\/01\/sexo-deseo-embarazo-decido.jpg?resize=600%2C800&amp;ssl=1 600w, https:\/\/i0.wp.com\/lekahuin.com\/wp-content\/uploads\/2025\/01\/sexo-deseo-embarazo-decido.jpg?resize=450%2C600&amp;ssl=1 450w, https:\/\/i0.wp.com\/lekahuin.com\/wp-content\/uploads\/2025\/01\/sexo-deseo-embarazo-decido.jpg?resize=300%2C400&amp;ssl=1 300w, https:\/\/i0.wp.com\/lekahuin.com\/wp-content\/uploads\/2025\/01\/sexo-deseo-embarazo-decido.jpg?resize=150%2C200&amp;ssl=1 150w, https:\/\/i0.wp.com\/lekahuin.com\/wp-content\/uploads\/2025\/01\/sexo-deseo-embarazo-decido.jpg?resize=1200%2C1600&amp;ssl=1 1200w, https:\/\/i0.wp.com\/lekahuin.com\/wp-content\/uploads\/2025\/01\/sexo-deseo-embarazo-decido.jpg?w=2000&amp;ssl=1 2000w\" sizes=\"(max-width: 768px) 100vw, 768px\" \/><\/figure>\n<\/div>\n\n\n<p class=\"has-drop-cap has-text-align-justify wp-block-paragraph\">En Chile, la Ley 21.030, llamada Ley IVE o de aborto en tres causales, puede considerarse signific\u00f3 un avance en lo referido a los derechos esenciales de las personas y en particular de las mujeres en cuanto a la libertad de procrear, cuesti\u00f3n considerada hasta entonces desde un punto de vista meramente judicial y punitivo.<br>Sin embargo, el esp\u00edritu de esta ley, que limita y que, en cierto modo, justifica o despenaliza el aborto a trav\u00e9s de tres causales &#8211; cuando la vida de la madre est\u00e1 en peligro, cuando el feto es inviable o en caso de violaci\u00f3n &#8211; parte del supuesto que la interrupci\u00f3n del embarazo es de por si algo condenable.<br>Esto, sobre todo si se tiene en cuenta que, en cualquier otra circunstancia, el aborto sigue siendo considerado un delito pasible de diez a\u00f1os de c\u00e1rcel.<br>Demostraci\u00f3n clara del enfoque moralista con que se elabor\u00f3 este cuerpo legal es tambi\u00e9n la posibilidad que dio a los profesionales de la salud de negarse a realizar este acto quir\u00fargico declar\u00e1ndose objetores de conciencia.<br>En junio del a\u00f1o pasado, nuestro bienamado y amarillo l\u00edder anunci\u00f3 para diciembre la presentaci\u00f3n ante el Congreso de un proyecto de ley por el aborto legal, es decir sin las limitaciones de las tres causales, lo que provoc\u00f3 la reacci\u00f3n airada e inmediata de la derecha.<br>Finalmente, llegado el mes de diciembre, la ministra de la Mujer, Antonia Orellana, anunci\u00f3 que la presentaci\u00f3n del proyecto de \u201caborto legal\u201d ser\u00eda postergada hasta enero.<br>La raz\u00f3n invocada por la ministra fue el hecho que el proceso para la implementaci\u00f3n del cuerpo legal contaba dos etapas, la primera es la actualizaci\u00f3n del reglamento de la actual ley de aborto en tres causales y la segunda, la presentaci\u00f3n misma del proyecto de \u201caborto legal\u201d.<br>Como justificaci\u00f3n, podr\u00eda pasar.<br>En Chile como en otros pa\u00edses donde la religi\u00f3n, cualquiera sea esta y por consideraciones teol\u00f3gicas y morales que son propias a esta, tradicionalmente y en muchos aspectos, como el familiar, ha considerado a la mujer supeditada al hombre y sin otra funci\u00f3n en la vida que la de \u201cfabricar\u201d hijos.<br>En este esquema, cuestiones como el placer sexual de la mujer es algo que se ignora o que se condena, de lo que resulta que si una mujer qued\u00f3 embarazada y no desea tener el beb\u00e9 por las razones que le son propias, necesariamente est\u00e1 faltando a su deber de procrear y lo \u00fanico que determin\u00f3 su embarazo fue la b\u00fasqueda de ese placer.<br>En otras palabras y como se dice vulgar y com\u00fanmente en Chile, una mujer que tiene relaciones sexuales sin el sagrado objetivo de dar a luz un beb\u00e9, seg\u00fan el criterio machista imperante, est\u00e1 motivada <em>\u201cs\u00f3lo porque le gusta el chagual\u201d.<br><\/em>En el fondo es esta mentalidad la que puede verse en trasfondo en todas las posiciones de la derecha y de la Iglesia, disfrazadas de consideraciones teol\u00f3gicas, morales y de conciencia, con las que influyen sobre buena parte de la sociedad.<br>Como es l\u00f3gico, para un gobierno y en este caso el de Gabriel Boric, autodeclarado <em>\u201cfeminista\u201d,<\/em>\u00a0el haber anunciado como uno de sus objetivos el hacer del aborto una cuesti\u00f3n de libertad personal y sin las limitaciones fijadas por las tres causales, fue una expresi\u00f3n de coraje pol\u00edtico frente a un tal contexto hostil.<br>Sin embargo, el anuncio del inicio de las discusiones en torno a la implementaci\u00f3n de la ley respectiva, proceso de por s\u00ed dif\u00edcil y prolongado, hecho en junio pasado, a poco m\u00e1s de un a\u00f1o del fin de su mandato, hace nacer la duda si acaso, una vez m\u00e1s, se trataba s\u00f3lo de buenas intenciones o de una promesa en v\u00edspera de elecciones.<\/p>\n","protected":false},"excerpt":{"rendered":"<div class=\"mh-excerpt\"><p>EL ABORTO, UNA CUESTION DE LIBERTAD PERSONAL, DE SALUD P\u00daBLICA Y NO DE MORAL \u201cPECHO\u00d1A\u201d E HIP\u00d3CRITA En Chile, la Ley 21.030, llamada Ley IVE <a class=\"mh-excerpt-more\" href=\"https:\/\/lekahuin.com\/?p=12091\" title=\"Chile &#8211; Aborto\">[&#8230;]<\/a><\/p>\n<\/div>","protected":false},"author":211878710,"featured_media":0,"comment_status":"open","ping_status":"open","sticky":false,"template":"","format":"standard","meta":{"_coblocks_attr":"","_coblocks_dimensions":"","_coblocks_responsive_height":"","_coblocks_accordion_ie_support":"","_crdt_document":"","advanced_seo_description":"","jetpack_seo_html_title":"","jetpack_seo_noindex":false,"_jetpack_newsletter_access":"","_jetpack_dont_email_post_to_subs":false,"_jetpack_newsletter_tier_id":0,"_jetpack_memberships_contains_paywalled_content":false,"_jetpack_memberships_contains_paid_content":false,"footnotes":"","jetpack_post_was_ever_published":false},"categories":[55294247],"tags":[],"class_list":["post-12091","post","type-post","status-publish","format-standard","hentry","category-chile"],"jetpack_featured_media_url":"","jetpack_likes_enabled":true,"jetpack_sharing_enabled":true,"jetpack_shortlink":"https:\/\/wp.me\/pdoWOp-391","jetpack-related-posts":[{"id":11109,"url":"https:\/\/lekahuin.com\/?p=11109","url_meta":{"origin":12091,"position":0},"title":"Chile &#8211; Aborto","author":"Le Kahuin","date":"25 septembre 2024","format":false,"excerpt":"EL ABORTO, COMO UN DERECHO NATURAL Y LIBRE DE LOS TAB\u00daES E HIPOCRES\u00cdAS DE LA RELIGI\u00d3N El 14 de septiembre se cumplieron siete a\u00f1os desde que se promulg\u00f3 en Chile la ley sobre interrupci\u00f3n voluntaria del embarazo que, si bien signific\u00f3 un avance en cuanto a los derechos de las\u2026","rel":"","context":"Dans &quot;CHILE&quot;","block_context":{"text":"CHILE","link":"https:\/\/lekahuin.com\/?cat=55294247"},"img":{"alt_text":"","src":"https:\/\/i0.wp.com\/lekahuin.com\/wp-content\/uploads\/2024\/09\/chile-aborto-despenalizacion_portada2.jpg?resize=350%2C200&ssl=1","width":350,"height":200,"srcset":"https:\/\/i0.wp.com\/lekahuin.com\/wp-content\/uploads\/2024\/09\/chile-aborto-despenalizacion_portada2.jpg?resize=350%2C200&ssl=1 1x, https:\/\/i0.wp.com\/lekahuin.com\/wp-content\/uploads\/2024\/09\/chile-aborto-despenalizacion_portada2.jpg?resize=525%2C300&ssl=1 1.5x"},"classes":[]},{"id":1314,"url":"https:\/\/lekahuin.com\/?p=1314","url_meta":{"origin":12091,"position":1},"title":"Aborto","author":"Le Kahuin","date":"17 d\u00e9cembre 2021","format":false,"excerpt":"LEY DE DESPENALIZACI\u00d3N DEL ABORTO A MERCED DE BEATAS Y PECHO\u00d1OS A fines del pasado mes de noviembre, la C\u00e1mara de Diputado(a)s rechaz\u00f3 el proyecto que despenaliza el aborto consentido por la mujer dentro de las 14 primeras semanas de gestaci\u00f3n, eludiendo una vez m\u00e1s legislar sobre un tema en\u2026","rel":"","context":"Dans &quot;Non class\u00e9&quot;","block_context":{"text":"Non class\u00e9","link":"https:\/\/lekahuin.com\/?cat=6325"},"img":{"alt_text":"","src":"https:\/\/i0.wp.com\/lekahuin.com\/wp-content\/uploads\/2021\/12\/aborto-chile.jpg?resize=350%2C200&ssl=1","width":350,"height":200,"srcset":"https:\/\/i0.wp.com\/lekahuin.com\/wp-content\/uploads\/2021\/12\/aborto-chile.jpg?resize=350%2C200&ssl=1 1x, https:\/\/i0.wp.com\/lekahuin.com\/wp-content\/uploads\/2021\/12\/aborto-chile.jpg?resize=525%2C300&ssl=1 1.5x"},"classes":[]},{"id":2741,"url":"https:\/\/lekahuin.com\/?p=2741","url_meta":{"origin":12091,"position":2},"title":"Chile","author":"Le Kahuin","date":"21 octobre 2022","format":false,"excerpt":"A PROP\u00d3SITO DEL PROYECTO SOBRE EL ABORTO DE UN DIPUTADO DE NOMBRE QUE RIMA CON DIARREA \u201cSi consideramos que el aborto es un asesinato, debemos aceptar que la paja es un genocidio\u201dMahmud Al-Jaluf, \u00a0fil\u00f3sofo persa del siglo XI Cuando un obscuro personaje p\u00fablico y sin mucha envergadura trata de llamar\u2026","rel":"","context":"Dans &quot;Non class\u00e9&quot;","block_context":{"text":"Non class\u00e9","link":"https:\/\/lekahuin.com\/?cat=6325"},"img":{"alt_text":"","src":"https:\/\/i0.wp.com\/lekahuin.com\/wp-content\/uploads\/2022\/10\/cristobal-urruticoechea.jpg?resize=350%2C200&ssl=1","width":350,"height":200},"classes":[]},{"id":7512,"url":"https:\/\/lekahuin.com\/?p=7512","url_meta":{"origin":12091,"position":3},"title":"Chile &#8211; Presos pol\u00edticos","author":"Le Kahuin","date":"29 octobre 2023","format":false,"excerpt":"CAMPA\u00d1A NACIONAL E INTERNACIONAL POR LA LIBERTAD DE NICOLAS PI\u00d1A. NICOLAS ES INOCENTE Las violaciones a los derechos humanos ocurridos durante la revuelta popular en Chile el a\u00f1o 2019 han sido constatadas como hechos grav\u00edsimos por diversos estudios e informes de organismos internacionales. Uno de los aspectos m\u00e1s graves de\u2026","rel":"","context":"Dans &quot;Non class\u00e9&quot;","block_context":{"text":"Non class\u00e9","link":"https:\/\/lekahuin.com\/?cat=6325"},"img":{"alt_text":"","src":"https:\/\/i0.wp.com\/lekahuin.com\/wp-content\/uploads\/2023\/10\/pina1-1.png?resize=350%2C200&ssl=1","width":350,"height":200,"srcset":"https:\/\/i0.wp.com\/lekahuin.com\/wp-content\/uploads\/2023\/10\/pina1-1.png?resize=350%2C200&ssl=1 1x, https:\/\/i0.wp.com\/lekahuin.com\/wp-content\/uploads\/2023\/10\/pina1-1.png?resize=525%2C300&ssl=1 1.5x, https:\/\/i0.wp.com\/lekahuin.com\/wp-content\/uploads\/2023\/10\/pina1-1.png?resize=700%2C400&ssl=1 2x"},"classes":[]},{"id":11181,"url":"https:\/\/lekahuin.com\/?p=11181","url_meta":{"origin":12091,"position":4},"title":"Chile &#8211; Recabarren","author":"Le Kahuin","date":"26 septembre 2024","format":false,"excerpt":"RECABARREN: \u00bfQU\u00c9 CELEBRAMOS ENTONCES? El 16 de septiembre de 1905, Luis Emilio Recabarren escribi\u00f3 en el diario El Proletario de Tocopilla un art\u00edculo en que cuestiona el significado y las celebraciones que tienen lugar cada a\u00f1o en ocasi\u00f3n del 18 de septiembre, en conmemoraci\u00f3n de la llamada Primera Junta nacional\u2026","rel":"","context":"Dans &quot;Non class\u00e9&quot;","block_context":{"text":"Non class\u00e9","link":"https:\/\/lekahuin.com\/?cat=6325"},"img":{"alt_text":"","src":"","width":0,"height":0},"classes":[]},{"id":15013,"url":"https:\/\/lekahuin.com\/?p=15013","url_meta":{"origin":12091,"position":5},"title":"Chile &#8211; Elecciones","author":"Le Kahuin","date":"27 novembre 2025","format":false,"excerpt":"LECCIONES CHILENAS Por Denis Sieffert (*) Foto: Politis - Lucas Aguayo Araos \/ Anadolu \/ AFP Por largo tiempo, Chile fue un gran tema para la izquierda francesa. Eran los tiempos de Augusto Pinochet, cuando el m\u00e1s espantoso de los dictadores latinoamericanos (la competencia era fuerte con el argentino Videla)\u2026","rel":"","context":"Dans &quot;CHILE&quot;","block_context":{"text":"CHILE","link":"https:\/\/lekahuin.com\/?cat=55294247"},"img":{"alt_text":"","src":"","width":0,"height":0},"classes":[]}],"_links":{"self":[{"href":"https:\/\/lekahuin.com\/index.php?rest_route=\/wp\/v2\/posts\/12091","targetHints":{"allow":["GET"]}}],"collection":[{"href":"https:\/\/lekahuin.com\/index.php?rest_route=\/wp\/v2\/posts"}],"about":[{"href":"https:\/\/lekahuin.com\/index.php?rest_route=\/wp\/v2\/types\/post"}],"author":[{"embeddable":true,"href":"https:\/\/lekahuin.com\/index.php?rest_route=\/wp\/v2\/users\/211878710"}],"replies":[{"embeddable":true,"href":"https:\/\/lekahuin.com\/index.php?rest_route=%2Fwp%2Fv2%2Fcomments&post=12091"}],"version-history":[{"count":5,"href":"https:\/\/lekahuin.com\/index.php?rest_route=\/wp\/v2\/posts\/12091\/revisions"}],"predecessor-version":[{"id":12229,"href":"https:\/\/lekahuin.com\/index.php?rest_route=\/wp\/v2\/posts\/12091\/revisions\/12229"}],"wp:attachment":[{"href":"https:\/\/lekahuin.com\/index.php?rest_route=%2Fwp%2Fv2%2Fmedia&parent=12091"}],"wp:term":[{"taxonomy":"category","embeddable":true,"href":"https:\/\/lekahuin.com\/index.php?rest_route=%2Fwp%2Fv2%2Fcategories&post=12091"},{"taxonomy":"post_tag","embeddable":true,"href":"https:\/\/lekahuin.com\/index.php?rest_route=%2Fwp%2Fv2%2Ftags&post=12091"}],"curies":[{"name":"wp","href":"https:\/\/api.w.org\/{rel}","templated":true}]}}