{"id":12635,"date":"2025-03-04T02:17:00","date_gmt":"2025-03-04T01:17:00","guid":{"rendered":"https:\/\/lekahuin.com\/?p=12635"},"modified":"2025-03-04T02:17:00","modified_gmt":"2025-03-04T01:17:00","slug":"memoria-campo-de-concentracion-puchuncavi","status":"publish","type":"post","link":"https:\/\/lekahuin.com\/?p=12635","title":{"rendered":"Memoria &#8211; Campo de concentraci\u00f3n Puchuncav\u00ed"},"content":{"rendered":"\n<h2 class=\"wp-block-heading has-text-align-center\">CORPORACI\u00d3N MELINKA-PUCHUNCAV\u00cd<br>2024: UN A\u00d1O DE RECONOCIMIENTOS Y TRABAJO COMUNITARIO<\/h2>\n\n\n<div class=\"wp-block-image\">\n<figure class=\"aligncenter size-full is-resized\"><img data-recalc-dims=\"1\" fetchpriority=\"high\" decoding=\"async\" width=\"538\" height=\"218\" data-attachment-id=\"12637\" data-permalink=\"https:\/\/lekahuin.com\/?attachment_id=12637\" data-orig-file=\"https:\/\/i0.wp.com\/lekahuin.com\/wp-content\/uploads\/2025\/03\/puchuncavi-01.jpg?fit=538%2C218&amp;ssl=1\" data-orig-size=\"538,218\" data-comments-opened=\"1\" data-image-meta=\"{&quot;aperture&quot;:&quot;0&quot;,&quot;credit&quot;:&quot;&quot;,&quot;camera&quot;:&quot;&quot;,&quot;caption&quot;:&quot;&quot;,&quot;created_timestamp&quot;:&quot;0&quot;,&quot;copyright&quot;:&quot;&quot;,&quot;focal_length&quot;:&quot;0&quot;,&quot;iso&quot;:&quot;0&quot;,&quot;shutter_speed&quot;:&quot;0&quot;,&quot;title&quot;:&quot;&quot;,&quot;orientation&quot;:&quot;0&quot;}\" data-image-title=\"puchuncavi 01\" data-image-description=\"\" data-image-caption=\"\" data-large-file=\"https:\/\/i0.wp.com\/lekahuin.com\/wp-content\/uploads\/2025\/03\/puchuncavi-01.jpg?fit=538%2C218&amp;ssl=1\" src=\"https:\/\/i0.wp.com\/lekahuin.com\/wp-content\/uploads\/2025\/03\/puchuncavi-01.jpg?resize=538%2C218&#038;ssl=1\" alt=\"\" class=\"wp-image-12637\" style=\"width:574px;height:auto\" srcset=\"https:\/\/i0.wp.com\/lekahuin.com\/wp-content\/uploads\/2025\/03\/puchuncavi-01.jpg?w=538&amp;ssl=1 538w, https:\/\/i0.wp.com\/lekahuin.com\/wp-content\/uploads\/2025\/03\/puchuncavi-01.jpg?resize=300%2C122&amp;ssl=1 300w, https:\/\/i0.wp.com\/lekahuin.com\/wp-content\/uploads\/2025\/03\/puchuncavi-01.jpg?resize=150%2C61&amp;ssl=1 150w\" sizes=\"(max-width: 538px) 100vw, 538px\" \/><\/figure>\n<\/div>\n\n\n<p class=\"has-drop-cap has-text-align-justify wp-block-paragraph\"><em>Con la participaci\u00f3n en seminarios y conversatorios, adem\u00e1s de un reconocimiento a su presidente, la Corporaci\u00f3n de Memoria y Cultura Melinka-Puchuncav\u00ed cerr\u00f3 meses de intenso trabajo en defensa de la memoria y la educaci\u00f3n en derechos humanos<\/em>.<br><br>El 2024 comenz\u00f3 con importantes mejoras en Melinka, reafirmando su compromiso con la construcci\u00f3n y preservaci\u00f3n de la memoria de quienes pasaron por este espacio. Un hito clave del a\u00f1o fue la obtenci\u00f3n del fondo concursable del Programa para Sitios de Memoria 2024, un avance significativo para la gesti\u00f3n y conservaci\u00f3n patrimonial de este lugar hist\u00f3rico.<br>Durante el a\u00f1o, la c<strong>omunidad de Melinka ampli\u00f3 su trabajo de difusi\u00f3n y educaci\u00f3n sobre la memoria hist\u00f3rica,\u00a0<\/strong>participando de espacios como el\u00a0<strong>Seminario Internacional Sobre Negacionismo<\/strong>, conversatorios en la Cineteca Nacional y actividades relacionadas al D\u00eda Internacional de los Museos y al D\u00eda Nacional de Patrimonio. Estas instancias han consolidado al sitio como un espacio fundamental para la reflexi\u00f3n sobre derechos humanos.<br>La\u00a0<strong>apertura del lugar a nuevas generaciones ha sido otro pilar clave en el sitio de memoria<\/strong>. En 2024 se reforzaron las visitas guiadas para estudiantes, personas mayores y delegaciones internacionales, promoviendo el aprendizaje activo sobre la historia reciente. \u201cEducar a las nuevas generaciones sobre nuestra historia reciente es una responsabilidad que tenemos como sociedad, pero en particular los espacios de memoria trabajamos continuamente para difundir la importancia del respeto de los Derechos Humanos y as\u00ed sentar las bases para el futuro\u201d, indic\u00f3 el presidente de Melinka y exprisionero pol\u00edtico Rodrigo del Villar Ca\u00f1as.\u00a0<br>La<strong>\u00a0mantenci\u00f3n del sitio de memoria<\/strong>\u00a0fue un pilar de trabajo relevante para la corporaci\u00f3n. Si bien a\u00fan existen falencias, como el no contar con agua potable o \u00e1reas techadas para el desarrollo de actividades con la comunidad, los esfuerzos han estado enfocados en transformar el lugar, impulso que tambi\u00e9n continuar\u00e1 en 2025.<br>El a\u00f1o tambi\u00e9n estuvo marcado por un\u00a0<strong>reconocimiento especial<\/strong>\u00a0a quienes han dedicado su vida a esta causa. Rodrigo del Villar Ca\u00f1as fue reconocido con el Premio Regional 2024 por la trayectoria en la Cultura,\u00a0 Memoria y Derechos Humanos, del Ministerio de las Culturas las Artes y del Patrimonio, regi\u00f3n de Valpara\u00edso. En la instancia, del Villar se\u00f1al\u00f3 que \u201ceste reconocimiento no es solo para m\u00ed, es la suma del reconocimiento de muchas peleas individuales, propias y colectivas y de una corporaci\u00f3n con poca gente, muy entregada a la causa de la memoria y los derechos humanos, que se ha esforzado durante a\u00f1os. Llevamos m\u00e1s de 10 a\u00f1os para levantar esta historia y rescatar lo ocurrido en el campo de concentraci\u00f3n; en eso yo concentro lo que es este premio\u201d.<br>Tambi\u00e9n en este tiempo destac\u00f3 el\u00a0<strong>trabajo en conjunto con los sobrevivientes, ex prisioneros pol\u00edticos<\/strong>, a nivel por la construcci\u00f3n de la memoria a trav\u00e9s de diversos encuentros presenciales y virtuales.<br>El a\u00f1o asimismo estuvo marcado por el\u00a0<strong>d\u00e9cimo aniversario de la Corporaci\u00f3n de Memoria y Cultura<\/strong>, un hito que fue conmemorado con un recorrido por el sitio y una serie de publicaciones en redes sociales, pensadas exclusivamente para ese contexto, destacando el trabajo solidario de todos estos a\u00f1os. Con el tiempo y el compromiso colectivo, Melinka se ha consolidado como un s\u00edmbolo de resistencia y un referente en la lucha por la memoria y los derechos humanos.<\/p>\n","protected":false},"excerpt":{"rendered":"<div class=\"mh-excerpt\"><p>CORPORACI\u00d3N MELINKA-PUCHUNCAV\u00cd2024: UN A\u00d1O DE RECONOCIMIENTOS Y TRABAJO COMUNITARIO Con la participaci\u00f3n en seminarios y conversatorios, adem\u00e1s de un reconocimiento a su presidente, la Corporaci\u00f3n <a class=\"mh-excerpt-more\" href=\"https:\/\/lekahuin.com\/?p=12635\" title=\"Memoria &#8211; Campo de concentraci\u00f3n Puchuncav\u00ed\">[&#8230;]<\/a><\/p>\n<\/div>","protected":false},"author":211878710,"featured_media":0,"comment_status":"open","ping_status":"open","sticky":false,"template":"","format":"standard","meta":{"_coblocks_attr":"","_coblocks_dimensions":"","_coblocks_responsive_height":"","_coblocks_accordion_ie_support":"","_crdt_document":"","advanced_seo_description":"","jetpack_seo_html_title":"","jetpack_seo_noindex":false,"_jetpack_newsletter_access":"","_jetpack_dont_email_post_to_subs":false,"_jetpack_newsletter_tier_id":0,"_jetpack_memberships_contains_paywalled_content":false,"_jetpack_memberships_contains_paid_content":false,"footnotes":"","jetpack_post_was_ever_published":false},"categories":[55294247,55294255],"tags":[],"class_list":["post-12635","post","type-post","status-publish","format-standard","hentry","category-chile","category-memoria"],"jetpack_featured_media_url":"","jetpack_likes_enabled":true,"jetpack_sharing_enabled":true,"jetpack_shortlink":"https:\/\/wp.me\/pdoWOp-3hN","jetpack-related-posts":[{"id":13990,"url":"https:\/\/lekahuin.com\/?p=13990","url_meta":{"origin":12635,"position":0},"title":"Memoria &#8211; Operaci\u00f3n Colombo","author":"Le Kahuin","date":"25 juillet 2025","format":false,"excerpt":"HACE 50 A\u00d1OS, 98 PRISIONEROS POL\u00cdTICOS INICIARON UNA HUELGA DE HAMBRE EN EL CAMPO DE CONCENTRACI\u00d3N DE PUCHUNCAV\u00cd PARA DENUNCIAR EL MONTAJE DE LA OPERACI\u00d3N COLOMBO. El 24 de Julio 1975, el vespertino La Segunda, junto a otros medios argentinos y brasile\u00f1os, publicaba la terrible informaci\u00f3n de un montaje denominado\u2026","rel":"","context":"Dans &quot;Non class\u00e9&quot;","block_context":{"text":"Non class\u00e9","link":"https:\/\/lekahuin.com\/?cat=6325"},"img":{"alt_text":"","src":"https:\/\/i0.wp.com\/lekahuin.com\/wp-content\/uploads\/2025\/07\/la-segunda-colombo.webp?resize=350%2C200&ssl=1","width":350,"height":200},"classes":[]},{"id":2644,"url":"https:\/\/lekahuin.com\/?p=2644","url_meta":{"origin":12635,"position":1},"title":"Chile","author":"Le Kahuin","date":"26 septembre 2022","format":false,"excerpt":"MAS DE 90 ORGANIZACIONES SOCIALES SE PRONUNCIAN POR UNA CONVENCION CONSTITUCIONAL SOBERANA M\u00e1s de 90 organizaciones sociales, acad\u00e9micas, de derechos humanos, vecinales, sindicales y profesionales, se pronunciaron en favor de una Convenci\u00f3n Constitucional soberana, al tiempo de denunciar los intentos de la clase pol\u00edtica de apropiarse de proceso constitucional para,\u2026","rel":"","context":"Dans &quot;Non class\u00e9&quot;","block_context":{"text":"Non class\u00e9","link":"https:\/\/lekahuin.com\/?cat=6325"},"img":{"alt_text":"","src":"https:\/\/i0.wp.com\/lekahuin.com\/wp-content\/uploads\/2022\/09\/mas-de-90-organizaciones-sociales-se-pronuncian_01.png?resize=350%2C200","width":350,"height":200,"srcset":"https:\/\/i0.wp.com\/lekahuin.com\/wp-content\/uploads\/2022\/09\/mas-de-90-organizaciones-sociales-se-pronuncian_01.png?resize=350%2C200 1x, https:\/\/i0.wp.com\/lekahuin.com\/wp-content\/uploads\/2022\/09\/mas-de-90-organizaciones-sociales-se-pronuncian_01.png?resize=525%2C300 1.5x, https:\/\/i0.wp.com\/lekahuin.com\/wp-content\/uploads\/2022\/09\/mas-de-90-organizaciones-sociales-se-pronuncian_01.png?resize=700%2C400 2x, https:\/\/i0.wp.com\/lekahuin.com\/wp-content\/uploads\/2022\/09\/mas-de-90-organizaciones-sociales-se-pronuncian_01.png?resize=1050%2C600 3x, https:\/\/i0.wp.com\/lekahuin.com\/wp-content\/uploads\/2022\/09\/mas-de-90-organizaciones-sociales-se-pronuncian_01.png?resize=1400%2C800 4x"},"classes":[]},{"id":5686,"url":"https:\/\/lekahuin.com\/?p=5686","url_meta":{"origin":12635,"position":2},"title":"Memoria &#8211; Nelson Cabrera V\u00e1squez (Neco)","author":"Le Kahuin","date":"19 mai 2023","format":false,"excerpt":"Delante del Cuartel Silva Palma, denuncia del lugar como centro de tortura bajo la dictadura militar. Aunque desafectado, el recinto pertenece siempre a la Marina Nacional 20 de marzo de2008.- \u00a0Acogida de la nave japonesa ''Peace Boat'' (Buque por la Paz) con visitas de los lugares que fueron centros de\u2026","rel":"","context":"Dans &quot;Non class\u00e9&quot;","block_context":{"text":"Non class\u00e9","link":"https:\/\/lekahuin.com\/?cat=6325"},"img":{"alt_text":"","src":"https:\/\/i0.wp.com\/lekahuin.com\/wp-content\/uploads\/2023\/05\/museo-historico-neco.png?resize=350%2C200&ssl=1","width":350,"height":200,"srcset":"https:\/\/i0.wp.com\/lekahuin.com\/wp-content\/uploads\/2023\/05\/museo-historico-neco.png?resize=350%2C200&ssl=1 1x, https:\/\/i0.wp.com\/lekahuin.com\/wp-content\/uploads\/2023\/05\/museo-historico-neco.png?resize=525%2C300&ssl=1 1.5x"},"classes":[]},{"id":2996,"url":"https:\/\/lekahuin.com\/?p=2996","url_meta":{"origin":12635,"position":3},"title":"Chile","author":"Le Kahuin","date":"24 novembre 2022","format":false,"excerpt":"FRENTE AL RECHAZO DE LOS DIPUTADOS AL PRESUPUESTO PARA LAS ORGANIZACIONES DE MEMORIA \u00a0Y DEFENSA DE LOS DDHH Desde Par\u00eds, el Consejo de Administraci\u00f3n de la Asociaci\u00f3n de expresos pol\u00edticos chilenos \u2013 Francia, se refiri\u00f3 al rechazo por parte de los diputados de la derecha y algunos de la Democracia\u2026","rel":"","context":"Dans &quot;Non class\u00e9&quot;","block_context":{"text":"Non class\u00e9","link":"https:\/\/lekahuin.com\/?cat=6325"},"img":{"alt_text":"","src":"https:\/\/i0.wp.com\/lekahuin.com\/wp-content\/uploads\/2022\/11\/indh.jpg?resize=350%2C200&ssl=1","width":350,"height":200},"classes":[]},{"id":11317,"url":"https:\/\/lekahuin.com\/?p=11317","url_meta":{"origin":12635,"position":4},"title":"Cultura &#8211; Libro","author":"Le Kahuin","date":"26 octobre 2024","format":false,"excerpt":"CUANDO LA MEMORIA ERA UN R\u00cdO.CANTARES DE OSVALDO TORRES Por Sergio Zamora Este libro sobre el folclorista Osvaldo Torres, escrito por el soci\u00f3logo Bernardo Guerrero conjuga con habilidad literaria la historia personal de Osvaldo \u2013 su entorno sociocultural cuando ni\u00f1o y joven, su trayectoria de artista ya adulto \u2013 con\u2026","rel":"","context":"Dans &quot;CULTURA&quot;","block_context":{"text":"CULTURA","link":"https:\/\/lekahuin.com\/?cat=55294249"},"img":{"alt_text":"","src":"https:\/\/i0.wp.com\/lekahuin.com\/wp-content\/uploads\/2024\/10\/cuando-la-memoria-era-un-rio.jpg?resize=350%2C200&ssl=1","width":350,"height":200},"classes":[]},{"id":8765,"url":"https:\/\/lekahuin.com\/?p=8765","url_meta":{"origin":12635,"position":5},"title":"Chile &#8211; Estadio Nacional","author":"Le Kahuin","date":"18 f\u00e9vrier 2024","format":false,"excerpt":"COMUNICADO DE PRENSA: VANDALIZACI\u00d3N DE SITIOS DE MEMORIA DEL ESTADIO NACIONAL Febrero 13, 2024 Como Sitios de Memoria del Estadio Nacional, condenamos la violencia irracional y nos preocupa la profanaci\u00f3n de la memoria y el dolor de v\u00edctimas y tambi\u00e9n sus familiares, quienes sufrieron el dolor de la dictadura civil\u2026","rel":"","context":"Dans &quot;CHILE&quot;","block_context":{"text":"CHILE","link":"https:\/\/lekahuin.com\/?cat=55294247"},"img":{"alt_text":"","src":"https:\/\/i0.wp.com\/lekahuin.com\/wp-content\/uploads\/2024\/02\/Sitio-memoria-Estadio-Nacional.png?resize=350%2C200&ssl=1","width":350,"height":200,"srcset":"https:\/\/i0.wp.com\/lekahuin.com\/wp-content\/uploads\/2024\/02\/Sitio-memoria-Estadio-Nacional.png?resize=350%2C200&ssl=1 1x, https:\/\/i0.wp.com\/lekahuin.com\/wp-content\/uploads\/2024\/02\/Sitio-memoria-Estadio-Nacional.png?resize=525%2C300&ssl=1 1.5x, https:\/\/i0.wp.com\/lekahuin.com\/wp-content\/uploads\/2024\/02\/Sitio-memoria-Estadio-Nacional.png?resize=700%2C400&ssl=1 2x, https:\/\/i0.wp.com\/lekahuin.com\/wp-content\/uploads\/2024\/02\/Sitio-memoria-Estadio-Nacional.png?resize=1050%2C600&ssl=1 3x, https:\/\/i0.wp.com\/lekahuin.com\/wp-content\/uploads\/2024\/02\/Sitio-memoria-Estadio-Nacional.png?resize=1400%2C800&ssl=1 4x"},"classes":[]}],"_links":{"self":[{"href":"https:\/\/lekahuin.com\/index.php?rest_route=\/wp\/v2\/posts\/12635","targetHints":{"allow":["GET"]}}],"collection":[{"href":"https:\/\/lekahuin.com\/index.php?rest_route=\/wp\/v2\/posts"}],"about":[{"href":"https:\/\/lekahuin.com\/index.php?rest_route=\/wp\/v2\/types\/post"}],"author":[{"embeddable":true,"href":"https:\/\/lekahuin.com\/index.php?rest_route=\/wp\/v2\/users\/211878710"}],"replies":[{"embeddable":true,"href":"https:\/\/lekahuin.com\/index.php?rest_route=%2Fwp%2Fv2%2Fcomments&post=12635"}],"version-history":[{"count":5,"href":"https:\/\/lekahuin.com\/index.php?rest_route=\/wp\/v2\/posts\/12635\/revisions"}],"predecessor-version":[{"id":12641,"href":"https:\/\/lekahuin.com\/index.php?rest_route=\/wp\/v2\/posts\/12635\/revisions\/12641"}],"wp:attachment":[{"href":"https:\/\/lekahuin.com\/index.php?rest_route=%2Fwp%2Fv2%2Fmedia&parent=12635"}],"wp:term":[{"taxonomy":"category","embeddable":true,"href":"https:\/\/lekahuin.com\/index.php?rest_route=%2Fwp%2Fv2%2Fcategories&post=12635"},{"taxonomy":"post_tag","embeddable":true,"href":"https:\/\/lekahuin.com\/index.php?rest_route=%2Fwp%2Fv2%2Ftags&post=12635"}],"curies":[{"name":"wp","href":"https:\/\/api.w.org\/{rel}","templated":true}]}}