{"id":12695,"date":"2025-03-23T10:42:36","date_gmt":"2025-03-23T09:42:36","guid":{"rendered":"https:\/\/lekahuin.com\/?p=12695"},"modified":"2025-03-23T18:13:44","modified_gmt":"2025-03-23T17:13:44","slug":"internacional-palestina-documentales","status":"publish","type":"post","link":"https:\/\/lekahuin.com\/?p=12695","title":{"rendered":"Internacional &#8211; Palestina &#8211; Documentales"},"content":{"rendered":"\n<h2 class=\"wp-block-heading has-text-align-center\"><strong>PEL\u00cdCULAS PARA CONOCER LA REALIDAD PALESTINA Y PARA COMPROMETERSE M\u00c1S Y MEJOR CON SU PUEBLO<\/strong><\/h2>\n\n\n<div class=\"wp-block-image\">\n<figure class=\"aligncenter size-full is-resized\"><img data-recalc-dims=\"1\" fetchpriority=\"high\" decoding=\"async\" width=\"400\" height=\"225\" data-attachment-id=\"12744\" data-permalink=\"https:\/\/lekahuin.com\/?attachment_id=12744\" data-orig-file=\"https:\/\/i0.wp.com\/lekahuin.com\/wp-content\/uploads\/2025\/03\/guerra-gaza-israel-hamas-ruptura-tregua.jpg?fit=400%2C225&amp;ssl=1\" data-orig-size=\"400,225\" data-comments-opened=\"1\" data-image-meta=\"{&quot;aperture&quot;:&quot;0&quot;,&quot;credit&quot;:&quot;&quot;,&quot;camera&quot;:&quot;&quot;,&quot;caption&quot;:&quot;&quot;,&quot;created_timestamp&quot;:&quot;0&quot;,&quot;copyright&quot;:&quot;&quot;,&quot;focal_length&quot;:&quot;0&quot;,&quot;iso&quot;:&quot;0&quot;,&quot;shutter_speed&quot;:&quot;0&quot;,&quot;title&quot;:&quot;&quot;,&quot;orientation&quot;:&quot;0&quot;}\" data-image-title=\"guerra-gaza-israel-hamas-ruptura-tregua\" data-image-description=\"\" data-image-caption=\"\" data-large-file=\"https:\/\/i0.wp.com\/lekahuin.com\/wp-content\/uploads\/2025\/03\/guerra-gaza-israel-hamas-ruptura-tregua.jpg?fit=400%2C225&amp;ssl=1\" src=\"https:\/\/i0.wp.com\/lekahuin.com\/wp-content\/uploads\/2025\/03\/guerra-gaza-israel-hamas-ruptura-tregua.jpg?resize=400%2C225&#038;ssl=1\" alt=\"\" class=\"wp-image-12744\" style=\"width:484px;height:auto\" srcset=\"https:\/\/i0.wp.com\/lekahuin.com\/wp-content\/uploads\/2025\/03\/guerra-gaza-israel-hamas-ruptura-tregua.jpg?w=400&amp;ssl=1 400w, https:\/\/i0.wp.com\/lekahuin.com\/wp-content\/uploads\/2025\/03\/guerra-gaza-israel-hamas-ruptura-tregua.jpg?resize=300%2C169&amp;ssl=1 300w, https:\/\/i0.wp.com\/lekahuin.com\/wp-content\/uploads\/2025\/03\/guerra-gaza-israel-hamas-ruptura-tregua.jpg?resize=150%2C84&amp;ssl=1 150w\" sizes=\"(max-width: 400px) 100vw, 400px\" \/><figcaption class=\"wp-element-caption\"><strong>Israel rompi\u00f3 la truega y reanud\u00f3 bombardeos en Gaza<\/strong><\/figcaption><\/figure>\n<\/div>\n\n\n<p class=\"has-text-align-center wp-block-paragraph\">A la luz de los acontecimientos actuales en Palestina, un gran n\u00famero de cineastas ha puesto sus pel\u00edculas sobre Palestina a disposici\u00f3n en l\u00ednea de forma gratuita.<br>En este post, compartimos los enlaces con las pel\u00edculas, que puedes ver y compartir para difundir a todo el mundo el mensaje del pueblo palestino, su historia y la lucha por su liberaci\u00f3n.<br><br>&#8211; Una <strong>colecci\u00f3n de documentales<\/strong> publicada por Al Jazeera Documentary:<br><a href=\"https:\/\/bit.ly\/3yp2nBI\" rel=\"nofollow\">https:\/\/bit.ly\/3yp2nBI<\/a><br><a href=\"https:\/\/bit.ly\/2SSpMeC\" rel=\"nofollow\">https:\/\/bit.ly\/2SSpMeC<\/a><br><a href=\"https:\/\/bit.ly\/3f0KK3P\" rel=\"nofollow\">https:\/\/bit.ly\/3f0KK3P<\/a><br><br>&#8211; El documental <strong>\u00ab\u00a0Guardi\u00e1n de la memoria\u00a0\u00bb:<br><\/strong><a href=\"https:\/\/youtu.be\/eywuYeflWzg\" rel=\"nofollow\">https:\/\/youtu.be\/eywuYeflWzg<\/a><br><br>&#8211; El documental <strong>\u00ab\u00a0Un asiento vac\u00edo\u00a0\u00bb:<br><\/strong><a href=\"https:\/\/youtu.be\/an4hRFWOSQQ\" rel=\"nofollow\">https:\/\/youtu.be\/an4hRFWOSQQ<\/a><br><br>&#8211; El documental <strong>\u00ab\u00a0El piloto de la resistencia\u00a0\u00bb<\/strong>:<br><a href=\"https:\/\/youtu.be\/wqSmdZy-Xcg\" rel=\"nofollow\">https:\/\/youtu.be\/wqSmdZy-Xcg<\/a><br><br>&#8211; El documental <strong>\u00ab\u00a0Jenin\u00a0\u00bb:<br><\/strong><a href=\"https:\/\/vimeo.com\/499672067\" rel=\"nofollow\">https:\/\/vimeo.com\/499672067<\/a><br><br>&#8211; El documental <strong>\u00ab\u00a0El olivo\u00a0\u00bb:<br><\/strong><a href=\"https:\/\/vimeo.com\/432062498\" rel=\"nofollow\">https:\/\/vimeo.com\/432062498<\/a><br><br>&#8211; El documental <strong>\u00ab\u00a0Escenas de la ocupaci\u00f3n en Gaza 1973\u00a0\u00bb:<br><\/strong><a href=\"https:\/\/youtu.be\/1JlIwmnYnlE\" rel=\"nofollow\">https:\/\/youtu.be\/1JlIwmnYnlE<\/a><br><br>&#8211; El documental <strong>\u00ab\u00a0Gaza lucha por la libertad\u00a0\u00bb:<br><\/strong><a href=\"https:\/\/youtu.be\/HnZSaKYmP2s\" rel=\"nofollow\">https:\/\/youtu.be\/HnZSaKYmP2s<\/a><br><br>&#8211; El documental <strong>\u00ab\u00a0Los hijos de Arna\u00a0\u00bb:<br><\/strong><a href=\"https:\/\/youtu.be\/cQZiHgbBBcI\" rel=\"nofollow\">https:\/\/youtu.be\/cQZiHgbBBcI<\/a><br><br>&#8211; El cortometraje <strong>\u00ab\u00a0Strawberry\u00a0\u00bb:<br><\/strong><a href=\"https:\/\/vimeo.com\/209189656\/e5510a6064\" rel=\"nofollow\">https:\/\/vimeo.com\/209189656\/e5510a6064<\/a><br><br>&#8211; El cortometraje <strong>\u00ab\u00a0The Place\u00a0\u00bb:<br><\/strong><a href=\"https:\/\/youtu.be\/fgcIVhNvsII\" rel=\"nofollow\">https:\/\/youtu.be\/fgcIVhNvsII<\/a><br><br>&#8211; El documental <strong>\u00ab\u00a0El alcalde\u00a0\u00bb:<br><\/strong><a href=\"https:\/\/youtu.be\/aDvOnhssTcc\" rel=\"nofollow\">https:\/\/youtu.be\/aDvOnhssTcc<\/a><br><br>&#8211; El documental <strong>\u00ab\u00a0La creaci\u00f3n y la Nakba 1948\u00a0\u00bb:<br><\/strong><a href=\"https:\/\/youtu.be\/Bwy-Rf15UIs\" rel=\"nofollow\">https:\/\/youtu.be\/Bwy-Rf15UIs<\/a><br><br>&#8211; El documental <strong>\u00ab\u00a0Ocupaci\u00f3n 101\u00a0\u00bb:<br><\/strong><a href=\"https:\/\/youtu.be\/C56QcWOGSKk\" rel=\"nofollow\">https:\/\/youtu.be\/C56QcWOGSKk<\/a><br><br>&#8211; El documental <strong>\u00ab\u00a0La sombra de la ausencia\u00a0\u00bb:<br><\/strong><a href=\"https:\/\/vimeo.com\/220119035\" rel=\"nofollow\">https:\/\/vimeo.com\/220119035<\/a><br><br>&#8211; El documental <strong>\u00ab\u00a0Los que no existen\u00a0\u00bb:<br><\/strong><a href=\"https:\/\/youtu.be\/2WZ_7Z6vbsg\" rel=\"nofollow\">https:\/\/youtu.be\/2WZ_7Z6vbsg<\/a><br><br>&#8211; El documental <strong>\u00ab\u00a0Como dijo el poeta\u00a0\u00bb:<br><\/strong><a href=\"https:\/\/vimeo.com\/220116068\" rel=\"nofollow\">https:\/\/vimeo.com\/220116068<\/a><br><br>&#8211; El documental <strong>\u00ab\u00a0Cinco c\u00e1maras rotas\u00a0\u00bb:<br><\/strong><a href=\"https:\/\/youtu.be\/TZU9hYIgXZw\" rel=\"nofollow\">https:\/\/youtu.be\/TZU9hYIgXZw<\/a><br><br>&#8211; El largometraje <strong>\u00ab\u00a0Paradise Now\u00a0\u00bb:<br><\/strong><a href=\"https:\/\/vimeo.com\/510883804\" rel=\"nofollow\">https:\/\/vimeo.com\/510883804<\/a><br><br>&#8211; El cortometraje <strong>\u00ab\u00a0Abnadam\u00a0\u00bb:<br><\/strong><a href=\"https:\/\/youtu.be\/I&#8211;r85cOoXM\" rel=\"nofollow\">https:\/\/youtu.be\/I&#8211;r85cOoXM<\/a><br><br>&#8211; El largometraje <strong>\u00ab\u00a0Bodas de Galilea\u00a0\u00bb:<br><\/strong><a href=\"https:\/\/youtu.be\/dYMQw7hQI1U\" rel=\"nofollow\">https:\/\/youtu.be\/dYMQw7hQI1U<\/a><br><br>&#8211; El largometraje <strong>\u00ab\u00a0Kofia\u00a0\u00bb:<br><\/strong><a href=\"https:\/\/vimeo.com\/780695653\" rel=\"nofollow\">https:\/\/vimeo.com\/780695653<\/a><br><br>&#8211; El largometraje documental <strong>\u00ab\u00a0Slingshot Hip Hop\u00a0\u00bb:<br><\/strong><a href=\"https:\/\/youtu.be\/hHFlWE3N9Ik\" rel=\"nofollow\">https:\/\/youtu.be\/hHFlWE3N9Ik<\/a><br><br>&#8211; El largometraje documental <strong>\u00ab\u00a0Tel Al-Zaatar\u00a0\u00bb:<br><\/strong><a href=\"https:\/\/youtu.be\/Ma8H3sEbqtI\" rel=\"nofollow\">https:\/\/youtu.be\/Ma8H3sEbqtI<\/a><br><br>&#8211; El largometraje documental <strong>\u00ab\u00a0Tal al-Zaatar &#8211; Detr\u00e1s de la batalla\u00a0\u00bb:<br><\/strong><a href=\"https:\/\/youtu.be\/Ma8H3sEbqtI\" rel=\"nofollow\">https:\/\/youtu.be\/Ma8H3sEbqtI<\/a><br><br>&#8211; El documental <strong>\u00ab\u00a0In the Grip of the Resistance\u00a0\u00bb:<br><\/strong><a href=\"https:\/\/youtu.be\/htJ10ACWQJM\" rel=\"nofollow\">https:\/\/youtu.be\/htJ10ACWQJM<\/a><br><br>&#8211; El documental <strong>\u00ab\u00a0Swings\u00a0\u00bb:<br><\/strong><a href=\"https:\/\/youtu.be\/gMk-Zi9vTGs\" rel=\"nofollow\">https:\/\/youtu.be\/gMk-Zi9vTGs<\/a><br><br>&#8211; El documental <strong>\u00ab\u00a0Naji al-Ali es un artista visionario\u00a0\u00bb:<br><\/strong><a href=\"https:\/\/youtu.be\/Y31yUi4WVsU\" rel=\"nofollow\">https:\/\/youtu.be\/Y31yUi4WVsU<\/a><br><br>&#8211; El documental <strong>\u00ab\u00a0La puerta superior\u00a0\u00bb:<br><\/strong><a href=\"https:\/\/vimeo.com\/433362585\" rel=\"nofollow\">https:\/\/vimeo.com\/433362585<\/a><br><br>&#8211; El largometraje documental <strong>\u00ab\u00a0En busca de Palestina\u00a0\u00bb:<br><\/strong><a href=\"https:\/\/vimeo.com\/184213685?1\" rel=\"nofollow\">https:\/\/vimeo.com\/184213685?1<\/a><br><br>&#8211; El largometraje <strong>\u00ab\u00a0La sal de este mar\u00a0\u00bb:<br><\/strong><a href=\"https:\/\/bit.ly\/3c10G3Z\" rel=\"nofollow\">https:\/\/bit.ly\/3c10G3Z<\/a><br><br>&#8211; El largometraje documental <strong>\u00ab\u00a0Hakki Ya Bird\u00a0\u00bb:<br><\/strong><a href=\"https:\/\/youtu.be\/wdkoxBjKM1Q\" rel=\"nofollow\">https:\/\/youtu.be\/wdkoxBjKM1Q<\/a><br><br>&#8211; La serie <strong>\u00ab\u00a0Palestina Al-Taghriba\u00a0\u00bb:<br><\/strong><a href=\"https:\/\/bit.ly\/3bXNAVp\" rel=\"nofollow\">https:\/\/bit.ly\/3bXNAVp<\/a><br><br>&#8211; La serie <strong>\u00ab\u00a0Yo soy Jerusal\u00e9n\u00a0\u00bb:<\/strong><br><a href=\"https:\/\/bit.ly\/3hG8sDV\">https:\/\/bit.ly\/3hG8sDV<\/a><strong><br><\/strong><\/p>\n","protected":false},"excerpt":{"rendered":"<div class=\"mh-excerpt\"><p>PEL\u00cdCULAS PARA CONOCER LA REALIDAD PALESTINA Y PARA COMPROMETERSE M\u00c1S Y MEJOR CON SU PUEBLO A la luz de los acontecimientos actuales en Palestina, un <a class=\"mh-excerpt-more\" href=\"https:\/\/lekahuin.com\/?p=12695\" title=\"Internacional &#8211; Palestina &#8211; Documentales\">[&#8230;]<\/a><\/p>\n<\/div>","protected":false},"author":211878710,"featured_media":0,"comment_status":"open","ping_status":"open","sticky":false,"template":"","format":"standard","meta":{"_coblocks_attr":"","_coblocks_dimensions":"","_coblocks_responsive_height":"","_coblocks_accordion_ie_support":"","_crdt_document":"","advanced_seo_description":"","jetpack_seo_html_title":"","jetpack_seo_noindex":false,"_jetpack_newsletter_access":"","_jetpack_dont_email_post_to_subs":false,"_jetpack_newsletter_tier_id":0,"_jetpack_memberships_contains_paywalled_content":false,"_jetpack_memberships_contains_paid_content":false,"footnotes":"","jetpack_post_was_ever_published":false},"categories":[55294248],"tags":[],"class_list":["post-12695","post","type-post","status-publish","format-standard","hentry","category-internacional"],"jetpack_featured_media_url":"","jetpack_likes_enabled":true,"jetpack_sharing_enabled":true,"jetpack_shortlink":"https:\/\/wp.me\/pdoWOp-3iL","jetpack-related-posts":[{"id":15479,"url":"https:\/\/lekahuin.com\/?p=15479","url_meta":{"origin":12695,"position":0},"title":"Internacional &#8211; Gaza &#8211; Hind Rajab","author":"Le Kahuin","date":"25 d\u00e9cembre 2025","format":false,"excerpt":"LA VOZ DE UNA PEQUE\u00d1A DE CINCO A\u00d1OS: LA M\u00c1S POTENTE DENUNCIA DEL GENOCIDIO EN GAZA El 29 de enero de 2024, Hind Rajab, una peque\u00f1a\u00a0gazat\u00ed de cinco a\u00f1os \u00a0\u00a0se encontraba en un autom\u00f3vil junto a seis familiares, primos y t\u00edos, en el barrio de Tel al Awa en la\u2026","rel":"","context":"Dans &quot;INTERNACIONAL&quot;","block_context":{"text":"INTERNACIONAL","link":"https:\/\/lekahuin.com\/?cat=55294248"},"img":{"alt_text":"","src":"https:\/\/i0.wp.com\/lekahuin.com\/wp-content\/uploads\/2025\/12\/Hind-Rajab-1.jpg?resize=350%2C200&ssl=1","width":350,"height":200},"classes":[]},{"id":8998,"url":"https:\/\/lekahuin.com\/?p=8998","url_meta":{"origin":12695,"position":1},"title":"Palestina &#8211; Solidaridad","author":"Le Kahuin","date":"20 f\u00e9vrier 2024","format":false,"excerpt":"CIENTOS DE MILES DE PERSONAS A TRAV\u00c9S DEL MUNDO EN JORNADA DE SOLIDARIDAD CON EL PUEBLO PALESTINO El 14 de febrero reciente, cientos de miles de personas salieron a las calles en el mundo entero para protestar contra el genocidio que lleva adelante Israel en la franja de Gaza y\u2026","rel":"","context":"Dans &quot;INTERNACIONAL&quot;","block_context":{"text":"INTERNACIONAL","link":"https:\/\/lekahuin.com\/?cat=55294248"},"img":{"alt_text":"","src":"https:\/\/i0.wp.com\/lekahuin.com\/wp-content\/uploads\/2024\/02\/internac-gaza.jpg?resize=350%2C200&ssl=1","width":350,"height":200,"srcset":"https:\/\/i0.wp.com\/lekahuin.com\/wp-content\/uploads\/2024\/02\/internac-gaza.jpg?resize=350%2C200&ssl=1 1x, https:\/\/i0.wp.com\/lekahuin.com\/wp-content\/uploads\/2024\/02\/internac-gaza.jpg?resize=525%2C300&ssl=1 1.5x, https:\/\/i0.wp.com\/lekahuin.com\/wp-content\/uploads\/2024\/02\/internac-gaza.jpg?resize=700%2C400&ssl=1 2x, https:\/\/i0.wp.com\/lekahuin.com\/wp-content\/uploads\/2024\/02\/internac-gaza.jpg?resize=1050%2C600&ssl=1 3x"},"classes":[]},{"id":16798,"url":"https:\/\/lekahuin.com\/?p=16798","url_meta":{"origin":12695,"position":2},"title":"Valpara\u00edso &#8211; Palestina","author":"Le Kahuin","date":"27 avril 2026","format":false,"excerpt":"LA CITA POR PALESTINA ES TODOS LOS S\u00c1BADOS, EN EL MUELLE PRAT DE VALPARA\u00cdSO En este mes se cumplir\u00e1n dos a\u00f1os desde que un grupo de compa\u00f1eras y compa\u00f1eros de la Coordinadora por Palestina Valpara\u00edso se re\u00fane, cada s\u00e1bado al mediod\u00eda para realizar una funa al barco MSC embarcaci\u00f3n que\u2026","rel":"","context":"Dans &quot;INTERNACIONAL&quot;","block_context":{"text":"INTERNACIONAL","link":"https:\/\/lekahuin.com\/?cat=55294248"},"img":{"alt_text":"","src":"https:\/\/i0.wp.com\/lekahuin.com\/wp-content\/uploads\/2026\/04\/valpo-manif-01.jpg?resize=350%2C200&ssl=1","width":350,"height":200,"srcset":"https:\/\/i0.wp.com\/lekahuin.com\/wp-content\/uploads\/2026\/04\/valpo-manif-01.jpg?resize=350%2C200&ssl=1 1x, https:\/\/i0.wp.com\/lekahuin.com\/wp-content\/uploads\/2026\/04\/valpo-manif-01.jpg?resize=525%2C300&ssl=1 1.5x, https:\/\/i0.wp.com\/lekahuin.com\/wp-content\/uploads\/2026\/04\/valpo-manif-01.jpg?resize=700%2C400&ssl=1 2x"},"classes":[]},{"id":7679,"url":"https:\/\/lekahuin.com\/?p=7679","url_meta":{"origin":12695,"position":3},"title":"Chile &#8211; Comunidad Palestina","author":"Le Kahuin","date":"26 novembre 2023","format":false,"excerpt":"DECLARACI\u00d3N \u00a0Hoy la comunidad Palestina de Chile expresa su gratitud y felicita al Gobierno de Chile por mantener una postura coherente en cuanto a los Derechos Humanos y el respeto al Derecho Internacional.Esta posici\u00f3n incluye la firme condena de las flagrantes violaciones de Israel a los est\u00e1ndares internacionales en materia\u2026","rel":"","context":"Dans &quot;Non class\u00e9&quot;","block_context":{"text":"Non class\u00e9","link":"https:\/\/lekahuin.com\/?cat=6325"},"img":{"alt_text":"","src":"https:\/\/i0.wp.com\/lekahuin.com\/wp-content\/uploads\/2023\/11\/palestina-santiago.png?resize=350%2C200&ssl=1","width":350,"height":200,"srcset":"https:\/\/i0.wp.com\/lekahuin.com\/wp-content\/uploads\/2023\/11\/palestina-santiago.png?resize=350%2C200&ssl=1 1x, https:\/\/i0.wp.com\/lekahuin.com\/wp-content\/uploads\/2023\/11\/palestina-santiago.png?resize=525%2C300&ssl=1 1.5x, https:\/\/i0.wp.com\/lekahuin.com\/wp-content\/uploads\/2023\/11\/palestina-santiago.png?resize=700%2C400&ssl=1 2x, https:\/\/i0.wp.com\/lekahuin.com\/wp-content\/uploads\/2023\/11\/palestina-santiago.png?resize=1050%2C600&ssl=1 3x"},"classes":[]},{"id":7406,"url":"https:\/\/lekahuin.com\/?p=7406","url_meta":{"origin":12695,"position":4},"title":"Internacional &#8211; Petro &#8211; Palestina","author":"Le Kahuin","date":"29 octobre 2023","format":false,"excerpt":"PETRO DEMOSTR\u00d3 DIGNIDAD E INDEPENDENCIA DE SU GOBIERNO DENUNCIANDO SIN EQU\u00cdVOCOS LOS CR\u00cdMENES DE ISRAEL Tal como ya lo hab\u00eda demostrado al condenar sin equ\u00edvocos la dictadura de Dina Duarte, luego del golpe de Estado en el Per\u00fa, el gobierno de Petro mostr\u00f3 una vez m\u00e1s su independencia y su\u2026","rel":"","context":"Dans &quot;INTERNACIONAL&quot;","block_context":{"text":"INTERNACIONAL","link":"https:\/\/lekahuin.com\/?cat=55294248"},"img":{"alt_text":"","src":"https:\/\/i0.wp.com\/lekahuin.com\/wp-content\/uploads\/2023\/10\/Petro-1.png?resize=350%2C200&ssl=1","width":350,"height":200,"srcset":"https:\/\/i0.wp.com\/lekahuin.com\/wp-content\/uploads\/2023\/10\/Petro-1.png?resize=350%2C200&ssl=1 1x, https:\/\/i0.wp.com\/lekahuin.com\/wp-content\/uploads\/2023\/10\/Petro-1.png?resize=525%2C300&ssl=1 1.5x, https:\/\/i0.wp.com\/lekahuin.com\/wp-content\/uploads\/2023\/10\/Petro-1.png?resize=700%2C400&ssl=1 2x"},"classes":[]},{"id":14486,"url":"https:\/\/lekahuin.com\/?p=14486","url_meta":{"origin":12695,"position":5},"title":"Francia &#8211; Reconocimiento Palestina","author":"Le Kahuin","date":"30 septembre 2025","format":false,"excerpt":"CON BOMBOS Y PLATILLOS, FRANCIA RECONOCE A PALESTINA, PERO MUY A LA SAGA DEL MOVIMIENTO MUNDIAL DE SOLIDARIDAD Foto: La Jornada El 22 de septiembre, el anuncio del reconocimiento del Estado de Palestina por el presidente franc\u00e9s Emmanuel Macron quiso tener las caracter\u00edsticas de un hecho hist\u00f3rico, pero tan pronto\u2026","rel":"","context":"Dans &quot;Non class\u00e9&quot;","block_context":{"text":"Non class\u00e9","link":"https:\/\/lekahuin.com\/?cat=6325"},"img":{"alt_text":"","src":"https:\/\/i0.wp.com\/lekahuin.com\/wp-content\/uploads\/2025\/09\/francia-reconoce-Palestina.webp?resize=350%2C200&ssl=1","width":350,"height":200,"srcset":"https:\/\/i0.wp.com\/lekahuin.com\/wp-content\/uploads\/2025\/09\/francia-reconoce-Palestina.webp?resize=350%2C200&ssl=1 1x, https:\/\/i0.wp.com\/lekahuin.com\/wp-content\/uploads\/2025\/09\/francia-reconoce-Palestina.webp?resize=525%2C300&ssl=1 1.5x, https:\/\/i0.wp.com\/lekahuin.com\/wp-content\/uploads\/2025\/09\/francia-reconoce-Palestina.webp?resize=700%2C400&ssl=1 2x, https:\/\/i0.wp.com\/lekahuin.com\/wp-content\/uploads\/2025\/09\/francia-reconoce-Palestina.webp?resize=1050%2C600&ssl=1 3x"},"classes":[]}],"_links":{"self":[{"href":"https:\/\/lekahuin.com\/index.php?rest_route=\/wp\/v2\/posts\/12695","targetHints":{"allow":["GET"]}}],"collection":[{"href":"https:\/\/lekahuin.com\/index.php?rest_route=\/wp\/v2\/posts"}],"about":[{"href":"https:\/\/lekahuin.com\/index.php?rest_route=\/wp\/v2\/types\/post"}],"author":[{"embeddable":true,"href":"https:\/\/lekahuin.com\/index.php?rest_route=\/wp\/v2\/users\/211878710"}],"replies":[{"embeddable":true,"href":"https:\/\/lekahuin.com\/index.php?rest_route=%2Fwp%2Fv2%2Fcomments&post=12695"}],"version-history":[{"count":7,"href":"https:\/\/lekahuin.com\/index.php?rest_route=\/wp\/v2\/posts\/12695\/revisions"}],"predecessor-version":[{"id":12746,"href":"https:\/\/lekahuin.com\/index.php?rest_route=\/wp\/v2\/posts\/12695\/revisions\/12746"}],"wp:attachment":[{"href":"https:\/\/lekahuin.com\/index.php?rest_route=%2Fwp%2Fv2%2Fmedia&parent=12695"}],"wp:term":[{"taxonomy":"category","embeddable":true,"href":"https:\/\/lekahuin.com\/index.php?rest_route=%2Fwp%2Fv2%2Fcategories&post=12695"},{"taxonomy":"post_tag","embeddable":true,"href":"https:\/\/lekahuin.com\/index.php?rest_route=%2Fwp%2Fv2%2Ftags&post=12695"}],"curies":[{"name":"wp","href":"https:\/\/api.w.org\/{rel}","templated":true}]}}