{"id":12706,"date":"2025-03-23T10:52:13","date_gmt":"2025-03-23T09:52:13","guid":{"rendered":"https:\/\/lekahuin.com\/?p=12706"},"modified":"2025-03-23T10:54:31","modified_gmt":"2025-03-23T09:54:31","slug":"chile-condena-a-represores","status":"publish","type":"post","link":"https:\/\/lekahuin.com\/?p=12706","title":{"rendered":"Chile &#8211; Condenas a Represores 1973"},"content":{"rendered":"\n<h2 class=\"wp-block-heading has-text-align-center\"><strong>MAS VALE TARDE QUE NUNCA: EN VALPARAISO CONDENAN A RESPONSABLES DE LA MUERTE DEL \u201cCO\u00d1O\u201d F\u00c9LIX FIGUERAS<br><\/strong><\/h2>\n\n\n<div class=\"wp-block-image\">\n<figure class=\"aligncenter size-full is-resized\"><img data-recalc-dims=\"1\" fetchpriority=\"high\" decoding=\"async\" width=\"480\" height=\"640\" data-attachment-id=\"12712\" data-permalink=\"https:\/\/lekahuin.com\/?attachment_id=12712\" data-orig-file=\"https:\/\/i0.wp.com\/lekahuin.com\/wp-content\/uploads\/2025\/03\/Felix-Figueras.jpg?fit=480%2C640&amp;ssl=1\" data-orig-size=\"480,640\" data-comments-opened=\"1\" data-image-meta=\"{&quot;aperture&quot;:&quot;1.9&quot;,&quot;credit&quot;:&quot;&quot;,&quot;camera&quot;:&quot;SM-J701M&quot;,&quot;caption&quot;:&quot;&quot;,&quot;created_timestamp&quot;:&quot;1544355565&quot;,&quot;copyright&quot;:&quot;&quot;,&quot;focal_length&quot;:&quot;3.7&quot;,&quot;iso&quot;:&quot;160&quot;,&quot;shutter_speed&quot;:&quot;0.02&quot;,&quot;title&quot;:&quot;&quot;,&quot;orientation&quot;:&quot;1&quot;}\" data-image-title=\"Felix-Figueras\" data-image-description=\"\" data-image-caption=\"\" data-large-file=\"https:\/\/i0.wp.com\/lekahuin.com\/wp-content\/uploads\/2025\/03\/Felix-Figueras.jpg?fit=480%2C640&amp;ssl=1\" src=\"https:\/\/i0.wp.com\/lekahuin.com\/wp-content\/uploads\/2025\/03\/Felix-Figueras.jpg?resize=480%2C640&#038;ssl=1\" alt=\"\" class=\"wp-image-12712\" style=\"width:226px;height:auto\" srcset=\"https:\/\/i0.wp.com\/lekahuin.com\/wp-content\/uploads\/2025\/03\/Felix-Figueras.jpg?w=480&amp;ssl=1 480w, https:\/\/i0.wp.com\/lekahuin.com\/wp-content\/uploads\/2025\/03\/Felix-Figueras.jpg?resize=225%2C300&amp;ssl=1 225w, https:\/\/i0.wp.com\/lekahuin.com\/wp-content\/uploads\/2025\/03\/Felix-Figueras.jpg?resize=113%2C150&amp;ssl=1 113w, https:\/\/i0.wp.com\/lekahuin.com\/wp-content\/uploads\/2025\/03\/Felix-Figueras.jpg?resize=450%2C600&amp;ssl=1 450w, https:\/\/i0.wp.com\/lekahuin.com\/wp-content\/uploads\/2025\/03\/Felix-Figueras.jpg?resize=300%2C400&amp;ssl=1 300w, https:\/\/i0.wp.com\/lekahuin.com\/wp-content\/uploads\/2025\/03\/Felix-Figueras.jpg?resize=150%2C200&amp;ssl=1 150w\" sizes=\"(max-width: 480px) 100vw, 480px\" \/><\/figure>\n<\/div>\n\n\n<p class=\"has-drop-cap has-text-align-justify wp-block-paragraph\">A principios de marzo, el ministro en visita para causa de Derechos Humanos de la Corte de Apelaciones de Valpara\u00edso, Max Cancino conden\u00f3 en primera instancia a tres miembros en retiro de la Armada, por el secuestro y torturas al historiador, profesor universitario y dirigente del partido Comunista, F\u00e9lix Figueras Ubach, hechos ocurridos a partir del 11 de septiembre de 1973.<br>El magistrado conden\u00f3 al contralmirante Erwin Conn Tesche, al suboficial mayor Juan de Dios Reyes Basaur y al capit\u00e1n de fragata H\u00e9ctor Santiba\u00f1ez Obreque, a la pena de 5 a\u00f1os y un d\u00eda de presidio mayor en su grado medio, como autores del delito de secuestro con grave da\u00f1o para la v\u00edctima.<br>El d\u00eda 11 de diciembre de 1973, en horas de la noche, F\u00e9lix Figueras Ubach, profesor adjunto en el Instituto Pedag\u00f3gico de la Universidad de Chile en esta ciudad, fue secuestrado desde su domicilio en Vi\u00f1a del Mar, ante la presencia de su madre y hermana, por efectivos militares del Regimiento Coraceros de esa misma ciudad.<br>\u00a0Dos d\u00edas despu\u00e9s, sus familiares recibieron la noticia que Figueras hab\u00eda sido trasladado a la Academia de Guerra Naval, ubicada en el Cerro Playa Ancha de Valpara\u00edso, lugar donde les fue negada su presencia, por lo que desde ese momento comenzaron su b\u00fasqueda por diversos lugares de la ciudad, no logrando dar con su paradero.<br>Pasados unos d\u00edas, la familia inform\u00f3 que un m\u00e9dico amigo pudo reconocer el cad\u00e1ver de F\u00e9lix en el Hospital Naval de Playa Ancha.<br>Durante el sumario respectivo qued\u00f3 establecido que, durante su permanencia en la Academia Naval, en el cuartel Silva Palma de Playa Ancha, tanto Figueras como otros prisioneros fueron sometidos a torturas aplicadas por infantes de marina.<br>Sometidos a tales procedimientos, las v\u00edctimas sal\u00edan en tales condiciones que, en algunos casos deb\u00edan ser llevados en angarillas improvisadas con mantas al no poder caminar por sus propios medios.<br>El 15 de diciembre de 1973, despu\u00e9s de uno de estos interrogatorios, F\u00e9lix Figueras fue conducido al ba\u00f1o para asearse, lugar desde el cual se lanz\u00f3 al vac\u00edo por una ventana que estaba sin protecci\u00f3n, cayendo a un patio interior del recinto naval, muriendo instant\u00e1neamente.<br><br><\/p>\n","protected":false},"excerpt":{"rendered":"<div class=\"mh-excerpt\"><p>MAS VALE TARDE QUE NUNCA: EN VALPARAISO CONDENAN A RESPONSABLES DE LA MUERTE DEL \u201cCO\u00d1O\u201d F\u00c9LIX FIGUERAS A principios de marzo, el ministro en visita <a class=\"mh-excerpt-more\" href=\"https:\/\/lekahuin.com\/?p=12706\" title=\"Chile &#8211; Condenas a Represores 1973\">[&#8230;]<\/a><\/p>\n<\/div>","protected":false},"author":211878710,"featured_media":0,"comment_status":"open","ping_status":"open","sticky":false,"template":"","format":"standard","meta":{"_coblocks_attr":"","_coblocks_dimensions":"","_coblocks_responsive_height":"","_coblocks_accordion_ie_support":"","_crdt_document":"","advanced_seo_description":"","jetpack_seo_html_title":"","jetpack_seo_noindex":false,"_jetpack_newsletter_access":"","_jetpack_dont_email_post_to_subs":false,"_jetpack_newsletter_tier_id":0,"_jetpack_memberships_contains_paywalled_content":false,"_jetpack_memberships_contains_paid_content":false,"footnotes":"","jetpack_post_was_ever_published":false},"categories":[6325],"tags":[],"class_list":["post-12706","post","type-post","status-publish","format-standard","hentry","category-non-classe"],"jetpack_featured_media_url":"","jetpack_likes_enabled":true,"jetpack_sharing_enabled":true,"jetpack_shortlink":"https:\/\/wp.me\/pdoWOp-3iW","jetpack-related-posts":[{"id":8962,"url":"https:\/\/lekahuin.com\/?p=8962","url_meta":{"origin":12706,"position":0},"title":"Chile &#8211; Incendios","author":"Le Kahuin","date":"19 f\u00e9vrier 2024","format":false,"excerpt":"Cat\u00e1strofe en la regi\u00f3n de Valpara\u00edso CONSENSO EN QUE LOS INCENDIOS FUERON INTENCIONALES PERO SOLO ESPECULACIONES EN CUANTO A LOS AUTORES Vi\u00f1a del Mar Sobre las causas del gigantesco incendio que el pasado 6 de febrero quem\u00f3 importantes zonas de bosques y, lo que es m\u00e1s grave, destruy\u00f3 amplios sectores\u2026","rel":"","context":"Dans &quot;CHILE&quot;","block_context":{"text":"CHILE","link":"https:\/\/lekahuin.com\/?cat=55294247"},"img":{"alt_text":"","src":"https:\/\/i0.wp.com\/lekahuin.com\/wp-content\/uploads\/2024\/02\/Incendio.png?resize=350%2C200&ssl=1","width":350,"height":200,"srcset":"https:\/\/i0.wp.com\/lekahuin.com\/wp-content\/uploads\/2024\/02\/Incendio.png?resize=350%2C200&ssl=1 1x, https:\/\/i0.wp.com\/lekahuin.com\/wp-content\/uploads\/2024\/02\/Incendio.png?resize=525%2C300&ssl=1 1.5x"},"classes":[]},{"id":1217,"url":"https:\/\/lekahuin.com\/?p=1217","url_meta":{"origin":12706,"position":1},"title":"Valpara\u00edso","author":"Le Kahuin","date":"18 novembre 2021","format":false,"excerpt":"Despu\u00e9s del \"Combate Naval\" de Valpara\u00edso, Arturo Prat podr\u00eda pasar al olvido Durante el mes de octubre de 2021 los medios de informaci\u00f3n audiovisuales, escritos y redes sociales cubrieron ampliamente lo que la posteridad conocer\u00e1, sin duda, como \"el combate naval de Valpara\u00edso\". Nueva gesta heroica de la Armada de\u2026","rel":"","context":"Dans &quot;Non class\u00e9&quot;","block_context":{"text":"Non class\u00e9","link":"https:\/\/lekahuin.com\/?cat=6325"},"img":{"alt_text":"","src":"https:\/\/i0.wp.com\/lekahuin.com\/wp-content\/uploads\/2021\/11\/combate-naval-index.jpg?resize=350%2C200&ssl=1","width":350,"height":200,"srcset":"https:\/\/i0.wp.com\/lekahuin.com\/wp-content\/uploads\/2021\/11\/combate-naval-index.jpg?resize=350%2C200&ssl=1 1x, https:\/\/i0.wp.com\/lekahuin.com\/wp-content\/uploads\/2021\/11\/combate-naval-index.jpg?resize=525%2C300&ssl=1 1.5x, https:\/\/i0.wp.com\/lekahuin.com\/wp-content\/uploads\/2021\/11\/combate-naval-index.jpg?resize=700%2C400&ssl=1 2x"},"classes":[]},{"id":6924,"url":"https:\/\/lekahuin.com\/?p=6924","url_meta":{"origin":12706,"position":2},"title":"Chile Valpara\u00edso &#8211; Atentado a la Armada","author":"Le Kahuin","date":"25 septembre 2023","format":false,"excerpt":"GRAVE Y CRIMINAL ATENTADO DE MUJERES TERRORISTAS\u00a0CONTRA PERSONAL DE LA ARMADA Y SIMBOLOS PATRIOS Valpara\u00edso - 11 de septiembre de 2023 (Reportaje casi imaginario)Un grave atentado terrorista contra la integridad moral del personal de la Armada y contra el honor de los h\u00e9roes navales tuvo lugar el 11 de septiembre\u2026","rel":"","context":"Dans &quot;Non class\u00e9&quot;","block_context":{"text":"Non class\u00e9","link":"https:\/\/lekahuin.com\/?cat=6325"},"img":{"alt_text":"","src":"https:\/\/i0.wp.com\/lekahuin.com\/wp-content\/uploads\/2023\/09\/file_20230911174144-1.jpg?resize=350%2C200&ssl=1","width":350,"height":200,"srcset":"https:\/\/i0.wp.com\/lekahuin.com\/wp-content\/uploads\/2023\/09\/file_20230911174144-1.jpg?resize=350%2C200&ssl=1 1x, https:\/\/i0.wp.com\/lekahuin.com\/wp-content\/uploads\/2023\/09\/file_20230911174144-1.jpg?resize=525%2C300&ssl=1 1.5x, https:\/\/i0.wp.com\/lekahuin.com\/wp-content\/uploads\/2023\/09\/file_20230911174144-1.jpg?resize=700%2C400&ssl=1 2x"},"classes":[]},{"id":891,"url":"https:\/\/lekahuin.com\/?p=891","url_meta":{"origin":12706,"position":3},"title":"Valpara\u00edso","author":"Le Kahuin","date":"21 octobre 2021","format":false,"excerpt":"Armada de Chile sostiene heroico combate naval contra pescadores \u00a0La Armada de Chile podr\u00e1 agregar una nueva p\u00e1gina a la serie de las \u201cGlorias Navales\u201d, luego que miembros de la instituci\u00f3n sostuvieron el mi\u00e9rcoles 20 de octubre, en la bah\u00eda de Valpara\u00edso, un heroico combate naval contra pescadores artesanales. \u00a0Pasado\u2026","rel":"","context":"Dans &quot;Non class\u00e9&quot;","block_context":{"text":"Non class\u00e9","link":"https:\/\/lekahuin.com\/?cat=6325"},"img":{"alt_text":"","src":"https:\/\/i0.wp.com\/lekahuin.com\/wp-content\/uploads\/2021\/10\/20211020psca4.jpg?resize=350%2C200&ssl=1","width":350,"height":200},"classes":[]},{"id":12433,"url":"https:\/\/lekahuin.com\/?p=12433","url_meta":{"origin":12706,"position":4},"title":"Chile &#8211; Desalojo Toma San Antonio","author":"Le Kahuin","date":"23 f\u00e9vrier 2025","format":false,"excerpt":"CORTE ORDEN\u00d3 DESALOJAR LA MEGATOMA DE SAN ANTONIO EL 27 DE FEBRERO DE 2025. GOBIERNO LLAM\u00d3 A LA CALMA Despu\u00e9s de cumplirse el nuevo plazo para el desalojo de la megatoma de San Antonio, el pasado 31 de enero de 2025, los pobladores efectuaron gestiones ante la justicia para evitarlo,\u2026","rel":"","context":"Dans &quot;CHILE&quot;","block_context":{"text":"CHILE","link":"https:\/\/lekahuin.com\/?cat=55294247"},"img":{"alt_text":"","src":"https:\/\/i0.wp.com\/lekahuin.com\/wp-content\/uploads\/2025\/02\/Toma-San-Antonio-1.png?resize=350%2C200&ssl=1","width":350,"height":200,"srcset":"https:\/\/i0.wp.com\/lekahuin.com\/wp-content\/uploads\/2025\/02\/Toma-San-Antonio-1.png?resize=350%2C200&ssl=1 1x, https:\/\/i0.wp.com\/lekahuin.com\/wp-content\/uploads\/2025\/02\/Toma-San-Antonio-1.png?resize=525%2C300&ssl=1 1.5x, https:\/\/i0.wp.com\/lekahuin.com\/wp-content\/uploads\/2025\/02\/Toma-San-Antonio-1.png?resize=700%2C400&ssl=1 2x, https:\/\/i0.wp.com\/lekahuin.com\/wp-content\/uploads\/2025\/02\/Toma-San-Antonio-1.png?resize=1050%2C600&ssl=1 3x, https:\/\/i0.wp.com\/lekahuin.com\/wp-content\/uploads\/2025\/02\/Toma-San-Antonio-1.png?resize=1400%2C800&ssl=1 4x"},"classes":[]},{"id":9914,"url":"https:\/\/lekahuin.com\/?p=9914","url_meta":{"origin":12706,"position":5},"title":"Chile &#8211; Memoria &#8211; 21 de Mayo","author":"Le Kahuin","date":"24 mai 2024","format":false,"excerpt":"EL 21 DE MAYO, ORGANIZACIONES DE DDHH RECUERDANEN VALPARA\u00cdSO LAS OTRAS \u201cGLORIAS NAVALES\u201d Fuente: El Clarin. Desde Valpara\u00edso: Guillermo Correa Camiroaga. El tiempo pasa, pero afortunadamente existen a\u00fan los guardianes de la memoria, como los que el pasado 21 de mayo, durante la ceremonia en honor a las \u201cGlorias Navales\u201d,\u2026","rel":"","context":"Dans &quot;CHILE&quot;","block_context":{"text":"CHILE","link":"https:\/\/lekahuin.com\/?cat=55294247"},"img":{"alt_text":"","src":"https:\/\/i0.wp.com\/lekahuin.com\/wp-content\/uploads\/2024\/05\/21-mayo-03.webp?resize=350%2C200&ssl=1","width":350,"height":200,"srcset":"https:\/\/i0.wp.com\/lekahuin.com\/wp-content\/uploads\/2024\/05\/21-mayo-03.webp?resize=350%2C200&ssl=1 1x, https:\/\/i0.wp.com\/lekahuin.com\/wp-content\/uploads\/2024\/05\/21-mayo-03.webp?resize=525%2C300&ssl=1 1.5x, https:\/\/i0.wp.com\/lekahuin.com\/wp-content\/uploads\/2024\/05\/21-mayo-03.webp?resize=700%2C400&ssl=1 2x, https:\/\/i0.wp.com\/lekahuin.com\/wp-content\/uploads\/2024\/05\/21-mayo-03.webp?resize=1050%2C600&ssl=1 3x"},"classes":[]}],"_links":{"self":[{"href":"https:\/\/lekahuin.com\/index.php?rest_route=\/wp\/v2\/posts\/12706","targetHints":{"allow":["GET"]}}],"collection":[{"href":"https:\/\/lekahuin.com\/index.php?rest_route=\/wp\/v2\/posts"}],"about":[{"href":"https:\/\/lekahuin.com\/index.php?rest_route=\/wp\/v2\/types\/post"}],"author":[{"embeddable":true,"href":"https:\/\/lekahuin.com\/index.php?rest_route=\/wp\/v2\/users\/211878710"}],"replies":[{"embeddable":true,"href":"https:\/\/lekahuin.com\/index.php?rest_route=%2Fwp%2Fv2%2Fcomments&post=12706"}],"version-history":[{"count":6,"href":"https:\/\/lekahuin.com\/index.php?rest_route=\/wp\/v2\/posts\/12706\/revisions"}],"predecessor-version":[{"id":12713,"href":"https:\/\/lekahuin.com\/index.php?rest_route=\/wp\/v2\/posts\/12706\/revisions\/12713"}],"wp:attachment":[{"href":"https:\/\/lekahuin.com\/index.php?rest_route=%2Fwp%2Fv2%2Fmedia&parent=12706"}],"wp:term":[{"taxonomy":"category","embeddable":true,"href":"https:\/\/lekahuin.com\/index.php?rest_route=%2Fwp%2Fv2%2Fcategories&post=12706"},{"taxonomy":"post_tag","embeddable":true,"href":"https:\/\/lekahuin.com\/index.php?rest_route=%2Fwp%2Fv2%2Ftags&post=12706"}],"curies":[{"name":"wp","href":"https:\/\/api.w.org\/{rel}","templated":true}]}}