{"id":12981,"date":"2025-04-20T17:17:08","date_gmt":"2025-04-20T15:17:08","guid":{"rendered":"https:\/\/lekahuin.com\/?p=12981"},"modified":"2025-04-26T22:55:00","modified_gmt":"2025-04-26T20:55:00","slug":"chile-memorias-impressions","status":"publish","type":"post","link":"https:\/\/lekahuin.com\/?p=12981","title":{"rendered":"Chile &#8211; Memoria &#8211; Impresiones"},"content":{"rendered":"\n<h2 class=\"wp-block-heading has-text-align-center\"><strong>LA INCRE\u00cdBLE ODISEA DEL QUE BURL\u00d3 Y ESCAP\u00d3 DE LA DINA,&nbsp;AHORA PARA QUE LOS CHILENOS PUEDAN LEERLA Y CONOCERLA<\/strong><\/h2>\n\n\n\n<div class=\"wp-block-jetpack-tiled-gallery aligncenter is-style-rectangular\"><div class=\"\"><div class=\"tiled-gallery__gallery\"><div class=\"tiled-gallery__row\"><div class=\"tiled-gallery__col\" style=\"flex-basis:34.39619%\"><figure class=\"tiled-gallery__item\"><img decoding=\"async\" data-attachment-id=\"13028\" data-permalink=\"https:\/\/lekahuin.com\/?attachment_id=13028\" data-orig-file=\"https:\/\/i0.wp.com\/lekahuin.com\/wp-content\/uploads\/2025\/04\/zamora-DSCN9296-bis.webp?fit=413%2C592&amp;ssl=1\" data-orig-size=\"413,592\" data-comments-opened=\"1\" data-image-meta=\"{&quot;aperture&quot;:&quot;4&quot;,&quot;credit&quot;:&quot;&quot;,&quot;camera&quot;:&quot;COOLPIX P7000&quot;,&quot;caption&quot;:&quot;&quot;,&quot;created_timestamp&quot;:&quot;1744318109&quot;,&quot;copyright&quot;:&quot;&quot;,&quot;focal_length&quot;:&quot;18.1&quot;,&quot;iso&quot;:&quot;200&quot;,&quot;shutter_speed&quot;:&quot;0.033333333333333&quot;,&quot;title&quot;:&quot;&quot;,&quot;orientation&quot;:&quot;1&quot;}\" data-image-title=\"zamora &amp;#8211; DSCN9296 &amp;#8211; bis\" data-image-description=\"\" data-image-caption=\"\" data-large-file=\"https:\/\/i0.wp.com\/lekahuin.com\/wp-content\/uploads\/2025\/04\/zamora-DSCN9296-bis.webp?fit=413%2C592&amp;ssl=1\" data-attachment-id=\"13028\" data-permalink=\"https:\/\/lekahuin.com\/?attachment_id=13028\" data-orig-file=\"https:\/\/i0.wp.com\/lekahuin.com\/wp-content\/uploads\/2025\/04\/zamora-DSCN9296-bis.webp?fit=413%2C592&amp;ssl=1\" data-orig-size=\"413,592\" data-comments-opened=\"1\" data-image-meta=\"{&quot;aperture&quot;:&quot;4&quot;,&quot;credit&quot;:&quot;&quot;,&quot;camera&quot;:&quot;COOLPIX P7000&quot;,&quot;caption&quot;:&quot;&quot;,&quot;created_timestamp&quot;:&quot;1744318109&quot;,&quot;copyright&quot;:&quot;&quot;,&quot;focal_length&quot;:&quot;18.1&quot;,&quot;iso&quot;:&quot;200&quot;,&quot;shutter_speed&quot;:&quot;0.033333333333333&quot;,&quot;title&quot;:&quot;&quot;,&quot;orientation&quot;:&quot;1&quot;}\" data-image-title=\"zamora &amp;#8211; DSCN9296 &amp;#8211; bis\" data-image-description=\"\" data-image-caption=\"\" data-large-file=\"https:\/\/i0.wp.com\/lekahuin.com\/wp-content\/uploads\/2025\/04\/zamora-DSCN9296-bis.webp?fit=413%2C592&amp;ssl=1\" role=\"button\" tabindex=\"0\" aria-label=\"Ouvrir l\u2019image 1 sur 2 en plein \u00e9cran\"srcset=\"https:\/\/i0.wp.com\/lekahuin.com\/wp-content\/uploads\/2025\/04\/zamora-DSCN9296-bis.webp?strip=info&#038;w=413&#038;ssl=1 413w\" alt=\"\" data-height=\"592\" data-id=\"13028\" data-link=\"https:\/\/lekahuin.com\/?attachment_id=13028\" data-url=\"https:\/\/lekahuin.com\/wp-content\/uploads\/2025\/04\/zamora-DSCN9296-bis.webp\" data-width=\"413\" src=\"https:\/\/i0.wp.com\/lekahuin.com\/wp-content\/uploads\/2025\/04\/zamora-DSCN9296-bis.webp?ssl=1\" data-amp-layout=\"responsive\" tabindex=\"0\" role=\"button\" aria-label=\"Ouvrir l\u2019image 1 sur 2 en plein \u00e9cran\"\/><\/figure><\/div><div class=\"tiled-gallery__col\" style=\"flex-basis:65.60381%\"><figure class=\"tiled-gallery__item\"><img decoding=\"async\" data-attachment-id=\"13025\" data-permalink=\"https:\/\/lekahuin.com\/?attachment_id=13025\" data-orig-file=\"https:\/\/i0.wp.com\/lekahuin.com\/wp-content\/uploads\/2025\/04\/zamora-presentacion-libro-DSCN9290-bis.webp?fit=945%2C709&amp;ssl=1\" data-orig-size=\"945,709\" data-comments-opened=\"1\" data-image-meta=\"{&quot;aperture&quot;:&quot;2.8&quot;,&quot;credit&quot;:&quot;&quot;,&quot;camera&quot;:&quot;COOLPIX P7000&quot;,&quot;caption&quot;:&quot;&quot;,&quot;created_timestamp&quot;:&quot;1744315954&quot;,&quot;copyright&quot;:&quot;&quot;,&quot;focal_length&quot;:&quot;6&quot;,&quot;iso&quot;:&quot;200&quot;,&quot;shutter_speed&quot;:&quot;0.033333333333333&quot;,&quot;title&quot;:&quot;&quot;,&quot;orientation&quot;:&quot;1&quot;}\" data-image-title=\"zamora &amp;#8211; presentacion -libro &amp;#8211; DSCN9290-bis\" data-image-description=\"\" data-image-caption=\"\" data-large-file=\"https:\/\/i0.wp.com\/lekahuin.com\/wp-content\/uploads\/2025\/04\/zamora-presentacion-libro-DSCN9290-bis.webp?fit=945%2C709&amp;ssl=1\" data-attachment-id=\"13025\" data-permalink=\"https:\/\/lekahuin.com\/?attachment_id=13025\" data-orig-file=\"https:\/\/i0.wp.com\/lekahuin.com\/wp-content\/uploads\/2025\/04\/zamora-presentacion-libro-DSCN9290-bis.webp?fit=945%2C709&amp;ssl=1\" data-orig-size=\"945,709\" data-comments-opened=\"1\" data-image-meta=\"{&quot;aperture&quot;:&quot;2.8&quot;,&quot;credit&quot;:&quot;&quot;,&quot;camera&quot;:&quot;COOLPIX P7000&quot;,&quot;caption&quot;:&quot;&quot;,&quot;created_timestamp&quot;:&quot;1744315954&quot;,&quot;copyright&quot;:&quot;&quot;,&quot;focal_length&quot;:&quot;6&quot;,&quot;iso&quot;:&quot;200&quot;,&quot;shutter_speed&quot;:&quot;0.033333333333333&quot;,&quot;title&quot;:&quot;&quot;,&quot;orientation&quot;:&quot;1&quot;}\" data-image-title=\"zamora &amp;#8211; presentacion -libro &amp;#8211; DSCN9290-bis\" data-image-description=\"\" data-image-caption=\"\" data-large-file=\"https:\/\/i0.wp.com\/lekahuin.com\/wp-content\/uploads\/2025\/04\/zamora-presentacion-libro-DSCN9290-bis.webp?fit=945%2C709&amp;ssl=1\" role=\"button\" tabindex=\"0\" aria-label=\"Ouvrir l\u2019image 2 sur 2 en plein \u00e9cran\"srcset=\"https:\/\/i0.wp.com\/lekahuin.com\/wp-content\/uploads\/2025\/04\/zamora-presentacion-libro-DSCN9290-bis.webp?strip=info&#038;w=600&#038;ssl=1 600w,https:\/\/i0.wp.com\/lekahuin.com\/wp-content\/uploads\/2025\/04\/zamora-presentacion-libro-DSCN9290-bis.webp?strip=info&#038;w=900&#038;ssl=1 900w,https:\/\/i0.wp.com\/lekahuin.com\/wp-content\/uploads\/2025\/04\/zamora-presentacion-libro-DSCN9290-bis.webp?strip=info&#038;w=945&#038;ssl=1 945w\" alt=\"\" data-height=\"709\" data-id=\"13025\" data-link=\"https:\/\/lekahuin.com\/?attachment_id=13025\" data-url=\"https:\/\/lekahuin.com\/wp-content\/uploads\/2025\/04\/zamora-presentacion-libro-DSCN9290-bis.webp\" data-width=\"945\" src=\"https:\/\/i0.wp.com\/lekahuin.com\/wp-content\/uploads\/2025\/04\/zamora-presentacion-libro-DSCN9290-bis.webp?ssl=1\" data-amp-layout=\"responsive\" tabindex=\"0\" role=\"button\" aria-label=\"Ouvrir l\u2019image 2 sur 2 en plein \u00e9cran\"\/><\/figure><\/div><\/div><\/div><\/div><\/div>\n\n\n\n<p class=\"has-drop-cap has-text-align-justify wp-block-paragraph\">En mayo de 1975, en el contexto de la lucha clandestina contra la dictadura militar, un joven militante del partido Socialista, <strong>Sergio Zamora<\/strong>, ten\u00eda un encuentro con un camarada suyo en la calle Matucana de Santiago, reuni\u00f3n que nunca tuvo lugar pues aquel muchacho habr\u00eda de caer en manos de la polic\u00eda secreta, la siniestra DINA.<br>A pesar de todo, casi cincuenta a\u00f1os m\u00e1s tarde, el encuentro entre los dos militantes ten\u00eda por fin lugar, de manera abierta y p\u00fablica, no asediados por la Dictadura, no en la calle Matucana de la capital chilena, sino no lejos de all\u00ed, en el local de una de las m\u00e1s importantes editoriales de Chile.<br>Los dos protagonistas de esta historia se reunieron por fin y por primera vez despu\u00e9s de aquel encuentro fallido, se abrazaron y soltaron todas las l\u00e1grimas de una emoci\u00f3n contenida en todo ese tiempo.<br>Se trataba ahora de presentar ahora p\u00fablicamente, en las p\u00e1ginas de un libro, la incre\u00edble aventura del joven militante que comenz\u00f3 aquel d\u00eda nefasto de 1975, cuando, con incre\u00edble coraje e imaginaci\u00f3n, burl\u00f3 a los siniestros esbirros de la dictadura, escap\u00f3 a una muerte segura y dej\u00f3 en evidencia los m\u00e9todos criminales que esta se empe\u00f1aba en negar y ocultar.<br>Fue <strong>Sergio Zamora,<\/strong> el joven militante de entonces y que ahora peina canas, el que present\u00f3 ahora personalmente en el auditorio de la Editorial Lom, en la capital chilena, su relato <strong><em><strong><em>\u201cSiete horas en manos de la DINA\u201d,<\/em><\/strong><\/em><\/strong>&nbsp;escrito como protagonista de la historia.<br>Zamora, quien es tambi\u00e9n colaborador de Le Kahuin de Paris, hab\u00eda presentado anteriormente su texto en franc\u00e9s, el que fue publicado en Par\u00eds en 1993, con motivo del vig\u00e9simo aniversario del Golpe de Estado en Chile.<br>En 2023 con motivo de los cincuenta a\u00f1os, LOM hab\u00eda presentado una primera edici\u00f3n en Santiago, pero sin la presencia de su autor.<br>Una segunda presentaci\u00f3n del texto, m\u00e1s otra obra de Zamora, hasta entonces in\u00e9dita \u2013 <strong><em><strong><em>La Biblioteca <\/em><\/strong><\/em><\/strong>&#8211; tuvo lugar dos d\u00edas m\u00e1s tarde, siempre en Santiago, esta vez en el sitio memorial de Villa Grimaldi.<br>En La Biblioteca, el autor se imagina entrar en contacto y di\u00e1logo directo, como si estuviesen all\u00ed en persona, con todos los autores de los libros que se encuentran en ese lugar que se convierte as\u00ed en algo m\u00e1gico.<br>En la tarde de la presentaci\u00f3n de ambas obras, en medio de los \u00e1rboles y los jardines del parque memorial de Villa Grimaldi, en que resulta dif\u00edcil abstraerse del recuerdo latente de todos los que pasaron por all\u00ed, torturados, asesinados y desaparecidos, la presentaci\u00f3n de esas dos obras fue como un grito de desaf\u00edo y un canto de victoria de la condici\u00f3n humana sobre la barbarie.<\/p>\n\n\n\n<p class=\"wp-block-paragraph\">VIDEO:<br><a href=\"https:\/\/www.youtube.com\/watch?v=0lMXIVgdmww&amp;t=88s\">Entrevista en PiensaPrensa<\/a><\/p>\n","protected":false},"excerpt":{"rendered":"<div class=\"mh-excerpt\"><p>LA INCRE\u00cdBLE ODISEA DEL QUE BURL\u00d3 Y ESCAP\u00d3 DE LA DINA,&nbsp;AHORA PARA QUE LOS CHILENOS PUEDAN LEERLA Y CONOCERLA En mayo de 1975, en el <a class=\"mh-excerpt-more\" href=\"https:\/\/lekahuin.com\/?p=12981\" title=\"Chile &#8211; Memoria &#8211; Impresiones\">[&#8230;]<\/a><\/p>\n<\/div>","protected":false},"author":211878710,"featured_media":0,"comment_status":"open","ping_status":"open","sticky":false,"template":"","format":"standard","meta":{"_coblocks_attr":"","_coblocks_dimensions":"","_coblocks_responsive_height":"","_coblocks_accordion_ie_support":"","_crdt_document":"","advanced_seo_description":"","jetpack_seo_html_title":"","jetpack_seo_noindex":false,"_jetpack_newsletter_access":"","_jetpack_dont_email_post_to_subs":false,"_jetpack_newsletter_tier_id":0,"_jetpack_memberships_contains_paywalled_content":false,"_jetpack_memberships_contains_paid_content":false,"footnotes":"","jetpack_post_was_ever_published":false},"categories":[55294255],"tags":[],"class_list":["post-12981","post","type-post","status-publish","format-standard","hentry","category-memoria"],"jetpack_featured_media_url":"","jetpack_likes_enabled":true,"jetpack_sharing_enabled":true,"jetpack_shortlink":"https:\/\/wp.me\/pdoWOp-3nn","jetpack-related-posts":[{"id":12635,"url":"https:\/\/lekahuin.com\/?p=12635","url_meta":{"origin":12981,"position":0},"title":"Memoria &#8211; Campo de concentraci\u00f3n Puchuncav\u00ed","author":"Le Kahuin","date":"4 mars 2025","format":false,"excerpt":"CORPORACI\u00d3N MELINKA-PUCHUNCAV\u00cd2024: UN A\u00d1O DE RECONOCIMIENTOS Y TRABAJO COMUNITARIO Con la participaci\u00f3n en seminarios y conversatorios, adem\u00e1s de un reconocimiento a su presidente, la Corporaci\u00f3n de Memoria y Cultura Melinka-Puchuncav\u00ed cerr\u00f3 meses de intenso trabajo en defensa de la memoria y la educaci\u00f3n en derechos humanos.El 2024 comenz\u00f3 con importantes\u2026","rel":"","context":"Dans &quot;CHILE&quot;","block_context":{"text":"CHILE","link":"https:\/\/lekahuin.com\/?cat=55294247"},"img":{"alt_text":"","src":"https:\/\/i0.wp.com\/lekahuin.com\/wp-content\/uploads\/2025\/03\/puchuncavi-01.jpg?resize=350%2C200&ssl=1","width":350,"height":200,"srcset":"https:\/\/i0.wp.com\/lekahuin.com\/wp-content\/uploads\/2025\/03\/puchuncavi-01.jpg?resize=350%2C200&ssl=1 1x, https:\/\/i0.wp.com\/lekahuin.com\/wp-content\/uploads\/2025\/03\/puchuncavi-01.jpg?resize=525%2C300&ssl=1 1.5x"},"classes":[]},{"id":8765,"url":"https:\/\/lekahuin.com\/?p=8765","url_meta":{"origin":12981,"position":1},"title":"Chile &#8211; Estadio Nacional","author":"Le Kahuin","date":"18 f\u00e9vrier 2024","format":false,"excerpt":"COMUNICADO DE PRENSA: VANDALIZACI\u00d3N DE SITIOS DE MEMORIA DEL ESTADIO NACIONAL Febrero 13, 2024 Como Sitios de Memoria del Estadio Nacional, condenamos la violencia irracional y nos preocupa la profanaci\u00f3n de la memoria y el dolor de v\u00edctimas y tambi\u00e9n sus familiares, quienes sufrieron el dolor de la dictadura civil\u2026","rel":"","context":"Dans &quot;CHILE&quot;","block_context":{"text":"CHILE","link":"https:\/\/lekahuin.com\/?cat=55294247"},"img":{"alt_text":"","src":"https:\/\/i0.wp.com\/lekahuin.com\/wp-content\/uploads\/2024\/02\/Sitio-memoria-Estadio-Nacional.png?resize=350%2C200&ssl=1","width":350,"height":200,"srcset":"https:\/\/i0.wp.com\/lekahuin.com\/wp-content\/uploads\/2024\/02\/Sitio-memoria-Estadio-Nacional.png?resize=350%2C200&ssl=1 1x, https:\/\/i0.wp.com\/lekahuin.com\/wp-content\/uploads\/2024\/02\/Sitio-memoria-Estadio-Nacional.png?resize=525%2C300&ssl=1 1.5x, https:\/\/i0.wp.com\/lekahuin.com\/wp-content\/uploads\/2024\/02\/Sitio-memoria-Estadio-Nacional.png?resize=700%2C400&ssl=1 2x, https:\/\/i0.wp.com\/lekahuin.com\/wp-content\/uploads\/2024\/02\/Sitio-memoria-Estadio-Nacional.png?resize=1050%2C600&ssl=1 3x, https:\/\/i0.wp.com\/lekahuin.com\/wp-content\/uploads\/2024\/02\/Sitio-memoria-Estadio-Nacional.png?resize=1400%2C800&ssl=1 4x"},"classes":[]},{"id":6416,"url":"https:\/\/lekahuin.com\/?p=6416","url_meta":{"origin":12981,"position":2},"title":"Cultura &#8211; Libro Memoria","author":"Le Kahuin","date":"4 septembre 2023","format":false,"excerpt":"\"LA RESACA DE LA MEMORIA\" Ver\u00f3nica Estay Stange durante la presentaci\u00f3n de su libro \"La Resaca de la Memoria\" en Chile. La resaca es eso que Chile llamamos el \u201ccuerpo malo\u201d y se refiere a la sensaci\u00f3n de malestar general que se siente despu\u00e9s de una borrachera. El problema es\u2026","rel":"","context":"Dans &quot;Non class\u00e9&quot;","block_context":{"text":"Non class\u00e9","link":"https:\/\/lekahuin.com\/?cat=6325"},"img":{"alt_text":"","src":"https:\/\/i0.wp.com\/lekahuin.com\/wp-content\/uploads\/2023\/09\/Libro-Vero-1-e1701082486279.jpg?resize=350%2C200","width":350,"height":200,"srcset":"https:\/\/i0.wp.com\/lekahuin.com\/wp-content\/uploads\/2023\/09\/Libro-Vero-1-e1701082486279.jpg?resize=350%2C200 1x, https:\/\/i0.wp.com\/lekahuin.com\/wp-content\/uploads\/2023\/09\/Libro-Vero-1-e1701082486279.jpg?resize=525%2C300 1.5x, https:\/\/i0.wp.com\/lekahuin.com\/wp-content\/uploads\/2023\/09\/Libro-Vero-1-e1701082486279.jpg?resize=700%2C400 2x, https:\/\/i0.wp.com\/lekahuin.com\/wp-content\/uploads\/2023\/09\/Libro-Vero-1-e1701082486279.jpg?resize=1050%2C600 3x, https:\/\/i0.wp.com\/lekahuin.com\/wp-content\/uploads\/2023\/09\/Libro-Vero-1-e1701082486279.jpg?resize=1400%2C800 4x"},"classes":[]},{"id":16077,"url":"https:\/\/lekahuin.com\/?p=16077","url_meta":{"origin":12981,"position":3},"title":"Chile &#8211; Memoria","author":"Le Kahuin","date":"27 f\u00e9vrier 2026","format":false,"excerpt":"HAY MOMENTOS DE LA HISTORIA\u00a0QUE NO ADMITEN INDIFERENCIA El 22 de febrero de 1990 se decret\u00f3 la disoluci\u00f3n de la CNI, la Central Nacional de Informaciones, uno de los organismos m\u00e1s oscuros del aparato represivo de la dictadura chilena. No fue solo el cierre de una instituci\u00f3n: fue el reconocimiento\u2026","rel":"","context":"Dans &quot;MEMORIA&quot;","block_context":{"text":"MEMORIA","link":"https:\/\/lekahuin.com\/?cat=55294255"},"img":{"alt_text":"","src":"https:\/\/i0.wp.com\/lekahuin.com\/wp-content\/uploads\/2026\/02\/fin-CNI-no-cerro-historia.jpg?resize=350%2C200&ssl=1","width":350,"height":200,"srcset":"https:\/\/i0.wp.com\/lekahuin.com\/wp-content\/uploads\/2026\/02\/fin-CNI-no-cerro-historia.jpg?resize=350%2C200&ssl=1 1x, https:\/\/i0.wp.com\/lekahuin.com\/wp-content\/uploads\/2026\/02\/fin-CNI-no-cerro-historia.jpg?resize=525%2C300&ssl=1 1.5x"},"classes":[]},{"id":9512,"url":"https:\/\/lekahuin.com\/?p=9512","url_meta":{"origin":12981,"position":4},"title":"Chile &#8211; Sitios de memoria","author":"Le Kahuin","date":"22 avril 2024","format":false,"excerpt":"\u00a1YA PUH\u2026! \"\u00bfHASTA CU\u00c1NDO VAN A SEGUIR HUEVEANDO CON LO QUE YA PAS\u00d3\u2026? \" Sitio de memoria \"Providencia\", Antofagasta Estadio Chile, Santiago Un a\u00f1o despu\u00e9s del inicio del Programa Sitios de Memoria, iniciativa profusa y p\u00fablicamente patrocinada por el propio presidente Boric, dos de los m\u00e1s importantes sitios, Casa Memoria\u2026","rel":"","context":"Dans &quot;CHILE&quot;","block_context":{"text":"CHILE","link":"https:\/\/lekahuin.com\/?cat=55294247"},"img":{"alt_text":"","src":"https:\/\/i0.wp.com\/lekahuin.com\/wp-content\/uploads\/2024\/04\/Sitio-mem-Providencia.png?resize=350%2C200&ssl=1","width":350,"height":200,"srcset":"https:\/\/i0.wp.com\/lekahuin.com\/wp-content\/uploads\/2024\/04\/Sitio-mem-Providencia.png?resize=350%2C200&ssl=1 1x, https:\/\/i0.wp.com\/lekahuin.com\/wp-content\/uploads\/2024\/04\/Sitio-mem-Providencia.png?resize=525%2C300&ssl=1 1.5x, https:\/\/i0.wp.com\/lekahuin.com\/wp-content\/uploads\/2024\/04\/Sitio-mem-Providencia.png?resize=700%2C400&ssl=1 2x"},"classes":[]},{"id":14967,"url":"https:\/\/lekahuin.com\/?p=14967","url_meta":{"origin":12981,"position":5},"title":"Memoria &#8211; Conmemoraci\u00f3n","author":"Le Kahuin","date":"7 novembre 2025","format":false,"excerpt":"! A 45 A\u00f1OS DE LA PARTIDA FISICA DE NUESTROS COMPANEROS JUAN OLIVARES Y RUBEN ORTA ! \ud835\uddd5\ud835\uddfc\ud835\uddff\ud835\uddf4\ud835\uddfc\ud835\uddfb\u0303\ud835\uddfc, \ud835\ude00\ud835\uddf6\ud835\ude01\ud835\uddf6\ud835\uddfc \ud835\uddf1\ud835\uddf2 \ud835\uddfa\ud835\uddf2\ud835\uddfa\ud835\uddfc\ud835\uddff\ud835\uddf6\ud835\uddee \u00bf\ud835\uddd6\ud835\ude02\ud835\uddee\u0301\ud835\uddfb\ud835\uddf1\ud835\uddfc?El viernes 7 de noviembre\u00bf\ud835\uddd4 \ud835\uddfe\ud835\ude02\ud835\uddf2\u0301 \ud835\uddf5\ud835\uddfc\ud835\uddff\ud835\uddee?Desde las 18:30 horas\u00bf\ud835\uddd7\ud835\uddfc\u0301\ud835\uddfb\ud835\uddf1\ud835\uddf2?En el ex Cuartel Borgo\u00f1o. Avenida General Borgo\u00f1o 1154, Independencia. El 6 de noviembre de 1980, agentes de la CNI\u2026","rel":"","context":"Dans &quot;CHILE&quot;","block_context":{"text":"CHILE","link":"https:\/\/lekahuin.com\/?cat=55294247"},"img":{"alt_text":"","src":"https:\/\/i0.wp.com\/lekahuin.com\/wp-content\/uploads\/2025\/11\/horta.png?resize=350%2C200&ssl=1","width":350,"height":200},"classes":[]}],"_links":{"self":[{"href":"https:\/\/lekahuin.com\/index.php?rest_route=\/wp\/v2\/posts\/12981","targetHints":{"allow":["GET"]}}],"collection":[{"href":"https:\/\/lekahuin.com\/index.php?rest_route=\/wp\/v2\/posts"}],"about":[{"href":"https:\/\/lekahuin.com\/index.php?rest_route=\/wp\/v2\/types\/post"}],"author":[{"embeddable":true,"href":"https:\/\/lekahuin.com\/index.php?rest_route=\/wp\/v2\/users\/211878710"}],"replies":[{"embeddable":true,"href":"https:\/\/lekahuin.com\/index.php?rest_route=%2Fwp%2Fv2%2Fcomments&post=12981"}],"version-history":[{"count":18,"href":"https:\/\/lekahuin.com\/index.php?rest_route=\/wp\/v2\/posts\/12981\/revisions"}],"predecessor-version":[{"id":13192,"href":"https:\/\/lekahuin.com\/index.php?rest_route=\/wp\/v2\/posts\/12981\/revisions\/13192"}],"wp:attachment":[{"href":"https:\/\/lekahuin.com\/index.php?rest_route=%2Fwp%2Fv2%2Fmedia&parent=12981"}],"wp:term":[{"taxonomy":"category","embeddable":true,"href":"https:\/\/lekahuin.com\/index.php?rest_route=%2Fwp%2Fv2%2Fcategories&post=12981"},{"taxonomy":"post_tag","embeddable":true,"href":"https:\/\/lekahuin.com\/index.php?rest_route=%2Fwp%2Fv2%2Ftags&post=12981"}],"curies":[{"name":"wp","href":"https:\/\/api.w.org\/{rel}","templated":true}]}}