{"id":13400,"date":"2025-05-26T22:45:00","date_gmt":"2025-05-26T20:45:00","guid":{"rendered":"https:\/\/lekahuin.com\/?p=13400"},"modified":"2025-05-26T22:45:17","modified_gmt":"2025-05-26T20:45:17","slug":"chile-represion","status":"publish","type":"post","link":"https:\/\/lekahuin.com\/?p=13400","title":{"rendered":"Chile &#8211; Represi\u00f3n"},"content":{"rendered":"\n<h2 class=\"wp-block-heading has-text-align-center\"><strong>REGLAS SOBRE USO DE LA FUERZA: UN PROYECTO AL QUE LA DERECHA\u00a0LE PUSO SU SELLO REPRESIVO Y DICTATORIAL<\/strong><\/h2>\n\n\n<div class=\"wp-block-image\">\n<figure class=\"aligncenter size-full\"><img data-recalc-dims=\"1\" fetchpriority=\"high\" decoding=\"async\" width=\"612\" height=\"408\" data-attachment-id=\"13402\" data-permalink=\"https:\/\/lekahuin.com\/?attachment_id=13402\" data-orig-file=\"https:\/\/i0.wp.com\/lekahuin.com\/wp-content\/uploads\/2025\/05\/RUF-ejercito.webp?fit=612%2C408&amp;ssl=1\" data-orig-size=\"612,408\" data-comments-opened=\"1\" data-image-meta=\"{&quot;aperture&quot;:&quot;0&quot;,&quot;credit&quot;:&quot;&quot;,&quot;camera&quot;:&quot;&quot;,&quot;caption&quot;:&quot;&quot;,&quot;created_timestamp&quot;:&quot;0&quot;,&quot;copyright&quot;:&quot;&quot;,&quot;focal_length&quot;:&quot;0&quot;,&quot;iso&quot;:&quot;0&quot;,&quot;shutter_speed&quot;:&quot;0&quot;,&quot;title&quot;:&quot;&quot;,&quot;orientation&quot;:&quot;0&quot;}\" data-image-title=\"RUF &amp;#8211; ejercito\" data-image-description=\"\" data-image-caption=\"\" data-large-file=\"https:\/\/i0.wp.com\/lekahuin.com\/wp-content\/uploads\/2025\/05\/RUF-ejercito.webp?fit=612%2C408&amp;ssl=1\" src=\"https:\/\/i0.wp.com\/lekahuin.com\/wp-content\/uploads\/2025\/05\/RUF-ejercito.webp?resize=612%2C408&#038;ssl=1\" alt=\"\" class=\"wp-image-13402\" srcset=\"https:\/\/i0.wp.com\/lekahuin.com\/wp-content\/uploads\/2025\/05\/RUF-ejercito.webp?w=612&amp;ssl=1 612w, https:\/\/i0.wp.com\/lekahuin.com\/wp-content\/uploads\/2025\/05\/RUF-ejercito.webp?resize=300%2C200&amp;ssl=1 300w, https:\/\/i0.wp.com\/lekahuin.com\/wp-content\/uploads\/2025\/05\/RUF-ejercito.webp?resize=150%2C100&amp;ssl=1 150w\" sizes=\"(max-width: 612px) 100vw, 612px\" \/><\/figure>\n<\/div>\n\n\n<p class=\"has-drop-cap has-text-align-justify wp-block-paragraph\">El proyecto sobre Reglas de uso de la fuerza (RUF) por parte de las fuerzas de Orden y Seguridad p\u00fablica y de las Fuerzas Armadas, en v\u00edas de convertirse en ley, m\u00e1s que clarificar y encuadrar la acci\u00f3n de los agentes del Estado, aparece como una nueva v\u00eda para mayores abusos e impunidad en nombre de la sacrosanta seguridad p\u00fablica.<br>Si las intenciones del gobierno, cuando present\u00f3 el proyecto en abril de 2023, pudieron haber sido loables al querer modificar criterios de acci\u00f3n de las fuerzas de seguridad, establecidos en 1983, en plena dictadura, finalmente se dej\u00f3 llevar a un terreno en que fue la derecha la que impuso sus puntos de vista y su estilo con una visi\u00f3n exclusivamente represiva del asunto.<br>As\u00ed, esta nueva legislaci\u00f3n aparece ni m\u00e1s ni menos como la continuaci\u00f3n de la controvertida Ley Na\u00edn-Retamal o de \u201cgatillo f\u00e1cil\u201d, concebida como otras medidas, al calor de la emoci\u00f3n provocada por hechos puntuales y no como resultado de una reflexi\u00f3n en torno a cuestiones como el orden y la seguridad, que implican a la sociedad en todos sus aspectos.<br>&nbsp;En las discusiones sobre el proyecto en el Senado, la derecha impuso su sello cuando consigui\u00f3 eliminar el principio de proporcionalidad, una de las bases del principio de uso leg\u00edtimo de la fuerza seg\u00fan los principios b\u00e1sicos de las Naciones Unidas sobre el uso de la fuerza y de armas de fuego.<br>Tambi\u00e9n se elimin\u00f3 la norma que proh\u00edbe de manera precisa el uso de la fuerza contra personas que ya han sido reducidas, como aquel que establece el deber de evitar apuntar hacia el torso y el rostro cuando se usa armas no letales, norma masivamente violada durante la revuelta popular de 2019.<br>Por \u00faltimo, tambi\u00e9n se suprimi\u00f3 del proyecto el principio del rendimiento de cuentas, para garantizar que todo acto ejercido por los agentes del Estado quede sometido a revisi\u00f3n, sea investigado y sancionado si se comprueba un abuso.<br>A este respecto, la directora del Instituto Nacional de Derechos Humanos (INDH), Consuelo Contreras, manifest\u00f3 su \u201cprofunda preocupaci\u00f3n\u201d por las modificaciones introducidas al proyecto en el Senado y reiter\u00f3 la necesidad que el uso de la fuerza debe regirse en conformidad con los tratados internacionales vigentes y que han sido ratificados por Chile.<br>El texto destac\u00f3 que \u201cel INDH reitera lo que ha se\u00f1alado anteriormente: el derecho a la seguridad es tambi\u00e9n un derecho humano, que exige para su garant\u00eda m\u00ednima una regulaci\u00f3n del uso de la fuerza. Por eso, las modificaciones al proyecto son un grave retroceso en las garant\u00edas de protecci\u00f3n de los derechos fundamentales\u201d.<br><\/p>\n","protected":false},"excerpt":{"rendered":"<div class=\"mh-excerpt\"><p>REGLAS SOBRE USO DE LA FUERZA: UN PROYECTO AL QUE LA DERECHA\u00a0LE PUSO SU SELLO REPRESIVO Y DICTATORIAL El proyecto sobre Reglas de uso de <a class=\"mh-excerpt-more\" href=\"https:\/\/lekahuin.com\/?p=13400\" title=\"Chile &#8211; Represi\u00f3n\">[&#8230;]<\/a><\/p>\n<\/div>","protected":false},"author":211878710,"featured_media":0,"comment_status":"open","ping_status":"open","sticky":false,"template":"","format":"standard","meta":{"_coblocks_attr":"","_coblocks_dimensions":"","_coblocks_responsive_height":"","_coblocks_accordion_ie_support":"","_crdt_document":"","advanced_seo_description":"","jetpack_seo_html_title":"","jetpack_seo_noindex":false,"_jetpack_newsletter_access":"","_jetpack_dont_email_post_to_subs":false,"_jetpack_newsletter_tier_id":0,"_jetpack_memberships_contains_paywalled_content":false,"_jetpack_memberships_contains_paid_content":false,"footnotes":"","jetpack_post_was_ever_published":false},"categories":[55294247],"tags":[],"class_list":["post-13400","post","type-post","status-publish","format-standard","hentry","category-chile"],"jetpack_featured_media_url":"","jetpack_likes_enabled":true,"jetpack_sharing_enabled":true,"jetpack_shortlink":"https:\/\/wp.me\/pdoWOp-3u8","jetpack-related-posts":[{"id":1708,"url":"https:\/\/lekahuin.com\/?p=1708","url_meta":{"origin":13400,"position":0},"title":"Chile","author":"Le Kahuin","date":"21 f\u00e9vrier 2022","format":false,"excerpt":"CARGOS SOBRE LA BASE DE MONTAJES CONTRA PRESOS DE LA REVUELTA SIN COMPARACI\u00d3N CON CRIMENES CONTRA DDHH DE LA AUTORIDAD Tribunales en Iquique: manifestaci\u00f3n por la Libertad de los Presos Pol\u00edticos de la Revuelta Social Despu\u00e9s de sortear innumerables dificultades y tribulaciones legislativas el proyecto de indulto para los prisioneros\u2026","rel":"","context":"Dans &quot;Non class\u00e9&quot;","block_context":{"text":"Non class\u00e9","link":"https:\/\/lekahuin.com\/?cat=6325"},"img":{"alt_text":"","src":"https:\/\/i0.wp.com\/lekahuin.com\/wp-content\/uploads\/2022\/02\/manif-cavancha.jpg?resize=350%2C200&ssl=1","width":350,"height":200,"srcset":"https:\/\/i0.wp.com\/lekahuin.com\/wp-content\/uploads\/2022\/02\/manif-cavancha.jpg?resize=350%2C200&ssl=1 1x, https:\/\/i0.wp.com\/lekahuin.com\/wp-content\/uploads\/2022\/02\/manif-cavancha.jpg?resize=525%2C300&ssl=1 1.5x, https:\/\/i0.wp.com\/lekahuin.com\/wp-content\/uploads\/2022\/02\/manif-cavancha.jpg?resize=700%2C400&ssl=1 2x, https:\/\/i0.wp.com\/lekahuin.com\/wp-content\/uploads\/2022\/02\/manif-cavancha.jpg?resize=1050%2C600&ssl=1 3x"},"classes":[]},{"id":4376,"url":"https:\/\/lekahuin.com\/?p=4376","url_meta":{"origin":13400,"position":1},"title":"Chile &#8211; Memoria","author":"Le Kahuin","date":"24 f\u00e9vrier 2023","format":false,"excerpt":"ASESINATOS DE \u201cNO COMBATIENTES\u201d EN TIEMPOS DE LA DINA. por Pedro Alejandro Matta EL homicidio calificado de Jorge Renato Francisco Le\u00f3n Zenteno, abogado y conservador de Bienes Ra\u00edces de Santiago, de 69 a\u00f1os de edad, ocurrido entre la noche del 29 hasta la madrugada del 30 de noviembre de 1976,\u2026","rel":"","context":"Dans &quot;Non class\u00e9&quot;","block_context":{"text":"Non class\u00e9","link":"https:\/\/lekahuin.com\/?cat=6325"},"img":{"alt_text":"","src":"https:\/\/i0.wp.com\/lekahuin.com\/wp-content\/uploads\/2023\/02\/Conservador-desfio-Dina-1.jpg?resize=350%2C200&ssl=1","width":350,"height":200},"classes":[]},{"id":1976,"url":"https:\/\/lekahuin.com\/?p=1976","url_meta":{"origin":13400,"position":2},"title":"Chile","author":"Le Kahuin","date":"23 avril 2022","format":false,"excerpt":"EL CODIGO DE AGUAS, LA CONVENCION Y EL GOBIERNO DE BORIC El 28 de julio de 2010, La Asamblea General de la ONU reconoci\u00f3 el acceso al agua potable y el saneamiento como derechos humanos b\u00e1sicos y el 22 de marzo qued\u00f3 establecido como el D\u00eda Mundial del Agua. Pero\u2026","rel":"","context":"Dans &quot;Non class\u00e9&quot;","block_context":{"text":"Non class\u00e9","link":"https:\/\/lekahuin.com\/?cat=6325"},"img":{"alt_text":"","src":"https:\/\/i0.wp.com\/lekahuin.com\/wp-content\/uploads\/2022\/04\/agua-1.png?resize=350%2C200&ssl=1","width":350,"height":200,"srcset":"https:\/\/i0.wp.com\/lekahuin.com\/wp-content\/uploads\/2022\/04\/agua-1.png?resize=350%2C200&ssl=1 1x, https:\/\/i0.wp.com\/lekahuin.com\/wp-content\/uploads\/2022\/04\/agua-1.png?resize=525%2C300&ssl=1 1.5x, https:\/\/i0.wp.com\/lekahuin.com\/wp-content\/uploads\/2022\/04\/agua-1.png?resize=700%2C400&ssl=1 2x, https:\/\/i0.wp.com\/lekahuin.com\/wp-content\/uploads\/2022\/04\/agua-1.png?resize=1050%2C600&ssl=1 3x, https:\/\/i0.wp.com\/lekahuin.com\/wp-content\/uploads\/2022\/04\/agua-1.png?resize=1400%2C800&ssl=1 4x"},"classes":[]},{"id":14141,"url":"https:\/\/lekahuin.com\/?p=14141","url_meta":{"origin":13400,"position":3},"title":"Chile &#8211; Historia para los m\u00e1s j\u00f3venes &#8211; I","author":"Le Kahuin","date":"26 ao\u00fbt 2025","format":false,"excerpt":"LOS A\u00d1OS 60, UNA EPOCA PR\u00d3LOGODE GRANDES CAMBIOS EN CHILE Y EL MUNDO En esta serie escrita por nuestro compa\u00f1ero Pedro Marcial Vega, este nos muestra su visi\u00f3n historia de los grandes acontecimientos que fueron modelando el momento actual, la que entregaremos en cap\u00edtulos en nuestros pr\u00f3ximos n\u00fameros.-----------------------------------En los a\u00f1os\u2026","rel":"","context":"Dans &quot;CHILE&quot;","block_context":{"text":"CHILE","link":"https:\/\/lekahuin.com\/?cat=55294247"},"img":{"alt_text":"","src":"https:\/\/i0.wp.com\/lekahuin.com\/wp-content\/uploads\/2025\/08\/portada_coleccion.webp?resize=350%2C200&ssl=1","width":350,"height":200,"srcset":"https:\/\/i0.wp.com\/lekahuin.com\/wp-content\/uploads\/2025\/08\/portada_coleccion.webp?resize=350%2C200&ssl=1 1x, https:\/\/i0.wp.com\/lekahuin.com\/wp-content\/uploads\/2025\/08\/portada_coleccion.webp?resize=525%2C300&ssl=1 1.5x"},"classes":[]},{"id":2292,"url":"https:\/\/lekahuin.com\/?p=2292","url_meta":{"origin":13400,"position":4},"title":"Chile","author":"Le Kahuin","date":"24 juin 2022","format":false,"excerpt":"LA CRISIS DE LA RED Y LA CAMPA\u00d1A DE LA DERECHA PARA RECHAZAR LA NUEVA CONSTITUCI\u00d3N Los trabajadores de la Red se encuentran en huelga desde el 6 de junio. Varias emisiones emblem\u00e1ticas no han salido al aire. No es raro que la crisis econ\u00f3mica que ha venido sufriendo el\u2026","rel":"","context":"Dans &quot;Non class\u00e9&quot;","block_context":{"text":"Non class\u00e9","link":"https:\/\/lekahuin.com\/?cat=6325"},"img":{"alt_text":"","src":"https:\/\/i0.wp.com\/lekahuin.com\/wp-content\/uploads\/2022\/06\/la-red-en-huelga.jpg?resize=350%2C200&ssl=1","width":350,"height":200,"srcset":"https:\/\/i0.wp.com\/lekahuin.com\/wp-content\/uploads\/2022\/06\/la-red-en-huelga.jpg?resize=350%2C200&ssl=1 1x, https:\/\/i0.wp.com\/lekahuin.com\/wp-content\/uploads\/2022\/06\/la-red-en-huelga.jpg?resize=525%2C300&ssl=1 1.5x, https:\/\/i0.wp.com\/lekahuin.com\/wp-content\/uploads\/2022\/06\/la-red-en-huelga.jpg?resize=700%2C400&ssl=1 2x"},"classes":[]},{"id":2410,"url":"https:\/\/lekahuin.com\/?p=2410","url_meta":{"origin":13400,"position":5},"title":"Par\u00eds","author":"Le Kahuin","date":"24 juillet 2022","format":false,"excerpt":"Convencional Manuela Royo en Par\u00eds: \u201cContra el fascismo queremos hacer avanzar el feminismo, la ecolog\u00eda y la justicia social\u201d Par\u00eds. 12 de julio de 2022.Su compromiso con el cambio esencial que significar\u00e1 la aprobaci\u00f3n del nuevo texto por la Convenci\u00f3n constitucional, manifest\u00f3 en Par\u00eds, en cada uno de sus encuentros,\u2026","rel":"","context":"Dans &quot;Non class\u00e9&quot;","block_context":{"text":"Non class\u00e9","link":"https:\/\/lekahuin.com\/?cat=6325"},"img":{"alt_text":"","src":"https:\/\/i0.wp.com\/lekahuin.com\/wp-content\/uploads\/2022\/07\/manuela-2.jpg?resize=350%2C200&ssl=1","width":350,"height":200,"srcset":"https:\/\/i0.wp.com\/lekahuin.com\/wp-content\/uploads\/2022\/07\/manuela-2.jpg?resize=350%2C200&ssl=1 1x, https:\/\/i0.wp.com\/lekahuin.com\/wp-content\/uploads\/2022\/07\/manuela-2.jpg?resize=525%2C300&ssl=1 1.5x, https:\/\/i0.wp.com\/lekahuin.com\/wp-content\/uploads\/2022\/07\/manuela-2.jpg?resize=700%2C400&ssl=1 2x"},"classes":[]}],"_links":{"self":[{"href":"https:\/\/lekahuin.com\/index.php?rest_route=\/wp\/v2\/posts\/13400","targetHints":{"allow":["GET"]}}],"collection":[{"href":"https:\/\/lekahuin.com\/index.php?rest_route=\/wp\/v2\/posts"}],"about":[{"href":"https:\/\/lekahuin.com\/index.php?rest_route=\/wp\/v2\/types\/post"}],"author":[{"embeddable":true,"href":"https:\/\/lekahuin.com\/index.php?rest_route=\/wp\/v2\/users\/211878710"}],"replies":[{"embeddable":true,"href":"https:\/\/lekahuin.com\/index.php?rest_route=%2Fwp%2Fv2%2Fcomments&post=13400"}],"version-history":[{"count":4,"href":"https:\/\/lekahuin.com\/index.php?rest_route=\/wp\/v2\/posts\/13400\/revisions"}],"predecessor-version":[{"id":13405,"href":"https:\/\/lekahuin.com\/index.php?rest_route=\/wp\/v2\/posts\/13400\/revisions\/13405"}],"wp:attachment":[{"href":"https:\/\/lekahuin.com\/index.php?rest_route=%2Fwp%2Fv2%2Fmedia&parent=13400"}],"wp:term":[{"taxonomy":"category","embeddable":true,"href":"https:\/\/lekahuin.com\/index.php?rest_route=%2Fwp%2Fv2%2Fcategories&post=13400"},{"taxonomy":"post_tag","embeddable":true,"href":"https:\/\/lekahuin.com\/index.php?rest_route=%2Fwp%2Fv2%2Ftags&post=13400"}],"curies":[{"name":"wp","href":"https:\/\/api.w.org\/{rel}","templated":true}]}}