{"id":13666,"date":"2025-06-26T21:08:21","date_gmt":"2025-06-26T19:08:21","guid":{"rendered":"https:\/\/lekahuin.com\/?p=13666"},"modified":"2025-06-26T21:08:21","modified_gmt":"2025-06-26T19:08:21","slug":"chile-mauricio-hernandez-norambuena","status":"publish","type":"post","link":"https:\/\/lekahuin.com\/?p=13666","title":{"rendered":"Chile &#8211; Mauricio Hern\u00e1ndez Norambuena"},"content":{"rendered":"\n<h2 class=\"wp-block-heading has-text-align-center\"><strong>POR DELICADO ESTADO DE SALUD, COMANDANTE RAMIRO ES TRASLADADO AL CENTRO DE DETENCION SANTIAGO SUR. <\/strong><\/h2>\n\n\n<div class=\"wp-block-image\">\n<figure class=\"aligncenter size-full is-resized\"><img data-recalc-dims=\"1\" fetchpriority=\"high\" decoding=\"async\" width=\"239\" height=\"360\" data-attachment-id=\"13669\" data-permalink=\"https:\/\/lekahuin.com\/?attachment_id=13669\" data-orig-file=\"https:\/\/i0.wp.com\/lekahuin.com\/wp-content\/uploads\/2025\/06\/libro-ramiro.webp?fit=239%2C360&amp;ssl=1\" data-orig-size=\"239,360\" data-comments-opened=\"1\" data-image-meta=\"{&quot;aperture&quot;:&quot;0&quot;,&quot;credit&quot;:&quot;&quot;,&quot;camera&quot;:&quot;&quot;,&quot;caption&quot;:&quot;&quot;,&quot;created_timestamp&quot;:&quot;0&quot;,&quot;copyright&quot;:&quot;&quot;,&quot;focal_length&quot;:&quot;0&quot;,&quot;iso&quot;:&quot;0&quot;,&quot;shutter_speed&quot;:&quot;0&quot;,&quot;title&quot;:&quot;&quot;,&quot;orientation&quot;:&quot;0&quot;}\" data-image-title=\"libro ramiro\" data-image-description=\"\" data-image-caption=\"\" data-large-file=\"https:\/\/i0.wp.com\/lekahuin.com\/wp-content\/uploads\/2025\/06\/libro-ramiro.webp?fit=239%2C360&amp;ssl=1\" src=\"https:\/\/i0.wp.com\/lekahuin.com\/wp-content\/uploads\/2025\/06\/libro-ramiro.webp?resize=239%2C360&#038;ssl=1\" alt=\"\" class=\"wp-image-13669\" style=\"aspect-ratio:0.6638454861111112;width:449px;height:auto\" srcset=\"https:\/\/i0.wp.com\/lekahuin.com\/wp-content\/uploads\/2025\/06\/libro-ramiro.webp?w=239&amp;ssl=1 239w, https:\/\/i0.wp.com\/lekahuin.com\/wp-content\/uploads\/2025\/06\/libro-ramiro.webp?resize=199%2C300&amp;ssl=1 199w, https:\/\/i0.wp.com\/lekahuin.com\/wp-content\/uploads\/2025\/06\/libro-ramiro.webp?resize=100%2C150&amp;ssl=1 100w\" sizes=\"(max-width: 239px) 100vw, 239px\" \/><\/figure>\n<\/div>\n\n\n<p class=\"has-drop-cap has-text-align-justify wp-block-paragraph\">Al cierre de la presente edici\u00f3n, como consecuencia de un delicado estado de salud, Mauricio Hern\u00e1ndez, el comandante Ramiro, hab\u00eda sido trasladado desde la c\u00e1rcel de Rancagua al centro de detenci\u00f3n Santiago Sur, en una espectacular operaci\u00f3n donde participaron cuatro veh\u00edculos especiales con personal de Gendarmer\u00eda, m\u00e1s refuerzos del Grupo de Operaciones Especiales de Carabineros.<br>Anteriormente, la familia de Ramiro hab\u00eda se\u00f1alado en una declaraci\u00f3n p\u00fablica que <strong>su estado de salud es un motivo serio de preocupaci\u00f3n, <\/strong>presentando\u00a0distintas complicaciones.<br><strong>A su demanda, el viernes 13 de junio, hab\u00eda sido internado en el Hospital Penitenciario de Rancagua, <\/strong>recinto de baja complejidad y resoluci\u00f3n,<strong>\u00a0<\/strong>en espera de resultados m\u00e9dicos<strong>,<em><strong><em>\u00a0<\/em><\/strong><\/em><\/strong>sin que hubiese un diagn\u00f3stico claro acerca de la causa de sus problemas., por lo que la familia hab\u00eda solicitado apoyo a diversas autoridades sin encontrar soluciones.<br>El diario digital El Mostrador indic\u00f3 que fuentes gubernamentales habr\u00edan se\u00f1alado que este traslado podr\u00eda significar la posibilidad de un eventual indulto presidencial, sin que esto fuese confirmado oficialmente.<br>Mauricio Hern\u00e1ndez Norambuena naci\u00f3 en Valpara\u00edso (Chili) en 1958, en el seno de una familia socialista que ser\u00e1 duramente golpeada por la represi\u00f3n despu\u00e9s del golpe de Estado de 1973.<br>Desde muy joven entr\u00f3 a militar en el Partido Comunista y en 1984 adhiri\u00f3 al Frente Patri\u00f3tico Manuel (FPMR), organizaci\u00f3n de resistencia a la dictadura de Pinochet, en la cual, llegar\u00e1 a ser uno de sus dirigentes conocido como \u00ab\u00a0Comandante Ramiro\u00a0\u00bb.<br>En 1994, fue condenado a una doble pena de perpetuidad pronunciada en aplicaci\u00f3n de la ley antiterrorista adoptada bajo la dictadura y en el marco de un proceso que no correspond\u00eda en nada a los criterios de un justo proceso.<br>Ramiro se encontraba recluido en la secci\u00f3n de Alta Seguridad del Centro Penitenciario de Rancagua despu\u00e9s de haber permanecido en la Unidad especial de Alta Seguridad de Santiago desde junio de 2021. A la edad de 67 a\u00f1os, le quedan por todav\u00eda 21 a\u00f1os de prisi\u00f3n por hechos que acontecieron hace m\u00e1s de 30 a\u00f1os y que se sit\u00faan en la l\u00ednea directa de su resistencia a la dictadura.<\/p>\n\n\n\n<p class=\"wp-block-paragraph\"><\/p>\n","protected":false},"excerpt":{"rendered":"<div class=\"mh-excerpt\"><p>POR DELICADO ESTADO DE SALUD, COMANDANTE RAMIRO ES TRASLADADO AL CENTRO DE DETENCION SANTIAGO SUR. Al cierre de la presente edici\u00f3n, como consecuencia de un <a class=\"mh-excerpt-more\" href=\"https:\/\/lekahuin.com\/?p=13666\" title=\"Chile &#8211; Mauricio Hern\u00e1ndez Norambuena\">[&#8230;]<\/a><\/p>\n<\/div>","protected":false},"author":211878710,"featured_media":0,"comment_status":"open","ping_status":"open","sticky":false,"template":"","format":"standard","meta":{"_coblocks_attr":"","_coblocks_dimensions":"","_coblocks_responsive_height":"","_coblocks_accordion_ie_support":"","_crdt_document":"","advanced_seo_description":"","jetpack_seo_html_title":"","jetpack_seo_noindex":false,"_jetpack_newsletter_access":"","_jetpack_dont_email_post_to_subs":false,"_jetpack_newsletter_tier_id":0,"_jetpack_memberships_contains_paywalled_content":false,"_jetpack_memberships_contains_paid_content":false,"footnotes":"","jetpack_post_was_ever_published":false},"categories":[55294247],"tags":[],"class_list":["post-13666","post","type-post","status-publish","format-standard","hentry","category-chile"],"jetpack_featured_media_url":"","jetpack_likes_enabled":true,"jetpack_sharing_enabled":true,"jetpack_shortlink":"https:\/\/wp.me\/pdoWOp-3yq","jetpack-related-posts":[{"id":13880,"url":"https:\/\/lekahuin.com\/?p=13880","url_meta":{"origin":13666,"position":0},"title":"Chile &#8211; Mauricio Hern\u00e1ndez Norambuena","author":"Le Kahuin","date":"25 juillet 2025","format":false,"excerpt":"MAURICIO HERNANDEZ NORAMBUENA, RAMIRO, FUE LLEVADO A UN HOSPITAL FUERA DE LA PRISI\u00d3N\u00a0PARA SER TRATADO EN CONDICIONES DECENTES. 2019: La Plaza de la Dignidad expresaba su solidaridad con Mauricio Hern\u00e1ndez Norambuena. El lunes 21 de julio de 2025, el ministro de Seguridad, Luis Cordero, explic\u00f3 que Mauricio Hern\u00e1ndez Norambuena, Comandante\u2026","rel":"","context":"Dans &quot;CHILE&quot;","block_context":{"text":"CHILE","link":"https:\/\/lekahuin.com\/?cat=55294247"},"img":{"alt_text":"","src":"https:\/\/i0.wp.com\/lekahuin.com\/wp-content\/uploads\/2025\/07\/comm-fam-ramiro-26-07-2025-1.webp?resize=350%2C200&ssl=1","width":350,"height":200,"srcset":"https:\/\/i0.wp.com\/lekahuin.com\/wp-content\/uploads\/2025\/07\/comm-fam-ramiro-26-07-2025-1.webp?resize=350%2C200&ssl=1 1x, https:\/\/i0.wp.com\/lekahuin.com\/wp-content\/uploads\/2025\/07\/comm-fam-ramiro-26-07-2025-1.webp?resize=525%2C300&ssl=1 1.5x, https:\/\/i0.wp.com\/lekahuin.com\/wp-content\/uploads\/2025\/07\/comm-fam-ramiro-26-07-2025-1.webp?resize=700%2C400&ssl=1 2x"},"classes":[]},{"id":14610,"url":"https:\/\/lekahuin.com\/?p=14610","url_meta":{"origin":13666,"position":1},"title":"Francia &#8211; Embajada de Chile","author":"Le Kahuin","date":"2 octobre 2025","format":false,"excerpt":"Entrega de carta a Boric por la libertad del Preso Pol\u00edtico Mauricio Hern\u00e1ndez Norambuena (MHN)Comit\u00e9 por la Vida y Libertad de MHN y Organizaciones solidarias Terre et Libert\u00e9 Wallmapu (Lise Bouzidi), Comit\u00e9 pour la Vie et Libert\u00e9 de Mauricio Hern\u00e1ndez Norambuena (Iv\u00e1n Kraljevic, Marion Raoul), Ambassadeur Du Chili en France\u2026","rel":"","context":"Dans &quot;CHILE&quot;","block_context":{"text":"CHILE","link":"https:\/\/lekahuin.com\/?cat=55294247"},"img":{"alt_text":"","src":"https:\/\/i0.wp.com\/lekahuin.com\/wp-content\/uploads\/2025\/10\/carta-boric_01.webp?resize=350%2C200","width":350,"height":200,"srcset":"https:\/\/i0.wp.com\/lekahuin.com\/wp-content\/uploads\/2025\/10\/carta-boric_01.webp?resize=350%2C200 1x, https:\/\/i0.wp.com\/lekahuin.com\/wp-content\/uploads\/2025\/10\/carta-boric_01.webp?resize=525%2C300 1.5x, https:\/\/i0.wp.com\/lekahuin.com\/wp-content\/uploads\/2025\/10\/carta-boric_01.webp?resize=700%2C400 2x"},"classes":[]},{"id":14051,"url":"https:\/\/lekahuin.com\/?p=14051","url_meta":{"origin":13666,"position":2},"title":"Chile &#8211; Mauricio Hern\u00e1ndez Norambuena &#8211; Ramiro","author":"Le Kahuin","date":"27 juillet 2025","format":false,"excerpt":"CARTA DE RAMIRO: DESDE EL HOSPITAL PENITENCIARIO Hermanos, hermanas, compa\u00f1eras y compa\u00f1eros, amigas y amigos:Me cuenta mi familia en estos d\u00edas inciertos de la solidaridad, de la fraternidad recibida por colectivos sociales, pol\u00edticos, afinidades, organizaciones de trabajadores, artistas, etc.; es muy dif\u00edcil expresarles mi emoci\u00f3n por el abrazo, no cabe\u2026","rel":"","context":"Dans &quot;CHILE&quot;","block_context":{"text":"CHILE","link":"https:\/\/lekahuin.com\/?cat=55294247"},"img":{"alt_text":"","src":"https:\/\/i0.wp.com\/lekahuin.com\/wp-content\/uploads\/2025\/07\/carta-ramiro-26-07-2025.webp?resize=350%2C200&ssl=1","width":350,"height":200,"srcset":"https:\/\/i0.wp.com\/lekahuin.com\/wp-content\/uploads\/2025\/07\/carta-ramiro-26-07-2025.webp?resize=350%2C200&ssl=1 1x, https:\/\/i0.wp.com\/lekahuin.com\/wp-content\/uploads\/2025\/07\/carta-ramiro-26-07-2025.webp?resize=525%2C300&ssl=1 1.5x, https:\/\/i0.wp.com\/lekahuin.com\/wp-content\/uploads\/2025\/07\/carta-ramiro-26-07-2025.webp?resize=700%2C400&ssl=1 2x, https:\/\/i0.wp.com\/lekahuin.com\/wp-content\/uploads\/2025\/07\/carta-ramiro-26-07-2025.webp?resize=1050%2C600&ssl=1 3x, https:\/\/i0.wp.com\/lekahuin.com\/wp-content\/uploads\/2025\/07\/carta-ramiro-26-07-2025.webp?resize=1400%2C800&ssl=1 4x"},"classes":[]},{"id":16117,"url":"https:\/\/lekahuin.com\/?p=16117","url_meta":{"origin":13666,"position":3},"title":"Francia &#8211; Chile &#8211; Mauricio Hern\u00e1ndez Norambuena","author":"Le Kahuin","date":"27 f\u00e9vrier 2026","format":false,"excerpt":"DECLARACI\u00d3N La r\u00e9cente \u00e9lection d'un candidat d'extr\u00eame droite au Chili a\u00a0plong\u00e9 dans la stupeur une partie de sa population et les amis d\u2019un Chili digne et d\u00e9mocratique. Face \u00e0 cette perspective, nos organisations \u00e9prouvent les craintes les plus vives pour le sort des prisonniers politiques qu\u2019il s\u2019agisse des prisonniers Mapuche,\u2026","rel":"","context":"Dans &quot;CHILE&quot;","block_context":{"text":"CHILE","link":"https:\/\/lekahuin.com\/?cat=55294247"},"img":{"alt_text":"","src":"https:\/\/i0.wp.com\/lekahuin.com\/wp-content\/uploads\/2026\/02\/Ramiro.png?resize=350%2C200&ssl=1","width":350,"height":200,"srcset":"https:\/\/i0.wp.com\/lekahuin.com\/wp-content\/uploads\/2026\/02\/Ramiro.png?resize=350%2C200&ssl=1 1x, https:\/\/i0.wp.com\/lekahuin.com\/wp-content\/uploads\/2026\/02\/Ramiro.png?resize=525%2C300&ssl=1 1.5x"},"classes":[]},{"id":1249,"url":"https:\/\/lekahuin.com\/?p=1249","url_meta":{"origin":13666,"position":4},"title":"Par\u00eds-Plaza Saint Michel","author":"Le Kahuin","date":"19 novembre 2021","format":false,"excerpt":"Encontramos nuestra sangre ... ! \u201cEncontramos nuestra sangre\u201d, fue el comentario de una pareja de turistas chilenos que con sus hijos menores recorr\u00edan Paris y que se encontraron con la manifestaci\u00f3n por los presos pol\u00edticos en Chile, que ten\u00eda lugar en la tarde el domingo 14 de noviembre en la\u2026","rel":"","context":"Dans &quot;Non class\u00e9&quot;","block_context":{"text":"Non class\u00e9","link":"https:\/\/lekahuin.com\/?cat=6325"},"img":{"alt_text":"","src":"https:\/\/i0.wp.com\/lekahuin.com\/wp-content\/uploads\/2021\/11\/dsc_0089.jpg?resize=350%2C200&ssl=1","width":350,"height":200,"srcset":"https:\/\/i0.wp.com\/lekahuin.com\/wp-content\/uploads\/2021\/11\/dsc_0089.jpg?resize=350%2C200&ssl=1 1x, https:\/\/i0.wp.com\/lekahuin.com\/wp-content\/uploads\/2021\/11\/dsc_0089.jpg?resize=525%2C300&ssl=1 1.5x, https:\/\/i0.wp.com\/lekahuin.com\/wp-content\/uploads\/2021\/11\/dsc_0089.jpg?resize=700%2C400&ssl=1 2x, https:\/\/i0.wp.com\/lekahuin.com\/wp-content\/uploads\/2021\/11\/dsc_0089.jpg?resize=1050%2C600&ssl=1 3x, https:\/\/i0.wp.com\/lekahuin.com\/wp-content\/uploads\/2021\/11\/dsc_0089.jpg?resize=1400%2C800&ssl=1 4x"},"classes":[]},{"id":1437,"url":"https:\/\/lekahuin.com\/?p=1437","url_meta":{"origin":13666,"position":5},"title":"CHILE","author":"Le Kahuin","date":"24 d\u00e9cembre 2021","format":false,"excerpt":"PERIODISTA JUAN PABLO CARDENAS REITERA A PRESIDENTE GABRIEL BORIC COMPROMISO QUE FUE EL DE LOS PROFESIONALES DE SU GENERACI\u00d3N Juan Pablo C\u00e1rdenas, uno periodistas m\u00e1s destacados a nivel nacional e internacional, profesor de varias escuelas de periodismo, dirigi\u00f3 una carta al presidente Gabriel Boric, donde, evoca el trabajo de su\u2026","rel":"","context":"Dans &quot;Non class\u00e9&quot;","block_context":{"text":"Non class\u00e9","link":"https:\/\/lekahuin.com\/?cat=6325"},"img":{"alt_text":"","src":"https:\/\/i0.wp.com\/lekahuin.com\/wp-content\/uploads\/2022\/01\/jpc.png?resize=350%2C200&ssl=1","width":350,"height":200,"srcset":"https:\/\/i0.wp.com\/lekahuin.com\/wp-content\/uploads\/2022\/01\/jpc.png?resize=350%2C200&ssl=1 1x, https:\/\/i0.wp.com\/lekahuin.com\/wp-content\/uploads\/2022\/01\/jpc.png?resize=525%2C300&ssl=1 1.5x, https:\/\/i0.wp.com\/lekahuin.com\/wp-content\/uploads\/2022\/01\/jpc.png?resize=700%2C400&ssl=1 2x, https:\/\/i0.wp.com\/lekahuin.com\/wp-content\/uploads\/2022\/01\/jpc.png?resize=1050%2C600&ssl=1 3x, https:\/\/i0.wp.com\/lekahuin.com\/wp-content\/uploads\/2022\/01\/jpc.png?resize=1400%2C800&ssl=1 4x"},"classes":[]}],"_links":{"self":[{"href":"https:\/\/lekahuin.com\/index.php?rest_route=\/wp\/v2\/posts\/13666","targetHints":{"allow":["GET"]}}],"collection":[{"href":"https:\/\/lekahuin.com\/index.php?rest_route=\/wp\/v2\/posts"}],"about":[{"href":"https:\/\/lekahuin.com\/index.php?rest_route=\/wp\/v2\/types\/post"}],"author":[{"embeddable":true,"href":"https:\/\/lekahuin.com\/index.php?rest_route=\/wp\/v2\/users\/211878710"}],"replies":[{"embeddable":true,"href":"https:\/\/lekahuin.com\/index.php?rest_route=%2Fwp%2Fv2%2Fcomments&post=13666"}],"version-history":[{"count":4,"href":"https:\/\/lekahuin.com\/index.php?rest_route=\/wp\/v2\/posts\/13666\/revisions"}],"predecessor-version":[{"id":13671,"href":"https:\/\/lekahuin.com\/index.php?rest_route=\/wp\/v2\/posts\/13666\/revisions\/13671"}],"wp:attachment":[{"href":"https:\/\/lekahuin.com\/index.php?rest_route=%2Fwp%2Fv2%2Fmedia&parent=13666"}],"wp:term":[{"taxonomy":"category","embeddable":true,"href":"https:\/\/lekahuin.com\/index.php?rest_route=%2Fwp%2Fv2%2Fcategories&post=13666"},{"taxonomy":"post_tag","embeddable":true,"href":"https:\/\/lekahuin.com\/index.php?rest_route=%2Fwp%2Fv2%2Ftags&post=13666"}],"curies":[{"name":"wp","href":"https:\/\/api.w.org\/{rel}","templated":true}]}}