{"id":14490,"date":"2025-09-30T03:03:53","date_gmt":"2025-09-30T01:03:53","guid":{"rendered":"https:\/\/lekahuin.com\/?p=14490"},"modified":"2025-09-30T03:48:09","modified_gmt":"2025-09-30T01:48:09","slug":"internacional-francia-crisis-2","status":"publish","type":"post","link":"https:\/\/lekahuin.com\/?p=14490","title":{"rendered":"Internacional &#8211; Francia &#8211; Crisis"},"content":{"rendered":"\n<h2 class=\"wp-block-heading has-text-align-center\"><strong>EN EL PA\u00cdS FAMOSO POR SU REFINADA COCINA, LA OLLA SOCIAL A PUNTO DE REVENTAR<\/strong><\/h2>\n\n\n\n<figure class=\"wp-block-image size-large\"><img data-recalc-dims=\"1\" fetchpriority=\"high\" decoding=\"async\" width=\"1024\" height=\"501\" data-attachment-id=\"14506\" data-permalink=\"https:\/\/lekahuin.com\/?attachment_id=14506\" data-orig-file=\"https:\/\/i0.wp.com\/lekahuin.com\/wp-content\/uploads\/2025\/09\/Francia-crisis-social-1280x626-1.webp?fit=1280%2C626&amp;ssl=1\" data-orig-size=\"1280,626\" data-comments-opened=\"1\" data-image-meta=\"{&quot;aperture&quot;:&quot;0&quot;,&quot;credit&quot;:&quot;&quot;,&quot;camera&quot;:&quot;&quot;,&quot;caption&quot;:&quot;&quot;,&quot;created_timestamp&quot;:&quot;0&quot;,&quot;copyright&quot;:&quot;&quot;,&quot;focal_length&quot;:&quot;0&quot;,&quot;iso&quot;:&quot;0&quot;,&quot;shutter_speed&quot;:&quot;0&quot;,&quot;title&quot;:&quot;&quot;,&quot;orientation&quot;:&quot;0&quot;}\" data-image-title=\"Francia crisis social-1280&amp;#215;626\" data-image-description=\"\" data-image-caption=\"\" data-large-file=\"https:\/\/i0.wp.com\/lekahuin.com\/wp-content\/uploads\/2025\/09\/Francia-crisis-social-1280x626-1.webp?fit=1024%2C501&amp;ssl=1\" src=\"https:\/\/i0.wp.com\/lekahuin.com\/wp-content\/uploads\/2025\/09\/Francia-crisis-social-1280x626-1.webp?resize=1024%2C501&#038;ssl=1\" alt=\"\" class=\"wp-image-14506\" srcset=\"https:\/\/i0.wp.com\/lekahuin.com\/wp-content\/uploads\/2025\/09\/Francia-crisis-social-1280x626-1.webp?resize=1024%2C501&amp;ssl=1 1024w, https:\/\/i0.wp.com\/lekahuin.com\/wp-content\/uploads\/2025\/09\/Francia-crisis-social-1280x626-1.webp?resize=300%2C147&amp;ssl=1 300w, https:\/\/i0.wp.com\/lekahuin.com\/wp-content\/uploads\/2025\/09\/Francia-crisis-social-1280x626-1.webp?resize=150%2C73&amp;ssl=1 150w, https:\/\/i0.wp.com\/lekahuin.com\/wp-content\/uploads\/2025\/09\/Francia-crisis-social-1280x626-1.webp?resize=768%2C376&amp;ssl=1 768w, https:\/\/i0.wp.com\/lekahuin.com\/wp-content\/uploads\/2025\/09\/Francia-crisis-social-1280x626-1.webp?resize=1200%2C587&amp;ssl=1 1200w, https:\/\/i0.wp.com\/lekahuin.com\/wp-content\/uploads\/2025\/09\/Francia-crisis-social-1280x626-1.webp?w=1280&amp;ssl=1 1280w\" sizes=\"(max-width: 1000px) 100vw, 1000px\" \/><\/figure>\n\n\n\n<p class=\"has-drop-cap has-text-align-justify wp-block-paragraph\">En Francia, dos grandes movilizaciones populares, s\u00edmbolos de la profunda crisis pol\u00edtica, social y econ\u00f3mica que vive el pa\u00eds, marcaron la etapa del regreso a las actividades normales, laborales, econ\u00f3micas y estudiantiles, despu\u00e9s del periodo de vacaciones del verano boreal, en junio, julio y agosto.<br><strong><em>&nbsp;\u201cA bloquear todo\u201d<\/em><\/strong> el 10 de septiembre,fue el llamado que circul\u00f3 a lo largo de todo el pa\u00eds, algo que parti\u00f3 de manera casi espont\u00e1nea, sin un liderazgo bien definido y cuya organizaci\u00f3n y desarrollo se fue dando a conocer sobre todo a trav\u00e9s de las redes sociales, en algo frente a lo cual, los chilenos aqu\u00ed, evidentemente, evocaron las jornadas iniciadas en Chile en octubre de 2019.<br>La segunda de estas manifestaciones tuvo lugar ocho d\u00edas m\u00e1s tarde, esta vez organizada por el conjunto de las federaciones sindicales francesas, la que tuvo un impacto mucho mayor que la anterior en cuanto a la movilizaci\u00f3n y las consecuencias de esta en lo cotidiano.<br>Francia est\u00e1 viviendo un largo ciclo de tensiones sociales iniciado ya antes del comienzo del primer mandato del actual presidente Emmanuel Macron (2017), en el marco de una acentuaci\u00f3n de la pol\u00edtica de econom\u00eda neoliberal iniciada por el anterior mandatario, el \u201c<strong><em>socio-listo\u201d<\/em><\/strong> Fran\u00e7ois Hollande.<br>Dos etapas importantes marcan este ciclo, la primera en 2016, en las postrimer\u00edas del mandato de Fran\u00e7ois Hollande, con movilizaciones en que participaron millones en contra de una reforma de la legislaci\u00f3n laboral que, como es f\u00e1cil comprender, estaba destinada a reducir al m\u00e1ximo los derechos de los trabajadores y en beneficio de la patronal.<br>Siete a\u00f1os mas tarde, en 2023, millones de personas y durante varios meses se movilizaron para oponerse esta vez a una reforma del sistema de jubilaciones destinada a aumentar de los 62 a los 64 a\u00f1os, la edad legal para jubilar.<br>En ambos casos, las respectivas leyes fueron promulgadas <em>\u201cpor la fuerza\u201d,<\/em> mediante un recurso constitucional que permite al ejecutivo prescindir del Parlamento y al mismo tiempo y evidentemente ignorar la presi\u00f3n popular.<br>En lo pol\u00edtico, la crisis actual comenz\u00f3 a mediados del a\u00f1o pasado, cuando las fuerzas de la coalici\u00f3n de apoyo al presidente Macron sufrieron, frente a la extrema derecha, una rotunda e hist\u00f3rica derrota en las elecciones parlamentarias de la Uni\u00f3n Europea.<br>Esto llev\u00f3 al mandatario franc\u00e9s, de acuerdo con sus atribuciones constitucionales, a disolver la Asamblea Nacional (la c\u00e1mara de diputados que es la rama principal del poder legislativo) y llamar a nuevas elecciones parlamentarias.<br>El resultado de estas fue una nueva y a\u00fan m\u00e1s rotunda derrota para las fuerzas aliadas del gobierno y la aparici\u00f3n como primera mayor\u00eda, superando esta vez a la extrema derecha, de una coalici\u00f3n de partidos de izquierda, integrada por el movimiento de la Francia Insumisa, Socialistas, comunistas y ecologistas.<br>En Francia, sin estar obligado, pero por evidentes razones pol\u00edticas y para poder gobernar, el presidente de la Rep\u00fablica debe nombrar a un primer ministro salido de las filas del partido o la coalici\u00f3n que haya obtenido la mayor\u00eda en la Asamblea Nacional.<br>Esta regla pr\u00e1ctica fue ignorada por Emmanuel Macron, quien nombr\u00f3 ya a dos primeros ministros con sus respectivos gabinetes, los que en menos de un a\u00f1o fueron censurados y obligados a renunciar a sus cargos, por decisi\u00f3n de una mayor\u00eda de votos en la Asamblea Nacional,la que se opuso, en ambos casos al proyecto de ley de presupuesto nacional presentado por estos-.<br>El \u00faltimo de estos dos primeros ministros Fran\u00e7ois Bayrou, nombrado en diciembre del a\u00f1o pasado, uno de esos pol\u00edticos centristas que siempre gravit\u00f3 en las esferas medias del poder, implicado en un esc\u00e1ndalo de violencias y abusos sexuales en un colegio cat\u00f3lico, nunca consigui\u00f3 ser aceptado por la opini\u00f3n p\u00fablica y desde su nombramiento, en diciembre de 2024, fue cuestionado regularmente en el plano pol\u00edtico y por la opini\u00f3n p\u00fablica.<br>Consecuencia del llamado a la movilizaci\u00f3n del 10 de septiembre y en la v\u00edspera de su realizaci\u00f3n, Bayrou se vio obligado a renunciar, siendo remplazado por uno de los m\u00e1s fieles seguidores del presidente Emmanuel Macron, el que, hasta fines de septiembre, tampoco parec\u00eda haber superado la crisis en torno a la ley de presupuesto, cuando est\u00e1n programadas nuevas y masivas movilizaciones sociales para comienzos del mes de octubre.<br><br><\/p>\n\n\n\n<p class=\"wp-block-paragraph\"><\/p>\n","protected":false},"excerpt":{"rendered":"<div class=\"mh-excerpt\"><p>EN EL PA\u00cdS FAMOSO POR SU REFINADA COCINA, LA OLLA SOCIAL A PUNTO DE REVENTAR En Francia, dos grandes movilizaciones populares, s\u00edmbolos de la profunda <a class=\"mh-excerpt-more\" href=\"https:\/\/lekahuin.com\/?p=14490\" title=\"Internacional &#8211; Francia &#8211; Crisis\">[&#8230;]<\/a><\/p>\n<\/div>","protected":false},"author":211878710,"featured_media":0,"comment_status":"open","ping_status":"open","sticky":false,"template":"","format":"standard","meta":{"_coblocks_attr":"","_coblocks_dimensions":"","_coblocks_responsive_height":"","_coblocks_accordion_ie_support":"","_crdt_document":"","advanced_seo_description":"","jetpack_seo_html_title":"","jetpack_seo_noindex":false,"_jetpack_newsletter_access":"","_jetpack_dont_email_post_to_subs":false,"_jetpack_newsletter_tier_id":0,"_jetpack_memberships_contains_paywalled_content":false,"_jetpack_memberships_contains_paid_content":false,"footnotes":"","jetpack_post_was_ever_published":false},"categories":[55294248],"tags":[],"class_list":["post-14490","post","type-post","status-publish","format-standard","hentry","category-internacional"],"jetpack_featured_media_url":"","jetpack_likes_enabled":true,"jetpack_sharing_enabled":true,"jetpack_shortlink":"https:\/\/wp.me\/pdoWOp-3LI","jetpack-related-posts":[{"id":5118,"url":"https:\/\/lekahuin.com\/?p=5118","url_meta":{"origin":14490,"position":0},"title":"Internacional &#8211; Francia","author":"Le Kahuin","date":"25 avril 2023","format":false,"excerpt":"RECHAZO MASIVO A LEY DE JUBILACIONES EN FRANCIA, NUEVO SIGNO DE CRISIS GENERAL DEL MODELO NEOLIBERAL Despu\u00e9s de varias semanas de manifestaciones, con millones de personas protestando en las grandes ciudades como en los pueblos rurales o menores de toda Francia y, luego de haber obtenido la aprobaci\u00f3n del Consejo\u2026","rel":"","context":"Dans &quot;Non class\u00e9&quot;","block_context":{"text":"Non class\u00e9","link":"https:\/\/lekahuin.com\/?cat=6325"},"img":{"alt_text":"","src":"https:\/\/i0.wp.com\/lekahuin.com\/wp-content\/uploads\/2023\/04\/Casserolade-1.jpg?resize=350%2C200&ssl=1","width":350,"height":200},"classes":[]},{"id":14432,"url":"https:\/\/lekahuin.com\/?p=14432","url_meta":{"origin":14490,"position":1},"title":"Francia &#8211; Crisis","author":"Le Kahuin","date":"29 septembre 2025","format":false,"excerpt":"FRANCIA EN CRISIS CONSECUENCIA DE LA DERIVA NEOLIBERAL Por Claudio Jedlicki Francia est\u00e1 confrontada a una situaci\u00f3n pol\u00edtica-econ\u00f3mica complicada. Sin mayor\u00eda parlamentaria, el nuevo primer ministro debe presentar un plan que reduzca dr\u00e1sticamente el d\u00e9ficit fiscal v\u00eda nuevas entradas fiscales y\/o disminuci\u00f3n de gastos.La oposici\u00f3n de izquierda, aunque dividida en\u2026","rel":"","context":"Dans &quot;INTERNACIONAL&quot;","block_context":{"text":"INTERNACIONAL","link":"https:\/\/lekahuin.com\/?cat=55294248"},"img":{"alt_text":"","src":"https:\/\/i0.wp.com\/lekahuin.com\/wp-content\/uploads\/2025\/09\/francia-crisis-social.webp?resize=350%2C200&ssl=1","width":350,"height":200,"srcset":"https:\/\/i0.wp.com\/lekahuin.com\/wp-content\/uploads\/2025\/09\/francia-crisis-social.webp?resize=350%2C200&ssl=1 1x, https:\/\/i0.wp.com\/lekahuin.com\/wp-content\/uploads\/2025\/09\/francia-crisis-social.webp?resize=525%2C300&ssl=1 1.5x, https:\/\/i0.wp.com\/lekahuin.com\/wp-content\/uploads\/2025\/09\/francia-crisis-social.webp?resize=700%2C400&ssl=1 2x"},"classes":[]},{"id":3990,"url":"https:\/\/lekahuin.com\/?p=3990","url_meta":{"origin":14490,"position":2},"title":"Chile","author":"Le Kahuin","date":"24 janvier 2023","format":false,"excerpt":"COMO CHILE PAS\u00d3 DE UN MODELO DE CRECIMIENTO\u00a0HACIA EL EXTERIOR A UNA APERTURA CASI TOTAL Y AL TPP11 por Claudio JEDLICKI (2\u00aa parte de nuestro art\u00edculo \u201cAlgo para (tratar de) entender el papel del comercio exterior \u2026\u201d del n\u00famero 15)La crisis del mundo capitalista de 1929 signific\u00f3 para Chile la\u2026","rel":"","context":"Dans &quot;Non class\u00e9&quot;","block_context":{"text":"Non class\u00e9","link":"https:\/\/lekahuin.com\/?cat=6325"},"img":{"alt_text":"","src":"https:\/\/i0.wp.com\/lekahuin.com\/wp-content\/uploads\/2023\/01\/comercio-exterior.jpg?resize=350%2C200&ssl=1","width":350,"height":200,"srcset":"https:\/\/i0.wp.com\/lekahuin.com\/wp-content\/uploads\/2023\/01\/comercio-exterior.jpg?resize=350%2C200&ssl=1 1x, https:\/\/i0.wp.com\/lekahuin.com\/wp-content\/uploads\/2023\/01\/comercio-exterior.jpg?resize=525%2C300&ssl=1 1.5x, https:\/\/i0.wp.com\/lekahuin.com\/wp-content\/uploads\/2023\/01\/comercio-exterior.jpg?resize=700%2C400&ssl=1 2x"},"classes":[]},{"id":2410,"url":"https:\/\/lekahuin.com\/?p=2410","url_meta":{"origin":14490,"position":3},"title":"Par\u00eds","author":"Le Kahuin","date":"24 juillet 2022","format":false,"excerpt":"Convencional Manuela Royo en Par\u00eds: \u201cContra el fascismo queremos hacer avanzar el feminismo, la ecolog\u00eda y la justicia social\u201d Par\u00eds. 12 de julio de 2022.Su compromiso con el cambio esencial que significar\u00e1 la aprobaci\u00f3n del nuevo texto por la Convenci\u00f3n constitucional, manifest\u00f3 en Par\u00eds, en cada uno de sus encuentros,\u2026","rel":"","context":"Dans &quot;Non class\u00e9&quot;","block_context":{"text":"Non class\u00e9","link":"https:\/\/lekahuin.com\/?cat=6325"},"img":{"alt_text":"","src":"https:\/\/i0.wp.com\/lekahuin.com\/wp-content\/uploads\/2022\/07\/manuela-2.jpg?resize=350%2C200&ssl=1","width":350,"height":200,"srcset":"https:\/\/i0.wp.com\/lekahuin.com\/wp-content\/uploads\/2022\/07\/manuela-2.jpg?resize=350%2C200&ssl=1 1x, https:\/\/i0.wp.com\/lekahuin.com\/wp-content\/uploads\/2022\/07\/manuela-2.jpg?resize=525%2C300&ssl=1 1.5x, https:\/\/i0.wp.com\/lekahuin.com\/wp-content\/uploads\/2022\/07\/manuela-2.jpg?resize=700%2C400&ssl=1 2x"},"classes":[]},{"id":4000,"url":"https:\/\/lekahuin.com\/?p=4000","url_meta":{"origin":14490,"position":4},"title":"FRANCIA","author":"Le Kahuin","date":"24 janvier 2023","format":false,"excerpt":"EN FRANCIA, DOS MILLONES MANIFESTARON CONTRA EL GOBIERNO Y SU NEFASTA REFORMA AL SISTEMA DE JUBILACIONES Dibujo de \"urbs\" publicado en Facebook por la Secci\u00f3n Secci\u00f3n sindical de Ferrocarriles (SNCF) de la Estaci\u00f3n de Lyon en Par\u00eds Unos dos millones de personas manifestaron el pasado jueves 19 de enero en\u2026","rel":"","context":"Dans &quot;Non class\u00e9&quot;","block_context":{"text":"Non class\u00e9","link":"https:\/\/lekahuin.com\/?cat=6325"},"img":{"alt_text":"","src":"https:\/\/i0.wp.com\/lekahuin.com\/wp-content\/uploads\/2023\/01\/manif-france-19-01-2.jpg?resize=350%2C200","width":350,"height":200,"srcset":"https:\/\/i0.wp.com\/lekahuin.com\/wp-content\/uploads\/2023\/01\/manif-france-19-01-2.jpg?resize=350%2C200 1x, https:\/\/i0.wp.com\/lekahuin.com\/wp-content\/uploads\/2023\/01\/manif-france-19-01-2.jpg?resize=525%2C300 1.5x"},"classes":[]},{"id":11928,"url":"https:\/\/lekahuin.com\/?p=11928","url_meta":{"origin":14490,"position":5},"title":"Internacional &#8211; Econom\u00eda","author":"Le Kahuin","date":"22 d\u00e9cembre 2024","format":false,"excerpt":"RECESI\u00d3N, CRISIS CLIM\u00c1TICA Y AUTOMOTRIZ EN LA UNI\u00d3N EUROPEA Por Claudio Jedlicki Cuando Alemania, la principal econom\u00eda europea con m\u00e1s de la cuarta parte del PIB de la Uni\u00f3n Europa (UE), se resfr\u00eda, todo el resto comienza inmediatamente a estornudar.Su dinamismo y su fortaleza residen en su sector industrial y\u2026","rel":"","context":"Dans &quot;INTERNACIONAL&quot;","block_context":{"text":"INTERNACIONAL","link":"https:\/\/lekahuin.com\/?cat=55294248"},"img":{"alt_text":"","src":"https:\/\/i0.wp.com\/lekahuin.com\/wp-content\/uploads\/2024\/12\/Crisis-economica-Recesion-1.jpg?resize=350%2C200&ssl=1","width":350,"height":200,"srcset":"https:\/\/i0.wp.com\/lekahuin.com\/wp-content\/uploads\/2024\/12\/Crisis-economica-Recesion-1.jpg?resize=350%2C200&ssl=1 1x, https:\/\/i0.wp.com\/lekahuin.com\/wp-content\/uploads\/2024\/12\/Crisis-economica-Recesion-1.jpg?resize=525%2C300&ssl=1 1.5x, https:\/\/i0.wp.com\/lekahuin.com\/wp-content\/uploads\/2024\/12\/Crisis-economica-Recesion-1.jpg?resize=700%2C400&ssl=1 2x, https:\/\/i0.wp.com\/lekahuin.com\/wp-content\/uploads\/2024\/12\/Crisis-economica-Recesion-1.jpg?resize=1050%2C600&ssl=1 3x, https:\/\/i0.wp.com\/lekahuin.com\/wp-content\/uploads\/2024\/12\/Crisis-economica-Recesion-1.jpg?resize=1400%2C800&ssl=1 4x"},"classes":[]}],"_links":{"self":[{"href":"https:\/\/lekahuin.com\/index.php?rest_route=\/wp\/v2\/posts\/14490","targetHints":{"allow":["GET"]}}],"collection":[{"href":"https:\/\/lekahuin.com\/index.php?rest_route=\/wp\/v2\/posts"}],"about":[{"href":"https:\/\/lekahuin.com\/index.php?rest_route=\/wp\/v2\/types\/post"}],"author":[{"embeddable":true,"href":"https:\/\/lekahuin.com\/index.php?rest_route=\/wp\/v2\/users\/211878710"}],"replies":[{"embeddable":true,"href":"https:\/\/lekahuin.com\/index.php?rest_route=%2Fwp%2Fv2%2Fcomments&post=14490"}],"version-history":[{"count":6,"href":"https:\/\/lekahuin.com\/index.php?rest_route=\/wp\/v2\/posts\/14490\/revisions"}],"predecessor-version":[{"id":14508,"href":"https:\/\/lekahuin.com\/index.php?rest_route=\/wp\/v2\/posts\/14490\/revisions\/14508"}],"wp:attachment":[{"href":"https:\/\/lekahuin.com\/index.php?rest_route=%2Fwp%2Fv2%2Fmedia&parent=14490"}],"wp:term":[{"taxonomy":"category","embeddable":true,"href":"https:\/\/lekahuin.com\/index.php?rest_route=%2Fwp%2Fv2%2Fcategories&post=14490"},{"taxonomy":"post_tag","embeddable":true,"href":"https:\/\/lekahuin.com\/index.php?rest_route=%2Fwp%2Fv2%2Ftags&post=14490"}],"curies":[{"name":"wp","href":"https:\/\/api.w.org\/{rel}","templated":true}]}}