{"id":14967,"date":"2025-11-07T11:51:07","date_gmt":"2025-11-07T10:51:07","guid":{"rendered":"https:\/\/lekahuin.com\/?p=14967"},"modified":"2025-11-07T11:51:07","modified_gmt":"2025-11-07T10:51:07","slug":"memoria-conmemoracion","status":"publish","type":"post","link":"https:\/\/lekahuin.com\/?p=14967","title":{"rendered":"Memoria &#8211; Conmemoraci\u00f3n"},"content":{"rendered":"\n<h2 class=\"wp-block-heading has-text-align-center\">! <strong>A 45 A\u00f1OS DE LA PARTIDA FISICA DE NUESTROS COMPANEROS JUAN OLIVARES Y RUBEN ORTA<\/strong> !<\/h2>\n\n\n\n<p class=\"has-text-align-center wp-block-paragraph\"><strong>\ud835\uddd5\ud835\uddfc\ud835\uddff\ud835\uddf4\ud835\uddfc\ud835\uddfb\u0303\ud835\uddfc, \ud835\ude00\ud835\uddf6\ud835\ude01\ud835\uddf6\ud835\uddfc \ud835\uddf1\ud835\uddf2 \ud835\uddfa\ud835\uddf2\ud835\uddfa\ud835\uddfc\ud835\uddff\ud835\uddf6\ud835\uddee<\/strong><\/p>\n\n\n<div class=\"wp-block-image\">\n<figure class=\"aligncenter size-full\"><img data-recalc-dims=\"1\" fetchpriority=\"high\" decoding=\"async\" width=\"477\" height=\"595\" data-attachment-id=\"14970\" data-permalink=\"https:\/\/lekahuin.com\/?attachment_id=14970\" data-orig-file=\"https:\/\/i0.wp.com\/lekahuin.com\/wp-content\/uploads\/2025\/11\/horta.png?fit=477%2C595&amp;ssl=1\" data-orig-size=\"477,595\" data-comments-opened=\"1\" data-image-meta=\"{&quot;aperture&quot;:&quot;0&quot;,&quot;credit&quot;:&quot;&quot;,&quot;camera&quot;:&quot;&quot;,&quot;caption&quot;:&quot;&quot;,&quot;created_timestamp&quot;:&quot;0&quot;,&quot;copyright&quot;:&quot;&quot;,&quot;focal_length&quot;:&quot;0&quot;,&quot;iso&quot;:&quot;0&quot;,&quot;shutter_speed&quot;:&quot;0&quot;,&quot;title&quot;:&quot;&quot;,&quot;orientation&quot;:&quot;0&quot;}\" data-image-title=\"horta\" data-image-description=\"\" data-image-caption=\"\" data-large-file=\"https:\/\/i0.wp.com\/lekahuin.com\/wp-content\/uploads\/2025\/11\/horta.png?fit=477%2C595&amp;ssl=1\" src=\"https:\/\/i0.wp.com\/lekahuin.com\/wp-content\/uploads\/2025\/11\/horta.png?resize=477%2C595&#038;ssl=1\" alt=\"\" class=\"wp-image-14970\" srcset=\"https:\/\/i0.wp.com\/lekahuin.com\/wp-content\/uploads\/2025\/11\/horta.png?w=477&amp;ssl=1 477w, https:\/\/i0.wp.com\/lekahuin.com\/wp-content\/uploads\/2025\/11\/horta.png?resize=241%2C300&amp;ssl=1 241w, https:\/\/i0.wp.com\/lekahuin.com\/wp-content\/uploads\/2025\/11\/horta.png?resize=120%2C150&amp;ssl=1 120w\" sizes=\"(max-width: 477px) 100vw, 477px\" \/><\/figure>\n<\/div>\n\n\n<p class=\"has-text-align-justify wp-block-paragraph\">\u00bf\ud835\uddd6\ud835\ude02\ud835\uddee\u0301\ud835\uddfb\ud835\uddf1\ud835\uddfc?<br>El viernes 7 de noviembre<br><br>\u00bf\ud835\uddd4 \ud835\uddfe\ud835\ude02\ud835\uddf2\u0301 \ud835\uddf5\ud835\uddfc\ud835\uddff\ud835\uddee?<br>Desde las 18:30 horas<br><br>\u00bf\ud835\uddd7\ud835\uddfc\u0301\ud835\uddfb\ud835\uddf1\ud835\uddf2?<br>En el ex Cuartel Borgo\u00f1o. Avenida General Borgo\u00f1o 1154, Independencia.<br><br> El 6 de noviembre de 1980, agentes de la CNI (Central Nacional de Informaciones), secuestraron -separadamente- a los militantes del MIR (Movimiento de Izquierda Revolucionaria) \ud835\udddd\ud835\ude02\ud835\uddee\ud835\uddfb \ud835\udde5\ud835\uddee\ud835\uddfa\ud835\uddfc\u0301\ud835\uddfb \ud835\udde2\ud835\uddf9\ud835\uddf6\ud835\ude03\ud835\uddee\ud835\uddff\ud835\uddf2\ud835\ude00 \ud835\udde3\ud835\uddf2\u0301\ud835\uddff\ud835\uddf2\ud835\ude07 (37 a\u00f1os, electromec\u00e1nico) y a \ud835\udde5\ud835\ude02\ud835\uddef\ud835\uddf2\u0301\ud835\uddfb \ud835\uddd8\ud835\uddf1\ud835\ude02\ud835\uddee\ud835\uddff\ud835\uddf1\ud835\uddfc \ud835\udde2\ud835\uddff\ud835\ude01\ud835\uddee \ud835\udddd\ud835\uddfc\ud835\uddfd\ud835\uddf6\ud835\uddee (34 a\u00f1os, fot\u00f3grafo), y los trasladaron al entonces Cuartel Borgo\u00f1o. Ambos hab\u00edan regresado clandestinamente al pa\u00eds, en el primer semestre de 1980.<br><br>El 7 de noviembre, durante la madrugada, \ud835\udddd\ud835\ude02\ud835\uddee\ud835\uddfb y \ud835\udde5\ud835\ude02\ud835\uddef\ud835\uddf2\u0301\ud835\uddfb fueron llevados a la altura del Puente Vivaceta en Avenida Santa Mar\u00eda, y ejecutados, simulando un falso enfrentamiento para justificar sus muertes. Montaje replicado por la prensa hegem\u00f3nica de la \u00e9poca.<br><br>JUSTICIA, VERDAD, NO M\u00c1S IMPUNIDAD.<br><br><strong>! \ud835\uddd6\ud835\uddfc\ud835\uddfb\ud835\ude01\ud835\uddff\ud835\uddee \ud835\uddf9\ud835\uddee \ud835\uddfb\ud835\uddf2\ud835\uddf4\ud835\uddee\ud835\uddf0\ud835\uddf6\ud835\uddfc\u0301\ud835\uddfb \ud835\uddf1\ud835\uddf2 \ud835\uddf9\ud835\uddee \ud835\uddf5\ud835\uddf6\ud835\ude00\ud835\ude01\ud835\uddfc\ud835\uddff\ud835\uddf6\ud835\uddee !<\/strong><br>\ud835\uddd5\ud835\uddfc\ud835\uddff\ud835\uddf4\ud835\uddfc\ud835\uddfb\u0303\ud835\uddfc, \ud835\ude00\ud835\uddf6\ud835\ude01\ud835\uddf6\ud835\uddfc \ud835\uddf1\ud835\uddf2 \ud835\uddfa\ud835\uddf2\ud835\uddfa\ud835\uddfc\ud835\uddff\ud835\uddf6\ud835\uddee.<br><br><\/p>\n\n\n\n<p class=\"wp-block-paragraph\"><\/p>\n","protected":false},"excerpt":{"rendered":"<div class=\"mh-excerpt\"><p>! A 45 A\u00f1OS DE LA PARTIDA FISICA DE NUESTROS COMPANEROS JUAN OLIVARES Y RUBEN ORTA ! \ud835\uddd5\ud835\uddfc\ud835\uddff\ud835\uddf4\ud835\uddfc\ud835\uddfb\u0303\ud835\uddfc, \ud835\ude00\ud835\uddf6\ud835\ude01\ud835\uddf6\ud835\uddfc \ud835\uddf1\ud835\uddf2 \ud835\uddfa\ud835\uddf2\ud835\uddfa\ud835\uddfc\ud835\uddff\ud835\uddf6\ud835\uddee \u00bf\ud835\uddd6\ud835\ude02\ud835\uddee\u0301\ud835\uddfb\ud835\uddf1\ud835\uddfc?El viernes 7 de <a class=\"mh-excerpt-more\" href=\"https:\/\/lekahuin.com\/?p=14967\" title=\"Memoria &#8211; Conmemoraci\u00f3n\">[&#8230;]<\/a><\/p>\n<\/div>","protected":false},"author":211878710,"featured_media":0,"comment_status":"open","ping_status":"open","sticky":false,"template":"","format":"standard","meta":{"_coblocks_attr":"","_coblocks_dimensions":"","_coblocks_responsive_height":"","_coblocks_accordion_ie_support":"","_crdt_document":"","advanced_seo_description":"","jetpack_seo_html_title":"","jetpack_seo_noindex":false,"_jetpack_newsletter_access":"","_jetpack_dont_email_post_to_subs":false,"_jetpack_newsletter_tier_id":0,"_jetpack_memberships_contains_paywalled_content":false,"_jetpack_memberships_contains_paid_content":false,"footnotes":"","jetpack_post_was_ever_published":false},"categories":[55294247,55294255],"tags":[],"class_list":["post-14967","post","type-post","status-publish","format-standard","hentry","category-chile","category-memoria"],"jetpack_featured_media_url":"","jetpack_likes_enabled":true,"jetpack_sharing_enabled":true,"jetpack_shortlink":"https:\/\/wp.me\/pdoWOp-3Tp","jetpack-related-posts":[{"id":2644,"url":"https:\/\/lekahuin.com\/?p=2644","url_meta":{"origin":14967,"position":0},"title":"Chile","author":"Le Kahuin","date":"26 septembre 2022","format":false,"excerpt":"MAS DE 90 ORGANIZACIONES SOCIALES SE PRONUNCIAN POR UNA CONVENCION CONSTITUCIONAL SOBERANA M\u00e1s de 90 organizaciones sociales, acad\u00e9micas, de derechos humanos, vecinales, sindicales y profesionales, se pronunciaron en favor de una Convenci\u00f3n Constitucional soberana, al tiempo de denunciar los intentos de la clase pol\u00edtica de apropiarse de proceso constitucional para,\u2026","rel":"","context":"Dans &quot;Non class\u00e9&quot;","block_context":{"text":"Non class\u00e9","link":"https:\/\/lekahuin.com\/?cat=6325"},"img":{"alt_text":"","src":"https:\/\/i0.wp.com\/lekahuin.com\/wp-content\/uploads\/2022\/09\/mas-de-90-organizaciones-sociales-se-pronuncian_01.png?resize=350%2C200","width":350,"height":200,"srcset":"https:\/\/i0.wp.com\/lekahuin.com\/wp-content\/uploads\/2022\/09\/mas-de-90-organizaciones-sociales-se-pronuncian_01.png?resize=350%2C200 1x, https:\/\/i0.wp.com\/lekahuin.com\/wp-content\/uploads\/2022\/09\/mas-de-90-organizaciones-sociales-se-pronuncian_01.png?resize=525%2C300 1.5x, https:\/\/i0.wp.com\/lekahuin.com\/wp-content\/uploads\/2022\/09\/mas-de-90-organizaciones-sociales-se-pronuncian_01.png?resize=700%2C400 2x, https:\/\/i0.wp.com\/lekahuin.com\/wp-content\/uploads\/2022\/09\/mas-de-90-organizaciones-sociales-se-pronuncian_01.png?resize=1050%2C600 3x, https:\/\/i0.wp.com\/lekahuin.com\/wp-content\/uploads\/2022\/09\/mas-de-90-organizaciones-sociales-se-pronuncian_01.png?resize=1400%2C800 4x"},"classes":[]},{"id":11096,"url":"https:\/\/lekahuin.com\/?p=11096","url_meta":{"origin":14967,"position":1},"title":"Chile &#8211; Informe Valech","author":"Le Kahuin","date":"25 septembre 2024","format":false,"excerpt":"LAS COMISIONES VALECH: LA MANIPULACI\u00d3N Y EL OCULTAMIENTO DE LA MEMORIA POR PARTE DEL ESTADO DE CHILE. Por Pedro Alejandro Matta Un simple examen cronol\u00f3gico desnuda las mentiras, difundidas oficialmente como \u201cpreocupaci\u00f3n por la privacidad de los declarantes\u201d y reserva de sus testimonios como v\u00edctimas de prisi\u00f3n pol\u00edtica y tortura:La\u2026","rel":"","context":"Dans &quot;Huerto Ajeno&quot;","block_context":{"text":"Huerto Ajeno","link":"https:\/\/lekahuin.com\/?cat=55294253"},"img":{"alt_text":"","src":"https:\/\/i0.wp.com\/lekahuin.com\/wp-content\/uploads\/2024\/09\/foto-informe-valech.jpg?resize=350%2C200&ssl=1","width":350,"height":200,"srcset":"https:\/\/i0.wp.com\/lekahuin.com\/wp-content\/uploads\/2024\/09\/foto-informe-valech.jpg?resize=350%2C200&ssl=1 1x, https:\/\/i0.wp.com\/lekahuin.com\/wp-content\/uploads\/2024\/09\/foto-informe-valech.jpg?resize=525%2C300&ssl=1 1.5x"},"classes":[]},{"id":4376,"url":"https:\/\/lekahuin.com\/?p=4376","url_meta":{"origin":14967,"position":2},"title":"Chile &#8211; Memoria","author":"Le Kahuin","date":"24 f\u00e9vrier 2023","format":false,"excerpt":"ASESINATOS DE \u201cNO COMBATIENTES\u201d EN TIEMPOS DE LA DINA. por Pedro Alejandro Matta EL homicidio calificado de Jorge Renato Francisco Le\u00f3n Zenteno, abogado y conservador de Bienes Ra\u00edces de Santiago, de 69 a\u00f1os de edad, ocurrido entre la noche del 29 hasta la madrugada del 30 de noviembre de 1976,\u2026","rel":"","context":"Dans &quot;Non class\u00e9&quot;","block_context":{"text":"Non class\u00e9","link":"https:\/\/lekahuin.com\/?cat=6325"},"img":{"alt_text":"","src":"https:\/\/i0.wp.com\/lekahuin.com\/wp-content\/uploads\/2023\/02\/Conservador-desfio-Dina-1.jpg?resize=350%2C200&ssl=1","width":350,"height":200},"classes":[]},{"id":12635,"url":"https:\/\/lekahuin.com\/?p=12635","url_meta":{"origin":14967,"position":3},"title":"Memoria &#8211; Campo de concentraci\u00f3n Puchuncav\u00ed","author":"Le Kahuin","date":"4 mars 2025","format":false,"excerpt":"CORPORACI\u00d3N MELINKA-PUCHUNCAV\u00cd2024: UN A\u00d1O DE RECONOCIMIENTOS Y TRABAJO COMUNITARIO Con la participaci\u00f3n en seminarios y conversatorios, adem\u00e1s de un reconocimiento a su presidente, la Corporaci\u00f3n de Memoria y Cultura Melinka-Puchuncav\u00ed cerr\u00f3 meses de intenso trabajo en defensa de la memoria y la educaci\u00f3n en derechos humanos.El 2024 comenz\u00f3 con importantes\u2026","rel":"","context":"Dans &quot;CHILE&quot;","block_context":{"text":"CHILE","link":"https:\/\/lekahuin.com\/?cat=55294247"},"img":{"alt_text":"","src":"https:\/\/i0.wp.com\/lekahuin.com\/wp-content\/uploads\/2025\/03\/puchuncavi-01.jpg?resize=350%2C200&ssl=1","width":350,"height":200,"srcset":"https:\/\/i0.wp.com\/lekahuin.com\/wp-content\/uploads\/2025\/03\/puchuncavi-01.jpg?resize=350%2C200&ssl=1 1x, https:\/\/i0.wp.com\/lekahuin.com\/wp-content\/uploads\/2025\/03\/puchuncavi-01.jpg?resize=525%2C300&ssl=1 1.5x"},"classes":[]},{"id":3101,"url":"https:\/\/lekahuin.com\/?p=3101","url_meta":{"origin":14967,"position":4},"title":"Francia","author":"Le Kahuin","date":"24 novembre 2022","format":false,"excerpt":"Jacqueline Drouilly y Marcelo Salinas Detenidos Desaparecidos en Chile (1974) Ver\u00f3nica Arellano y Jorge Ferrada en Par\u00eds (noviembre 2022)Tropa de teatro El Deseo - Chile JACQUELINE LLEG\u00d3 A PAR\u00cdS El filme en medio-metraje \u201cJacqueline\u201d, realizado en la continuaci\u00f3n de una pieza de danza del mismo nombre, fue presentado en Par\u00eds\u2026","rel":"","context":"Dans &quot;Non class\u00e9&quot;","block_context":{"text":"Non class\u00e9","link":"https:\/\/lekahuin.com\/?cat=6325"},"img":{"alt_text":"","src":"https:\/\/i0.wp.com\/lekahuin.com\/wp-content\/uploads\/2022\/11\/jacqueline-marcelo-1.jpg?resize=350%2C200","width":350,"height":200,"srcset":"https:\/\/i0.wp.com\/lekahuin.com\/wp-content\/uploads\/2022\/11\/jacqueline-marcelo-1.jpg?resize=350%2C200 1x, https:\/\/i0.wp.com\/lekahuin.com\/wp-content\/uploads\/2022\/11\/jacqueline-marcelo-1.jpg?resize=525%2C300 1.5x"},"classes":[]},{"id":14692,"url":"https:\/\/lekahuin.com\/?p=14692","url_meta":{"origin":14967,"position":5},"title":"Internacional &#8211; Chile Toh\u00e1","author":"Le Kahuin","date":"28 octobre 2025","format":false,"excerpt":"DESDE PAR\u00cdS Y NO EN CHILE, CAROLINA TOH\u00c1 SE PERMITI\u00d3 CRITICAR A LA IZQUIERDA CHILENA Por Jorge Bustos Desde Par\u00eds, la ex ministra del Interior de Chile Carolina Toh\u00e1 se permiti\u00f3 criticar a la izquierda chilena en la Paris School of International Affairs de la Universidad Sciences Po, en una\u2026","rel":"","context":"Dans &quot;CHILE&quot;","block_context":{"text":"CHILE","link":"https:\/\/lekahuin.com\/?cat=55294247"},"img":{"alt_text":"","src":"https:\/\/i0.wp.com\/lekahuin.com\/wp-content\/uploads\/2025\/10\/Carolina-Toha-Paris.webp?resize=350%2C200&ssl=1","width":350,"height":200,"srcset":"https:\/\/i0.wp.com\/lekahuin.com\/wp-content\/uploads\/2025\/10\/Carolina-Toha-Paris.webp?resize=350%2C200&ssl=1 1x, https:\/\/i0.wp.com\/lekahuin.com\/wp-content\/uploads\/2025\/10\/Carolina-Toha-Paris.webp?resize=525%2C300&ssl=1 1.5x, https:\/\/i0.wp.com\/lekahuin.com\/wp-content\/uploads\/2025\/10\/Carolina-Toha-Paris.webp?resize=700%2C400&ssl=1 2x, https:\/\/i0.wp.com\/lekahuin.com\/wp-content\/uploads\/2025\/10\/Carolina-Toha-Paris.webp?resize=1050%2C600&ssl=1 3x"},"classes":[]}],"_links":{"self":[{"href":"https:\/\/lekahuin.com\/index.php?rest_route=\/wp\/v2\/posts\/14967","targetHints":{"allow":["GET"]}}],"collection":[{"href":"https:\/\/lekahuin.com\/index.php?rest_route=\/wp\/v2\/posts"}],"about":[{"href":"https:\/\/lekahuin.com\/index.php?rest_route=\/wp\/v2\/types\/post"}],"author":[{"embeddable":true,"href":"https:\/\/lekahuin.com\/index.php?rest_route=\/wp\/v2\/users\/211878710"}],"replies":[{"embeddable":true,"href":"https:\/\/lekahuin.com\/index.php?rest_route=%2Fwp%2Fv2%2Fcomments&post=14967"}],"version-history":[{"count":5,"href":"https:\/\/lekahuin.com\/index.php?rest_route=\/wp\/v2\/posts\/14967\/revisions"}],"predecessor-version":[{"id":14973,"href":"https:\/\/lekahuin.com\/index.php?rest_route=\/wp\/v2\/posts\/14967\/revisions\/14973"}],"wp:attachment":[{"href":"https:\/\/lekahuin.com\/index.php?rest_route=%2Fwp%2Fv2%2Fmedia&parent=14967"}],"wp:term":[{"taxonomy":"category","embeddable":true,"href":"https:\/\/lekahuin.com\/index.php?rest_route=%2Fwp%2Fv2%2Fcategories&post=14967"},{"taxonomy":"post_tag","embeddable":true,"href":"https:\/\/lekahuin.com\/index.php?rest_route=%2Fwp%2Fv2%2Ftags&post=14967"}],"curies":[{"name":"wp","href":"https:\/\/api.w.org\/{rel}","templated":true}]}}