{"id":15300,"date":"2025-11-29T14:38:18","date_gmt":"2025-11-29T13:38:18","guid":{"rendered":"https:\/\/lekahuin.com\/?p=15300"},"modified":"2025-11-29T14:50:12","modified_gmt":"2025-11-29T13:50:12","slug":"internacional-elecciones-usa","status":"publish","type":"post","link":"https:\/\/lekahuin.com\/?p=15300","title":{"rendered":"Internacional &#8211; Elecciones USA"},"content":{"rendered":"\n<h2 class=\"wp-block-heading has-text-align-center\"><strong>EN LO QUE SE REFIERE A ELECCIONES, NO TODO PUEDE SER MALAS NOTICIAS<\/strong><\/h2>\n\n\n<div class=\"wp-block-image\">\n<figure class=\"aligncenter size-full is-resized\"><img data-recalc-dims=\"1\" fetchpriority=\"high\" decoding=\"async\" width=\"703\" height=\"401\" data-attachment-id=\"15304\" data-permalink=\"https:\/\/lekahuin.com\/?attachment_id=15304\" data-orig-file=\"https:\/\/i0.wp.com\/lekahuin.com\/wp-content\/uploads\/2025\/11\/kate-wilson-usa.png?fit=703%2C401&amp;ssl=1\" data-orig-size=\"703,401\" data-comments-opened=\"1\" data-image-meta=\"{&quot;aperture&quot;:&quot;0&quot;,&quot;credit&quot;:&quot;&quot;,&quot;camera&quot;:&quot;&quot;,&quot;caption&quot;:&quot;&quot;,&quot;created_timestamp&quot;:&quot;0&quot;,&quot;copyright&quot;:&quot;&quot;,&quot;focal_length&quot;:&quot;0&quot;,&quot;iso&quot;:&quot;0&quot;,&quot;shutter_speed&quot;:&quot;0&quot;,&quot;title&quot;:&quot;&quot;,&quot;orientation&quot;:&quot;0&quot;}\" data-image-title=\"kate wilson usa\" data-image-description=\"\" data-image-caption=\"\" data-large-file=\"https:\/\/i0.wp.com\/lekahuin.com\/wp-content\/uploads\/2025\/11\/kate-wilson-usa.png?fit=703%2C401&amp;ssl=1\" src=\"https:\/\/i0.wp.com\/lekahuin.com\/wp-content\/uploads\/2025\/11\/kate-wilson-usa.png?resize=703%2C401&#038;ssl=1\" alt=\"\" class=\"wp-image-15304\" style=\"aspect-ratio:1.753146553403733;width:515px;height:auto\" srcset=\"https:\/\/i0.wp.com\/lekahuin.com\/wp-content\/uploads\/2025\/11\/kate-wilson-usa.png?w=703&amp;ssl=1 703w, https:\/\/i0.wp.com\/lekahuin.com\/wp-content\/uploads\/2025\/11\/kate-wilson-usa.png?resize=300%2C171&amp;ssl=1 300w, https:\/\/i0.wp.com\/lekahuin.com\/wp-content\/uploads\/2025\/11\/kate-wilson-usa.png?resize=150%2C86&amp;ssl=1 150w\" sizes=\"(max-width: 703px) 100vw, 703px\" \/><figcaption class=\"wp-element-caption\"><strong>Katie Wilson, militante dem\u00f3crata en la l\u00ednea de Mamdani, elegida como alcaldesa en la ciudad de Seattle, al noroeste de Estados Unidos.<\/strong><\/figcaption><\/figure>\n<\/div>\n\n\n<p class=\"has-drop-cap has-text-align-justify wp-block-paragraph\">Por los tiempos que corren, en particular en nuestro querido Chilito, hablar de elecciones y sus resultados, significa casi como hablar de cuerda en casa del ahorcado, sin embargo, en el contexto global en que vivimos, hay noticias alentadoras como las que vienen incre\u00edblemente de Estados Unidos.<br>Entre estas, evidentemente est\u00e1 elecci\u00f3n de Zohran Mamdani (ver nuestro art\u00edculo) como alcalde de Nueva York que, como manifestamos en otro art\u00edculo, es como si un personaje como Daniel Jadue resultara electo en Las Condes o Vitacura.<br>Pero esto no es todo y si bien fue menos destacado en la prensa, a esto se a\u00f1ade la elecci\u00f3n de Katie Wilson, militante dem\u00f3crata en la l\u00ednea de Mamdani, como alcaldesa en la ciudad de Seattle, al noroeste de Estados Unidos.<br>Por supuesto, m\u00e1s de alg\u00fan purista podr\u00e1 replicar que estos dos fen\u00f3menos no son m\u00e1s que variaciones y matices dentro de un contexto de sociedad capitalista como es la estadounidense.<br>Pero es precisamente porque estos hechos pol\u00edticos se dan en el seno mismo de \u201cmonstruo capitalista\u201d, que adquieren por esto un tremendo significado.<br>Seg\u00fan el investigador social Ren\u00e9 Lindstaedt, , especialista de pol\u00edtica estadounidense de la Universidad de Birmingham en el Reino Unido, la elecci\u00f3n de Wilson \u201cabre la v\u00eda para que entren en pol\u00edtica (\u2026) activistas y personas cercanas a la gente que vive las desigualdades de ingresos, con dificultados para obtener una vivienda y para alimentarse, para tener atenci\u00f3n m\u00e9dica\u2026 Esto va a animar a otros a lanzarse\u201d.<br>A partir de ahora, estima Lindstaedt, , los estadounidenses \u201cpueden sentirse m\u00e1s interesados a participar en la pol\u00edtica, para provocar un verdadero cambio\u201d.<br>Tal como en Nueva York, en los resultados electorales, la participaci\u00f3n de unas nuevas generaciones llamadas \u201cdel milenio\u201d y de j\u00f3venes, com\u00fanmente denominada \u201cgeneraci\u00f3n Z, fue determinante.<br>\u00ab\u00a0Esas dos generaciones han sido particularmente afectadas por la desigualdad de los ingresos\u00bb, estima Ren\u00e9 Lindstaedt y agrega: Es posible que se hagan cada vez m\u00e1s politizadas \u00a0porque est\u00e1n sintiendo que no tienen otra alternativa que el obligar a que los escuchen\u00bb.<br>S\u00edmbolo del golpe que ha significado la elecci\u00f3n de estos dos alcaldes es la reacci\u00f3n de los peri\u00f3dicos m\u00e1s representativos de la derecha estadounidense.<br>\u00ab\u00a0Esta elecci\u00f3n significa que los electores de Seattle acaban de ofrecer al pa\u00eds una segunda experiencia de gobernanza urbana socialista. Buena suerte\u00bb comenta ir\u00f3nicamente el Wall Street Journal que considera a Katie Wilson como\u00a0\u00ab\u00a0blanda frente al crimen, pero intransigente frente a las empresas\u00a0\u00bb.<br>Por su parte The Washington Post se escandaliza por las \u201cdos experiencias de gobierno radical\u201d y considera que la nueva alcaldesa tiene \u201cmuy poca experiencia en el campo pol\u00edtico, pero muchas malas ideas\u201d.<br>Y agrega el diario propiedad del fundador de Amazon, el multimillonario Jeff Bezos, \u201dlos proyecto de la alcaldesa van a acelerar el \u00e9xodo de las empresas y convertir la ciudad en un polo de atracci\u00f3n para los indigentes y los criminales\u201d.<br><\/p>\n","protected":false},"excerpt":{"rendered":"<div class=\"mh-excerpt\"><p>EN LO QUE SE REFIERE A ELECCIONES, NO TODO PUEDE SER MALAS NOTICIAS Por los tiempos que corren, en particular en nuestro querido Chilito, hablar <a class=\"mh-excerpt-more\" href=\"https:\/\/lekahuin.com\/?p=15300\" title=\"Internacional &#8211; Elecciones USA\">[&#8230;]<\/a><\/p>\n<\/div>","protected":false},"author":211878710,"featured_media":0,"comment_status":"open","ping_status":"open","sticky":false,"template":"","format":"standard","meta":{"_coblocks_attr":"","_coblocks_dimensions":"","_coblocks_responsive_height":"","_coblocks_accordion_ie_support":"","_crdt_document":"","advanced_seo_description":"","jetpack_seo_html_title":"","jetpack_seo_noindex":false,"_jetpack_newsletter_access":"","_jetpack_dont_email_post_to_subs":false,"_jetpack_newsletter_tier_id":0,"_jetpack_memberships_contains_paywalled_content":false,"_jetpack_memberships_contains_paid_content":false,"footnotes":"","jetpack_post_was_ever_published":false},"categories":[55294248],"tags":[],"class_list":["post-15300","post","type-post","status-publish","format-standard","hentry","category-internacional"],"jetpack_featured_media_url":"","jetpack_likes_enabled":true,"jetpack_sharing_enabled":true,"jetpack_shortlink":"https:\/\/wp.me\/pdoWOp-3YM","jetpack-related-posts":[{"id":10353,"url":"https:\/\/lekahuin.com\/?p=10353","url_meta":{"origin":15300,"position":0},"title":"Elecciones Francia","author":"Le Kahuin","date":"28 juin 2024","format":false,"excerpt":"DECLARACI\u00d3N","rel":"","context":"Dans &quot;INTERNACIONAL&quot;","block_context":{"text":"INTERNACIONAL","link":"https:\/\/lekahuin.com\/?cat=55294248"},"img":{"alt_text":"","src":"https:\/\/i0.wp.com\/lekahuin.com\/wp-content\/uploads\/2024\/06\/DECLARATION-aexpp-elecciones-francia-fr.jpg?resize=350%2C200&ssl=1","width":350,"height":200,"srcset":"https:\/\/i0.wp.com\/lekahuin.com\/wp-content\/uploads\/2024\/06\/DECLARATION-aexpp-elecciones-francia-fr.jpg?resize=350%2C200&ssl=1 1x, https:\/\/i0.wp.com\/lekahuin.com\/wp-content\/uploads\/2024\/06\/DECLARATION-aexpp-elecciones-francia-fr.jpg?resize=525%2C300&ssl=1 1.5x, https:\/\/i0.wp.com\/lekahuin.com\/wp-content\/uploads\/2024\/06\/DECLARATION-aexpp-elecciones-francia-fr.jpg?resize=700%2C400&ssl=1 2x"},"classes":[]},{"id":10158,"url":"https:\/\/lekahuin.com\/?p=10158","url_meta":{"origin":15300,"position":1},"title":"Internacional &#8211; Francia","author":"Le Kahuin","date":"24 juin 2024","format":false,"excerpt":"EN FRANCIA, \u201cEL PA\u00cdS DE LAS LUCES\u201d, COMO LA LLAMAN,\u00a0LA EXTREMA DERECHA LE DIO UNA PATADA AL ENCHUFE El 9 de junio reci\u00e9n pasado, en \u201cEl Pa\u00eds de las Luces\u201d, como los franceses, tan adictos a mirarse el ombligo, llaman a Francia, hubo uno de esos enormes apagones hist\u00f3ricos, cuando\u2026","rel":"","context":"Dans &quot;INTERNACIONAL&quot;","block_context":{"text":"INTERNACIONAL","link":"https:\/\/lekahuin.com\/?cat=55294248"},"img":{"alt_text":"","src":"https:\/\/i0.wp.com\/lekahuin.com\/wp-content\/uploads\/2024\/06\/se-manifiestan-en-francia-contra-la-extrema-derecha-1320html-marcha-francia.jpg?resize=350%2C200&ssl=1","width":350,"height":200,"srcset":"https:\/\/i0.wp.com\/lekahuin.com\/wp-content\/uploads\/2024\/06\/se-manifiestan-en-francia-contra-la-extrema-derecha-1320html-marcha-francia.jpg?resize=350%2C200&ssl=1 1x, https:\/\/i0.wp.com\/lekahuin.com\/wp-content\/uploads\/2024\/06\/se-manifiestan-en-francia-contra-la-extrema-derecha-1320html-marcha-francia.jpg?resize=525%2C300&ssl=1 1.5x, https:\/\/i0.wp.com\/lekahuin.com\/wp-content\/uploads\/2024\/06\/se-manifiestan-en-francia-contra-la-extrema-derecha-1320html-marcha-francia.jpg?resize=700%2C400&ssl=1 2x"},"classes":[]},{"id":16436,"url":"https:\/\/lekahuin.com\/?p=16436","url_meta":{"origin":15300,"position":2},"title":"Internacional &#8211; Francia &#8211; Elecciones","author":"Le Kahuin","date":"26 mars 2026","format":false,"excerpt":"RESULTADOS EN ELECCIONES MUNICIPALES FRANCESAS NO TAN BRILLANTES PARA LA IZQUIERDA COMO SE ESPERABA Sin embargo en Par\u00eds, dirigida por la alcaldesa socialista Anne Hidalgo suceder\u00e1 otro miembro de este partido, Emmanuel Gregoire (en la foto), as\u00ed como en las dos otras grandes ciudades francesas, Lyon y Marsella, donde resultaron\u2026","rel":"","context":"Dans &quot;INTERNACIONAL&quot;","block_context":{"text":"INTERNACIONAL","link":"https:\/\/lekahuin.com\/?cat=55294248"},"img":{"alt_text":"","src":"https:\/\/i0.wp.com\/lekahuin.com\/wp-content\/uploads\/2026\/03\/Alcalde-de-Paris.png?resize=350%2C200&ssl=1","width":350,"height":200,"srcset":"https:\/\/i0.wp.com\/lekahuin.com\/wp-content\/uploads\/2026\/03\/Alcalde-de-Paris.png?resize=350%2C200&ssl=1 1x, https:\/\/i0.wp.com\/lekahuin.com\/wp-content\/uploads\/2026\/03\/Alcalde-de-Paris.png?resize=525%2C300&ssl=1 1.5x"},"classes":[]},{"id":7496,"url":"https:\/\/lekahuin.com\/?p=7496","url_meta":{"origin":15300,"position":3},"title":"Internacional &#8211; Argentina","author":"Le Kahuin","date":"29 octobre 2023","format":false,"excerpt":"Elecciones en Argentina. Segunda vuelta, campa\u00f1a con fondo de crisis e incertidumbre. Javier Milei (La Libertad Avanza) y Sergio Massa (Uni\u00f3n por la Patria) El domingo 22 de octubre despu\u00e9s de la difusi\u00f3n de los resultados de la elecci\u00f3n presidencial y legislativas de 2023 en Argentina se confirm\u00f3 que habr\u00e1\u2026","rel":"","context":"Dans &quot;INTERNACIONAL&quot;","block_context":{"text":"INTERNACIONAL","link":"https:\/\/lekahuin.com\/?cat=55294248"},"img":{"alt_text":"","src":"https:\/\/i0.wp.com\/lekahuin.com\/wp-content\/uploads\/2023\/10\/Massa-JMilei.jpg?resize=350%2C200&ssl=1","width":350,"height":200,"srcset":"https:\/\/i0.wp.com\/lekahuin.com\/wp-content\/uploads\/2023\/10\/Massa-JMilei.jpg?resize=350%2C200&ssl=1 1x, https:\/\/i0.wp.com\/lekahuin.com\/wp-content\/uploads\/2023\/10\/Massa-JMilei.jpg?resize=525%2C300&ssl=1 1.5x"},"classes":[]},{"id":9106,"url":"https:\/\/lekahuin.com\/?p=9106","url_meta":{"origin":15300,"position":4},"title":"Internacional &#8211; Francia &#8211; La Comuna","author":"Le Kahuin","date":"24 mars 2024","format":false,"excerpt":"OCURRI\u00d3 EL 18 DE MARZO DE 1871, EN PAR\u00cdS, LA COMUNA\u2026 Ilustraci\u00f3n del dibujante franc\u00e9s Tardi del libro de historietas\u00a0sobre la Comuna de Paris \u201cLe Cri du peuple\u201d de Editorial Casterman El 18 de marzo de 1871, el gobierno franc\u00e9s de Defensa Nacional del presidente Adolphe Thiers, que hab\u00eda firmado\u2026","rel":"","context":"Dans &quot;INTERNACIONAL&quot;","block_context":{"text":"INTERNACIONAL","link":"https:\/\/lekahuin.com\/?cat=55294248"},"img":{"alt_text":"","src":"https:\/\/i0.wp.com\/lekahuin.com\/wp-content\/uploads\/2024\/03\/La-Comuna-Tardi.png?resize=350%2C200&ssl=1","width":350,"height":200,"srcset":"https:\/\/i0.wp.com\/lekahuin.com\/wp-content\/uploads\/2024\/03\/La-Comuna-Tardi.png?resize=350%2C200&ssl=1 1x, https:\/\/i0.wp.com\/lekahuin.com\/wp-content\/uploads\/2024\/03\/La-Comuna-Tardi.png?resize=525%2C300&ssl=1 1.5x, https:\/\/i0.wp.com\/lekahuin.com\/wp-content\/uploads\/2024\/03\/La-Comuna-Tardi.png?resize=700%2C400&ssl=1 2x"},"classes":[]},{"id":6378,"url":"https:\/\/lekahuin.com\/?p=6378","url_meta":{"origin":15300,"position":5},"title":"Internacional &#8211; Guatemala","author":"Le Kahuin","date":"4 septembre 2023","format":false,"excerpt":"\u201cGOLPE DE ESTADO T\u00c9CNICO\u201d PARA IMPEDIR\u00a0TRIUNFO PROGRESISTA EN GUATEMALA Bernardo Ar\u00e9valo, Presidente de Guatemala De \u201cgolpe de Estado t\u00e9cnico\u201d, calific\u00f3 el presidente electo de Guatemala, Bernardo Ar\u00e9valo de Le\u00f3n, la decisi\u00f3n de las autoridades electorales de ese pa\u00eds de suspender temporalmente al Movimiento Semilla, su principal fuerza de apoyo, luego\u2026","rel":"","context":"Dans &quot;Non class\u00e9&quot;","block_context":{"text":"Non class\u00e9","link":"https:\/\/lekahuin.com\/?cat=6325"},"img":{"alt_text":"","src":"https:\/\/i0.wp.com\/lekahuin.com\/wp-content\/uploads\/2023\/09\/Bernardo-Arevalo-presidente-de-Guatemala.webp?resize=350%2C200&ssl=1","width":350,"height":200,"srcset":"https:\/\/i0.wp.com\/lekahuin.com\/wp-content\/uploads\/2023\/09\/Bernardo-Arevalo-presidente-de-Guatemala.webp?resize=350%2C200&ssl=1 1x, https:\/\/i0.wp.com\/lekahuin.com\/wp-content\/uploads\/2023\/09\/Bernardo-Arevalo-presidente-de-Guatemala.webp?resize=525%2C300&ssl=1 1.5x, https:\/\/i0.wp.com\/lekahuin.com\/wp-content\/uploads\/2023\/09\/Bernardo-Arevalo-presidente-de-Guatemala.webp?resize=700%2C400&ssl=1 2x"},"classes":[]}],"_links":{"self":[{"href":"https:\/\/lekahuin.com\/index.php?rest_route=\/wp\/v2\/posts\/15300","targetHints":{"allow":["GET"]}}],"collection":[{"href":"https:\/\/lekahuin.com\/index.php?rest_route=\/wp\/v2\/posts"}],"about":[{"href":"https:\/\/lekahuin.com\/index.php?rest_route=\/wp\/v2\/types\/post"}],"author":[{"embeddable":true,"href":"https:\/\/lekahuin.com\/index.php?rest_route=\/wp\/v2\/users\/211878710"}],"replies":[{"embeddable":true,"href":"https:\/\/lekahuin.com\/index.php?rest_route=%2Fwp%2Fv2%2Fcomments&post=15300"}],"version-history":[{"count":7,"href":"https:\/\/lekahuin.com\/index.php?rest_route=\/wp\/v2\/posts\/15300\/revisions"}],"predecessor-version":[{"id":15308,"href":"https:\/\/lekahuin.com\/index.php?rest_route=\/wp\/v2\/posts\/15300\/revisions\/15308"}],"wp:attachment":[{"href":"https:\/\/lekahuin.com\/index.php?rest_route=%2Fwp%2Fv2%2Fmedia&parent=15300"}],"wp:term":[{"taxonomy":"category","embeddable":true,"href":"https:\/\/lekahuin.com\/index.php?rest_route=%2Fwp%2Fv2%2Fcategories&post=15300"},{"taxonomy":"post_tag","embeddable":true,"href":"https:\/\/lekahuin.com\/index.php?rest_route=%2Fwp%2Fv2%2Ftags&post=15300"}],"curies":[{"name":"wp","href":"https:\/\/api.w.org\/{rel}","templated":true}]}}