{"id":15623,"date":"2025-12-26T10:54:40","date_gmt":"2025-12-26T09:54:40","guid":{"rendered":"https:\/\/lekahuin.com\/?p=15623"},"modified":"2025-12-26T11:33:28","modified_gmt":"2025-12-26T10:33:28","slug":"internacional-movimientos-sociales","status":"publish","type":"post","link":"https:\/\/lekahuin.com\/?p=15623","title":{"rendered":"Internacional &#8211; Movimientos Sociales"},"content":{"rendered":"\n<h2 class=\"wp-block-heading has-text-align-center\"><strong>EN EL MUNDO GLOBAL, LA REACCI\u00d3N EN CADENA DE<\/strong> <strong>MOVIMIENTOS COMO EL DE OCTUBRE DE 2019 EN CHILE<\/strong><\/h2>\n\n\n<div class=\"wp-block-image\">\n<figure class=\"aligncenter size-full is-resized\"><img data-recalc-dims=\"1\" fetchpriority=\"high\" decoding=\"async\" width=\"909\" height=\"487\" data-attachment-id=\"15636\" data-permalink=\"https:\/\/lekahuin.com\/?attachment_id=15636\" data-orig-file=\"https:\/\/i0.wp.com\/lekahuin.com\/wp-content\/uploads\/2025\/12\/bulgaria-generacion-z.webp?fit=909%2C487&amp;ssl=1\" data-orig-size=\"909,487\" data-comments-opened=\"1\" data-image-meta=\"{&quot;aperture&quot;:&quot;0&quot;,&quot;credit&quot;:&quot;&quot;,&quot;camera&quot;:&quot;&quot;,&quot;caption&quot;:&quot;&quot;,&quot;created_timestamp&quot;:&quot;0&quot;,&quot;copyright&quot;:&quot;&quot;,&quot;focal_length&quot;:&quot;0&quot;,&quot;iso&quot;:&quot;0&quot;,&quot;shutter_speed&quot;:&quot;0&quot;,&quot;title&quot;:&quot;&quot;,&quot;orientation&quot;:&quot;0&quot;}\" data-image-title=\"bulgaria generacion z\" data-image-description=\"\" data-image-caption=\"\" data-large-file=\"https:\/\/i0.wp.com\/lekahuin.com\/wp-content\/uploads\/2025\/12\/bulgaria-generacion-z.webp?fit=909%2C487&amp;ssl=1\" src=\"https:\/\/i0.wp.com\/lekahuin.com\/wp-content\/uploads\/2025\/12\/bulgaria-generacion-z.webp?resize=909%2C487&#038;ssl=1\" alt=\"\" class=\"wp-image-15636\" style=\"aspect-ratio:1.8665284390560268;width:580px;height:auto\" srcset=\"https:\/\/i0.wp.com\/lekahuin.com\/wp-content\/uploads\/2025\/12\/bulgaria-generacion-z.webp?w=909&amp;ssl=1 909w, https:\/\/i0.wp.com\/lekahuin.com\/wp-content\/uploads\/2025\/12\/bulgaria-generacion-z.webp?resize=300%2C161&amp;ssl=1 300w, https:\/\/i0.wp.com\/lekahuin.com\/wp-content\/uploads\/2025\/12\/bulgaria-generacion-z.webp?resize=150%2C80&amp;ssl=1 150w, https:\/\/i0.wp.com\/lekahuin.com\/wp-content\/uploads\/2025\/12\/bulgaria-generacion-z.webp?resize=768%2C411&amp;ssl=1 768w\" sizes=\"(max-width: 909px) 100vw, 909px\" \/><figcaption class=\"wp-element-caption\"><strong>Bulgaria: la generaci\u00f3n Z pide elecciones anticipadas en Bulgaria &#8211; YouTube<\/strong><\/figcaption><\/figure>\n<\/div>\n\n\n<p class=\"wp-block-paragraph\"><strong>Nada est\u00e1 perdido<\/strong>: <\/p>\n\n\n\n<p class=\"has-drop-cap has-text-align-justify wp-block-paragraph\">Por cierto, Europa est\u00e1 muy lejos y, seguramente es por eso que, en Chile, los medios informativos, sobre todo la televisi\u00f3n, tan presente a toda hora en los hogares, poco o nada hayan dicho de lo que ha estado ocurriendo en <strong><em>pa\u00edses como Bulgaria, Portugal, Eslovaquia y Hungr\u00eda<\/em><\/strong>, entre otros, a pesar de que implica a millones de personas.<br>Pero, m\u00e1s que la lejan\u00eda, la raz\u00f3n de ignorar estos hechos es seguramente el <strong><em><strong><em>\u201cmal ejemplo\u201d<\/em><\/strong><\/em><\/strong>&nbsp;que estos pueden significar, sobre todo en el pa\u00eds, en los angustiosos momentos que se viven frente a la incierta y preocupante etapa que se aproxima, luego de los resultados de la elecci\u00f3n presidencial.<br><em><strong>En Chile<\/strong>,<\/em> muchas veces parece no apreciarse y comprenderse el impacto real y el significado de las jornadas iniciadas en octubre de 2019, cuando m\u00e1s all\u00e1 de las fronteras del pa\u00eds, este episodio tiene ya su lugar en la historia de la lucha revolucionaria mundial, con las ense\u00f1anzas que de ella resultan.<br>Es as\u00ed como, cuando las circunstancias explosivas semejantes a las que se viv\u00edan en Chile en 2019 se hacen evidentes, la m\u00e1s m\u00ednima chispa hace estallar la situaci\u00f3n que har\u00e1 nacer nuevos ejemplos que habr\u00e1n de provocar, tarde o temprano, una reacci\u00f3n en cadena.<br><strong><em>En Sofia, capital de Bulgaria,<\/em><\/strong> el 11 de diciembre, la coalici\u00f3n de \u201ccentroderecha\u201d en el poder dirigida por Rosen Zhelyazkov cay\u00f3 luego de tres semanas de masivas protestas contra la corrupci\u00f3n, el aumento de los impuestos y las medidas econ\u00f3micas siempre en favor de las grandes empresas y fortunas.<br>Coincidencia o no, ese mismo d\u00eda, <strong><em>Portugal<\/em><\/strong> qued\u00f3 completamente paralizado por una huelga general, con tres millones de personas manifestando en las calles contra una reforma laboral lanzada por el gobierno de derecha liberal del primer ministro Luis Montenegro, recortando derechos y favoreciendo despidos masivos, con el consabido pretexto de la \u201cmodernizaci\u00f3n\u201d y la \u201ccompetitividad\u201d.<br><em><strong>En Eslovaquia<\/strong><\/em>, naci\u00f3 el movimiento conocido como <strong><em><strong><em>\u201cLa Revoluci\u00f3n de la tiza\u201d,<\/em><\/strong><\/em><\/strong>&nbsp;referido a la frase \u201cBasta de Fico\u201d, escrita en el muro de la escuela que deb\u00eda visitar a mediados de noviembre el primer ministro Robert Fico y que se ha sido reproducida con igual medio y masivamente en los muros de todo el pa\u00eds.<br>La manifestaci\u00f3n es de rechazo a la postura prorrusa del gobierno que cumple su cuarto mandato y, por su pol\u00edtica distinta de la de la Uni\u00f3n Europea respecto a Ucrania, en un pa\u00eds tradicionalmente hostil a Rusia, desde la intervenci\u00f3n militar de la Uni\u00f3n Sovi\u00e9tica contra la Revoluci\u00f3n de Terciopelo de 1989 en la antigua Checoeslovaquia.<br>El 13 de diciembre <strong><em>en Budapest<\/em><\/strong>, miles de manifestantes se congregaron frente a las oficinas del primer ministro Viktor Orban, l\u00edder del partido de extrema derecha nacionalista, exigiendo su renuncia, acusado de negligencia y de encubrimiento de casos de maltrato a ni\u00f1os confiados a instituciones sociales estatales.<br><strong><em>En Alemania,<\/em><\/strong> en la ciudad de Giessen, al sureste de Colonia, en el \u00faltimo fin de semana de noviembre, m\u00e1s de 50.000 personas se congregaron para impedir una manifestaci\u00f3n del partido neonazi Alternative f\u00fcr Deutschland &nbsp;(AfD) para reorganizar su facci\u00f3n juvenil, que hab\u00eda sido disuelta en marzo pasado.<br><strong><em>En Marruecos,<\/em><\/strong> justo al sur de Europa, en septiembre, unos 50.000 j\u00f3venes marroqu\u00edes se reunieron a trav\u00e9s de las redes sociales para expresar su descontento frente a la corrupci\u00f3n y a las desigualdades sociales, reclamando reformas y mejoramiento de la salud p\u00fablica y la educaci\u00f3n.<br>En muchos casos, todas estas manifestaciones, de claro desaf\u00edo y rechazo al sistema neoliberal, se han interrelacionado con el movimiento de solidaridad con Palestina, que a\u00f1ade el elemento de la defensa de los Derechos Humanos y contra el colonialismo, principalmente en pa\u00edses de Europa, donde los gobiernos de derecha, por su negligencia o su apoyo pol\u00edtico y material a Israel, se han hecho c\u00f3mplices del genocidio en Gaza.<\/p>\n\n\n\n<p class=\"wp-block-paragraph\"><\/p>\n","protected":false},"excerpt":{"rendered":"<div class=\"mh-excerpt\"><p>EN EL MUNDO GLOBAL, LA REACCI\u00d3N EN CADENA DE MOVIMIENTOS COMO EL DE OCTUBRE DE 2019 EN CHILE Nada est\u00e1 perdido: Por cierto, Europa est\u00e1 <a class=\"mh-excerpt-more\" href=\"https:\/\/lekahuin.com\/?p=15623\" title=\"Internacional &#8211; Movimientos Sociales\">[&#8230;]<\/a><\/p>\n<\/div>","protected":false},"author":211878710,"featured_media":0,"comment_status":"open","ping_status":"open","sticky":false,"template":"","format":"standard","meta":{"_coblocks_attr":"","_coblocks_dimensions":"","_coblocks_responsive_height":"","_coblocks_accordion_ie_support":"","_crdt_document":"","advanced_seo_description":"","jetpack_seo_html_title":"","jetpack_seo_noindex":false,"_jetpack_newsletter_access":"","_jetpack_dont_email_post_to_subs":false,"_jetpack_newsletter_tier_id":0,"_jetpack_memberships_contains_paywalled_content":false,"_jetpack_memberships_contains_paid_content":false,"footnotes":"","jetpack_post_was_ever_published":false},"categories":[55294248],"tags":[],"class_list":["post-15623","post","type-post","status-publish","format-standard","hentry","category-internacional"],"jetpack_featured_media_url":"","jetpack_likes_enabled":true,"jetpack_sharing_enabled":true,"jetpack_shortlink":"https:\/\/wp.me\/pdoWOp-43Z","jetpack-related-posts":[{"id":13285,"url":"https:\/\/lekahuin.com\/?p=13285","url_meta":{"origin":15623,"position":0},"title":"Internacional &#8211; Uruguay","author":"Le Kahuin","date":"25 mai 2025","format":false,"excerpt":"PEPE MUJICA\u00a0 Dicen por ah\u00ed que no hay muerto malo, pero m\u00e1s all\u00e1 de lo que en cierto modo ordena el dicho popular, est\u00e1 el sentido cr\u00edtico y el papel de \u201cabogado del Diablo\u201d que es deber ineludible cuando se trata de conocer y analizar la trayectoria de un personaje\u2026","rel":"","context":"Dans &quot;INTERNACIONAL&quot;","block_context":{"text":"INTERNACIONAL","link":"https:\/\/lekahuin.com\/?cat=55294248"},"img":{"alt_text":"","src":"https:\/\/i0.wp.com\/lekahuin.com\/wp-content\/uploads\/2025\/05\/gabriel-boric-y-jose-mujica.webp?resize=350%2C200&ssl=1","width":350,"height":200,"srcset":"https:\/\/i0.wp.com\/lekahuin.com\/wp-content\/uploads\/2025\/05\/gabriel-boric-y-jose-mujica.webp?resize=350%2C200&ssl=1 1x, https:\/\/i0.wp.com\/lekahuin.com\/wp-content\/uploads\/2025\/05\/gabriel-boric-y-jose-mujica.webp?resize=525%2C300&ssl=1 1.5x, https:\/\/i0.wp.com\/lekahuin.com\/wp-content\/uploads\/2025\/05\/gabriel-boric-y-jose-mujica.webp?resize=700%2C400&ssl=1 2x"},"classes":[]},{"id":15475,"url":"https:\/\/lekahuin.com\/?p=15475","url_meta":{"origin":15623,"position":1},"title":"Francia &#8211; Expresiones","author":"Le Kahuin","date":"25 d\u00e9cembre 2025","format":false,"excerpt":"\u201cA ESAS HUEVONAS DE MIERDA,\u00a0LAS ECHAMOS CAGANDO\u2026\u201d Esta distinguida expresi\u00f3n en la m\u00e1s pura l\u00ednea de la tradicional elegancia parisina, dedicada a un grupo de militantes feministas, no sali\u00f3 de la boca de ning\u00fan macho peludo, bruto, grosero o miembro de alguna barra brava, sino de la mism\u00edsima \u201cPrimera Dama\u201d\u2026","rel":"","context":"Dans &quot;INTERNACIONAL&quot;","block_context":{"text":"INTERNACIONAL","link":"https:\/\/lekahuin.com\/?cat=55294248"},"img":{"alt_text":"","src":"https:\/\/i0.wp.com\/lekahuin.com\/wp-content\/uploads\/2025\/12\/Brigitte-1.jpg?resize=350%2C200&ssl=1","width":350,"height":200,"srcset":"https:\/\/i0.wp.com\/lekahuin.com\/wp-content\/uploads\/2025\/12\/Brigitte-1.jpg?resize=350%2C200&ssl=1 1x, https:\/\/i0.wp.com\/lekahuin.com\/wp-content\/uploads\/2025\/12\/Brigitte-1.jpg?resize=525%2C300&ssl=1 1.5x, https:\/\/i0.wp.com\/lekahuin.com\/wp-content\/uploads\/2025\/12\/Brigitte-1.jpg?resize=700%2C400&ssl=1 2x, https:\/\/i0.wp.com\/lekahuin.com\/wp-content\/uploads\/2025\/12\/Brigitte-1.jpg?resize=1050%2C600&ssl=1 3x, https:\/\/i0.wp.com\/lekahuin.com\/wp-content\/uploads\/2025\/12\/Brigitte-1.jpg?resize=1400%2C800&ssl=1 4x"},"classes":[]},{"id":13686,"url":"https:\/\/lekahuin.com\/?p=13686","url_meta":{"origin":15623,"position":2},"title":"USA &#8211; gringos blancos y racistas con diarrea","author":"Le Kahuin","date":"27 juin 2025","format":false,"excerpt":"DESPUES DE QUE EL NEGRO OBAMA FUE PRESIDENTE DE EEUU AHORA UN MUSULM\u00c1N PODR\u00cdA SER ALCALDE DE NUEVA YORK Fuente: L'Orient le Jour Zohran Mamdani Despu\u00e9s de que en 2009 un negro fue elegido presidente de Estados Unidos en la persona de Barack Obama, ahora, el que un musulm\u00e1n, de\u2026","rel":"","context":"Dans &quot;INTERNACIONAL&quot;","block_context":{"text":"INTERNACIONAL","link":"https:\/\/lekahuin.com\/?cat=55294248"},"img":{"alt_text":"","src":"https:\/\/i0.wp.com\/lekahuin.com\/wp-content\/uploads\/2025\/06\/Zoran-Mamdani-speaks-an-event-honoring-COVID-19-.webp?resize=350%2C200&ssl=1","width":350,"height":200,"srcset":"https:\/\/i0.wp.com\/lekahuin.com\/wp-content\/uploads\/2025\/06\/Zoran-Mamdani-speaks-an-event-honoring-COVID-19-.webp?resize=350%2C200&ssl=1 1x, https:\/\/i0.wp.com\/lekahuin.com\/wp-content\/uploads\/2025\/06\/Zoran-Mamdani-speaks-an-event-honoring-COVID-19-.webp?resize=525%2C300&ssl=1 1.5x, https:\/\/i0.wp.com\/lekahuin.com\/wp-content\/uploads\/2025\/06\/Zoran-Mamdani-speaks-an-event-honoring-COVID-19-.webp?resize=700%2C400&ssl=1 2x, https:\/\/i0.wp.com\/lekahuin.com\/wp-content\/uploads\/2025\/06\/Zoran-Mamdani-speaks-an-event-honoring-COVID-19-.webp?resize=1050%2C600&ssl=1 3x"},"classes":[]},{"id":16001,"url":"https:\/\/lekahuin.com\/?p=16001","url_meta":{"origin":15623,"position":3},"title":"Impunidad &#8211; Armando Fern\u00e1ndez Larios","author":"Le Kahuin","date":"30 janvier 2026","format":false,"excerpt":"EX CRIMINAL DE LA DINA ARMANDO FERN\u00c1NDEZ LARIOS\u00a0DETENIDO EN EEUU POR SUS HOM\u00d3NIMOS DEL ICE (*) Parad\u00f3jicamente, fue el ICE, un organismo de represi\u00f3n de un gobierno autoritario como el de Donald Trump en Estados Unidos, el que detuvo en este pa\u00eds a Armando Fern\u00e1ndez Larios, ex miembro de la\u2026","rel":"","context":"Dans &quot;CHILE&quot;","block_context":{"text":"CHILE","link":"https:\/\/lekahuin.com\/?cat=55294247"},"img":{"alt_text":"","src":"https:\/\/i0.wp.com\/lekahuin.com\/wp-content\/uploads\/2026\/01\/Fernadez-larios.png?resize=350%2C200&ssl=1","width":350,"height":200},"classes":[]},{"id":15531,"url":"https:\/\/lekahuin.com\/?p=15531","url_meta":{"origin":15623,"position":4},"title":"Editorial n\u00ba 51","author":"Le Kahuin","date":"25 d\u00e9cembre 2025","format":false,"excerpt":"NI SIQUIERA UNA \u201cVICTORIA MORAL\u201d Dif\u00edcilmente alguien podr\u00eda cuestionar el que la paliza sufrida en las \u00faltimas elecciones chilenas por el \u201cprogresismo\u201d,\u00a0la \u201ccentro-izquierda\u201d\u00a0o, como quiera llamarse eso que en el fondo no es \u201cni chicha ni limonada\u201d,\u00a0fue tan rotunda, que ni siquiera da como para hablar de una \u201cvictoria moral\u201d,\u2026","rel":"","context":"Dans &quot;CHILE&quot;","block_context":{"text":"CHILE","link":"https:\/\/lekahuin.com\/?cat=55294247"},"img":{"alt_text":"","src":"https:\/\/i0.wp.com\/lekahuin.com\/wp-content\/uploads\/2025\/12\/Erase-una-vez-un-joven-mod-e1766925706124.jpg?resize=350%2C200","width":350,"height":200},"classes":[]},{"id":10265,"url":"https:\/\/lekahuin.com\/?p=10265","url_meta":{"origin":15623,"position":5},"title":"Chile &#8211; Santiago Castillo","author":"Le Kahuin","date":"25 juin 2024","format":false,"excerpt":"CHILE EST\u00c1 VIVIENDO LA PEOR CRISIS HABITACIONAL\u00a0DESDE EL T\u00c9RMINO FORMAL DE LA DICTADURA Chile est\u00e1 viviendo la peor crisis habitacional desde el fin de la dictadura y ello se refleja en el notorio aumento de los campamentos en el pa\u00eds, declar\u00f3 Sergio Castillo, dirigente de la Agrupaci\u00f3n Luchadores de lo\u2026","rel":"","context":"Dans &quot;CHILE&quot;","block_context":{"text":"CHILE","link":"https:\/\/lekahuin.com\/?cat=55294247"},"img":{"alt_text":"","src":"https:\/\/i0.wp.com\/lekahuin.com\/wp-content\/uploads\/2024\/06\/appel-convers-S-Castillo.jpeg?resize=350%2C200&ssl=1","width":350,"height":200,"srcset":"https:\/\/i0.wp.com\/lekahuin.com\/wp-content\/uploads\/2024\/06\/appel-convers-S-Castillo.jpeg?resize=350%2C200&ssl=1 1x, https:\/\/i0.wp.com\/lekahuin.com\/wp-content\/uploads\/2024\/06\/appel-convers-S-Castillo.jpeg?resize=525%2C300&ssl=1 1.5x"},"classes":[]}],"_links":{"self":[{"href":"https:\/\/lekahuin.com\/index.php?rest_route=\/wp\/v2\/posts\/15623","targetHints":{"allow":["GET"]}}],"collection":[{"href":"https:\/\/lekahuin.com\/index.php?rest_route=\/wp\/v2\/posts"}],"about":[{"href":"https:\/\/lekahuin.com\/index.php?rest_route=\/wp\/v2\/types\/post"}],"author":[{"embeddable":true,"href":"https:\/\/lekahuin.com\/index.php?rest_route=\/wp\/v2\/users\/211878710"}],"replies":[{"embeddable":true,"href":"https:\/\/lekahuin.com\/index.php?rest_route=%2Fwp%2Fv2%2Fcomments&post=15623"}],"version-history":[{"count":8,"href":"https:\/\/lekahuin.com\/index.php?rest_route=\/wp\/v2\/posts\/15623\/revisions"}],"predecessor-version":[{"id":15638,"href":"https:\/\/lekahuin.com\/index.php?rest_route=\/wp\/v2\/posts\/15623\/revisions\/15638"}],"wp:attachment":[{"href":"https:\/\/lekahuin.com\/index.php?rest_route=%2Fwp%2Fv2%2Fmedia&parent=15623"}],"wp:term":[{"taxonomy":"category","embeddable":true,"href":"https:\/\/lekahuin.com\/index.php?rest_route=%2Fwp%2Fv2%2Fcategories&post=15623"},{"taxonomy":"post_tag","embeddable":true,"href":"https:\/\/lekahuin.com\/index.php?rest_route=%2Fwp%2Fv2%2Ftags&post=15623"}],"curies":[{"name":"wp","href":"https:\/\/api.w.org\/{rel}","templated":true}]}}