{"id":15773,"date":"2025-12-30T21:53:37","date_gmt":"2025-12-30T20:53:37","guid":{"rendered":"https:\/\/lekahuin.com\/?p=15773"},"modified":"2025-12-30T21:54:21","modified_gmt":"2025-12-30T20:54:21","slug":"cultura-cine-ddhh-valpo","status":"publish","type":"post","link":"https:\/\/lekahuin.com\/?p=15773","title":{"rendered":"Cultura &#8211; Cine DDHH Valpo"},"content":{"rendered":"\n<h2 class=\"wp-block-heading has-text-align-center\">FESTIVAL CINE DE DERECHOS HUMANOS EN VALPARAISO<\/h2>\n\n\n<div class=\"wp-block-image\">\n<figure class=\"aligncenter size-full has-lightbox\"><a href=\"http:\/\/elcineotro.blogspot.com\"><img data-recalc-dims=\"1\" fetchpriority=\"high\" decoding=\"async\" width=\"435\" height=\"778\" data-attachment-id=\"15775\" data-permalink=\"https:\/\/lekahuin.com\/?attachment_id=15775\" data-orig-file=\"https:\/\/i0.wp.com\/lekahuin.com\/wp-content\/uploads\/2025\/12\/Festival-cine-DH-Valpo.png?fit=435%2C778&amp;ssl=1\" data-orig-size=\"435,778\" data-comments-opened=\"1\" data-image-meta=\"{&quot;aperture&quot;:&quot;0&quot;,&quot;credit&quot;:&quot;&quot;,&quot;camera&quot;:&quot;&quot;,&quot;caption&quot;:&quot;&quot;,&quot;created_timestamp&quot;:&quot;0&quot;,&quot;copyright&quot;:&quot;&quot;,&quot;focal_length&quot;:&quot;0&quot;,&quot;iso&quot;:&quot;0&quot;,&quot;shutter_speed&quot;:&quot;0&quot;,&quot;title&quot;:&quot;&quot;,&quot;orientation&quot;:&quot;0&quot;}\" data-image-title=\"Festival cine DH Valpo\" data-image-description=\"\" data-image-caption=\"\" data-large-file=\"https:\/\/i0.wp.com\/lekahuin.com\/wp-content\/uploads\/2025\/12\/Festival-cine-DH-Valpo.png?fit=435%2C778&amp;ssl=1\" src=\"https:\/\/i0.wp.com\/lekahuin.com\/wp-content\/uploads\/2025\/12\/Festival-cine-DH-Valpo.png?resize=435%2C778&#038;ssl=1\" alt=\"\" class=\"wp-image-15775\" srcset=\"https:\/\/i0.wp.com\/lekahuin.com\/wp-content\/uploads\/2025\/12\/Festival-cine-DH-Valpo.png?w=435&amp;ssl=1 435w, https:\/\/i0.wp.com\/lekahuin.com\/wp-content\/uploads\/2025\/12\/Festival-cine-DH-Valpo.png?resize=168%2C300&amp;ssl=1 168w, https:\/\/i0.wp.com\/lekahuin.com\/wp-content\/uploads\/2025\/12\/Festival-cine-DH-Valpo.png?resize=84%2C150&amp;ssl=1 84w\" sizes=\"(max-width: 435px) 100vw, 435px\" \/><\/a><\/figure>\n<\/div>","protected":false},"excerpt":{"rendered":"<div class=\"mh-excerpt\"><p>FESTIVAL CINE DE DERECHOS HUMANOS EN VALPARAISO<\/p>\n<\/div>","protected":false},"author":211878710,"featured_media":0,"comment_status":"open","ping_status":"open","sticky":false,"template":"","format":"standard","meta":{"_coblocks_attr":"","_coblocks_dimensions":"","_coblocks_responsive_height":"","_coblocks_accordion_ie_support":"","_crdt_document":"","advanced_seo_description":"","jetpack_seo_html_title":"","jetpack_seo_noindex":false,"_jetpack_newsletter_access":"","_jetpack_dont_email_post_to_subs":false,"_jetpack_newsletter_tier_id":0,"_jetpack_memberships_contains_paywalled_content":false,"_jetpack_memberships_contains_paid_content":false,"footnotes":"","jetpack_post_was_ever_published":false},"categories":[6325],"tags":[],"class_list":["post-15773","post","type-post","status-publish","format-standard","hentry","category-non-classe"],"jetpack_featured_media_url":"","jetpack_likes_enabled":true,"jetpack_sharing_enabled":true,"jetpack_shortlink":"https:\/\/wp.me\/pdoWOp-46p","jetpack-related-posts":[{"id":3935,"url":"https:\/\/lekahuin.com\/?p=3935","url_meta":{"origin":15773,"position":0},"title":"Wallmapu. Coordinadora Arauco Malleco (CAM)","author":"Le Kahuin","date":"8 janvier 2023","format":false,"excerpt":"Pel\u00edcula - CAM : Liberar una naci\u00f3n\" La pel\u00edcula \u201cCAM: Liberar una naci\u00f3n\u201d ha sido galardonada como Mejor largometraje documental en el Festival de Cine de Hurlingham (Argentina); obtuvo el Premio especial del jurado en el Festival Internacional de Cine de La Serena (FECILS) y en el Festival Arica Nativa,\u2026","rel":"","context":"Dans &quot;Non class\u00e9&quot;","block_context":{"text":"Non class\u00e9","link":"https:\/\/lekahuin.com\/?cat=6325"},"img":{"alt_text":"","src":"https:\/\/i0.wp.com\/lekahuin.com\/wp-content\/uploads\/2023\/01\/docum-CAM-ondamedia-1.jpg?resize=350%2C200&ssl=1","width":350,"height":200,"srcset":"https:\/\/i0.wp.com\/lekahuin.com\/wp-content\/uploads\/2023\/01\/docum-CAM-ondamedia-1.jpg?resize=350%2C200&ssl=1 1x, https:\/\/i0.wp.com\/lekahuin.com\/wp-content\/uploads\/2023\/01\/docum-CAM-ondamedia-1.jpg?resize=525%2C300&ssl=1 1.5x"},"classes":[]},{"id":8986,"url":"https:\/\/lekahuin.com\/?p=8986","url_meta":{"origin":15773,"position":1},"title":"Cultura &#8211; Pel\u00edcula de Maite Alberdi","author":"Le Kahuin","date":"19 f\u00e9vrier 2024","format":false,"excerpt":"PEL\u00cdCULA CHILENA \u201cLA MEMORIA INFINITA\u201d PREMIADA EN ESPA\u00d1A EN MEDIO DE PADEMIA DE ALZHEIMER DE LA CLASE POL\u00cdTICA CHILENA Con justa raz\u00f3n, m\u00e1s de alguien hizo notar la iron\u00eda que significaba el hecho que cuatro d\u00edas despu\u00e9s de la muerte de Sebasti\u00e1n Pi\u00f1era en Chile y toda la parafernalia de\u2026","rel":"","context":"Dans &quot;CULTURA&quot;","block_context":{"text":"CULTURA","link":"https:\/\/lekahuin.com\/?cat=55294249"},"img":{"alt_text":"","src":"https:\/\/i0.wp.com\/lekahuin.com\/wp-content\/uploads\/2024\/02\/la-memoria-infinita.png?resize=350%2C200&ssl=1","width":350,"height":200,"srcset":"https:\/\/i0.wp.com\/lekahuin.com\/wp-content\/uploads\/2024\/02\/la-memoria-infinita.png?resize=350%2C200&ssl=1 1x, https:\/\/i0.wp.com\/lekahuin.com\/wp-content\/uploads\/2024\/02\/la-memoria-infinita.png?resize=525%2C300&ssl=1 1.5x"},"classes":[]},{"id":2644,"url":"https:\/\/lekahuin.com\/?p=2644","url_meta":{"origin":15773,"position":2},"title":"Chile","author":"Le Kahuin","date":"26 septembre 2022","format":false,"excerpt":"MAS DE 90 ORGANIZACIONES SOCIALES SE PRONUNCIAN POR UNA CONVENCION CONSTITUCIONAL SOBERANA M\u00e1s de 90 organizaciones sociales, acad\u00e9micas, de derechos humanos, vecinales, sindicales y profesionales, se pronunciaron en favor de una Convenci\u00f3n Constitucional soberana, al tiempo de denunciar los intentos de la clase pol\u00edtica de apropiarse de proceso constitucional para,\u2026","rel":"","context":"Dans &quot;Non class\u00e9&quot;","block_context":{"text":"Non class\u00e9","link":"https:\/\/lekahuin.com\/?cat=6325"},"img":{"alt_text":"","src":"https:\/\/i0.wp.com\/lekahuin.com\/wp-content\/uploads\/2022\/09\/mas-de-90-organizaciones-sociales-se-pronuncian_01.png?resize=350%2C200","width":350,"height":200,"srcset":"https:\/\/i0.wp.com\/lekahuin.com\/wp-content\/uploads\/2022\/09\/mas-de-90-organizaciones-sociales-se-pronuncian_01.png?resize=350%2C200 1x, https:\/\/i0.wp.com\/lekahuin.com\/wp-content\/uploads\/2022\/09\/mas-de-90-organizaciones-sociales-se-pronuncian_01.png?resize=525%2C300 1.5x, https:\/\/i0.wp.com\/lekahuin.com\/wp-content\/uploads\/2022\/09\/mas-de-90-organizaciones-sociales-se-pronuncian_01.png?resize=700%2C400 2x, https:\/\/i0.wp.com\/lekahuin.com\/wp-content\/uploads\/2022\/09\/mas-de-90-organizaciones-sociales-se-pronuncian_01.png?resize=1050%2C600 3x, https:\/\/i0.wp.com\/lekahuin.com\/wp-content\/uploads\/2022\/09\/mas-de-90-organizaciones-sociales-se-pronuncian_01.png?resize=1400%2C800 4x"},"classes":[]},{"id":10485,"url":"https:\/\/lekahuin.com\/?p=10485","url_meta":{"origin":15773,"position":3},"title":"Cultura &#8211; Libro","author":"Le Kahuin","date":"25 juillet 2024","format":false,"excerpt":"\"TIRANDO EL CORTE AL CINE COMUNITARIO\" Por Sergio Zamora Tirar el corte\u201d es un termino coloquial, es decir, utilizado corrientemente en una conversaci\u00f3n y con diferentes significados, y tambi\u00e9n es un t\u00e9rmino audiovisual, como expresi\u00f3n cinematogr\u00e1fica que define el t\u00e9rmino de una escena.Este t\u00edtulo que es el de un libro\u2026","rel":"","context":"Dans &quot;CULTURA&quot;","block_context":{"text":"CULTURA","link":"https:\/\/lekahuin.com\/?cat=55294249"},"img":{"alt_text":"","src":"https:\/\/i0.wp.com\/lekahuin.com\/wp-content\/uploads\/2024\/07\/Foto-libro-zamora-bis-1.jpeg?resize=350%2C200&ssl=1","width":350,"height":200,"srcset":"https:\/\/i0.wp.com\/lekahuin.com\/wp-content\/uploads\/2024\/07\/Foto-libro-zamora-bis-1.jpeg?resize=350%2C200&ssl=1 1x, https:\/\/i0.wp.com\/lekahuin.com\/wp-content\/uploads\/2024\/07\/Foto-libro-zamora-bis-1.jpeg?resize=525%2C300&ssl=1 1.5x, https:\/\/i0.wp.com\/lekahuin.com\/wp-content\/uploads\/2024\/07\/Foto-libro-zamora-bis-1.jpeg?resize=700%2C400&ssl=1 2x"},"classes":[]},{"id":5686,"url":"https:\/\/lekahuin.com\/?p=5686","url_meta":{"origin":15773,"position":4},"title":"Memoria &#8211; Nelson Cabrera V\u00e1squez (Neco)","author":"Le Kahuin","date":"19 mai 2023","format":false,"excerpt":"Delante del Cuartel Silva Palma, denuncia del lugar como centro de tortura bajo la dictadura militar. Aunque desafectado, el recinto pertenece siempre a la Marina Nacional 20 de marzo de2008.- \u00a0Acogida de la nave japonesa ''Peace Boat'' (Buque por la Paz) con visitas de los lugares que fueron centros de\u2026","rel":"","context":"Dans &quot;Non class\u00e9&quot;","block_context":{"text":"Non class\u00e9","link":"https:\/\/lekahuin.com\/?cat=6325"},"img":{"alt_text":"","src":"https:\/\/i0.wp.com\/lekahuin.com\/wp-content\/uploads\/2023\/05\/museo-historico-neco.png?resize=350%2C200&ssl=1","width":350,"height":200,"srcset":"https:\/\/i0.wp.com\/lekahuin.com\/wp-content\/uploads\/2023\/05\/museo-historico-neco.png?resize=350%2C200&ssl=1 1x, https:\/\/i0.wp.com\/lekahuin.com\/wp-content\/uploads\/2023\/05\/museo-historico-neco.png?resize=525%2C300&ssl=1 1.5x"},"classes":[]},{"id":9914,"url":"https:\/\/lekahuin.com\/?p=9914","url_meta":{"origin":15773,"position":5},"title":"Chile &#8211; Memoria &#8211; 21 de Mayo","author":"Le Kahuin","date":"24 mai 2024","format":false,"excerpt":"EL 21 DE MAYO, ORGANIZACIONES DE DDHH RECUERDANEN VALPARA\u00cdSO LAS OTRAS \u201cGLORIAS NAVALES\u201d Fuente: El Clarin. Desde Valpara\u00edso: Guillermo Correa Camiroaga. El tiempo pasa, pero afortunadamente existen a\u00fan los guardianes de la memoria, como los que el pasado 21 de mayo, durante la ceremonia en honor a las \u201cGlorias Navales\u201d,\u2026","rel":"","context":"Dans &quot;CHILE&quot;","block_context":{"text":"CHILE","link":"https:\/\/lekahuin.com\/?cat=55294247"},"img":{"alt_text":"","src":"https:\/\/i0.wp.com\/lekahuin.com\/wp-content\/uploads\/2024\/05\/21-mayo-03.webp?resize=350%2C200&ssl=1","width":350,"height":200,"srcset":"https:\/\/i0.wp.com\/lekahuin.com\/wp-content\/uploads\/2024\/05\/21-mayo-03.webp?resize=350%2C200&ssl=1 1x, https:\/\/i0.wp.com\/lekahuin.com\/wp-content\/uploads\/2024\/05\/21-mayo-03.webp?resize=525%2C300&ssl=1 1.5x, https:\/\/i0.wp.com\/lekahuin.com\/wp-content\/uploads\/2024\/05\/21-mayo-03.webp?resize=700%2C400&ssl=1 2x, https:\/\/i0.wp.com\/lekahuin.com\/wp-content\/uploads\/2024\/05\/21-mayo-03.webp?resize=1050%2C600&ssl=1 3x"},"classes":[]}],"_links":{"self":[{"href":"https:\/\/lekahuin.com\/index.php?rest_route=\/wp\/v2\/posts\/15773","targetHints":{"allow":["GET"]}}],"collection":[{"href":"https:\/\/lekahuin.com\/index.php?rest_route=\/wp\/v2\/posts"}],"about":[{"href":"https:\/\/lekahuin.com\/index.php?rest_route=\/wp\/v2\/types\/post"}],"author":[{"embeddable":true,"href":"https:\/\/lekahuin.com\/index.php?rest_route=\/wp\/v2\/users\/211878710"}],"replies":[{"embeddable":true,"href":"https:\/\/lekahuin.com\/index.php?rest_route=%2Fwp%2Fv2%2Fcomments&post=15773"}],"version-history":[{"count":6,"href":"https:\/\/lekahuin.com\/index.php?rest_route=\/wp\/v2\/posts\/15773\/revisions"}],"predecessor-version":[{"id":15780,"href":"https:\/\/lekahuin.com\/index.php?rest_route=\/wp\/v2\/posts\/15773\/revisions\/15780"}],"wp:attachment":[{"href":"https:\/\/lekahuin.com\/index.php?rest_route=%2Fwp%2Fv2%2Fmedia&parent=15773"}],"wp:term":[{"taxonomy":"category","embeddable":true,"href":"https:\/\/lekahuin.com\/index.php?rest_route=%2Fwp%2Fv2%2Fcategories&post=15773"},{"taxonomy":"post_tag","embeddable":true,"href":"https:\/\/lekahuin.com\/index.php?rest_route=%2Fwp%2Fv2%2Ftags&post=15773"}],"curies":[{"name":"wp","href":"https:\/\/api.w.org\/{rel}","templated":true}]}}