{"id":15829,"date":"2026-01-29T21:31:38","date_gmt":"2026-01-29T20:31:38","guid":{"rendered":"https:\/\/lekahuin.com\/?p=15829"},"modified":"2026-01-30T21:17:43","modified_gmt":"2026-01-30T20:17:43","slug":"chile-ley-nain-retamal-gatica","status":"publish","type":"post","link":"https:\/\/lekahuin.com\/?p=15829","title":{"rendered":"Chile &#8211; Ley Na\u00edn Retamal &#8211; Gatica"},"content":{"rendered":"\n<h2 class=\"wp-block-heading has-text-align-center\"><strong>GABRIEL BORIC TRISTE EN LA TELEVISI\u00d3N POR LA APLICACI\u00d3N&nbsp;DE UNA LEY MALDITA QUE EL MISMO SE APUR\u00d3 EN PROMULGAR<\/strong><\/h2>\n\n\n<div class=\"wp-block-image\">\n<figure class=\"aligncenter size-large is-resized\"><img data-recalc-dims=\"1\" fetchpriority=\"high\" decoding=\"async\" width=\"1024\" height=\"544\" data-attachment-id=\"15992\" data-permalink=\"https:\/\/lekahuin.com\/?attachment_id=15992\" data-orig-file=\"https:\/\/i0.wp.com\/lekahuin.com\/wp-content\/uploads\/2026\/01\/Cocodrilo-2.jpg?fit=2460%2C1306&amp;ssl=1\" data-orig-size=\"2460,1306\" data-comments-opened=\"1\" data-image-meta=\"{&quot;aperture&quot;:&quot;0&quot;,&quot;credit&quot;:&quot;&quot;,&quot;camera&quot;:&quot;&quot;,&quot;caption&quot;:&quot;&quot;,&quot;created_timestamp&quot;:&quot;0&quot;,&quot;copyright&quot;:&quot;&quot;,&quot;focal_length&quot;:&quot;0&quot;,&quot;iso&quot;:&quot;0&quot;,&quot;shutter_speed&quot;:&quot;0&quot;,&quot;title&quot;:&quot;&quot;,&quot;orientation&quot;:&quot;1&quot;}\" data-image-title=\"Cocodrilo\" data-image-description=\"\" data-image-caption=\"\" data-large-file=\"https:\/\/i0.wp.com\/lekahuin.com\/wp-content\/uploads\/2026\/01\/Cocodrilo-2.jpg?fit=1024%2C544&amp;ssl=1\" src=\"https:\/\/i0.wp.com\/lekahuin.com\/wp-content\/uploads\/2026\/01\/Cocodrilo-2.jpg?resize=1024%2C544&#038;ssl=1\" alt=\"\" class=\"wp-image-15992\" style=\"aspect-ratio:1.8823724849332637;width:596px;height:auto\" srcset=\"https:\/\/i0.wp.com\/lekahuin.com\/wp-content\/uploads\/2026\/01\/Cocodrilo-2.jpg?resize=1024%2C544&amp;ssl=1 1024w, https:\/\/i0.wp.com\/lekahuin.com\/wp-content\/uploads\/2026\/01\/Cocodrilo-2.jpg?resize=300%2C159&amp;ssl=1 300w, https:\/\/i0.wp.com\/lekahuin.com\/wp-content\/uploads\/2026\/01\/Cocodrilo-2.jpg?resize=150%2C80&amp;ssl=1 150w, https:\/\/i0.wp.com\/lekahuin.com\/wp-content\/uploads\/2026\/01\/Cocodrilo-2.jpg?resize=768%2C408&amp;ssl=1 768w, https:\/\/i0.wp.com\/lekahuin.com\/wp-content\/uploads\/2026\/01\/Cocodrilo-2.jpg?resize=1536%2C815&amp;ssl=1 1536w, https:\/\/i0.wp.com\/lekahuin.com\/wp-content\/uploads\/2026\/01\/Cocodrilo-2.jpg?resize=2048%2C1087&amp;ssl=1 2048w, https:\/\/i0.wp.com\/lekahuin.com\/wp-content\/uploads\/2026\/01\/Cocodrilo-2.jpg?resize=1200%2C637&amp;ssl=1 1200w\" sizes=\"(max-width: 1000px) 100vw, 1000px\" \/><\/figure>\n<\/div>\n\n\n<p class=\"has-drop-cap has-text-align-justify wp-block-paragraph\">Refiri\u00e9ndose al veredicto que mediante la Ley llamada Nain-Retamal, que eximi\u00f3 penalmente al ex teniente coronel de Carabineros Claudio Crespo, autor probado y reconocido de los disparos que dejaron ciego al ahora diputado Gustavo Gatica, valientemente y sin temer sobrepasar el deber republicano de no interferencia entre los poderes del Estado, ante las c\u00e1maras de la televisi\u00f3n, Gabriel Boric manifest\u00f3 su \u201ctristeza\u201d.<br>Francamente conmovedor.<br>En otro orden de cosas, parlamentarios oficialistas, entre los cuales miembros de los partidos oficialista Acci\u00f3n Humanista (AH), Frente Amplio (FA) y Comunista (PC) presentaron proyectos de ley independientes para derogar aspectos de la ley Nain-Retamal que permiten a Carabineros y otros agentes del Estado, incluso matar a una persona si, seg\u00fan su exclusivo criterio, en un momento determinado, consideran actuar en defensa propia.<br>No deja de ser alentador y hasta emocionante, el que por lo menos al cabo de casi dos a\u00f1os despu\u00e9s de la promulgaci\u00f3n de ley por el Presidente de la Rep\u00fablica, miembro de la coalici\u00f3n de la cual forman parte, haya al menos algunos diputados que caen en cuenta de lo nefasto de esta.<br>M\u00e1s vale tarde que nunca.<br>No obstante, el debilitamiento del control de la justicia, el atentado contra los derechos humanos, el hacer que sean las v\u00edctimas las que deban aportar las pruebas de su condici\u00f3n y la contradicci\u00f3n con las normas internacionales reconocidas sobre el uso de la fuerza por los Estados que significa la ley, fueron temas que estuvieron en el tapete durante todas las etapas de discusi\u00f3n de esta antes de su promulgaci\u00f3n.<br>De todo esto, a\u00fan con el criterio menos severo, es dif\u00edcil no concluir que la tristeza presidencial delante de las c\u00e1maras de la televisi\u00f3n y la tard\u00eda reacci\u00f3n de parlamentarios que, de alguna u otra manera participaron en permitir legalmente el \u201cgatillo f\u00e1cil\u201d no son sino una maniobra que cuenta sobre todo con la mala memoria (o la mala fe) de sus fans, que sue\u00f1an con verlo reelecto en 2030 y, alg\u00fan d\u00eda, por qu\u00e9 no, canonizado y en los altares, a la diestra de Dios Padre..<br>Una maniobra tambi\u00e9n, para tratar de aminorar el desastre pol\u00edtico sin precedentes que significa haber entregado el gobierno a los m\u00e1s fieles herederos de la Dictadura de Pinochet que la ensalzan y justifican sus cr\u00edmenes, ahora dotados de nuevas herramientas para reprimir todo intento de contestaci\u00f3n bajo el estricto amparo de leyes malditas, pero promulgadas en el contexto de la m\u00e1s formal democracia.<br>El 6 de abril de 2023, Gabriel Boric se levant\u00f3 m\u00e1s temprano que de costumbre, para correr a su oficina para filmar una ley de circunstancia, antes de que fuese impugnada ante el Tribunal Constitucional y verse as\u00ed enfrentado a la derecha que, mediante una descarada campa\u00f1a del terror bien orquestada a trav\u00e9s de sus medios, acorralaba al gobierno, present\u00e1ndolo como el principal y \u00fanico responsable de la inseguridad.<br>Tal como en 2019, cuando el diputado Gabriel Boric, a pesar de pretender representar la energ\u00eda joven que entre otras, protagonizaba la revuelta popular, para acomodarse con la derecha que se debat\u00eda y trataba de controlar la situaci\u00f3n, firm\u00f3 la llamada Ley Antibarricadas que permiti\u00f3 la represi\u00f3n del movimiento y la prisi\u00f3n para cientos de manifestantes acusados mediante montajes policiales.<br>\u00a1A otros con su tristeza televisiva!<br><\/p>\n\n\n\n<p class=\"wp-block-paragraph\"><\/p>\n","protected":false},"excerpt":{"rendered":"<div class=\"mh-excerpt\"><p>GABRIEL BORIC TRISTE EN LA TELEVISI\u00d3N POR LA APLICACI\u00d3N&nbsp;DE UNA LEY MALDITA QUE EL MISMO SE APUR\u00d3 EN PROMULGAR Refiri\u00e9ndose al veredicto que mediante la <a class=\"mh-excerpt-more\" href=\"https:\/\/lekahuin.com\/?p=15829\" title=\"Chile &#8211; Ley Na\u00edn Retamal &#8211; Gatica\">[&#8230;]<\/a><\/p>\n<\/div>","protected":false},"author":211878710,"featured_media":0,"comment_status":"open","ping_status":"open","sticky":false,"template":"","format":"standard","meta":{"_coblocks_attr":"","_coblocks_dimensions":"","_coblocks_responsive_height":"","_coblocks_accordion_ie_support":"","_crdt_document":"","advanced_seo_description":"","jetpack_seo_html_title":"","jetpack_seo_noindex":false,"_jetpack_newsletter_access":"","_jetpack_dont_email_post_to_subs":false,"_jetpack_newsletter_tier_id":0,"_jetpack_memberships_contains_paywalled_content":false,"_jetpack_memberships_contains_paid_content":false,"footnotes":"","jetpack_post_was_ever_published":false},"categories":[55294247],"tags":[],"class_list":["post-15829","post","type-post","status-publish","format-standard","hentry","category-chile"],"jetpack_featured_media_url":"","jetpack_likes_enabled":true,"jetpack_sharing_enabled":true,"jetpack_shortlink":"https:\/\/wp.me\/pdoWOp-47j","jetpack-related-posts":[{"id":7607,"url":"https:\/\/lekahuin.com\/?p=7607","url_meta":{"origin":15829,"position":0},"title":"Chile &#8211; Ley Na\u00edn &#8211; Campa\u00f1a","author":"Le Kahuin","date":"26 novembre 2023","format":false,"excerpt":"FAMILIARES DE V\u00cdCTIMAS DE LEY NA\u00cdN RETAMAL LANZAN CAMPA\u00d1A PARA SU DEROGACI\u00d3N Familiares de las v\u00edctimas de la ley Nain-Retamal que da a la polic\u00eda impunidad para matar, iniciaron a mediados de noviembre, una coordinaci\u00f3n con diversas organizaciones, para exigir justicia y, a t\u00e9rmino, obtener la derogaci\u00f3n.El colectivo esta dirigido\u2026","rel":"","context":"Dans &quot;Non class\u00e9&quot;","block_context":{"text":"Non class\u00e9","link":"https:\/\/lekahuin.com\/?cat=6325"},"img":{"alt_text":"","src":"https:\/\/i0.wp.com\/lekahuin.com\/wp-content\/uploads\/2023\/11\/Contra-ley-Nahin-Retamal.jpg?resize=350%2C200&ssl=1","width":350,"height":200,"srcset":"https:\/\/i0.wp.com\/lekahuin.com\/wp-content\/uploads\/2023\/11\/Contra-ley-Nahin-Retamal.jpg?resize=350%2C200&ssl=1 1x, https:\/\/i0.wp.com\/lekahuin.com\/wp-content\/uploads\/2023\/11\/Contra-ley-Nahin-Retamal.jpg?resize=525%2C300&ssl=1 1.5x, https:\/\/i0.wp.com\/lekahuin.com\/wp-content\/uploads\/2023\/11\/Contra-ley-Nahin-Retamal.jpg?resize=700%2C400&ssl=1 2x"},"classes":[]},{"id":5424,"url":"https:\/\/lekahuin.com\/?p=5424","url_meta":{"origin":15829,"position":1},"title":"Chile &#8211; Estudiantes","author":"Le Kahuin","date":"26 mai 2023","format":false,"excerpt":"ESTUDIANTES EXIGEN MEJORAR LA EDUCACION,ALGO POSIBLE S\u00d3LO MEDIANTE CAMBIO DEL SISTEMA A\u00f1o escolar se anuncia agitado Varios liceos simb\u00f3licos ya est\u00e1n ocupados Ley Nain-Retamal o de \u201cGatillo f\u00e1cil\u201d provoca entre otras, las movilizaciones Toma del Instituto Nacional en Santiago - Mayo de 2023 \u00a0\u00a0\u00a0- Foto: Biob\u00edo Apenas comenzado el a\u00f1o\u2026","rel":"","context":"Dans &quot;Non class\u00e9&quot;","block_context":{"text":"Non class\u00e9","link":"https:\/\/lekahuin.com\/?cat=6325"},"img":{"alt_text":"","src":"https:\/\/i0.wp.com\/lekahuin.com\/wp-content\/uploads\/2023\/05\/estudiantes.png?resize=350%2C200&ssl=1","width":350,"height":200,"srcset":"https:\/\/i0.wp.com\/lekahuin.com\/wp-content\/uploads\/2023\/05\/estudiantes.png?resize=350%2C200&ssl=1 1x, https:\/\/i0.wp.com\/lekahuin.com\/wp-content\/uploads\/2023\/05\/estudiantes.png?resize=525%2C300&ssl=1 1.5x"},"classes":[]},{"id":6403,"url":"https:\/\/lekahuin.com\/?p=6403","url_meta":{"origin":15829,"position":2},"title":"Chile &#8211; Ley Anti-tomas","author":"Le Kahuin","date":"4 septembre 2023","format":false,"excerpt":"GOBIERNO DECIDI\u00d3 VETAR LEY ANTI-TOMAS QUE \u00c9L MISMO\u00a0HAB\u00cdA PRESENTADO CON CAR\u00c1CTER DE URGENCIA El gobierno anunci\u00f3 vetar\u00e1 la Ley de Usurpaciones, com\u00fanmente llamada Ley Anti-Tomas, aprobada y despachada para su promulgaci\u00f3n por el Senado, luego de haber sido el mismo gobierno el promotor de la iniciativa y a la que\u2026","rel":"","context":"Dans &quot;Non class\u00e9&quot;","block_context":{"text":"Non class\u00e9","link":"https:\/\/lekahuin.com\/?cat=6325"},"img":{"alt_text":"","src":"https:\/\/i0.wp.com\/lekahuin.com\/wp-content\/uploads\/2023\/09\/no-ley-anti-tomas.png?resize=350%2C200&ssl=1","width":350,"height":200,"srcset":"https:\/\/i0.wp.com\/lekahuin.com\/wp-content\/uploads\/2023\/09\/no-ley-anti-tomas.png?resize=350%2C200&ssl=1 1x, https:\/\/i0.wp.com\/lekahuin.com\/wp-content\/uploads\/2023\/09\/no-ley-anti-tomas.png?resize=525%2C300&ssl=1 1.5x, https:\/\/i0.wp.com\/lekahuin.com\/wp-content\/uploads\/2023\/09\/no-ley-anti-tomas.png?resize=700%2C400&ssl=1 2x"},"classes":[]},{"id":7671,"url":"https:\/\/lekahuin.com\/?p=7671","url_meta":{"origin":15829,"position":3},"title":"Chile &#8211; Violencia &#8211; Nuevas leyes","author":"Le Kahuin","date":"26 novembre 2023","format":false,"excerpt":"HACER COMO AQUEL QUE PARA NO SER CORNUDO, VENDI\u00d3 EL SOF\u00c1 DONDE SU MUJER LO TRAICIONABA... Lo espectacular del ataque con una granada contra una Carabinera, por dos individuos extranjeros, en un contexto de secuestros y homicidios que hablan bien de la violencia que afecta a Chile, gener\u00f3, de parte\u2026","rel":"","context":"Dans &quot;Non class\u00e9&quot;","block_context":{"text":"Non class\u00e9","link":"https:\/\/lekahuin.com\/?cat=6325"},"img":{"alt_text":"","src":"https:\/\/i0.wp.com\/lekahuin.com\/wp-content\/uploads\/2023\/11\/muerte-carabinera-1.png?resize=350%2C200&ssl=1","width":350,"height":200,"srcset":"https:\/\/i0.wp.com\/lekahuin.com\/wp-content\/uploads\/2023\/11\/muerte-carabinera-1.png?resize=350%2C200&ssl=1 1x, https:\/\/i0.wp.com\/lekahuin.com\/wp-content\/uploads\/2023\/11\/muerte-carabinera-1.png?resize=525%2C300&ssl=1 1.5x, https:\/\/i0.wp.com\/lekahuin.com\/wp-content\/uploads\/2023\/11\/muerte-carabinera-1.png?resize=700%2C400&ssl=1 2x"},"classes":[]},{"id":6037,"url":"https:\/\/lekahuin.com\/?p=6037","url_meta":{"origin":15829,"position":4},"title":"Internacional &#8211; Francia","author":"Le Kahuin","date":"24 juillet 2023","format":false,"excerpt":"REVUELTA POPULAR EN FRANCIA: \u00a0CONSECUENCIA INDIRECTA DE SU PROPIA VERSION DE LA LEY NAIN- RETAMAL DE GATILLO F\u00c1CIL Francia, conforme a su condici\u00f3n de pa\u00eds desarrollado y del Primer Mundo, con gente mucho m\u00e1s inteligente, se hab\u00eda dotado ya en 1917, mucho antes que un pa\u00eds \u201crasca\u201d y subdesarrollado como\u2026","rel":"","context":"Dans &quot;Non class\u00e9&quot;","block_context":{"text":"Non class\u00e9","link":"https:\/\/lekahuin.com\/?cat=6325"},"img":{"alt_text":"","src":"https:\/\/i0.wp.com\/lekahuin.com\/wp-content\/uploads\/2023\/07\/france-nahel.png?resize=350%2C200&ssl=1","width":350,"height":200},"classes":[]},{"id":13400,"url":"https:\/\/lekahuin.com\/?p=13400","url_meta":{"origin":15829,"position":5},"title":"Chile &#8211; Represi\u00f3n","author":"Le Kahuin","date":"26 mai 2025","format":false,"excerpt":"REGLAS SOBRE USO DE LA FUERZA: UN PROYECTO AL QUE LA DERECHA\u00a0LE PUSO SU SELLO REPRESIVO Y DICTATORIAL El proyecto sobre Reglas de uso de la fuerza (RUF) por parte de las fuerzas de Orden y Seguridad p\u00fablica y de las Fuerzas Armadas, en v\u00edas de convertirse en ley, m\u00e1s\u2026","rel":"","context":"Dans &quot;CHILE&quot;","block_context":{"text":"CHILE","link":"https:\/\/lekahuin.com\/?cat=55294247"},"img":{"alt_text":"","src":"https:\/\/i0.wp.com\/lekahuin.com\/wp-content\/uploads\/2025\/05\/RUF-ejercito.webp?resize=350%2C200&ssl=1","width":350,"height":200,"srcset":"https:\/\/i0.wp.com\/lekahuin.com\/wp-content\/uploads\/2025\/05\/RUF-ejercito.webp?resize=350%2C200&ssl=1 1x, https:\/\/i0.wp.com\/lekahuin.com\/wp-content\/uploads\/2025\/05\/RUF-ejercito.webp?resize=525%2C300&ssl=1 1.5x"},"classes":[]}],"_links":{"self":[{"href":"https:\/\/lekahuin.com\/index.php?rest_route=\/wp\/v2\/posts\/15829","targetHints":{"allow":["GET"]}}],"collection":[{"href":"https:\/\/lekahuin.com\/index.php?rest_route=\/wp\/v2\/posts"}],"about":[{"href":"https:\/\/lekahuin.com\/index.php?rest_route=\/wp\/v2\/types\/post"}],"author":[{"embeddable":true,"href":"https:\/\/lekahuin.com\/index.php?rest_route=\/wp\/v2\/users\/211878710"}],"replies":[{"embeddable":true,"href":"https:\/\/lekahuin.com\/index.php?rest_route=%2Fwp%2Fv2%2Fcomments&post=15829"}],"version-history":[{"count":5,"href":"https:\/\/lekahuin.com\/index.php?rest_route=\/wp\/v2\/posts\/15829\/revisions"}],"predecessor-version":[{"id":15993,"href":"https:\/\/lekahuin.com\/index.php?rest_route=\/wp\/v2\/posts\/15829\/revisions\/15993"}],"wp:attachment":[{"href":"https:\/\/lekahuin.com\/index.php?rest_route=%2Fwp%2Fv2%2Fmedia&parent=15829"}],"wp:term":[{"taxonomy":"category","embeddable":true,"href":"https:\/\/lekahuin.com\/index.php?rest_route=%2Fwp%2Fv2%2Fcategories&post=15829"},{"taxonomy":"post_tag","embeddable":true,"href":"https:\/\/lekahuin.com\/index.php?rest_route=%2Fwp%2Fv2%2Ftags&post=15829"}],"curies":[{"name":"wp","href":"https:\/\/api.w.org\/{rel}","templated":true}]}}