{"id":15936,"date":"2026-01-30T19:22:41","date_gmt":"2026-01-30T18:22:41","guid":{"rendered":"https:\/\/lekahuin.com\/?p=15936"},"modified":"2026-01-30T20:42:44","modified_gmt":"2026-01-30T19:42:44","slug":"chile-el-mercurio-miente","status":"publish","type":"post","link":"https:\/\/lekahuin.com\/?p=15936","title":{"rendered":"Chile &#8211; \u00a1 El Mercurio miente !"},"content":{"rendered":"\n<h2 class=\"wp-block-heading has-text-align-center\"><strong>EL MERCURIO, UNA VEZ MAS PUESTO EN EVIDENCIA&nbsp;POR SUS MENTIRAS<\/strong><\/h2>\n\n\n<div class=\"wp-block-image\">\n<figure class=\"aligncenter size-full\"><img data-recalc-dims=\"1\" fetchpriority=\"high\" decoding=\"async\" width=\"600\" height=\"331\" data-attachment-id=\"15970\" data-permalink=\"https:\/\/lekahuin.com\/?attachment_id=15970\" data-orig-file=\"https:\/\/i0.wp.com\/lekahuin.com\/wp-content\/uploads\/2026\/01\/el-mercurio-miente-1800x-1.jpg?fit=600%2C331&amp;ssl=1\" data-orig-size=\"600,331\" data-comments-opened=\"1\" data-image-meta=\"{&quot;aperture&quot;:&quot;0&quot;,&quot;credit&quot;:&quot;&quot;,&quot;camera&quot;:&quot;&quot;,&quot;caption&quot;:&quot;&quot;,&quot;created_timestamp&quot;:&quot;0&quot;,&quot;copyright&quot;:&quot;&quot;,&quot;focal_length&quot;:&quot;0&quot;,&quot;iso&quot;:&quot;0&quot;,&quot;shutter_speed&quot;:&quot;0&quot;,&quot;title&quot;:&quot;&quot;,&quot;orientation&quot;:&quot;0&quot;}\" data-image-title=\"el-mercurio-miente-1800x\" data-image-description=\"\" data-image-caption=\"\" data-large-file=\"https:\/\/i0.wp.com\/lekahuin.com\/wp-content\/uploads\/2026\/01\/el-mercurio-miente-1800x-1.jpg?fit=600%2C331&amp;ssl=1\" src=\"https:\/\/i0.wp.com\/lekahuin.com\/wp-content\/uploads\/2026\/01\/el-mercurio-miente-1800x-1.jpg?resize=600%2C331&#038;ssl=1\" alt=\"\" class=\"wp-image-15970\" srcset=\"https:\/\/i0.wp.com\/lekahuin.com\/wp-content\/uploads\/2026\/01\/el-mercurio-miente-1800x-1.jpg?w=600&amp;ssl=1 600w, https:\/\/i0.wp.com\/lekahuin.com\/wp-content\/uploads\/2026\/01\/el-mercurio-miente-1800x-1.jpg?resize=300%2C166&amp;ssl=1 300w, https:\/\/i0.wp.com\/lekahuin.com\/wp-content\/uploads\/2026\/01\/el-mercurio-miente-1800x-1.jpg?resize=150%2C83&amp;ssl=1 150w\" sizes=\"(max-width: 600px) 100vw, 600px\" \/><\/figure>\n<\/div>\n\n\n<p class=\"has-drop-cap wp-block-paragraph\">Una declaraci\u00f3n en la que una vez &nbsp;m\u00e1s se deja en evidencia el m\u00e9todo de la mentira que es el &nbsp;del diario El Mercurio, hizo p\u00fablica la Fundaci\u00f3n de Documentaci\u00f3n y Archivo de la Vicar\u00eda de la solidaridad del Arzobispado de Santiago.<br>El 28 de enero, el cotidiano de la derecha y el empresariado chilenos public\u00f3 un reportaje sobre el ex agente de la DINA Armando Fern\u00e1ndez Larios, implicado en numerosos cr\u00edmenes de la dictadura de Pinochet, entre ellos el del ex canciller Orlando Letelier y, que fue detenido en Miami, Estados Unidos.<br>En dicho reportaje se afirma que: <strong><em><strong><em>\u201cTras el homicidio de Orlando Letelier en Washington, huy\u00f3 de Chile protegido por la Vicar\u00eda, la Nunciatura, la diplomacia norteamericana y un sector del Ej\u00e9rcito adversario del general Manuel Contreras.\u201d, <\/em><\/strong><\/em><\/strong>adelanta la declaraci\u00f3n de la Vicar\u00eda, que luego afirma fehacientemente:<br><strong><em><strong><em>\u201cEsa afirmaci\u00f3n es absolutamente falsa. No se trata de una interpretaci\u00f3n discutible ni de un matiz hist\u00f3rico: es un error grave que tergiversa los hechos y da\u00f1a la memoria de una instituci\u00f3n cuya labor fue exactamente la contraria\u201d.<\/em><\/strong><\/em><\/strong><strong><em><strong><em><br><\/em><\/strong><\/em><\/strong>El documento del organismo de solidaridad reitera sin matices que se trata de <strong><u><strong>una<\/strong><\/u><\/strong>&nbsp;<strong><u><strong>mentira <\/strong><\/u><\/strong>sobre la Vicar\u00eda de la Solidaridad<strong>, \u201c<\/strong><strong><em><strong><em>pues esta no protegi\u00f3, no encubri\u00f3 ni facilit\u00f3 la huida de Armando Fern\u00e1ndez Larios<\/em><\/strong><\/em><\/strong>. <strong><em><strong><em>Sostener lo contrario es invertir la historia\u201d.<\/em><\/strong><\/em><\/strong><strong><em><strong><em><br><\/em><\/strong><\/em><\/strong>Precisando el papel de la instituci\u00f3n, la declaraci\u00f3n detalla luego: \u201c<strong><em><strong><em>La Vicar\u00eda fue una instituci\u00f3n creada para&nbsp;defender a las v\u00edctimas de la represi\u00f3n, documentar violaciones a los derechos humanos y presentar acciones judiciales contra los organismos represivos del Estado, incluida la DINA. Su archivo y su trabajo jur\u00eddico fueron fundamentales para reconstruir casos, establecer responsabilidades y combatir la impunidad\u201d.<\/em><\/strong><\/em><\/strong><strong><em><strong><em><br><\/em><\/strong><\/em><\/strong><strong><em><strong><em>\u201cLejos de \u201cproteger\u201d a agentes represivos, la Vicar\u00eda&nbsp;contribuy\u00f3 a visibilizar sus cr\u00edmenes, a acompa\u00f1ar a las v\u00edctimas y a dejar constancia hist\u00f3rica de lo ocurrido cuando hacerlo implicaba riesgos reales\u201d, <\/em><\/strong><\/em><\/strong>contin\u00faa.<br>Y concluye:<br><strong><em><strong><em>\u201cAtribuir a la Vicar\u00eda un rol de protecci\u00f3n hacia un agente de la DINA no es un simple error, <\/em><\/strong><\/em><\/strong><strong><em><u><strong><em>es una&nbsp;distorsi\u00f3n \u00e9tica e hist\u00f3rica<\/em><\/strong><\/u><\/em><\/strong><strong><em><strong><em>&nbsp;que confunde a la opini\u00f3n p\u00fablica y relativiza responsabilidades. Coloca en el mismo plano a v\u00edctimas y victimarios, y diluye el sentido del trabajo de quienes, desde la Iglesia y la sociedad civil, enfrentaron la represi\u00f3n con las \u00fanicas armas disponibles: la solidaridad, el derecho y la verdad\u201d<\/em><\/strong><\/em><\/strong>.<\/p>\n\n\n\n<p class=\"wp-block-paragraph\"><\/p>\n","protected":false},"excerpt":{"rendered":"<div class=\"mh-excerpt\"><p>EL MERCURIO, UNA VEZ MAS PUESTO EN EVIDENCIA&nbsp;POR SUS MENTIRAS Una declaraci\u00f3n en la que una vez &nbsp;m\u00e1s se deja en evidencia el m\u00e9todo de <a class=\"mh-excerpt-more\" href=\"https:\/\/lekahuin.com\/?p=15936\" title=\"Chile &#8211; \u00a1 El Mercurio miente !\">[&#8230;]<\/a><\/p>\n<\/div>","protected":false},"author":211878710,"featured_media":0,"comment_status":"open","ping_status":"open","sticky":false,"template":"","format":"standard","meta":{"_coblocks_attr":"","_coblocks_dimensions":"","_coblocks_responsive_height":"","_coblocks_accordion_ie_support":"","_crdt_document":"","advanced_seo_description":"","jetpack_seo_html_title":"","jetpack_seo_noindex":false,"_jetpack_newsletter_access":"","_jetpack_dont_email_post_to_subs":false,"_jetpack_newsletter_tier_id":0,"_jetpack_memberships_contains_paywalled_content":false,"_jetpack_memberships_contains_paid_content":false,"footnotes":"","jetpack_post_was_ever_published":false},"categories":[55294247],"tags":[],"class_list":["post-15936","post","type-post","status-publish","format-standard","hentry","category-chile"],"jetpack_featured_media_url":"","jetpack_likes_enabled":true,"jetpack_sharing_enabled":true,"jetpack_shortlink":"https:\/\/wp.me\/pdoWOp-492","jetpack-related-posts":[{"id":4003,"url":"https:\/\/lekahuin.com\/?p=4003","url_meta":{"origin":15936,"position":0},"title":"Chile","author":"Le Kahuin","date":"24 janvier 2023","format":false,"excerpt":"LA PALMA DE HONOR PARA UN PELOTERO\u00a0CON MUCHO M\u00c1S PELOTAS QUE LAS REGLAMENTARIAS Grande fue la sorpresa del Honorable Presidente del no menos Honorable Jurado de la Palma de Honor al franquear la maciza puerta de roble tallado que da acceso al sal\u00f3n barroco donde tienen lugar las reuniones y\u2026","rel":"","context":"Dans &quot;Non class\u00e9&quot;","block_context":{"text":"Non class\u00e9","link":"https:\/\/lekahuin.com\/?cat=6325"},"img":{"alt_text":"","src":"https:\/\/i0.wp.com\/lekahuin.com\/wp-content\/uploads\/2023\/01\/Pellegrini.jpg?resize=350%2C200&ssl=1","width":350,"height":200,"srcset":"https:\/\/i0.wp.com\/lekahuin.com\/wp-content\/uploads\/2023\/01\/Pellegrini.jpg?resize=350%2C200&ssl=1 1x, https:\/\/i0.wp.com\/lekahuin.com\/wp-content\/uploads\/2023\/01\/Pellegrini.jpg?resize=525%2C300&ssl=1 1.5x, https:\/\/i0.wp.com\/lekahuin.com\/wp-content\/uploads\/2023\/01\/Pellegrini.jpg?resize=700%2C400&ssl=1 2x, https:\/\/i0.wp.com\/lekahuin.com\/wp-content\/uploads\/2023\/01\/Pellegrini.jpg?resize=1050%2C600&ssl=1 3x, https:\/\/i0.wp.com\/lekahuin.com\/wp-content\/uploads\/2023\/01\/Pellegrini.jpg?resize=1400%2C800&ssl=1 4x"},"classes":[]},{"id":12478,"url":"https:\/\/lekahuin.com\/?p=12478","url_meta":{"origin":15936,"position":1},"title":"Cultura &#8211; Libro","author":"Le Kahuin","date":"23 f\u00e9vrier 2025","format":false,"excerpt":"\u201cASESINATO EN WASHINGTON\u201d UN LIBRO A\u00daN DE ACTUALIDAD\u00a0Y CONTRA EL OLVIDO C\u00d3MPLICE El 21 de septiembre de 1976 en la ciudad de Washington, fue asesinado el ex ministro de Relaciones Exteriores del gobierno de Salvador Allende y ex embajador de Chile en Estados Unidos, Orlando Letelier y su secretaria, la\u2026","rel":"","context":"Dans &quot;CULTURA&quot;","block_context":{"text":"CULTURA","link":"https:\/\/lekahuin.com\/?cat=55294249"},"img":{"alt_text":"","src":"https:\/\/i0.wp.com\/lekahuin.com\/wp-content\/uploads\/2025\/02\/libro-asesinato-washington-1.jpg?resize=350%2C200&ssl=1","width":350,"height":200,"srcset":"https:\/\/i0.wp.com\/lekahuin.com\/wp-content\/uploads\/2025\/02\/libro-asesinato-washington-1.jpg?resize=350%2C200&ssl=1 1x, https:\/\/i0.wp.com\/lekahuin.com\/wp-content\/uploads\/2025\/02\/libro-asesinato-washington-1.jpg?resize=525%2C300&ssl=1 1.5x, https:\/\/i0.wp.com\/lekahuin.com\/wp-content\/uploads\/2025\/02\/libro-asesinato-washington-1.jpg?resize=700%2C400&ssl=1 2x"},"classes":[]},{"id":16236,"url":"https:\/\/lekahuin.com\/?p=16236","url_meta":{"origin":15936,"position":2},"title":"Argentina-Chile &#8211; Galvarino Apablaza","author":"Le Kahuin","date":"28 f\u00e9vrier 2026","format":false,"excerpt":"JUSTICIA ARGENTINA REVOC\u00d3 ESTATUTO DE REFUGIADO POL\u00cdTICO\u00a0A GALVARINO APABLAZA, EX DIRIGENTE DEL FPMR Galvarino Apablaza, \"Comandante Salvador\" La justicia argentina confirm\u00f3 la revocaci\u00f3n del estatuto de refugiado pol\u00edtico de Galvarino Apablaza, ex dirigente del Frente patri\u00f3tico Manuel Rodr\u00edguez (FPMR), lo que lo acerca a la posibilidad de una extradici\u00f3n hacia\u2026","rel":"","context":"Dans &quot;CHILE&quot;","block_context":{"text":"CHILE","link":"https:\/\/lekahuin.com\/?cat=55294247"},"img":{"alt_text":"","src":"https:\/\/i0.wp.com\/lekahuin.com\/wp-content\/uploads\/2026\/02\/apablaza.jpg?resize=350%2C200&ssl=1","width":350,"height":200},"classes":[]},{"id":11333,"url":"https:\/\/lekahuin.com\/?p=11333","url_meta":{"origin":15936,"position":3},"title":"Chile &#8211; Revuelta Social","author":"Le Kahuin","date":"26 octobre 2024","format":false,"excerpt":"\u00bfPARA CU\u00c1NDO EL PR\u00d3XIMO 18 DE OCTUBRE? Cinco a\u00f1os despu\u00e9s de que j\u00f3venes liceanos, a su manera y con sus medios, iniciaran un movimiento que tir\u00f3 a la cara del gobierno, de los partidos pol\u00edticos y de la sociedad chilena, la realidad de corrupci\u00f3n, mentiras y enga\u00f1os que se hab\u00eda\u2026","rel":"","context":"Dans &quot;CHILE&quot;","block_context":{"text":"CHILE","link":"https:\/\/lekahuin.com\/?cat=55294247"},"img":{"alt_text":"","src":"https:\/\/i0.wp.com\/lekahuin.com\/wp-content\/uploads\/2023\/09\/Banderas-estallido-1.png?resize=350%2C200&ssl=1","width":350,"height":200},"classes":[]},{"id":4784,"url":"https:\/\/lekahuin.com\/?p=4784","url_meta":{"origin":15936,"position":4},"title":"Chile &#8211; Presos Pol\u00edticos","author":"Le Kahuin","date":"25 mars 2023","format":false,"excerpt":"TRIBUNAL CONSTITUCIONAL DA RAZ\u00d3N AL GOBIERNO EN EL TEMA DE LOS INDULTOS Despu\u00e9s de la pataleta que le provoc\u00f3 a la derecha la decisi\u00f3n de diciembre pasado del presidente Boric de indultar a 13 prisioneros condenados en el marco de acciones pol\u00edticas, fue el Tribunal Constitucional que dio raz\u00f3n al\u2026","rel":"","context":"Dans &quot;Non class\u00e9&quot;","block_context":{"text":"Non class\u00e9","link":"https:\/\/lekahuin.com\/?cat=6325"},"img":{"alt_text":"","src":"https:\/\/i0.wp.com\/lekahuin.com\/wp-content\/uploads\/2023\/03\/TC-Chile-1.jpg?resize=350%2C200&ssl=1","width":350,"height":200,"srcset":"https:\/\/i0.wp.com\/lekahuin.com\/wp-content\/uploads\/2023\/03\/TC-Chile-1.jpg?resize=350%2C200&ssl=1 1x, https:\/\/i0.wp.com\/lekahuin.com\/wp-content\/uploads\/2023\/03\/TC-Chile-1.jpg?resize=525%2C300&ssl=1 1.5x, https:\/\/i0.wp.com\/lekahuin.com\/wp-content\/uploads\/2023\/03\/TC-Chile-1.jpg?resize=700%2C400&ssl=1 2x"},"classes":[]},{"id":12425,"url":"https:\/\/lekahuin.com\/?p=12425","url_meta":{"origin":15936,"position":5},"title":"Chile &#8211; Juan Pablo C\u00e1rdenas","author":"Le Kahuin","date":"23 f\u00e9vrier 2025","format":false,"excerpt":"LAS DOS IZQUIERDAS CHILENAS En Chile hay dos tipos de izquierda: la que tiene vocaci\u00f3n de poder y la que carece de ella. Esta dicotom\u00eda ha quedado de manifiesto especialmente en las \u00faltimas d\u00e9cadas.Salvador Allende, seguramente el principal l\u00edder que tuvo el progresismo criollo, fue una mixtura de ambas expresiones.\u2026","rel":"","context":"Dans &quot;CHILE&quot;","block_context":{"text":"CHILE","link":"https:\/\/lekahuin.com\/?cat=55294247"},"img":{"alt_text":"","src":"https:\/\/i0.wp.com\/lekahuin.com\/wp-content\/uploads\/2025\/02\/izquierdas-unidad-para-chile.jpg-1.jpeg?resize=350%2C200&ssl=1","width":350,"height":200,"srcset":"https:\/\/i0.wp.com\/lekahuin.com\/wp-content\/uploads\/2025\/02\/izquierdas-unidad-para-chile.jpg-1.jpeg?resize=350%2C200&ssl=1 1x, https:\/\/i0.wp.com\/lekahuin.com\/wp-content\/uploads\/2025\/02\/izquierdas-unidad-para-chile.jpg-1.jpeg?resize=525%2C300&ssl=1 1.5x, https:\/\/i0.wp.com\/lekahuin.com\/wp-content\/uploads\/2025\/02\/izquierdas-unidad-para-chile.jpg-1.jpeg?resize=700%2C400&ssl=1 2x"},"classes":[]}],"_links":{"self":[{"href":"https:\/\/lekahuin.com\/index.php?rest_route=\/wp\/v2\/posts\/15936","targetHints":{"allow":["GET"]}}],"collection":[{"href":"https:\/\/lekahuin.com\/index.php?rest_route=\/wp\/v2\/posts"}],"about":[{"href":"https:\/\/lekahuin.com\/index.php?rest_route=\/wp\/v2\/types\/post"}],"author":[{"embeddable":true,"href":"https:\/\/lekahuin.com\/index.php?rest_route=\/wp\/v2\/users\/211878710"}],"replies":[{"embeddable":true,"href":"https:\/\/lekahuin.com\/index.php?rest_route=%2Fwp%2Fv2%2Fcomments&post=15936"}],"version-history":[{"count":5,"href":"https:\/\/lekahuin.com\/index.php?rest_route=\/wp\/v2\/posts\/15936\/revisions"}],"predecessor-version":[{"id":15972,"href":"https:\/\/lekahuin.com\/index.php?rest_route=\/wp\/v2\/posts\/15936\/revisions\/15972"}],"wp:attachment":[{"href":"https:\/\/lekahuin.com\/index.php?rest_route=%2Fwp%2Fv2%2Fmedia&parent=15936"}],"wp:term":[{"taxonomy":"category","embeddable":true,"href":"https:\/\/lekahuin.com\/index.php?rest_route=%2Fwp%2Fv2%2Fcategories&post=15936"},{"taxonomy":"post_tag","embeddable":true,"href":"https:\/\/lekahuin.com\/index.php?rest_route=%2Fwp%2Fv2%2Ftags&post=15936"}],"curies":[{"name":"wp","href":"https:\/\/api.w.org\/{rel}","templated":true}]}}