{"id":15940,"date":"2026-01-30T19:27:29","date_gmt":"2026-01-30T18:27:29","guid":{"rendered":"https:\/\/lekahuin.com\/?p=15940"},"modified":"2026-01-30T20:41:25","modified_gmt":"2026-01-30T19:41:25","slug":"america-pueblos","status":"publish","type":"post","link":"https:\/\/lekahuin.com\/?p=15940","title":{"rendered":"AMERICA &#8211; Pueblos"},"content":{"rendered":"\n<h2 class=\"wp-block-heading has-text-align-center\"><strong>LOS PUEBLOS ORIGINARIOS M\u00c1S NUMEROSOS DE AM\u00c9RICA (2025) <\/strong><\/h2>\n\n\n<div class=\"wp-block-image\">\n<figure class=\"aligncenter size-full\"><img data-recalc-dims=\"1\" fetchpriority=\"high\" decoding=\"async\" width=\"519\" height=\"590\" data-attachment-id=\"15967\" data-permalink=\"https:\/\/lekahuin.com\/?attachment_id=15967\" data-orig-file=\"https:\/\/i0.wp.com\/lekahuin.com\/wp-content\/uploads\/2026\/01\/banderas-pueblos-indigenas-2.png?fit=519%2C590&amp;ssl=1\" data-orig-size=\"519,590\" data-comments-opened=\"1\" data-image-meta=\"{&quot;aperture&quot;:&quot;0&quot;,&quot;credit&quot;:&quot;&quot;,&quot;camera&quot;:&quot;&quot;,&quot;caption&quot;:&quot;&quot;,&quot;created_timestamp&quot;:&quot;0&quot;,&quot;copyright&quot;:&quot;&quot;,&quot;focal_length&quot;:&quot;0&quot;,&quot;iso&quot;:&quot;0&quot;,&quot;shutter_speed&quot;:&quot;0&quot;,&quot;title&quot;:&quot;&quot;,&quot;orientation&quot;:&quot;0&quot;}\" data-image-title=\"banderas pueblos indigenas\" data-image-description=\"\" data-image-caption=\"\" data-large-file=\"https:\/\/i0.wp.com\/lekahuin.com\/wp-content\/uploads\/2026\/01\/banderas-pueblos-indigenas-2.png?fit=519%2C590&amp;ssl=1\" src=\"https:\/\/i0.wp.com\/lekahuin.com\/wp-content\/uploads\/2026\/01\/banderas-pueblos-indigenas-2.png?resize=519%2C590&#038;ssl=1\" alt=\"\" class=\"wp-image-15967\" srcset=\"https:\/\/i0.wp.com\/lekahuin.com\/wp-content\/uploads\/2026\/01\/banderas-pueblos-indigenas-2.png?w=519&amp;ssl=1 519w, https:\/\/i0.wp.com\/lekahuin.com\/wp-content\/uploads\/2026\/01\/banderas-pueblos-indigenas-2.png?resize=264%2C300&amp;ssl=1 264w, https:\/\/i0.wp.com\/lekahuin.com\/wp-content\/uploads\/2026\/01\/banderas-pueblos-indigenas-2.png?resize=132%2C150&amp;ssl=1 132w\" sizes=\"(max-width: 519px) 100vw, 519px\" \/><\/figure>\n<\/div>\n\n\n<p class=\"has-drop-cap has-text-align-justify wp-block-paragraph\">Mucho antes de las fronteras actuales, este continente ya lat\u00eda con civilizaciones profundas, lenguas vivas y memorias que no se rindieron.<br>Hoy, esos pueblos siguen aqu\u00ed. Resistiendo, creando, ense\u00f1ando.<br>Estos son algunos de los pueblos originarios con mayor poblaci\u00f3n en Am\u00e9rica, considerando tanto a quienes se reconocen directamente como ind\u00edgenas como a quienes conservan herencia ancestral, lengua y v\u00ednculos culturales.<br><br><strong>Quechua<br><\/strong>Aproximadamente 14.7 millones<br>Presente en Per\u00fa, Bolivia, Ecuador, Colombia, Chile y Argentina. Es el pueblo originario m\u00e1s numeroso del continente y una de las civilizaciones vivas m\u00e1s influyentes de Am\u00e9rica del Sur.<br><strong>Maya<br><\/strong>M\u00e1s de 12.3 millones<br>Distribuidos en M\u00e9xico, Guatemala, Belice y Honduras. La lengua maya no es una sola, sino m\u00e1s de 30 lenguas vivas que siguen transmiti\u00e9ndose de generaci\u00f3n en generaci\u00f3n.<br><strong>Guaran\u00ed<br><\/strong>Alrededor de 6.5 millones<br>Uno de los pocos pueblos cuya lengua es idioma oficial de un pa\u00eds: Paraguay. El guaran\u00ed se habla tanto en lo cotidiano como en lo institucional.<br><strong>Aymara<br><\/strong>M\u00e1s de 4.3 millones<br>Con fuerte presencia en Bolivia, Per\u00fa y Chile. Su cosmovisi\u00f3n mantiene una relaci\u00f3n profunda con el tiempo, la tierra y el equilibrio.<br><strong>Nahua<br><\/strong>Cerca de 2.7 millones<br>Uno de los pueblos m\u00e1s extendidos de M\u00e9xico. Su herencia ling\u00fc\u00edstica y cultural sigue viva en comunidades, rituales y palabras del espa\u00f1ol cotidiano.<br><strong>Mapuche<br><\/strong>M\u00e1s de 2.1 millones<br>Principalmente en Chile y Argentina. Su lucha por el territorio y la autonom\u00eda sigue marcando la historia contempor\u00e1nea del sur del continente.<br>Otros pueblos con poblaciones significativas incluyen:<br><strong>Way\u00fau, Zapoteco, Mixteco, Otom\u00ed, Miskito, Cherokee, Gar\u00edfuna, M\u00e9tis, Lenca y Navajo<\/strong>.<br><br>Seg\u00fan la CEPAL y el Banco Mundial, m\u00e1s de 58 millones de personas ind\u00edgenas viven actualmente en Am\u00e9rica Latina, lo que representa cerca del 10 % de la poblaci\u00f3n total del continente. No son minor\u00eda cultural. Son mayor\u00eda hist\u00f3rica.<br>Mucho antes de las fronteras actuales, Am\u00e9rica ya era hogar de grandes civilizaciones que a\u00fan hoy siguen vivas.<br>Estos son los pueblos ind\u00edgenas con mayor poblaci\u00f3n en el continente, considerando tambi\u00e9n la herencia ancestral<\/p>\n\n\n\n<p class=\"wp-block-paragraph\"><\/p>\n","protected":false},"excerpt":{"rendered":"<div class=\"mh-excerpt\"><p>LOS PUEBLOS ORIGINARIOS M\u00c1S NUMEROSOS DE AM\u00c9RICA (2025) Mucho antes de las fronteras actuales, este continente ya lat\u00eda con civilizaciones profundas, lenguas vivas y memorias <a class=\"mh-excerpt-more\" href=\"https:\/\/lekahuin.com\/?p=15940\" title=\"AMERICA &#8211; Pueblos\">[&#8230;]<\/a><\/p>\n<\/div>","protected":false},"author":211878710,"featured_media":0,"comment_status":"open","ping_status":"open","sticky":false,"template":"","format":"standard","meta":{"_coblocks_attr":"","_coblocks_dimensions":"","_coblocks_responsive_height":"","_coblocks_accordion_ie_support":"","_crdt_document":"","advanced_seo_description":"","jetpack_seo_html_title":"","jetpack_seo_noindex":false,"_jetpack_newsletter_access":"","_jetpack_dont_email_post_to_subs":false,"_jetpack_newsletter_tier_id":0,"_jetpack_memberships_contains_paywalled_content":false,"_jetpack_memberships_contains_paid_content":false,"footnotes":"","jetpack_post_was_ever_published":false},"categories":[55294253],"tags":[],"class_list":["post-15940","post","type-post","status-publish","format-standard","hentry","category-huerto-ajeno"],"jetpack_featured_media_url":"","jetpack_likes_enabled":true,"jetpack_sharing_enabled":true,"jetpack_shortlink":"https:\/\/wp.me\/pdoWOp-496","jetpack-related-posts":[{"id":12465,"url":"https:\/\/lekahuin.com\/?p=12465","url_meta":{"origin":15940,"position":0},"title":"Chile &#8211; Represi\u00f3n a Mapuche -Declaraci\u00f3n","author":"Le Kahuin","date":"23 f\u00e9vrier 2025","format":false,"excerpt":"M\u00c1S DE 80 COMUNIDADES A NIVEL INTERNACIONAL\u00a0SUBSCRIBEN TAPABOCAS A MINISTRA TOH\u00c1 Un rotundo tapabocas a la ministra chilena del Interior, Carolina Toh\u00e1 y, en general a los gobiernos de Chile y Argentina, fue la expresi\u00f3n de m\u00e1s de 80 organizaciones y comunidades de ambos pa\u00edses y tambi\u00e9n de Europa, que\u2026","rel":"","context":"Dans &quot;CHILE&quot;","block_context":{"text":"CHILE","link":"https:\/\/lekahuin.com\/?cat=55294247"},"img":{"alt_text":"","src":"https:\/\/i0.wp.com\/lekahuin.com\/wp-content\/uploads\/2025\/02\/Toha-Araucania.jpeg?resize=350%2C200&ssl=1","width":350,"height":200,"srcset":"https:\/\/i0.wp.com\/lekahuin.com\/wp-content\/uploads\/2025\/02\/Toha-Araucania.jpeg?resize=350%2C200&ssl=1 1x, https:\/\/i0.wp.com\/lekahuin.com\/wp-content\/uploads\/2025\/02\/Toha-Araucania.jpeg?resize=525%2C300&ssl=1 1.5x, https:\/\/i0.wp.com\/lekahuin.com\/wp-content\/uploads\/2025\/02\/Toha-Araucania.jpeg?resize=700%2C400&ssl=1 2x"},"classes":[]},{"id":14815,"url":"https:\/\/lekahuin.com\/?p=14815","url_meta":{"origin":15940,"position":1},"title":"Internacional &#8211; Premio Nobel de la Paz","author":"Le Kahuin","date":"28 octobre 2025","format":false,"excerpt":"PREMIO NOBEL ADOLFO PEREZ ESQUIVEL ENV\u00cdA CARTA A LA PREMIO NOBEL DE LA PAZ, MARIA CORINA MACHADO Te env\u00edo el saludo de Paz y Bien que tanto necesita la humanidad y los pueblos que viven en la pobreza, conflictos, guerras y hambre. Esta carta abierta es para expresarte y compartir\u2026","rel":"","context":"Dans &quot;INTERNACIONAL&quot;","block_context":{"text":"INTERNACIONAL","link":"https:\/\/lekahuin.com\/?cat=55294248"},"img":{"alt_text":"","src":"https:\/\/i0.wp.com\/lekahuin.com\/wp-content\/uploads\/2025\/10\/esquivel-machado.png?resize=350%2C200&ssl=1","width":350,"height":200,"srcset":"https:\/\/i0.wp.com\/lekahuin.com\/wp-content\/uploads\/2025\/10\/esquivel-machado.png?resize=350%2C200&ssl=1 1x, https:\/\/i0.wp.com\/lekahuin.com\/wp-content\/uploads\/2025\/10\/esquivel-machado.png?resize=525%2C300&ssl=1 1.5x"},"classes":[]},{"id":13857,"url":"https:\/\/lekahuin.com\/?p=13857","url_meta":{"origin":15940,"position":2},"title":"Chile &#8211; Ley Lafquenche","author":"Le Kahuin","date":"25 juillet 2025","format":false,"excerpt":"ATENTAR CONTRA LOS PUEBLOS ORIGINARIOS PARA ENRIQUECER M\u00c1S A\u00daN A LAS SALMONERAS. Motivado sin duda por su tradicional voluntad de imponer la igualdad y de proteger a aquellos que por su riqueza material son m\u00e1s iguales que los otros, el Honorable Senado de la Rep\u00fablica reinici\u00f3 el 9 de julio,\u2026","rel":"","context":"Dans &quot;CHILE&quot;","block_context":{"text":"CHILE","link":"https:\/\/lekahuin.com\/?cat=55294247"},"img":{"alt_text":"","src":"https:\/\/i0.wp.com\/lekahuin.com\/wp-content\/uploads\/2025\/07\/afiche-no-a-la-modificacion-ley-lafkenche-542x800-1.webp?resize=350%2C200&ssl=1","width":350,"height":200,"srcset":"https:\/\/i0.wp.com\/lekahuin.com\/wp-content\/uploads\/2025\/07\/afiche-no-a-la-modificacion-ley-lafkenche-542x800-1.webp?resize=350%2C200&ssl=1 1x, https:\/\/i0.wp.com\/lekahuin.com\/wp-content\/uploads\/2025\/07\/afiche-no-a-la-modificacion-ley-lafkenche-542x800-1.webp?resize=525%2C300&ssl=1 1.5x"},"classes":[]},{"id":14472,"url":"https:\/\/lekahuin.com\/?p=14472","url_meta":{"origin":15940,"position":3},"title":"Internacional &#8211; Petro &#8211; ONU","author":"Le Kahuin","date":"29 septembre 2025","format":false,"excerpt":"PETRO REITERA CONDENA AL MATONAJE DE EEUU LUEGO QUE WASHINGTON LE RETIRARA LA VISA El discurso pronunciado por el presidente de Colombia Gustavo Petro ante la Asamblea general de las Naciones Unidas en que denuncia la hist\u00f3rica posici\u00f3n de mat\u00f3n internacional de Estados Unidos y su actual complicidad con el\u2026","rel":"","context":"Dans &quot;INTERNACIONAL&quot;","block_context":{"text":"INTERNACIONAL","link":"https:\/\/lekahuin.com\/?cat=55294248"},"img":{"alt_text":"","src":"https:\/\/i0.wp.com\/lekahuin.com\/wp-content\/uploads\/2025\/09\/petro-onu.webp?resize=350%2C200&ssl=1","width":350,"height":200,"srcset":"https:\/\/i0.wp.com\/lekahuin.com\/wp-content\/uploads\/2025\/09\/petro-onu.webp?resize=350%2C200&ssl=1 1x, https:\/\/i0.wp.com\/lekahuin.com\/wp-content\/uploads\/2025\/09\/petro-onu.webp?resize=525%2C300&ssl=1 1.5x, https:\/\/i0.wp.com\/lekahuin.com\/wp-content\/uploads\/2025\/09\/petro-onu.webp?resize=700%2C400&ssl=1 2x"},"classes":[]},{"id":15821,"url":"https:\/\/lekahuin.com\/?p=15821","url_meta":{"origin":15940,"position":4},"title":"Chile &#8211; Modelo &#8211; Ecolog\u00eda","author":"Le Kahuin","date":"29 janvier 2026","format":false,"excerpt":"CHILE: SEGUNDO PRODUCTOR MUNDIAL DE SALM\u00d3N AL PRECIO\u00a0DE LA DESTRUCCI\u00d3N DE LA NATURALEZA Y DE LAS PERSONAS Si hablamos del sistema capitalista neoliberal que denunciamos, para definir el modelo que impuso la dictadura militar y que todos los gobiernos sucesivos han mantenido con tanto cari\u00f1o, es muy posible que muchos\u2026","rel":"","context":"Dans &quot;CHILE&quot;","block_context":{"text":"CHILE","link":"https:\/\/lekahuin.com\/?cat=55294247"},"img":{"alt_text":"","src":"https:\/\/i0.wp.com\/lekahuin.com\/wp-content\/uploads\/2026\/01\/salmon-chile.jpeg?resize=350%2C200&ssl=1","width":350,"height":200,"srcset":"https:\/\/i0.wp.com\/lekahuin.com\/wp-content\/uploads\/2026\/01\/salmon-chile.jpeg?resize=350%2C200&ssl=1 1x, https:\/\/i0.wp.com\/lekahuin.com\/wp-content\/uploads\/2026\/01\/salmon-chile.jpeg?resize=525%2C300&ssl=1 1.5x, https:\/\/i0.wp.com\/lekahuin.com\/wp-content\/uploads\/2026\/01\/salmon-chile.jpeg?resize=700%2C400&ssl=1 2x"},"classes":[]},{"id":11680,"url":"https:\/\/lekahuin.com\/?p=11680","url_meta":{"origin":15940,"position":5},"title":"Internacional &#8211; Corte Interamericana DDHH","author":"Le Kahuin","date":"27 novembre 2024","format":false,"excerpt":"ESTADO CHILENO CONDENADO POR VIOLAR DERECHOS DE MAPUCHES DURANTE EL GOBIERNO DE PATRICIO AYLWIN El 21 de noviembre reci\u00e9n pasado, la Corte interamericana de Justicia conden\u00f3 al Estado chileno por violaci\u00f3n de los derechos humanos de al menos 144 mapuches en hechos ocurridos en 1992, durante la administraci\u00f3n de Patricio\u2026","rel":"","context":"Dans &quot;CHILE&quot;","block_context":{"text":"CHILE","link":"https:\/\/lekahuin.com\/?cat=55294247"},"img":{"alt_text":"","src":"https:\/\/i0.wp.com\/lekahuin.com\/wp-content\/uploads\/2024\/11\/Foto-archivo-de-Aucan-Huilcaman.jpg?resize=350%2C200&ssl=1","width":350,"height":200,"srcset":"https:\/\/i0.wp.com\/lekahuin.com\/wp-content\/uploads\/2024\/11\/Foto-archivo-de-Aucan-Huilcaman.jpg?resize=350%2C200&ssl=1 1x, https:\/\/i0.wp.com\/lekahuin.com\/wp-content\/uploads\/2024\/11\/Foto-archivo-de-Aucan-Huilcaman.jpg?resize=525%2C300&ssl=1 1.5x, https:\/\/i0.wp.com\/lekahuin.com\/wp-content\/uploads\/2024\/11\/Foto-archivo-de-Aucan-Huilcaman.jpg?resize=700%2C400&ssl=1 2x"},"classes":[]}],"_links":{"self":[{"href":"https:\/\/lekahuin.com\/index.php?rest_route=\/wp\/v2\/posts\/15940","targetHints":{"allow":["GET"]}}],"collection":[{"href":"https:\/\/lekahuin.com\/index.php?rest_route=\/wp\/v2\/posts"}],"about":[{"href":"https:\/\/lekahuin.com\/index.php?rest_route=\/wp\/v2\/types\/post"}],"author":[{"embeddable":true,"href":"https:\/\/lekahuin.com\/index.php?rest_route=\/wp\/v2\/users\/211878710"}],"replies":[{"embeddable":true,"href":"https:\/\/lekahuin.com\/index.php?rest_route=%2Fwp%2Fv2%2Fcomments&post=15940"}],"version-history":[{"count":5,"href":"https:\/\/lekahuin.com\/index.php?rest_route=\/wp\/v2\/posts\/15940\/revisions"}],"predecessor-version":[{"id":15968,"href":"https:\/\/lekahuin.com\/index.php?rest_route=\/wp\/v2\/posts\/15940\/revisions\/15968"}],"wp:attachment":[{"href":"https:\/\/lekahuin.com\/index.php?rest_route=%2Fwp%2Fv2%2Fmedia&parent=15940"}],"wp:term":[{"taxonomy":"category","embeddable":true,"href":"https:\/\/lekahuin.com\/index.php?rest_route=%2Fwp%2Fv2%2Fcategories&post=15940"},{"taxonomy":"post_tag","embeddable":true,"href":"https:\/\/lekahuin.com\/index.php?rest_route=%2Fwp%2Fv2%2Ftags&post=15940"}],"curies":[{"name":"wp","href":"https:\/\/api.w.org\/{rel}","templated":true}]}}