{"id":16122,"date":"2026-02-27T22:06:13","date_gmt":"2026-02-27T21:06:13","guid":{"rendered":"https:\/\/lekahuin.com\/?p=16122"},"modified":"2026-02-28T01:06:59","modified_gmt":"2026-02-28T00:06:59","slug":"francia-chile-manuel-cabieses","status":"publish","type":"post","link":"https:\/\/lekahuin.com\/?p=16122","title":{"rendered":"Francia &#8211; Chile &#8211; Manuel Cabieses"},"content":{"rendered":"\n<h2 class=\"wp-block-heading has-text-align-center\"><strong>EX PRESOS POL\u00cdTICOS CHILENOS EN FRANCIA&nbsp;SALUDAN LA MEMORIA DE MANUEL CABIESES<\/strong><\/h2>\n\n\n<div class=\"wp-block-image\">\n<figure class=\"aligncenter size-full is-resized\"><img data-recalc-dims=\"1\" fetchpriority=\"high\" decoding=\"async\" width=\"1020\" height=\"730\" data-attachment-id=\"16136\" data-permalink=\"https:\/\/lekahuin.com\/?attachment_id=16136\" data-orig-file=\"https:\/\/i0.wp.com\/lekahuin.com\/wp-content\/uploads\/2026\/02\/Manuel-Cabieses-e1689339845330.jpg?fit=1020%2C730&amp;ssl=1\" data-orig-size=\"1020,730\" data-comments-opened=\"1\" data-image-meta=\"{&quot;aperture&quot;:&quot;0&quot;,&quot;credit&quot;:&quot;&quot;,&quot;camera&quot;:&quot;&quot;,&quot;caption&quot;:&quot;&quot;,&quot;created_timestamp&quot;:&quot;0&quot;,&quot;copyright&quot;:&quot;&quot;,&quot;focal_length&quot;:&quot;0&quot;,&quot;iso&quot;:&quot;0&quot;,&quot;shutter_speed&quot;:&quot;0&quot;,&quot;title&quot;:&quot;&quot;,&quot;orientation&quot;:&quot;1&quot;}\" data-image-title=\"Manuel-Cabieses-e1689339845330\" data-image-description=\"\" data-image-caption=\"\" data-large-file=\"https:\/\/i0.wp.com\/lekahuin.com\/wp-content\/uploads\/2026\/02\/Manuel-Cabieses-e1689339845330.jpg?fit=1020%2C730&amp;ssl=1\" src=\"https:\/\/i0.wp.com\/lekahuin.com\/wp-content\/uploads\/2026\/02\/Manuel-Cabieses-e1689339845330.jpg?resize=1020%2C730&#038;ssl=1\" alt=\"\" class=\"wp-image-16136\" style=\"aspect-ratio:1.3972442858668632;width:496px;height:auto\" srcset=\"https:\/\/i0.wp.com\/lekahuin.com\/wp-content\/uploads\/2026\/02\/Manuel-Cabieses-e1689339845330.jpg?w=1020&amp;ssl=1 1020w, https:\/\/i0.wp.com\/lekahuin.com\/wp-content\/uploads\/2026\/02\/Manuel-Cabieses-e1689339845330.jpg?resize=300%2C215&amp;ssl=1 300w, https:\/\/i0.wp.com\/lekahuin.com\/wp-content\/uploads\/2026\/02\/Manuel-Cabieses-e1689339845330.jpg?resize=150%2C107&amp;ssl=1 150w, https:\/\/i0.wp.com\/lekahuin.com\/wp-content\/uploads\/2026\/02\/Manuel-Cabieses-e1689339845330.jpg?resize=768%2C550&amp;ssl=1 768w\" sizes=\"(max-width: 1000px) 100vw, 1000px\" \/><\/figure>\n<\/div>\n\n\n<p class=\"has-drop-cap has-text-align-justify wp-block-paragraph\">Con motivo del fallecimiento en Chile de Manuel Cabieses Donoso, la Asociaci\u00f3n de ex presos pol\u00edticos chilenos en Francia expres\u00f3 en una declaraci\u00f3n el reconocimiento al periodista y militante revolucionario que fue este.<br>El texto expresa lo siguiente:<br><br><em>\u201cHay vidas que se definen por la consecuencia que se tiene con los compromisos adquiridos y los actos de la vida cotidiana.<br>La vida de Manuel Cabieses Donoso est\u00e1 caracterizada por esa consecuencia adquiriendo desde joven la convicci\u00f3n de que solo profundas transformaciones revolucionarias podr\u00edan cambiar la vida de las mayor\u00edas latinoamericanas, puso su condici\u00f3n de periodista al servicio de las luchas revolucionarias en particular la joven revoluci\u00f3n cubana en 1959.<br>&nbsp;Manuel Cabieses acaba de fallecer a los 92 a\u00f1os. A lo largo de su trayectoria se caracteriz\u00f3 por hacer suyo un periodismo cr\u00edtico, serio en sus investigaciones y apegado a los hechos, sin compromisos editoriales.<br>Ya a partir de 1965, cuando fundan la revista Punto Final en un momento hist\u00f3rico de gran debate ideol\u00f3gico al interior de la izquierda, \u00e9l expres\u00f3 sus opiniones sin ninguna concesi\u00f3n.<br>&nbsp;Lo mismo d\u00eda durante el Gobierno de la Unidad Popular, en donde acompa\u00f1aba cr\u00edticamente, pero defendiendo el proceso de transformaciones iniciadas por Salvador Allende.<br>&nbsp;Manuel Cabieses fue arrestado en septiembre de 1973, permaneciendo 2 a\u00f1os los campos de concentraci\u00f3n de Pinochet antes de partir al exilio. &nbsp;En 1979 vuelve clandestinamente a Chile para continuar la lucha de resistencia contra la dictadura en tanto que militante y miembro del Comit\u00e9 Central del MIR.<br>&nbsp;Desde entonces y hasta sus \u00faltimos d\u00edas su compromiso se mantuvo inalterable. Fue uno de los pocos que, desde el periodismo, cr\u00edtic\u00f3 lo que \u00e9l llamaba \u201c<\/em><strong><em><strong><em>la transici\u00f3n pactada\u201d,<\/em><\/strong><\/em><\/strong><em>&nbsp;desechando cualquier compromiso que pervirtiera el desarrollo de un periodismo de investigaci\u00f3n y compromiso con las luchas sociales, la defensa de los derechos humanos y la libertad de expresi\u00f3n.<br>&nbsp;Manuel Cabieses fue un referente no solo como periodista igualmente como revolucionario. Nuestro contacto con \u00e9l en tanto que exmilitantes lo hicimos no s\u00f3lo conociendo su trabajo como periodista, lo conocimos en los campos de concentraci\u00f3n, en las reuniones clandestinas durante la dictadura y, m\u00e1s tarde nuevamente como periodista comprometido durante la llamada \u201c<\/em><strong><em><strong><em>transici\u00f3n\u201d.<br><\/em><\/strong><\/em><\/strong><em>&nbsp;Su labor de referente no se borra con su partida, sigue presente.<br>Como Asociaci\u00f3n de ex presos pol\u00edticos chilenos en Francia saludamos fraternalmente a su familia y compa\u00f1eras y compa\u00f1eros.<br>\u00a1Compa\u00f1ero Manuel Cabieses, presente!\u201d<\/em><\/p>\n","protected":false},"excerpt":{"rendered":"<div class=\"mh-excerpt\"><p>EX PRESOS POL\u00cdTICOS CHILENOS EN FRANCIA&nbsp;SALUDAN LA MEMORIA DE MANUEL CABIESES Con motivo del fallecimiento en Chile de Manuel Cabieses Donoso, la Asociaci\u00f3n de ex <a class=\"mh-excerpt-more\" href=\"https:\/\/lekahuin.com\/?p=16122\" title=\"Francia &#8211; Chile &#8211; Manuel Cabieses\">[&#8230;]<\/a><\/p>\n<\/div>","protected":false},"author":211878710,"featured_media":0,"comment_status":"open","ping_status":"open","sticky":false,"template":"","format":"standard","meta":{"_coblocks_attr":"","_coblocks_dimensions":"","_coblocks_responsive_height":"","_coblocks_accordion_ie_support":"","_crdt_document":"","advanced_seo_description":"","jetpack_seo_html_title":"","jetpack_seo_noindex":false,"_jetpack_newsletter_access":"","_jetpack_dont_email_post_to_subs":false,"_jetpack_newsletter_tier_id":0,"_jetpack_memberships_contains_paywalled_content":false,"_jetpack_memberships_contains_paid_content":false,"footnotes":"","jetpack_post_was_ever_published":false},"categories":[55294247,55294248],"tags":[],"class_list":["post-16122","post","type-post","status-publish","format-standard","hentry","category-chile","category-internacional"],"jetpack_featured_media_url":"","jetpack_likes_enabled":true,"jetpack_sharing_enabled":true,"jetpack_shortlink":"https:\/\/wp.me\/pdoWOp-4c2","jetpack-related-posts":[{"id":14610,"url":"https:\/\/lekahuin.com\/?p=14610","url_meta":{"origin":16122,"position":0},"title":"Francia &#8211; Embajada de Chile","author":"Le Kahuin","date":"2 octobre 2025","format":false,"excerpt":"Entrega de carta a Boric por la libertad del Preso Pol\u00edtico Mauricio Hern\u00e1ndez Norambuena (MHN)Comit\u00e9 por la Vida y Libertad de MHN y Organizaciones solidarias Terre et Libert\u00e9 Wallmapu (Lise Bouzidi), Comit\u00e9 pour la Vie et Libert\u00e9 de Mauricio Hern\u00e1ndez Norambuena (Iv\u00e1n Kraljevic, Marion Raoul), Ambassadeur Du Chili en France\u2026","rel":"","context":"Dans &quot;CHILE&quot;","block_context":{"text":"CHILE","link":"https:\/\/lekahuin.com\/?cat=55294247"},"img":{"alt_text":"","src":"https:\/\/i0.wp.com\/lekahuin.com\/wp-content\/uploads\/2025\/10\/carta-boric_01.webp?resize=350%2C200","width":350,"height":200,"srcset":"https:\/\/i0.wp.com\/lekahuin.com\/wp-content\/uploads\/2025\/10\/carta-boric_01.webp?resize=350%2C200 1x, https:\/\/i0.wp.com\/lekahuin.com\/wp-content\/uploads\/2025\/10\/carta-boric_01.webp?resize=525%2C300 1.5x, https:\/\/i0.wp.com\/lekahuin.com\/wp-content\/uploads\/2025\/10\/carta-boric_01.webp?resize=700%2C400 2x"},"classes":[]},{"id":16086,"url":"https:\/\/lekahuin.com\/?p=16086","url_meta":{"origin":16122,"position":1},"title":"Chile &#8211; Manuel Cabieses","author":"Le Kahuin","date":"27 f\u00e9vrier 2026","format":false,"excerpt":"MANUEL CABIESES HA PARTIDO Y NOS OBLIGA A SEGUIR SU EJEMPLO\u00a0DE PERIODISTA COMPROMETIDO CON EL PUEBLO Y SUS LUCHAS Acabamos de enterarnos de la partida de Manuel Cabieses Donoso y esto nos entristece profunda y sinceramente.No porque haya sido alguien cercano como puede ser un hermano, un amigo con el\u2026","rel":"","context":"Dans &quot;CHILE&quot;","block_context":{"text":"CHILE","link":"https:\/\/lekahuin.com\/?cat=55294247"},"img":{"alt_text":"","src":"https:\/\/i0.wp.com\/lekahuin.com\/wp-content\/uploads\/2026\/02\/cabieses-02.jpg?resize=350%2C200&ssl=1","width":350,"height":200},"classes":[]},{"id":15087,"url":"https:\/\/lekahuin.com\/?p=15087","url_meta":{"origin":16122,"position":2},"title":"Chile &#8211; Memoria","author":"Le Kahuin","date":"28 novembre 2025","format":false,"excerpt":"HOMENAJE A YVONNE LE GRAND, UNA DE ESOS DIPLOM\u00c1TICOS FRANCESES\u00a0QUE SE JUGARON POR ENTERO PARA SALVAR A V\u00cdCTIMAS DE LA DICTADURA. Un homenaje a Yvonne Le Grand, una de esas personalidades francesas que, en nombre de la solidaridad humana y m\u00e1s all\u00e1 de las fronteras, pusieron en juego sus carreras\u2026","rel":"","context":"Dans &quot;CHILE&quot;","block_context":{"text":"CHILE","link":"https:\/\/lekahuin.com\/?cat=55294247"},"img":{"alt_text":"","src":"https:\/\/i0.wp.com\/lekahuin.com\/wp-content\/uploads\/2025\/11\/Yvonnelegrand350.jpg?resize=350%2C200&ssl=1","width":350,"height":200},"classes":[]},{"id":11823,"url":"https:\/\/lekahuin.com\/?p=11823","url_meta":{"origin":16122,"position":3},"title":"Francia &#8211; Exppchfr &#8211; 25 a\u00f1os","author":"Le Kahuin","date":"20 d\u00e9cembre 2024","format":false,"excerpt":"FELIZ VIG\u00c9SIMO QUINTO ANIVERSARIO A LA ASOCIACI\u00d3N DE EX PRESOS POL\u00cdTICOS DE CHILE EN FRANCIA La Asociaci\u00f3n de ex presos pol\u00edticos chilenos en Francia celebr\u00f3 a mediados del presente mes de diciembre sus 25 a\u00f1os, destac\u00e1ndose como una de las m\u00e1s activas organizaciones de chilenos en el extranjero, en este\u2026","rel":"","context":"Dans &quot;INTERNACIONAL&quot;","block_context":{"text":"INTERNACIONAL","link":"https:\/\/lekahuin.com\/?cat=55294248"},"img":{"alt_text":"","src":"https:\/\/i0.wp.com\/lekahuin.com\/wp-content\/uploads\/2024\/12\/Afiche-Aexppch.jpg?resize=350%2C200&ssl=1","width":350,"height":200},"classes":[]},{"id":6060,"url":"https:\/\/lekahuin.com\/?p=6060","url_meta":{"origin":16122,"position":4},"title":"Chile &#8211; Cabieses","author":"Le Kahuin","date":"24 juillet 2023","format":false,"excerpt":"LOS \u201cVIEJOS\u201d DE LA MONEDA por Manuel Cabieses Causa enorme desaliento la r\u00e1pida conversi\u00f3n de la nueva generaci\u00f3n gobernante que en un santiam\u00e9n hizo suya la corrupci\u00f3n de los antiguos moradores de La Moneda.Aunque la presidencia y los cargos claves est\u00e1n en manos de quienes hasta ayer eran combativos dirigentes\u2026","rel":"","context":"Dans &quot;Non class\u00e9&quot;","block_context":{"text":"Non class\u00e9","link":"https:\/\/lekahuin.com\/?cat=6325"},"img":{"alt_text":"","src":"https:\/\/i0.wp.com\/lekahuin.com\/wp-content\/uploads\/2023\/07\/Cabieses.png?resize=350%2C200&ssl=1","width":350,"height":200,"srcset":"https:\/\/i0.wp.com\/lekahuin.com\/wp-content\/uploads\/2023\/07\/Cabieses.png?resize=350%2C200&ssl=1 1x, https:\/\/i0.wp.com\/lekahuin.com\/wp-content\/uploads\/2023\/07\/Cabieses.png?resize=525%2C300&ssl=1 1.5x"},"classes":[]},{"id":2403,"url":"https:\/\/lekahuin.com\/?p=2403","url_meta":{"origin":16122,"position":5},"title":"Europa","author":"Le Kahuin","date":"24 juillet 2022","format":false,"excerpt":"\u00a1 APRUEBO !\u00a1 LA ESPERANZA LE VA A GANAR AL MIEDO ! Nosotros, ciudadanas y ciudadanos chilenos residentes en Europa, vinculados al mundo de la cultura y de la vida asociativa, votaremos \u201cApruebo\u201d en el plebiscito de salida del intenso proceso de trabajo asumido, a nombre de todos, por la\u2026","rel":"","context":"Dans &quot;Non class\u00e9&quot;","block_context":{"text":"Non class\u00e9","link":"https:\/\/lekahuin.com\/?cat=6325"},"img":{"alt_text":"","src":"","width":0,"height":0},"classes":[]}],"_links":{"self":[{"href":"https:\/\/lekahuin.com\/index.php?rest_route=\/wp\/v2\/posts\/16122","targetHints":{"allow":["GET"]}}],"collection":[{"href":"https:\/\/lekahuin.com\/index.php?rest_route=\/wp\/v2\/posts"}],"about":[{"href":"https:\/\/lekahuin.com\/index.php?rest_route=\/wp\/v2\/types\/post"}],"author":[{"embeddable":true,"href":"https:\/\/lekahuin.com\/index.php?rest_route=\/wp\/v2\/users\/211878710"}],"replies":[{"embeddable":true,"href":"https:\/\/lekahuin.com\/index.php?rest_route=%2Fwp%2Fv2%2Fcomments&post=16122"}],"version-history":[{"count":5,"href":"https:\/\/lekahuin.com\/index.php?rest_route=\/wp\/v2\/posts\/16122\/revisions"}],"predecessor-version":[{"id":16138,"href":"https:\/\/lekahuin.com\/index.php?rest_route=\/wp\/v2\/posts\/16122\/revisions\/16138"}],"wp:attachment":[{"href":"https:\/\/lekahuin.com\/index.php?rest_route=%2Fwp%2Fv2%2Fmedia&parent=16122"}],"wp:term":[{"taxonomy":"category","embeddable":true,"href":"https:\/\/lekahuin.com\/index.php?rest_route=%2Fwp%2Fv2%2Fcategories&post=16122"},{"taxonomy":"post_tag","embeddable":true,"href":"https:\/\/lekahuin.com\/index.php?rest_route=%2Fwp%2Fv2%2Ftags&post=16122"}],"curies":[{"name":"wp","href":"https:\/\/api.w.org\/{rel}","templated":true}]}}