{"id":2254,"date":"2022-06-24T22:00:00","date_gmt":"2022-06-24T20:00:00","guid":{"rendered":"https:\/\/lekahuin.com\/?p=2254"},"modified":"2022-06-24T21:02:41","modified_gmt":"2022-06-24T19:02:41","slug":"francia","status":"publish","type":"post","link":"https:\/\/lekahuin.com\/?p=2254","title":{"rendered":"Francia"},"content":{"rendered":"\n<h2 class=\"has-text-align-center wp-block-heading\"><strong>HOMENAJE A PIERRE Y FRAN\u00c7OISE DE MENTHON, CUYO CORAJE Y HUMANISMO SALVARON A CIENTOS DE PERSEGUIDOS POR PINOCHET<\/strong><\/h2>\n\n\n\n<p class=\"wp-block-paragraph\"><\/p>\n\n\n\n<div class=\"wp-block-jetpack-tiled-gallery aligncenter is-style-rectangular\"><div class=\"tiled-gallery__gallery\"><div class=\"tiled-gallery__row\"><div class=\"tiled-gallery__col\" style=\"flex-basis:59.68559%;\"><figure class=\"tiled-gallery__item\"><img data-recalc-dims=\"1\" decoding=\"async\" data-attachment-id=\"2257\" data-permalink=\"https:\/\/lekahuin.com\/?attachment_id=2257\" data-orig-file=\"https:\/\/i0.wp.com\/lekahuin.com\/wp-content\/uploads\/2022\/06\/pierre-et-francoise-de-menthon.jpg?fit=1600%2C1513&amp;ssl=1\" data-orig-size=\"1600,1513\" data-comments-opened=\"1\" data-image-meta=\"{&quot;aperture&quot;:&quot;0&quot;,&quot;credit&quot;:&quot;&quot;,&quot;camera&quot;:&quot;&quot;,&quot;caption&quot;:&quot;&quot;,&quot;created_timestamp&quot;:&quot;0&quot;,&quot;copyright&quot;:&quot;&quot;,&quot;focal_length&quot;:&quot;0&quot;,&quot;iso&quot;:&quot;0&quot;,&quot;shutter_speed&quot;:&quot;0&quot;,&quot;title&quot;:&quot;&quot;,&quot;orientation&quot;:&quot;0&quot;}\" data-image-title=\"pierre-et-francoise-de-menthon\" data-image-description=\"\" data-image-caption=\"\" data-large-file=\"https:\/\/i0.wp.com\/lekahuin.com\/wp-content\/uploads\/2022\/06\/pierre-et-francoise-de-menthon.jpg?fit=1024%2C968&amp;ssl=1\" data-attachment-id=\"2257\" data-permalink=\"https:\/\/lekahuin.com\/?attachment_id=2257\" data-orig-file=\"https:\/\/i0.wp.com\/lekahuin.com\/wp-content\/uploads\/2022\/06\/pierre-et-francoise-de-menthon.jpg?fit=1600%2C1513&amp;ssl=1\" data-orig-size=\"1600,1513\" data-comments-opened=\"1\" data-image-meta=\"{&quot;aperture&quot;:&quot;0&quot;,&quot;credit&quot;:&quot;&quot;,&quot;camera&quot;:&quot;&quot;,&quot;caption&quot;:&quot;&quot;,&quot;created_timestamp&quot;:&quot;0&quot;,&quot;copyright&quot;:&quot;&quot;,&quot;focal_length&quot;:&quot;0&quot;,&quot;iso&quot;:&quot;0&quot;,&quot;shutter_speed&quot;:&quot;0&quot;,&quot;title&quot;:&quot;&quot;,&quot;orientation&quot;:&quot;0&quot;}\" data-image-title=\"pierre-et-francoise-de-menthon\" data-image-description=\"\" data-image-caption=\"\" data-large-file=\"https:\/\/i0.wp.com\/lekahuin.com\/wp-content\/uploads\/2022\/06\/pierre-et-francoise-de-menthon.jpg?fit=1024%2C968&amp;ssl=1\" role=\"button\" tabindex=\"0\" aria-label=\"Ouvrir l\u2019image 1 sur 2 en plein \u00e9cran\"srcset=\"https:\/\/lekahuin.com\/wp-content\/uploads\/2022\/06\/pierre-et-francoise-de-menthon.jpg?strip=info&#038;w=600 600w,https:\/\/lekahuin.com\/wp-content\/uploads\/2022\/06\/pierre-et-francoise-de-menthon.jpg?strip=info&#038;w=900 900w,https:\/\/lekahuin.com\/wp-content\/uploads\/2022\/06\/pierre-et-francoise-de-menthon.jpg?strip=info&#038;w=1200 1200w,https:\/\/lekahuin.com\/wp-content\/uploads\/2022\/06\/pierre-et-francoise-de-menthon.jpg?strip=info&#038;w=1500 1500w,https:\/\/lekahuin.com\/wp-content\/uploads\/2022\/06\/pierre-et-francoise-de-menthon.jpg?strip=info&#038;w=1600 1600w\" alt=\"\" data-height=\"1513\" data-id=\"2257\" data-link=\"https:\/\/lekahuin.com\/?attachment_id=2257\" data-url=\"https:\/\/lekahuin.com\/wp-content\/uploads\/2022\/06\/pierre-et-francoise-de-menthon.jpg?w=1024\" data-width=\"1600\" src=\"https:\/\/i0.wp.com\/lekahuin.com\/wp-content\/uploads\/2022\/06\/pierre-et-francoise-de-menthon.jpg?ssl=1\" data-amp-layout=\"responsive\" \/><\/figure><\/div><div class=\"tiled-gallery__col\" style=\"flex-basis:40.31441%;\"><figure class=\"tiled-gallery__item\"><img data-recalc-dims=\"1\" decoding=\"async\" data-attachment-id=\"2259\" data-permalink=\"https:\/\/lekahuin.com\/?attachment_id=2259\" data-orig-file=\"https:\/\/i0.wp.com\/lekahuin.com\/wp-content\/uploads\/2022\/06\/carnet-de-f-de-menthon20220621_06325551.jpg?fit=1357%2C1902&amp;ssl=1\" data-orig-size=\"1357,1902\" data-comments-opened=\"1\" data-image-meta=\"{&quot;aperture&quot;:&quot;0&quot;,&quot;credit&quot;:&quot;&quot;,&quot;camera&quot;:&quot;&quot;,&quot;caption&quot;:&quot;&quot;,&quot;created_timestamp&quot;:&quot;0&quot;,&quot;copyright&quot;:&quot;&quot;,&quot;focal_length&quot;:&quot;0&quot;,&quot;iso&quot;:&quot;0&quot;,&quot;shutter_speed&quot;:&quot;0&quot;,&quot;title&quot;:&quot;&quot;,&quot;orientation&quot;:&quot;0&quot;}\" data-image-title=\"carnet-de-f-de-menthon20220621_06325551\" data-image-description=\"\" data-image-caption=\"\" data-large-file=\"https:\/\/i0.wp.com\/lekahuin.com\/wp-content\/uploads\/2022\/06\/carnet-de-f-de-menthon20220621_06325551.jpg?fit=731%2C1024&amp;ssl=1\" data-attachment-id=\"2259\" data-permalink=\"https:\/\/lekahuin.com\/?attachment_id=2259\" data-orig-file=\"https:\/\/i0.wp.com\/lekahuin.com\/wp-content\/uploads\/2022\/06\/carnet-de-f-de-menthon20220621_06325551.jpg?fit=1357%2C1902&amp;ssl=1\" data-orig-size=\"1357,1902\" data-comments-opened=\"1\" data-image-meta=\"{&quot;aperture&quot;:&quot;0&quot;,&quot;credit&quot;:&quot;&quot;,&quot;camera&quot;:&quot;&quot;,&quot;caption&quot;:&quot;&quot;,&quot;created_timestamp&quot;:&quot;0&quot;,&quot;copyright&quot;:&quot;&quot;,&quot;focal_length&quot;:&quot;0&quot;,&quot;iso&quot;:&quot;0&quot;,&quot;shutter_speed&quot;:&quot;0&quot;,&quot;title&quot;:&quot;&quot;,&quot;orientation&quot;:&quot;0&quot;}\" data-image-title=\"carnet-de-f-de-menthon20220621_06325551\" data-image-description=\"\" data-image-caption=\"\" data-large-file=\"https:\/\/i0.wp.com\/lekahuin.com\/wp-content\/uploads\/2022\/06\/carnet-de-f-de-menthon20220621_06325551.jpg?fit=731%2C1024&amp;ssl=1\" role=\"button\" tabindex=\"0\" aria-label=\"Ouvrir l\u2019image 2 sur 2 en plein \u00e9cran\"srcset=\"https:\/\/lekahuin.com\/wp-content\/uploads\/2022\/06\/carnet-de-f-de-menthon20220621_06325551.jpg?strip=info&#038;w=600 600w,https:\/\/lekahuin.com\/wp-content\/uploads\/2022\/06\/carnet-de-f-de-menthon20220621_06325551.jpg?strip=info&#038;w=900 900w,https:\/\/lekahuin.com\/wp-content\/uploads\/2022\/06\/carnet-de-f-de-menthon20220621_06325551.jpg?strip=info&#038;w=1200 1200w,https:\/\/lekahuin.com\/wp-content\/uploads\/2022\/06\/carnet-de-f-de-menthon20220621_06325551.jpg?strip=info&#038;w=1357 1357w\" alt=\"\" data-height=\"1902\" data-id=\"2259\" data-link=\"https:\/\/lekahuin.com\/?attachment_id=2259\" data-url=\"https:\/\/lekahuin.com\/wp-content\/uploads\/2022\/06\/carnet-de-f-de-menthon20220621_06325551.jpg?w=731\" data-width=\"1357\" src=\"https:\/\/i0.wp.com\/lekahuin.com\/wp-content\/uploads\/2022\/06\/carnet-de-f-de-menthon20220621_06325551.jpg?ssl=1\" data-amp-layout=\"responsive\" \/><\/figure><\/div><\/div><\/div><\/div>\n\n\n\n<p class=\"has-text-align-justify wp-block-paragraph\"><strong>El s\u00e1bado 11 de junio tuvo lugar un encuentro franco-chileno en homenaje a Pierre y<\/strong> <strong>Fran\u00e7oise de Menthon. embajadores de Francia en Chile en 1973, durante el golpe de Estado, los que asumieron el riesgo de esconder en la sede diplom\u00e1tica a cientos de chilenos perseguidos, ayud\u00e1ndolos a huir del pa\u00eds.<\/strong><\/p>\n\n\n\n<p class=\"has-text-align-justify wp-block-paragraph\">Fueron momentos de gran emoci\u00f3n los encuentros de varias decenas de chilenos ya mayores, hombres y mujeres, sus hijos y sus nietos, algunos al cabo de casi medio siglo, unidos por el recuerdo y el agradecimiento que en el instante pudo expresarse a la familia de los entonces diplom\u00e1ticos destacados en Santiago de Chile.<\/p>\n\n\n\n<p class=\"has-text-align-justify wp-block-paragraph\">La reuni\u00f3n tuvo lugar en la localidad de Choisey, en la regi\u00f3n centro-oriental de Francia, donde tiene sus or\u00edgenes la familia De Menthon y fue organizada por Thomas Lalire, cineasta que actualmente est\u00e1 realizando un documental que lleva por t\u00edtulo \u201cLa Residencia\u201d.<\/p>\n\n\n\n<p class=\"has-text-align-justify wp-block-paragraph\">El filme est\u00e1 inspirado en el diario escrito por Fran\u00e7oise de Menthon, donde, durante ciento once d\u00edas, relata con tremendo humanismo y humildad, la gran experiencia que fue el encuentro y el conocimiento, en un dram\u00e1tico contexto, de los hombres y&nbsp; mujeres que acogi\u00f3 y protegi\u00f3 en su hogar, antes partir a Francia.<\/p>\n\n\n\n<p class=\"has-text-align-justify wp-block-paragraph\">&nbsp;Las palabras pronunciadas por una integrante de la Asociaci\u00f3n de ex presos pol\u00edticos chilenos en Francia interpret\u00f3 lo que sin duda todos los veteranos protagonistas y testigos de esa historia, sus parientes, sus hijos y nietos, hubiesen querido decir.<\/p>\n\n\n\n<p class=\"has-text-align-justify wp-block-paragraph\">\u201c<strong><em>Los hombres y mujeres como Pierre y Fran\u00e7oise de Menthon son nuestros Justos (\u2026).<\/em><\/strong><\/p>\n\n\n\n<p class=\"has-text-align-justify wp-block-paragraph\"><strong><em>En nombre de los compa\u00f1eros y compa\u00f1eras que fueron recibidos en la embajada, en el comedor transformado en dormitorio, en la biblioteca, en cada rinc\u00f3n de esa residencia que se volvi\u00f3 demasiado peque\u00f1a para albergar a tantas personas; en nombre de aquellos y aquellas que ah\u00ed pasaron la noche utilizando cortinas y manteles para cubrirse cuando las s\u00e1banas ya no alcanzaban; en nombre de aquellos y aquellas cuyos ni\u00f1os estuvieron al cuidado de Fran\u00e7oise de Menthon y jugaron con su hijo; en nombre de aquellos y aquellas que, llenos de angustia, fueron consolados por los embajadores; en nombre de aquellos y aquellas que comieron en torno a su mesa; en nombre de aquellos y aquellas que fueron exfiltrados clandestinamente hacia el aeropuerto, acompa\u00f1ados por el embajador; en nombre de aquellos y aquellas que, estando en prisi\u00f3n o en libertad condicional, lograron partir al exilio gracias a su intervenci\u00f3n; en nombre de nuestro pueblo, de nuestro pueblo entero, les decimos: GRACIAS\u201d.<\/em><\/strong><\/p>\n","protected":false},"excerpt":{"rendered":"<div class=\"mh-excerpt\"><p>HOMENAJE A PIERRE Y FRAN\u00c7OISE DE MENTHON, CUYO CORAJE Y HUMANISMO SALVARON A CIENTOS DE PERSEGUIDOS POR PINOCHET El s\u00e1bado 11 de junio tuvo lugar <a class=\"mh-excerpt-more\" href=\"https:\/\/lekahuin.com\/?p=2254\" title=\"Francia\">[&#8230;]<\/a><\/p>\n<\/div>","protected":false},"author":211878710,"featured_media":0,"comment_status":"open","ping_status":"open","sticky":false,"template":"","format":"standard","meta":{"_coblocks_attr":"","_coblocks_dimensions":"","_coblocks_responsive_height":"","_coblocks_accordion_ie_support":"","_crdt_document":"","advanced_seo_description":"","jetpack_seo_html_title":"","jetpack_seo_noindex":false,"_jetpack_newsletter_access":"","_jetpack_dont_email_post_to_subs":false,"_jetpack_newsletter_tier_id":0,"_jetpack_memberships_contains_paywalled_content":false,"_jetpack_memberships_contains_paid_content":false,"footnotes":"","jetpack_post_was_ever_published":false},"categories":[6325],"tags":[],"class_list":["post-2254","post","type-post","status-publish","format-standard","hentry","category-non-classe"],"jetpack_featured_media_url":"","jetpack_likes_enabled":true,"jetpack_sharing_enabled":true,"jetpack_shortlink":"https:\/\/wp.me\/sdoWOp-francia","jetpack-related-posts":[{"id":15087,"url":"https:\/\/lekahuin.com\/?p=15087","url_meta":{"origin":2254,"position":0},"title":"Chile &#8211; Memoria","author":"Le Kahuin","date":"28 novembre 2025","format":false,"excerpt":"HOMENAJE A YVONNE LE GRAND, UNA DE ESOS DIPLOM\u00c1TICOS FRANCESES\u00a0QUE SE JUGARON POR ENTERO PARA SALVAR A V\u00cdCTIMAS DE LA DICTADURA. Un homenaje a Yvonne Le Grand, una de esas personalidades francesas que, en nombre de la solidaridad humana y m\u00e1s all\u00e1 de las fronteras, pusieron en juego sus carreras\u2026","rel":"","context":"Dans &quot;CHILE&quot;","block_context":{"text":"CHILE","link":"https:\/\/lekahuin.com\/?cat=55294247"},"img":{"alt_text":"","src":"https:\/\/i0.wp.com\/lekahuin.com\/wp-content\/uploads\/2025\/11\/Yvonnelegrand350.jpg?resize=350%2C200&ssl=1","width":350,"height":200},"classes":[]},{"id":12079,"url":"https:\/\/lekahuin.com\/?p=12079","url_meta":{"origin":2254,"position":1},"title":"Francia &#8211; Charlie Hebdo","author":"Le Kahuin","date":"24 janvier 2025","format":false,"excerpt":"HACE DIEZ A\u00d1OS, EN FRANCIA, MATANZA DE CHARLIE HEBDO CULPABLE DE HUMOR, INSOLENCIA Y LIBERTAD DE EXPRESI\u00d3N Hace exactamente diez a\u00f1os, la casi totalidad de los miembros de la redacci\u00f3n del semanario sat\u00edrico franc\u00e9s Charlie Hebdo eran asesinados por dos imb\u00e9ciles dispuestos a vengar al profeta Mahoma, supuestamente ultrajado por\u2026","rel":"","context":"Dans &quot;INTERNACIONAL&quot;","block_context":{"text":"INTERNACIONAL","link":"https:\/\/lekahuin.com\/?cat=55294248"},"img":{"alt_text":"","src":"https:\/\/i0.wp.com\/lekahuin.com\/wp-content\/uploads\/2025\/01\/Charlie-Hebdo-interdit-stade.png?resize=350%2C200","width":350,"height":200},"classes":[]},{"id":7192,"url":"https:\/\/lekahuin.com\/?p=7192","url_meta":{"origin":2254,"position":2},"title":"Internacional &#8211; Conmemoraciones 50 a\u00f1os","author":"Le Kahuin","date":"26 septembre 2023","format":false,"excerpt":"A NIVEL INTERNACIONAL CONMEMORACION DEL 50\u00ba ANIVERSARIO\u00a0FUE SIN POL\u00c9MICA Y CON INMENSO RESPETO Y ENTUSIASMO Conmemoraciones 50 a\u00f1os : Los puntitos son calles, pasajes, avenidas y plazas donde sale el nombre de Salvador Allende en Europa. Si, con uno de esos proverbios que en pocas palabras resumen un hecho complejo,\u2026","rel":"","context":"Dans &quot;INTERNACIONAL&quot;","block_context":{"text":"INTERNACIONAL","link":"https:\/\/lekahuin.com\/?cat=55294248"},"img":{"alt_text":"","src":"https:\/\/i0.wp.com\/lekahuin.com\/wp-content\/uploads\/2023\/09\/internacional-conmemoraciones.jpg?resize=350%2C200&ssl=1","width":350,"height":200,"srcset":"https:\/\/i0.wp.com\/lekahuin.com\/wp-content\/uploads\/2023\/09\/internacional-conmemoraciones.jpg?resize=350%2C200&ssl=1 1x, https:\/\/i0.wp.com\/lekahuin.com\/wp-content\/uploads\/2023\/09\/internacional-conmemoraciones.jpg?resize=525%2C300&ssl=1 1.5x, https:\/\/i0.wp.com\/lekahuin.com\/wp-content\/uploads\/2023\/09\/internacional-conmemoraciones.jpg?resize=700%2C400&ssl=1 2x"},"classes":[]},{"id":6887,"url":"https:\/\/lekahuin.com\/?p=6887","url_meta":{"origin":2254,"position":3},"title":"Francia-Biarritz. Film \u00ab\u00a0El Conde\u00a0\u00bb","author":"Le Kahuin","date":"25 septembre 2023","format":false,"excerpt":"Festival Biarritz Am\u00e9rique LatinePremio del Mejor Escenario en \"La Mostra\" de Venecia. FABULA PRODUCTION-------------------------------------- FILM SURPRISE D\u00c9VOIL\u00c9 : \"El Conde\" en pr\u00e9sence de Pablo Larrain ! Prix du Meilleur Sc\u00e9nario : \"La Mostra\" de VeniseDimanche 24 septembre 14h30 Gare du MidiPablo Larra\u00edn a toujours \u00e9t\u00e9 un r\u00e9alisateur audacieux, provocateur, \u00e0\u2026","rel":"","context":"Dans &quot;Non class\u00e9&quot;","block_context":{"text":"Non class\u00e9","link":"https:\/\/lekahuin.com\/?cat=6325"},"img":{"alt_text":"","src":"https:\/\/i0.wp.com\/lekahuin.com\/wp-content\/uploads\/2023\/09\/Foto-film-El-Conde.jpg?resize=350%2C200&ssl=1","width":350,"height":200},"classes":[]},{"id":6875,"url":"https:\/\/lekahuin.com\/?p=6875","url_meta":{"origin":2254,"position":4},"title":"Chile &#8211; Personalidades de hoy","author":"Le Kahuin","date":"25 septembre 2023","format":false,"excerpt":"UN TORTURADOR Y ASESINO, UN ASESINO, UN MAT\u00d3N Y UN POTENCIAL HOMICIDA, RINDEN HOMENAJES A PINOCHET. Cristi\u00e1n Labb\u00e9, ex agente de la Dina y ex alcalde de Providencia Personajes, elegidos sin duda por identificarse con Pinochet en sus acciones y caracter\u00edsticas, a saber un torturador y asesino, un asesino, un\u2026","rel":"","context":"Dans &quot;Non class\u00e9&quot;","block_context":{"text":"Non class\u00e9","link":"https:\/\/lekahuin.com\/?cat=6325"},"img":{"alt_text":"","src":"https:\/\/i0.wp.com\/lekahuin.com\/wp-content\/uploads\/2023\/09\/labbe.jpg?resize=350%2C200&ssl=1","width":350,"height":200},"classes":[]},{"id":6928,"url":"https:\/\/lekahuin.com\/?p=6928","url_meta":{"origin":2254,"position":5},"title":"Cultura \u00ab\u00a0Siete horas en manos de la Dina\u00a0\u00bb, publicaci\u00f3n en Chile","author":"Le Kahuin","date":"25 septembre 2023","format":false,"excerpt":"EL RELATO INCRE\u00cdBLE DE UNO DE LOS ESCASOS DETENIDOS\u00a0QUE CONSIGUI\u00d3 BURLAR Y ESCAPAR DE LA DINA Uno de nuestros colaboradores, Sergio Zamora Torres, ten\u00eda 24 a\u00f1os cuando fue detenido en Santiago, en las inmediaciones de la Estaci\u00f3n Central por la polic\u00eda secreta de Pinochet, la DINA, en los momentos en\u2026","rel":"","context":"Dans &quot;Non class\u00e9&quot;","block_context":{"text":"Non class\u00e9","link":"https:\/\/lekahuin.com\/?cat=6325"},"img":{"alt_text":"","src":"https:\/\/i0.wp.com\/lekahuin.com\/wp-content\/uploads\/2023\/09\/PortadaSietehoras_1024x1024-1.webp?resize=350%2C200&ssl=1","width":350,"height":200,"srcset":"https:\/\/i0.wp.com\/lekahuin.com\/wp-content\/uploads\/2023\/09\/PortadaSietehoras_1024x1024-1.webp?resize=350%2C200&ssl=1 1x, https:\/\/i0.wp.com\/lekahuin.com\/wp-content\/uploads\/2023\/09\/PortadaSietehoras_1024x1024-1.webp?resize=525%2C300&ssl=1 1.5x"},"classes":[]}],"_links":{"self":[{"href":"https:\/\/lekahuin.com\/index.php?rest_route=\/wp\/v2\/posts\/2254","targetHints":{"allow":["GET"]}}],"collection":[{"href":"https:\/\/lekahuin.com\/index.php?rest_route=\/wp\/v2\/posts"}],"about":[{"href":"https:\/\/lekahuin.com\/index.php?rest_route=\/wp\/v2\/types\/post"}],"author":[{"embeddable":true,"href":"https:\/\/lekahuin.com\/index.php?rest_route=\/wp\/v2\/users\/211878710"}],"replies":[{"embeddable":true,"href":"https:\/\/lekahuin.com\/index.php?rest_route=%2Fwp%2Fv2%2Fcomments&post=2254"}],"version-history":[{"count":7,"href":"https:\/\/lekahuin.com\/index.php?rest_route=\/wp\/v2\/posts\/2254\/revisions"}],"predecessor-version":[{"id":2263,"href":"https:\/\/lekahuin.com\/index.php?rest_route=\/wp\/v2\/posts\/2254\/revisions\/2263"}],"wp:attachment":[{"href":"https:\/\/lekahuin.com\/index.php?rest_route=%2Fwp%2Fv2%2Fmedia&parent=2254"}],"wp:term":[{"taxonomy":"category","embeddable":true,"href":"https:\/\/lekahuin.com\/index.php?rest_route=%2Fwp%2Fv2%2Fcategories&post=2254"},{"taxonomy":"post_tag","embeddable":true,"href":"https:\/\/lekahuin.com\/index.php?rest_route=%2Fwp%2Fv2%2Ftags&post=2254"}],"curies":[{"name":"wp","href":"https:\/\/api.w.org\/{rel}","templated":true}]}}