{"id":2287,"date":"2022-06-24T22:00:00","date_gmt":"2022-06-24T20:00:00","guid":{"rendered":"https:\/\/lekahuin.com\/?p=2287"},"modified":"2022-06-24T23:57:18","modified_gmt":"2022-06-24T21:57:18","slug":"chile-14","status":"publish","type":"post","link":"https:\/\/lekahuin.com\/?p=2287","title":{"rendered":"Chile"},"content":{"rendered":"\n<p class=\"wp-block-paragraph\"><\/p>\n\n\n\n<p class=\"has-text-align-center has-large-font-size wp-block-paragraph\"><strong>ANUNCIADO CIERRE DE PLANTA VENTANAS DE CODELCO PROVOCA POL\u00c9MICAS Y DESDE YA, PAROS LABORALES<\/strong><\/p>\n\n\n<div class=\"wp-block-image\">\n<figure class=\"aligncenter size-large\"><img data-recalc-dims=\"1\" fetchpriority=\"high\" decoding=\"async\" width=\"720\" height=\"405\" data-attachment-id=\"2311\" data-permalink=\"https:\/\/lekahuin.com\/?attachment_id=2311\" data-orig-file=\"https:\/\/i0.wp.com\/lekahuin.com\/wp-content\/uploads\/2022\/06\/huelga-ventanas.jpg?fit=720%2C405&amp;ssl=1\" data-orig-size=\"720,405\" data-comments-opened=\"1\" data-image-meta=\"{&quot;aperture&quot;:&quot;0&quot;,&quot;credit&quot;:&quot;&quot;,&quot;camera&quot;:&quot;&quot;,&quot;caption&quot;:&quot;&quot;,&quot;created_timestamp&quot;:&quot;0&quot;,&quot;copyright&quot;:&quot;&quot;,&quot;focal_length&quot;:&quot;0&quot;,&quot;iso&quot;:&quot;0&quot;,&quot;shutter_speed&quot;:&quot;0&quot;,&quot;title&quot;:&quot;&quot;,&quot;orientation&quot;:&quot;0&quot;}\" data-image-title=\"huelga-ventanas\" data-image-description=\"\" data-image-caption=\"\" data-large-file=\"https:\/\/i0.wp.com\/lekahuin.com\/wp-content\/uploads\/2022\/06\/huelga-ventanas.jpg?fit=720%2C405&amp;ssl=1\" src=\"https:\/\/i0.wp.com\/lekahuin.com\/wp-content\/uploads\/2022\/06\/huelga-ventanas.jpg?resize=720%2C405&#038;ssl=1\" alt=\"\" class=\"wp-image-2311\" \/><\/figure>\n<\/div>\n\n\n<p class=\"has-text-align-center has-small-font-size wp-block-paragraph\"><strong>La huelga convocada por la Federaci\u00f3n de Trabajadores del Cobre (FTC) termin\u00f3 el 24 de junio. Ella comprend\u00eda a 14.000 trabajadores de planta permanente e incluy\u00f3 a 40.000 subcontratados. Hab\u00eda comenzado el mi\u00e9rcoles 22 de junio.<\/strong><\/p>\n\n\n\n<p class=\"has-text-align-justify wp-block-paragraph\">Despu\u00e9s de varias d\u00e9cadas, en que las comunidades de Quintero y Puchuncav\u00ed han estado sometidas a una continua contaminaci\u00f3n ambiental, con episodios de grave peligro para la salud de la poblaci\u00f3n, sobre todo infantil, el presidente Gabriel Boric anunci\u00f3 el cierre de la planta de refinado de cobre de Codelco en la localidad de Ventanas.<\/p>\n\n\n\n<p class=\"has-text-align-justify wp-block-paragraph\">Entre el 2 y el 17 de junio pasado 352 personas, de la cuales 68 escolares, hab\u00edan resultado intoxicados por emanaciones provenientes del polo industrial donde se encuentra la planta de refinado de cobre de la estatal Codelco, \u00faltimo episodio de una serie que comenz\u00f3 hace m\u00e1s de cuarenta a\u00f1os.<\/p>\n\n\n\n<p class=\"has-text-align-justify wp-block-paragraph\">Al anunciar la medida, el mandatario, rodeado de las ministras de Miner\u00eda, Marcela Hernando y de Medio Ambiente, Maisa Rojas, puso \u00e9nfasis en se\u00f1alar que su gobierno no quiere m\u00e1s zonas de sacrificio, al tiempo de asegurar la continuidad laboral de los trabajadores en condiciones similares a las que tienen en la actualidad.<\/p>\n\n\n\n<p class=\"has-text-align-justify wp-block-paragraph\">Evidentemente y a primera vista, la medida apareci\u00f3 como la soluci\u00f3n ideal y definitiva frente al grave problema de una de las llamadas zonas de sacrificio.<\/p>\n\n\n\n<p class=\"has-text-align-justify wp-block-paragraph\">No obstante, la decisi\u00f3n del gobierno gener\u00f3 una aguda pol\u00e9mica y desde ya, el inicio de un conflicto social y laboral, el primero desde hace once a\u00f1os y que podr\u00eda resultar prolongado.<\/p>\n\n\n\n<p class=\"has-text-align-justify wp-block-paragraph\">Diversas organizaciones de defensa del medio ambiente y de los derechos humanos, as\u00ed como de pobladores de las zonas afectadas por las emanaciones de gases t\u00f3xicos provenientes del polo industrial de Ventanas, saludaron y respaldaron la medida.<\/p>\n\n\n\n<p class=\"has-text-align-justify wp-block-paragraph\">El Observatorio Latinoamericano de conflictos ambientales (OLCA) salud\u00f3 la decisi\u00f3n del gobierno y consider\u00f3 que es una primera etapa para terminar con una zona de sacrificio, sin dejar de recordar que esto es tambi\u00e9n el resultado de funcionamiento de empresas privadas tanto o m\u00e1s contaminantes que la planta de Codelco.<\/p>\n\n\n\n<p class=\"wp-block-paragraph\">En este mismo sentido se manifest\u00f3 la organizaci\u00f3n Greenpeace Chile.<\/p>\n\n\n\n<p class=\"has-text-align-justify wp-block-paragraph\">\u201cEsperamos sea el comienzo del fin de una de las peores fuentes de contaminaci\u00f3n de nuestra historia\u201d, declar\u00f3&nbsp;<strong>Mat\u00edas Asun, director nacional de Greenpeace.<\/strong><\/p>\n\n\n\n<p class=\"has-text-align-justify wp-block-paragraph\">Por su parte, uno de los sectores doblemente afectados por la contaminaci\u00f3n que produce el polo industrial de Ventanas, es el de los pescadores artesanales, expres\u00f3 su acuerdo con la medida, pero igualmente, por voz de sus dirigentes, se pronunci\u00f3 por ir mucho m\u00e1s all\u00e1, para culminar en el desmantelamiento paulatino de todo el cord\u00f3n industrial.<\/p>\n\n\n\n<p class=\"has-text-align-justify wp-block-paragraph\">Adem\u00e1s de las consecuencias provocadas por la contaminaci\u00f3n del aire, los pescadores, que en general son habitantes del sector, han sido v\u00edctimas de los constantes derrames hacia el mar de substancias altamente t\u00f3xicas, que afectan gravemente la fauna mar\u00edtima cuya explotaci\u00f3n es la base del sustento de estos trabajadores.<\/p>\n\n\n\n<p class=\"has-text-align-justify wp-block-paragraph\">No obstante, en paralelo a la aceptaci\u00f3n de la medida sobre la base de criterios de defensa del medio ambiente, tambi\u00e9n se han generado airadas cr\u00edticas que culminaron con un paro de actividades convocado por la poderosa Confederaci\u00f3n de trabajadores del Cobre (CTC).<\/p>\n\n\n\n<p class=\"has-text-align-justify wp-block-paragraph\">Las razones invocadas por la federaci\u00f3n sindical apuntan al hecho que, seg\u00fan dicen, la decisi\u00f3n del gobierno se habr\u00eda tomado a nivel s\u00f3lo de las autoridades y de la direcci\u00f3n de la estatal empresa Codelco, sin participaci\u00f3n de los sindicatos ni consulta a los trabajadores.<\/p>\n\n\n\n<p class=\"has-text-align-justify wp-block-paragraph\">Del mismo modo, criticaron el que no hay claridad en las soluciones ofrecidas a los trabajadores en lo que se refiere a los llamados \u201ccontratistas\u201d, que laboran a menudo en precarias condiciones sociales, laborales y de seguridad y que, por el hecho de estar vinculados s\u00f3lo temporalmente a la empresa, podr\u00edan no ser considerados dentro de las garant\u00edas que promete el gobierno.<\/p>\n\n\n\n<p class=\"has-text-align-justify wp-block-paragraph\">&nbsp;Representantes sindicales estimaron tambi\u00e9n que las razones ambientales aludidas para cerrar la planta Ventanas no son m\u00e1s que un pretexto, en un contexto donde existen al menos 16 otras industrias privadas, tanto o m\u00e1s contaminantes y seg\u00fan ellos, evidentemente responsables del \u00faltimo episodio de contaminaci\u00f3n en momentos en que la planta de Codelco no estaba en funcionamiento. <\/p>\n\n\n\n<p class=\"has-text-align-justify wp-block-paragraph\">Es tambi\u00e9n argumento de las organizaciones el hecho que exist\u00eda soluciones alternativas al cierre, cual es la inversi\u00f3n de 54 millones de d\u00f3lares en tecnolog\u00eda para la eliminaci\u00f3n de los gases t\u00f3xicos, proyecto que ya estar\u00eda validado y en manos de Codelco.<\/p>\n\n\n\n<p class=\"has-text-align-justify wp-block-paragraph\">Dentro de este conjunto de cuestionamiento a la medida anunciada por el gobierno, circula una que se refiere a los intereses financieros extranjeros que estar\u00edan escondidos detr\u00e1s del cierre de la planta y a un eventual cese en Chile del proceso de refinado del concentrado de cobre.<\/p>\n\n\n\n<p class=\"has-text-align-justify wp-block-paragraph\">Este concentrado, que sale del pa\u00eds sin refinar y en la pr\u00e1ctica, sin ning\u00fan control ni fiscalizaci\u00f3n de autoridad chilena alguna, contiene un importante porcentaje de lo que se llama \u201cimpurezas\u201d.<\/p>\n\n\n\n<p class=\"has-text-align-justify wp-block-paragraph\">En los hechos, estas \u201cimpurezas\u201d valdr\u00edan mucho m\u00e1s que el cobre mismo, pues est\u00e1n compuestas por metales de valor intr\u00ednseco, tales como el oro, plata, molibdeno, n\u00edquel y otros como el paladio, selenio, teluro, renio o rodio, de las que beneficiar\u00edan las grandes empresas mineras extranjeras que explotan este mineral en Chile <\/p>\n\n\n\n<p class=\"has-text-align-justify wp-block-paragraph\">La decisi\u00f3n de la CTC de un paro nacional ha generado nueva pol\u00e9mica entre los que sostienen la posici\u00f3n de que ser\u00eda una leg\u00edtima respuesta de un sector de la clase obrera y los que la critican, que estiman es la posici\u00f3n de lo que llaman la \u201caristocracia obrera\u201d, en defensa de intereses ego\u00edstas que no tienen en cuenta la salud ambiental.<\/p>\n\n\n\n<p class=\"has-text-align-justify wp-block-paragraph\">En este contexto, las duras palabras del secretario general de la Federaci\u00f3n de trabajadores del Cobre, H\u00e9ctor Milla, el que se refiri\u00f3 al presidente Boric con calificativos como <em>\u201chue\u00f3n\u201d<\/em> (sic) y <em>\u201cpoco hombre\u201d<\/em> hicieron subir la tensi\u00f3n en el duelo verbal de los que sostiene una u otra posici\u00f3n. En este sentido, diversos comentarios circularon a trav\u00e9s de las redes sociales, en los que se compara la posici\u00f3n de los actuales dirigentes del cobre con aquella de sus antecesores, que en 1973 organizaron el paro que, entre otras maniobras, actu\u00f3 en la desestabilizaci\u00f3n del gobierno de Salvador Allende, que habr\u00eda de culminar en el golpe de Estado y la dictadura de Augusto Pinochet.<\/p>\n","protected":false},"excerpt":{"rendered":"<div class=\"mh-excerpt\"><p>ANUNCIADO CIERRE DE PLANTA VENTANAS DE CODELCO PROVOCA POL\u00c9MICAS Y DESDE YA, PAROS LABORALES La huelga convocada por la Federaci\u00f3n de Trabajadores del Cobre (FTC) <a class=\"mh-excerpt-more\" href=\"https:\/\/lekahuin.com\/?p=2287\" title=\"Chile\">[&#8230;]<\/a><\/p>\n<\/div>","protected":false},"author":211878710,"featured_media":0,"comment_status":"open","ping_status":"open","sticky":false,"template":"","format":"standard","meta":{"_coblocks_attr":"","_coblocks_dimensions":"","_coblocks_responsive_height":"","_coblocks_accordion_ie_support":"","_crdt_document":"","advanced_seo_description":"","jetpack_seo_html_title":"","jetpack_seo_noindex":false,"_jetpack_newsletter_access":"","_jetpack_dont_email_post_to_subs":false,"_jetpack_newsletter_tier_id":0,"_jetpack_memberships_contains_paywalled_content":false,"_jetpack_memberships_contains_paid_content":false,"footnotes":"","jetpack_post_was_ever_published":false},"categories":[6325],"tags":[],"class_list":["post-2287","post","type-post","status-publish","format-standard","hentry","category-non-classe"],"jetpack_featured_media_url":"","jetpack_likes_enabled":true,"jetpack_sharing_enabled":true,"jetpack_shortlink":"https:\/\/wp.me\/pdoWOp-AT","jetpack-related-posts":[{"id":14780,"url":"https:\/\/lekahuin.com\/?p=14780","url_meta":{"origin":2287,"position":0},"title":"Internacional &#8211; USA &#8211; Manifestaciones","author":"Le Kahuin","date":"28 octobre 2025","format":false,"excerpt":"MILLONES DE ESTADOUNIDENSES MANIFIESTAN CONTRA GOBIERNO DE TRUMP Y CONTRA EL SISTEMA En lo que para muchos podr\u00eda aparecer como una paradoja, el 18 de octubre, millones de personas salieron a las calles en todo Estados Unidos en torno a la consigna de \u201cNo kings\u201d (No a los reyes), en\u2026","rel":"","context":"Dans &quot;INTERNACIONAL&quot;","block_context":{"text":"INTERNACIONAL","link":"https:\/\/lekahuin.com\/?cat=55294248"},"img":{"alt_text":"","src":"https:\/\/i0.wp.com\/lekahuin.com\/wp-content\/uploads\/2025\/10\/manif-usa-74412136_1004.webp?resize=350%2C200&ssl=1","width":350,"height":200,"srcset":"https:\/\/i0.wp.com\/lekahuin.com\/wp-content\/uploads\/2025\/10\/manif-usa-74412136_1004.webp?resize=350%2C200&ssl=1 1x, https:\/\/i0.wp.com\/lekahuin.com\/wp-content\/uploads\/2025\/10\/manif-usa-74412136_1004.webp?resize=525%2C300&ssl=1 1.5x, https:\/\/i0.wp.com\/lekahuin.com\/wp-content\/uploads\/2025\/10\/manif-usa-74412136_1004.webp?resize=700%2C400&ssl=1 2x, https:\/\/i0.wp.com\/lekahuin.com\/wp-content\/uploads\/2025\/10\/manif-usa-74412136_1004.webp?resize=1050%2C600&ssl=1 3x"},"classes":[]},{"id":15821,"url":"https:\/\/lekahuin.com\/?p=15821","url_meta":{"origin":2287,"position":1},"title":"Chile &#8211; Modelo &#8211; Ecolog\u00eda","author":"Le Kahuin","date":"29 janvier 2026","format":false,"excerpt":"CHILE: SEGUNDO PRODUCTOR MUNDIAL DE SALM\u00d3N AL PRECIO\u00a0DE LA DESTRUCCI\u00d3N DE LA NATURALEZA Y DE LAS PERSONAS Si hablamos del sistema capitalista neoliberal que denunciamos, para definir el modelo que impuso la dictadura militar y que todos los gobiernos sucesivos han mantenido con tanto cari\u00f1o, es muy posible que muchos\u2026","rel":"","context":"Dans &quot;CHILE&quot;","block_context":{"text":"CHILE","link":"https:\/\/lekahuin.com\/?cat=55294247"},"img":{"alt_text":"","src":"https:\/\/i0.wp.com\/lekahuin.com\/wp-content\/uploads\/2026\/01\/salmon-chile.jpeg?resize=350%2C200&ssl=1","width":350,"height":200,"srcset":"https:\/\/i0.wp.com\/lekahuin.com\/wp-content\/uploads\/2026\/01\/salmon-chile.jpeg?resize=350%2C200&ssl=1 1x, https:\/\/i0.wp.com\/lekahuin.com\/wp-content\/uploads\/2026\/01\/salmon-chile.jpeg?resize=525%2C300&ssl=1 1.5x, https:\/\/i0.wp.com\/lekahuin.com\/wp-content\/uploads\/2026\/01\/salmon-chile.jpeg?resize=700%2C400&ssl=1 2x"},"classes":[]},{"id":8085,"url":"https:\/\/lekahuin.com\/?p=8085","url_meta":{"origin":2287,"position":2},"title":"Chile &#8211; INDH en huelga","author":"Le Kahuin","date":"22 d\u00e9cembre 2023","format":false,"excerpt":"TRABAJADORES DEL INSTITUTO NACIONAL DE DDHH EN LUCHA PARA QUE SE RESPETEN \u2026 \u00a0SUS DDHH Un poco de historia:En el marco de los cincuenta a\u00f1os del golpe de Estado, despu\u00e9s de haberse mostrado no muy entusiasmado por conmemorar la fecha, nuestro bienamado, joven y amarillo mandatario marc\u00f3 los esp\u00edritus en\u2026","rel":"","context":"Dans &quot;CHILE&quot;","block_context":{"text":"CHILE","link":"https:\/\/lekahuin.com\/?cat=55294247"},"img":{"alt_text":"","src":"https:\/\/i0.wp.com\/lekahuin.com\/wp-content\/uploads\/2023\/12\/INDH-despidos.png?resize=350%2C200&ssl=1","width":350,"height":200},"classes":[]},{"id":9505,"url":"https:\/\/lekahuin.com\/?p=9505","url_meta":{"origin":2287,"position":3},"title":"Chile &#8211; Paro de portuarios","author":"Le Kahuin","date":"22 avril 2024","format":false,"excerpt":"PORTUARIOS PARALIZAN EN VALPARA\u00cdSO Y SAN ANTONIO EXIGIENDO MEJORAS EN LAS CONDICIONES DE TRABAJO Barricadas en el puerto El jueves 05 de abril de 2024 los trabajadores portuarios realizaron un paro de actividades exigiendo mejores condiciones laborales, la concretizaci\u00f3n de medidas de seguridad, la implementaci\u00f3n de normas de justicia laboral\u2026","rel":"","context":"Dans &quot;CHILE&quot;","block_context":{"text":"CHILE","link":"https:\/\/lekahuin.com\/?cat=55294247"},"img":{"alt_text":"","src":"https:\/\/i0.wp.com\/lekahuin.com\/wp-content\/uploads\/2024\/04\/paro-portuario-050424.png?resize=350%2C200&ssl=1","width":350,"height":200,"srcset":"https:\/\/i0.wp.com\/lekahuin.com\/wp-content\/uploads\/2024\/04\/paro-portuario-050424.png?resize=350%2C200&ssl=1 1x, https:\/\/i0.wp.com\/lekahuin.com\/wp-content\/uploads\/2024\/04\/paro-portuario-050424.png?resize=525%2C300&ssl=1 1.5x, https:\/\/i0.wp.com\/lekahuin.com\/wp-content\/uploads\/2024\/04\/paro-portuario-050424.png?resize=700%2C400&ssl=1 2x"},"classes":[]},{"id":12763,"url":"https:\/\/lekahuin.com\/?p=12763","url_meta":{"origin":2287,"position":4},"title":"Chile &#8211; Reforma de las pensiones","author":"Le Kahuin","date":"24 mars 2025","format":false,"excerpt":"COMO SI FUESE LA \u201cNOVEDAD DEL A\u00d1O\u201d, GOBIERNO TRATA DE VENDER LA REFORMA DE PENSIONES, PERO LE VA MAL... Promulgaci\u00f3n de la reforma de pensiones A pesar de una campa\u00f1a publicitaria, como si se tratara de vender la \u201cnovedad del a\u00f1o\u201d o promover un chicle, la que culmin\u00f3 con una\u2026","rel":"","context":"Dans &quot;CHILE&quot;","block_context":{"text":"CHILE","link":"https:\/\/lekahuin.com\/?cat=55294247"},"img":{"alt_text":"","src":"https:\/\/i0.wp.com\/lekahuin.com\/wp-content\/uploads\/2025\/03\/fiesta-reforma-pensiones.png?resize=350%2C200&ssl=1","width":350,"height":200,"srcset":"https:\/\/i0.wp.com\/lekahuin.com\/wp-content\/uploads\/2025\/03\/fiesta-reforma-pensiones.png?resize=350%2C200&ssl=1 1x, https:\/\/i0.wp.com\/lekahuin.com\/wp-content\/uploads\/2025\/03\/fiesta-reforma-pensiones.png?resize=525%2C300&ssl=1 1.5x, https:\/\/i0.wp.com\/lekahuin.com\/wp-content\/uploads\/2025\/03\/fiesta-reforma-pensiones.png?resize=700%2C400&ssl=1 2x"},"classes":[]},{"id":13611,"url":"https:\/\/lekahuin.com\/?p=13611","url_meta":{"origin":2287,"position":5},"title":"Argentina &#8211; Cristina Kirchner","author":"Le Kahuin","date":"26 juin 2025","format":false,"excerpt":"CONDENA CONTRA CRISTINA FERNANDEZ DE KIRCHNER: FALLO JUDICIAL CON CLAROS FINES POL\u00cdTICOS El 10 de junio pasado, la Corte Suprema de Justicia de Argentina confirm\u00f3 la condena a seis a\u00f1os de prisi\u00f3n e inhabilitaci\u00f3n perpetua para ejercer cargos p\u00fablicos en contra de la expresidenta y actual senadora Cristina Fern\u00e1ndez de\u2026","rel":"","context":"Dans &quot;INTERNACIONAL&quot;","block_context":{"text":"INTERNACIONAL","link":"https:\/\/lekahuin.com\/?cat=55294248"},"img":{"alt_text":"","src":"https:\/\/i0.wp.com\/lekahuin.com\/wp-content\/uploads\/2025\/06\/cristina-kirchner.webp?resize=350%2C200&ssl=1","width":350,"height":200,"srcset":"https:\/\/i0.wp.com\/lekahuin.com\/wp-content\/uploads\/2025\/06\/cristina-kirchner.webp?resize=350%2C200&ssl=1 1x, https:\/\/i0.wp.com\/lekahuin.com\/wp-content\/uploads\/2025\/06\/cristina-kirchner.webp?resize=525%2C300&ssl=1 1.5x, https:\/\/i0.wp.com\/lekahuin.com\/wp-content\/uploads\/2025\/06\/cristina-kirchner.webp?resize=700%2C400&ssl=1 2x"},"classes":[]}],"_links":{"self":[{"href":"https:\/\/lekahuin.com\/index.php?rest_route=\/wp\/v2\/posts\/2287","targetHints":{"allow":["GET"]}}],"collection":[{"href":"https:\/\/lekahuin.com\/index.php?rest_route=\/wp\/v2\/posts"}],"about":[{"href":"https:\/\/lekahuin.com\/index.php?rest_route=\/wp\/v2\/types\/post"}],"author":[{"embeddable":true,"href":"https:\/\/lekahuin.com\/index.php?rest_route=\/wp\/v2\/users\/211878710"}],"replies":[{"embeddable":true,"href":"https:\/\/lekahuin.com\/index.php?rest_route=%2Fwp%2Fv2%2Fcomments&post=2287"}],"version-history":[{"count":10,"href":"https:\/\/lekahuin.com\/index.php?rest_route=\/wp\/v2\/posts\/2287\/revisions"}],"predecessor-version":[{"id":2321,"href":"https:\/\/lekahuin.com\/index.php?rest_route=\/wp\/v2\/posts\/2287\/revisions\/2321"}],"wp:attachment":[{"href":"https:\/\/lekahuin.com\/index.php?rest_route=%2Fwp%2Fv2%2Fmedia&parent=2287"}],"wp:term":[{"taxonomy":"category","embeddable":true,"href":"https:\/\/lekahuin.com\/index.php?rest_route=%2Fwp%2Fv2%2Fcategories&post=2287"},{"taxonomy":"post_tag","embeddable":true,"href":"https:\/\/lekahuin.com\/index.php?rest_route=%2Fwp%2Fv2%2Ftags&post=2287"}],"curies":[{"name":"wp","href":"https:\/\/api.w.org\/{rel}","templated":true}]}}