{"id":2353,"date":"2022-06-27T12:44:03","date_gmt":"2022-06-27T10:44:03","guid":{"rendered":"https:\/\/lekahuin.com\/?p=2353"},"modified":"2022-06-27T12:44:03","modified_gmt":"2022-06-27T10:44:03","slug":"chile-16","status":"publish","type":"post","link":"https:\/\/lekahuin.com\/?p=2353","title":{"rendered":"Chile"},"content":{"rendered":"\n<h2 class=\"has-text-align-center has-large-font-size wp-block-heading\"><strong>PRESOS POLITICOS : REPETICION DE ESCENARIO. LA HISTORIA VUELVE A REPETIRSE<\/strong> &#8230;<\/h2>\n\n\n\n<p class=\"wp-block-paragraph\"><\/p>\n\n\n<div class=\"wp-block-image\">\n<figure class=\"aligncenter size-large is-resized\"><img data-recalc-dims=\"1\" fetchpriority=\"high\" decoding=\"async\" data-attachment-id=\"2358\" data-permalink=\"https:\/\/lekahuin.com\/?attachment_id=2358\" data-orig-file=\"https:\/\/i0.wp.com\/lekahuin.com\/wp-content\/uploads\/2022\/06\/manif.jpg?fit=4000%2C2667&amp;ssl=1\" data-orig-size=\"4000,2667\" data-comments-opened=\"1\" data-image-meta=\"{&quot;aperture&quot;:&quot;7.1&quot;,&quot;credit&quot;:&quot;MARCELO HERNANDEZ\/ATONCHILE&quot;,&quot;camera&quot;:&quot;Canon EOS 5D Mark III&quot;,&quot;caption&quot;:&quot;Santiago, 20 enero 2022.\\rManifestaci\\u00f3n por los presos del estallido social en el comando del presidente electo. \\rMarcelo Hernandez\/Aton Chile&quot;,&quot;created_timestamp&quot;:&quot;1642721560&quot;,&quot;copyright&quot;:&quot;MARCELO HERNANDEZ\/ATONCHILE&quot;,&quot;focal_length&quot;:&quot;24&quot;,&quot;iso&quot;:&quot;320&quot;,&quot;shutter_speed&quot;:&quot;0.002&quot;,&quot;title&quot;:&quot;Manifestaci\\u00f3n por los presos del estallido&quot;,&quot;orientation&quot;:&quot;1&quot;}\" data-image-title=\"Manifestaci\u00f3n por los presos del estallido\" data-image-description=\"\" data-image-caption=\"&lt;p&gt;Santiago, 20 enero 2022.&lt;br \/&gt;\nManifestaci\u00f3n por los presos del estallido social en el comando del presidente electo.&lt;br \/&gt;\nMarcelo Hernandez\/Aton Chile&lt;\/p&gt;\n\" data-large-file=\"https:\/\/i0.wp.com\/lekahuin.com\/wp-content\/uploads\/2022\/06\/manif.jpg?fit=1024%2C683&amp;ssl=1\" src=\"https:\/\/i0.wp.com\/lekahuin.com\/wp-content\/uploads\/2022\/06\/manif.jpg?resize=534%2C355&#038;ssl=1\" alt=\"\" class=\"wp-image-2358\" width=\"534\" height=\"355\" \/><\/figure>\n<\/div>\n\n\n<p class=\"has-text-align-justify wp-block-paragraph\" style=\"font-size:15px;\"><strong>Manifestaci\u00f3n por la libertad de los Presos Pol\u00edticos en 2022. Ya, en octubre de 2020, diputados de Convergencia Social (CS) hab\u00edan presentado un proyecto para indultar a quienes fueron arrestados durante la Revuelta Social. La propuesta hab\u00eda sido presentada por los parlamentarios Gabriel Boric, Gonzalo Winter, Gael Yeomans y Diego Ib\u00e1\u00f1ez.<\/strong><\/p>\n\n\n\n<hr class=\"wp-block-separator has-text-color has-alpha-channel-opacity has-background is-style-wide\" style=\"background-color:#094b77;color:#094b77;\" \/>\n\n\n\n<p class=\"has-text-align-justify wp-block-paragraph\">Un proyecto de indulto general, una de las soluciones pol\u00edticas propuesta e implementada por parlamentarios a fines de 2020, para resolver el problema de los presos pol\u00edticos en Chile, no ha fructificado.<\/p>\n\n\n\n<p class=\"has-text-align-justify wp-block-paragraph\">Una de las organizaciones de Familiares de los Presos Pol\u00edticos, la <strong>Asamblea de Nacional de Familiares de Presos Pol\u00edticos de la Revuelta<\/strong>, a trav\u00e9s de un comunicado emitido el viernes 24 de junio \u00faltimo, hace una triste constataci\u00f3n, sobre la repetici\u00f3n, del mismo escenario del periodo gubernamental anterior, pues actualmente, la tramitaci\u00f3n del \u00ab\u00a0proyecto de amnist\u00eda\u00a0\u00bb, no cuenta con los votos necesarios para su aprobaci\u00f3n en la Comisi\u00f3n de Constituci\u00f3n del Senado, permaneciendo estancado una vez m\u00e1s, en esa instancia.<\/p>\n\n\n\n<p class=\"has-text-align-justify wp-block-paragraph\">Debido a esta situaci\u00f3n, la Asamblea tom\u00f3 la decisi\u00f3n de volver a las calles&nbsp; para ejercer presi\u00f3n a las autoridades del Estado, con el fin de lograr la definitiva libertad de los Presos Pol\u00edticos.<\/p>\n\n\n\n<p class=\"has-text-align-justify wp-block-paragraph\">El nuevo gobierno en marzo de este a\u00f1o, por el intermedio del Secretario General de la Presidencia, Giorgo Jackson, en compa\u00f1\u00eda de la senadora Fabiola Campillai, anunci\u00f3 la presentaci\u00f3n de suma urgencia a dicho proyecto. Sin embargo, esta iniciativa, nuevamente, no logr\u00f3 reunir los 26 votos necesarios para su aprobaci\u00f3n.<\/p>\n\n\n\n<p class=\"has-text-align-justify wp-block-paragraph\">No obstante, la Asamblea de de Familiares de los Presos Pol\u00edticos ha estado elaborando con personalidades del Ministerio de Justicia un nuevo proyecto, ahora denominado \u00ab\u00a0Indulto conmutativo\u00a0\u00bb que establece nuevas condiciones para la libertad, tanto de los Presos Pol\u00edticos condenados, as\u00ed como aquellos que est\u00e1n en prisi\u00f3n preventiva en espera de un juicio.<\/p>\n\n\n\n<p class=\"has-text-align-justify wp-block-paragraph\">El portavoz de dicha Asamblea , Osvaldo Dur\u00e1n, individualiz\u00f3 a los senadores, oficialistas y de la oposici\u00f3n : Ximena Rinc\u00f3n, Partido Dem\u00f3crata Cristiano, Presidenta del Senado; Mat\u00edas Walker, Partido Dem\u00f3crata Cristiano; Alfonso Urresti, Partido Socialista y a Karim Bianchi, independiente, quienes est\u00e1n contra el proyecto. Asimismo, hizo menci\u00f3n a una nueva dilataci\u00f3n de la tramitaci\u00f3n del proyecto lo que posterga, una vez m\u00e1s, la soluci\u00f3n del problema.<\/p>\n\n\n\n<p class=\"has-text-align-justify wp-block-paragraph\">El dirigente manifest\u00f3 su preocupaci\u00f3n por las condiciones carcelarias existentes, que no han cambiado en el actual periodo. Es as\u00ed como, Gendarmer\u00eda contin\u00faa con el maltrato a los prisioneros y adem\u00e1s bloquea la evaluaci\u00f3n de sus comportamientos en los penales, vulnerando una vez m\u00e1s sus derechos al no permitir la salida anticipada de estos.<\/p>\n\n\n\n<p class=\"has-text-align-justify wp-block-paragraph\">En el caso que dicho proyecto sea rechazado, nuevamente en el Senado, la presentaci\u00f3n de una iniciativa de la misma \u00edndole solo podr\u00e1 hacerse efectiva en un a\u00f1o m\u00e1s. Por ello, es que la Asamblea anunci\u00f3 la realizaci\u00f3n de movilizaciones en la calle para ejercer la presi\u00f3n a las autoridades competentes.<\/p>\n\n\n\n<p class=\"has-text-align-justify wp-block-paragraph\">La otra iniciativa esperada es el indulto presidencial. Hasta el momento, el nuevo Presidente la ha ejercido solamente una vez, el 25 de marzo de 2022 y el beneficiado fue un joven de 22 a\u00f1os, con c\u00e1ncer terminal, &nbsp;condenado a 10 a\u00f1os de c\u00e1rcel por robo y que permanec\u00eda hospitalizado en Valdivia. El joven falleci\u00f3 el 4 de abril \u00faltimo, despu\u00e9s de 10 d\u00edas del otorgamiento del indulto. La demanda hab\u00eda sido presentada, en diciembre de 2021, durante la administraci\u00f3n del gobierno de Sebasti\u00e1n Pi\u00f1era.<\/p>\n\n\n\n<p class=\"has-text-align-justify wp-block-paragraph\">Este viernes, 24 de junio, la Asamblea convoc\u00f3 a una manifestaci\u00f3n en Santiago, la cual fue reprimida, de manera violenta, por Carabineros y nuevamente apoyados por individuos de civil, extranjeros ligados al narco tr\u00e1fico.<\/p>\n\n\n\n<p class=\"wp-block-paragraph\"><\/p>\n","protected":false},"excerpt":{"rendered":"<div class=\"mh-excerpt\"><p>PRESOS POLITICOS : REPETICION DE ESCENARIO. LA HISTORIA VUELVE A REPETIRSE &#8230; Manifestaci\u00f3n por la libertad de los Presos Pol\u00edticos en 2022. Ya, en octubre <a class=\"mh-excerpt-more\" href=\"https:\/\/lekahuin.com\/?p=2353\" title=\"Chile\">[&#8230;]<\/a><\/p>\n<\/div>","protected":false},"author":211878710,"featured_media":0,"comment_status":"open","ping_status":"open","sticky":false,"template":"","format":"standard","meta":{"_coblocks_attr":"","_coblocks_dimensions":"","_coblocks_responsive_height":"","_coblocks_accordion_ie_support":"","_crdt_document":"","advanced_seo_description":"","jetpack_seo_html_title":"","jetpack_seo_noindex":false,"_jetpack_newsletter_access":"","_jetpack_dont_email_post_to_subs":false,"_jetpack_newsletter_tier_id":0,"_jetpack_memberships_contains_paywalled_content":false,"_jetpack_memberships_contains_paid_content":false,"footnotes":"","jetpack_post_was_ever_published":false},"categories":[6325],"tags":[],"class_list":["post-2353","post","type-post","status-publish","format-standard","hentry","category-non-classe"],"jetpack_featured_media_url":"","jetpack_likes_enabled":true,"jetpack_sharing_enabled":true,"jetpack_shortlink":"https:\/\/wp.me\/pdoWOp-BX","jetpack-related-posts":[{"id":1346,"url":"https:\/\/lekahuin.com\/?p=1346","url_meta":{"origin":2353,"position":0},"title":"Chile. Presos Pol\u00edticos","author":"Le Kahuin","date":"17 d\u00e9cembre 2021","format":false,"excerpt":"PRESOS POL\u00cdTICOS, ELECCIONES Y LEY DE INDULTO https:\/\/videopress.com\/v\/Cm1634bj?resizeToParent=true&cover=true&preloadContent=metadata Plaza de la Dignidad - Santiago Chile - Video: Muros y Resistencia A casi dos a\u00f1os de la presentaci\u00f3n del proyecto de indulto para los Presos Pol\u00edticos de la Revuelta Social en Chile, el tema, como consecuencia de la elecci\u00f3n presidencial y\u2026","rel":"","context":"Dans &quot;Non class\u00e9&quot;","block_context":{"text":"Non class\u00e9","link":"https:\/\/lekahuin.com\/?cat=6325"},"img":{"alt_text":"","src":"","width":0,"height":0},"classes":[]},{"id":1708,"url":"https:\/\/lekahuin.com\/?p=1708","url_meta":{"origin":2353,"position":1},"title":"Chile","author":"Le Kahuin","date":"21 f\u00e9vrier 2022","format":false,"excerpt":"CARGOS SOBRE LA BASE DE MONTAJES CONTRA PRESOS DE LA REVUELTA SIN COMPARACI\u00d3N CON CRIMENES CONTRA DDHH DE LA AUTORIDAD Tribunales en Iquique: manifestaci\u00f3n por la Libertad de los Presos Pol\u00edticos de la Revuelta Social Despu\u00e9s de sortear innumerables dificultades y tribulaciones legislativas el proyecto de indulto para los prisioneros\u2026","rel":"","context":"Dans &quot;Non class\u00e9&quot;","block_context":{"text":"Non class\u00e9","link":"https:\/\/lekahuin.com\/?cat=6325"},"img":{"alt_text":"","src":"https:\/\/i0.wp.com\/lekahuin.com\/wp-content\/uploads\/2022\/02\/manif-cavancha.jpg?resize=350%2C200&ssl=1","width":350,"height":200,"srcset":"https:\/\/i0.wp.com\/lekahuin.com\/wp-content\/uploads\/2022\/02\/manif-cavancha.jpg?resize=350%2C200&ssl=1 1x, https:\/\/i0.wp.com\/lekahuin.com\/wp-content\/uploads\/2022\/02\/manif-cavancha.jpg?resize=525%2C300&ssl=1 1.5x, https:\/\/i0.wp.com\/lekahuin.com\/wp-content\/uploads\/2022\/02\/manif-cavancha.jpg?resize=700%2C400&ssl=1 2x, https:\/\/i0.wp.com\/lekahuin.com\/wp-content\/uploads\/2022\/02\/manif-cavancha.jpg?resize=1050%2C600&ssl=1 3x"},"classes":[]},{"id":2644,"url":"https:\/\/lekahuin.com\/?p=2644","url_meta":{"origin":2353,"position":2},"title":"Chile","author":"Le Kahuin","date":"26 septembre 2022","format":false,"excerpt":"MAS DE 90 ORGANIZACIONES SOCIALES SE PRONUNCIAN POR UNA CONVENCION CONSTITUCIONAL SOBERANA M\u00e1s de 90 organizaciones sociales, acad\u00e9micas, de derechos humanos, vecinales, sindicales y profesionales, se pronunciaron en favor de una Convenci\u00f3n Constitucional soberana, al tiempo de denunciar los intentos de la clase pol\u00edtica de apropiarse de proceso constitucional para,\u2026","rel":"","context":"Dans &quot;Non class\u00e9&quot;","block_context":{"text":"Non class\u00e9","link":"https:\/\/lekahuin.com\/?cat=6325"},"img":{"alt_text":"","src":"https:\/\/i0.wp.com\/lekahuin.com\/wp-content\/uploads\/2022\/09\/mas-de-90-organizaciones-sociales-se-pronuncian_01.png?resize=350%2C200","width":350,"height":200,"srcset":"https:\/\/i0.wp.com\/lekahuin.com\/wp-content\/uploads\/2022\/09\/mas-de-90-organizaciones-sociales-se-pronuncian_01.png?resize=350%2C200 1x, https:\/\/i0.wp.com\/lekahuin.com\/wp-content\/uploads\/2022\/09\/mas-de-90-organizaciones-sociales-se-pronuncian_01.png?resize=525%2C300 1.5x, https:\/\/i0.wp.com\/lekahuin.com\/wp-content\/uploads\/2022\/09\/mas-de-90-organizaciones-sociales-se-pronuncian_01.png?resize=700%2C400 2x, https:\/\/i0.wp.com\/lekahuin.com\/wp-content\/uploads\/2022\/09\/mas-de-90-organizaciones-sociales-se-pronuncian_01.png?resize=1050%2C600 3x, https:\/\/i0.wp.com\/lekahuin.com\/wp-content\/uploads\/2022\/09\/mas-de-90-organizaciones-sociales-se-pronuncian_01.png?resize=1400%2C800 4x"},"classes":[]},{"id":8640,"url":"https:\/\/lekahuin.com\/?p=8640","url_meta":{"origin":2353,"position":3},"title":"WallMapu &#8211; Huelga de hambre","author":"Le Kahuin","date":"3 f\u00e9vrier 2024","format":false,"excerpt":"URGENTE : Ernesto Llaitul es trasladado al Hospital Regional de Concepci\u00f3n por descompensaci\u00f3n tras 82 d\u00edas de huelga de hambre Ernesto, quien es\u00a0hijo del l\u00edder de la Coordinadora Arauco Malleco (CAM), H\u00e9ctor\u00a0Llaitul, est\u00e1 en huelga de hambre desde el 13 de noviembre del 2023 junto a otros presos pol\u00edticos mapuche.En\u2026","rel":"","context":"Dans &quot;CHILE&quot;","block_context":{"text":"CHILE","link":"https:\/\/lekahuin.com\/?cat=55294247"},"img":{"alt_text":"","src":"https:\/\/i0.wp.com\/lekahuin.com\/wp-content\/uploads\/2024\/02\/Ernesto-LLaitul-conducido-al-hospital-1.png?resize=350%2C200&ssl=1","width":350,"height":200,"srcset":"https:\/\/i0.wp.com\/lekahuin.com\/wp-content\/uploads\/2024\/02\/Ernesto-LLaitul-conducido-al-hospital-1.png?resize=350%2C200&ssl=1 1x, https:\/\/i0.wp.com\/lekahuin.com\/wp-content\/uploads\/2024\/02\/Ernesto-LLaitul-conducido-al-hospital-1.png?resize=525%2C300&ssl=1 1.5x, https:\/\/i0.wp.com\/lekahuin.com\/wp-content\/uploads\/2024\/02\/Ernesto-LLaitul-conducido-al-hospital-1.png?resize=700%2C400&ssl=1 2x"},"classes":[]},{"id":3855,"url":"https:\/\/lekahuin.com\/?p=3855","url_meta":{"origin":2353,"position":4},"title":"Par\u00eds &#8211; Francia","author":"Le Kahuin","date":"25 d\u00e9cembre 2022","format":false,"excerpt":"CARTA DIRIGIDA AL PRESIDENTE GABRIEL BORIC CON OCASION DEL DIA INTERNACIONAL DE LOS DERECHOS HUMANOS , EXIGIENDO LA LIBERACION DE TODOS LOS PRISIONEROS POLITICOS EN CHILE Esta carta destinada al Presidente chileno Gabriel Boric, firmada por varias asociaciones franco - chilenas, fue depositada en la sede de la Embajada de\u2026","rel":"","context":"Dans &quot;Non class\u00e9&quot;","block_context":{"text":"Non class\u00e9","link":"https:\/\/lekahuin.com\/?cat=6325"},"img":{"alt_text":"","src":"https:\/\/i0.wp.com\/lekahuin.com\/wp-content\/uploads\/2022\/12\/221210-Carta-a-G-BORIC_00.png?resize=350%2C200","width":350,"height":200,"srcset":"https:\/\/i0.wp.com\/lekahuin.com\/wp-content\/uploads\/2022\/12\/221210-Carta-a-G-BORIC_00.png?resize=350%2C200 1x, https:\/\/i0.wp.com\/lekahuin.com\/wp-content\/uploads\/2022\/12\/221210-Carta-a-G-BORIC_00.png?resize=525%2C300 1.5x, https:\/\/i0.wp.com\/lekahuin.com\/wp-content\/uploads\/2022\/12\/221210-Carta-a-G-BORIC_00.png?resize=700%2C400 2x, https:\/\/i0.wp.com\/lekahuin.com\/wp-content\/uploads\/2022\/12\/221210-Carta-a-G-BORIC_00.png?resize=1050%2C600 3x, https:\/\/i0.wp.com\/lekahuin.com\/wp-content\/uploads\/2022\/12\/221210-Carta-a-G-BORIC_00.png?resize=1400%2C800 4x"},"classes":[]},{"id":16122,"url":"https:\/\/lekahuin.com\/?p=16122","url_meta":{"origin":2353,"position":5},"title":"Francia &#8211; Chile &#8211; Manuel Cabieses","author":"Le Kahuin","date":"27 f\u00e9vrier 2026","format":false,"excerpt":"EX PRESOS POL\u00cdTICOS CHILENOS EN FRANCIA\u00a0SALUDAN LA MEMORIA DE MANUEL CABIESES Con motivo del fallecimiento en Chile de Manuel Cabieses Donoso, la Asociaci\u00f3n de ex presos pol\u00edticos chilenos en Francia expres\u00f3 en una declaraci\u00f3n el reconocimiento al periodista y militante revolucionario que fue este.El texto expresa lo siguiente:\u201cHay vidas que\u2026","rel":"","context":"Dans &quot;CHILE&quot;","block_context":{"text":"CHILE","link":"https:\/\/lekahuin.com\/?cat=55294247"},"img":{"alt_text":"","src":"https:\/\/i0.wp.com\/lekahuin.com\/wp-content\/uploads\/2026\/02\/Manuel-Cabieses-e1689339845330.jpg?resize=350%2C200&ssl=1","width":350,"height":200,"srcset":"https:\/\/i0.wp.com\/lekahuin.com\/wp-content\/uploads\/2026\/02\/Manuel-Cabieses-e1689339845330.jpg?resize=350%2C200&ssl=1 1x, https:\/\/i0.wp.com\/lekahuin.com\/wp-content\/uploads\/2026\/02\/Manuel-Cabieses-e1689339845330.jpg?resize=525%2C300&ssl=1 1.5x, https:\/\/i0.wp.com\/lekahuin.com\/wp-content\/uploads\/2026\/02\/Manuel-Cabieses-e1689339845330.jpg?resize=700%2C400&ssl=1 2x"},"classes":[]}],"_links":{"self":[{"href":"https:\/\/lekahuin.com\/index.php?rest_route=\/wp\/v2\/posts\/2353","targetHints":{"allow":["GET"]}}],"collection":[{"href":"https:\/\/lekahuin.com\/index.php?rest_route=\/wp\/v2\/posts"}],"about":[{"href":"https:\/\/lekahuin.com\/index.php?rest_route=\/wp\/v2\/types\/post"}],"author":[{"embeddable":true,"href":"https:\/\/lekahuin.com\/index.php?rest_route=\/wp\/v2\/users\/211878710"}],"replies":[{"embeddable":true,"href":"https:\/\/lekahuin.com\/index.php?rest_route=%2Fwp%2Fv2%2Fcomments&post=2353"}],"version-history":[{"count":10,"href":"https:\/\/lekahuin.com\/index.php?rest_route=\/wp\/v2\/posts\/2353\/revisions"}],"predecessor-version":[{"id":2365,"href":"https:\/\/lekahuin.com\/index.php?rest_route=\/wp\/v2\/posts\/2353\/revisions\/2365"}],"wp:attachment":[{"href":"https:\/\/lekahuin.com\/index.php?rest_route=%2Fwp%2Fv2%2Fmedia&parent=2353"}],"wp:term":[{"taxonomy":"category","embeddable":true,"href":"https:\/\/lekahuin.com\/index.php?rest_route=%2Fwp%2Fv2%2Fcategories&post=2353"},{"taxonomy":"post_tag","embeddable":true,"href":"https:\/\/lekahuin.com\/index.php?rest_route=%2Fwp%2Fv2%2Ftags&post=2353"}],"curies":[{"name":"wp","href":"https:\/\/api.w.org\/{rel}","templated":true}]}}