{"id":2624,"date":"2022-09-26T00:40:36","date_gmt":"2022-09-25T22:40:36","guid":{"rendered":"https:\/\/lekahuin.com\/?p=2624"},"modified":"2022-09-26T23:14:32","modified_gmt":"2022-09-26T21:14:32","slug":"chile-19","status":"publish","type":"post","link":"https:\/\/lekahuin.com\/?p=2624","title":{"rendered":"Chile"},"content":{"rendered":"\n<h2 class=\"has-text-align-center wp-block-heading\" id=\"BORICTRATAPORTODOS\" style=\"font-size:32px;\"><strong><strong>BORIC TRATA POR TODOS LOS MEDIOS DE SACARLE EL POTO A LA JERINGA EN LO DE LA ADHESI\u00d3N AL TPP-11<\/strong><\/strong><\/h2>\n\n\n<div class=\"wp-block-image\">\n<figure class=\"aligncenter size-large\"><img data-recalc-dims=\"1\" fetchpriority=\"high\" decoding=\"async\" width=\"714\" height=\"479\" data-attachment-id=\"2686\" data-permalink=\"https:\/\/lekahuin.com\/?attachment_id=2686\" data-orig-file=\"https:\/\/i0.wp.com\/lekahuin.com\/wp-content\/uploads\/2022\/09\/no-al-tpp-11.jpg?fit=714%2C479&amp;ssl=1\" data-orig-size=\"714,479\" data-comments-opened=\"1\" data-image-meta=\"{&quot;aperture&quot;:&quot;0&quot;,&quot;credit&quot;:&quot;chagoz&quot;,&quot;camera&quot;:&quot;&quot;,&quot;caption&quot;:&quot;&quot;,&quot;created_timestamp&quot;:&quot;1664207206&quot;,&quot;copyright&quot;:&quot;&quot;,&quot;focal_length&quot;:&quot;0&quot;,&quot;iso&quot;:&quot;0&quot;,&quot;shutter_speed&quot;:&quot;0&quot;,&quot;title&quot;:&quot;&quot;,&quot;orientation&quot;:&quot;0&quot;}\" data-image-title=\"no-al-tpp-11\" data-image-description=\"\" data-image-caption=\"\" data-large-file=\"https:\/\/i0.wp.com\/lekahuin.com\/wp-content\/uploads\/2022\/09\/no-al-tpp-11.jpg?fit=714%2C479&amp;ssl=1\" src=\"https:\/\/i0.wp.com\/lekahuin.com\/wp-content\/uploads\/2022\/09\/no-al-tpp-11.jpg?resize=714%2C479&#038;ssl=1\" alt=\"\" class=\"wp-image-2686\" \/><\/figure>\n<\/div>\n\n\n<p class=\"has-text-align-justify wp-block-paragraph\">Aprovechando la imagen internacional de \u201cel presidente m\u00e1s joven\u201d o &nbsp;colocado con muy buena voluntad (o total ignorancia) en la l\u00ednea del presidente Allende, Gabriel Boric quiso dar en las Naciones Unidas una imagen de alguien decidido y determinado en cuanto a sus proyectos de gobierno.<br>Queda por ver si lo logr\u00f3.<br>Sin embargo, en el pa\u00eds, sus vacilaciones y medias tintas en torno a un tema tan crucial como es la adhesi\u00f3n del Chile al Tratado Integral y Progresista de Asociaci\u00f3n Transpac\u00edfico, conocido m\u00e1s com\u00fanmente como TPP-11, lo muestran como alguien debilitado por el desastre del Apruebo y tratando de conciliar posiciones antag\u00f3nicas expresadas en su propio campo.<br>Apenas conocido el resultado del plebiscito que rechaz\u00f3 el proyecto de nueva Constituci\u00f3n, varios senadores y senadoras pusieron en el tapete para ser sometido a discusi\u00f3n y aprobaci\u00f3n el asunto de la adhesi\u00f3n de Chile al TPP-11.<br>Este \u00faltimo tr\u00e1mite para la aprobaci\u00f3n del proyecto hab\u00eda quedado suspendido en 2019, gracias a la presi\u00f3n ejercida por las organizaciones sociales movilizadas para rechazarlo, que demostraron de manera t\u00e9cnica y pol\u00edtica el verdadero atentado contra la soberan\u00eda del pa\u00eds y contra cualquier intento de cambio para superar el neoliberalismo impuesto, que este implicaba.<br>Pero ya que hablamos del TPP-11, veamos primero de qu\u00e9 trata y qu\u00e9 se esconde detr\u00e1s de una sigla como las que nos proponen pol\u00edticos y tecn\u00f3cratas para darse importancia y que, en general, sirven para pasarle gato por liebre al com\u00fan de los mortales.<br>El TPP-11 es un tratado de integraci\u00f3n econ\u00f3mica, dicho en claro, una serie de acuerdos, supuestamente destinados a mejorar los intercambios econ\u00f3micos entre los pa\u00edses que participan, es decir y en este caso, con los 11 paises del \u00e1rea Asia Pac\u00edfico, con los cuales Chile ya tiene acuerdos de libre comercio, lo que en el fondo y al menos en este aspecto, no significa un cambio.<br>Pero lo que desde ya deber\u00eda hacernos comprender la pasi\u00f3n de algunos por promover este tratado y, al mismo tiempo, ponernos en guardia, es el inter\u00e9s que tienen en implementarlo grandes corporaciones como Bayer y Monsanto, que justamente al amparo de la legislaci\u00f3n privada que les otorgan el tratado imponen la utilizaci\u00f3n de pesticidas y transg\u00e9nicos con grave da\u00f1o para la Naturaleza.<br>Si citamos entre estas \u00faltimas nada m\u00e1s a Forestal Arauco, la cuesti\u00f3n ser\u00e1 a\u00fan m\u00e1s f\u00e1cil de comprender.<br>El TPP-11 establece una legislaci\u00f3n propia para dirimir los conflictos comerciales que pudiesen existir t entre los pa\u00edses firmantes.<br>&nbsp;Esto significa ni m\u00e1s ni menos el supeditar el ejercicio de la justicia a tribunales supuestamente \u201cindependientes\u201d pero que, como es l\u00f3gico suponer, de ninguna manera ir\u00edan en contra de los intereses de transnacionales como las que cit\u00e1bamos anteriormente.<br>La aberraci\u00f3n llega a tal grado como el hecho que seg\u00fan el TPP-11, en caso de la adopci\u00f3n de un pa\u00eds, en este caso Chile, de una medida, como por ejemplo la interdicci\u00f3n de pesticidas en la agricultura, la transnacional tendr\u00eda incluso el derecho a demandar al estado chileno &nbsp;por el \u201cda\u00f1o moral\u201d ocasionado por haberse visto obligadas a recurrir a estos \u201ctribunales independientes\u201d.<br>Pues bien,<strong> a <\/strong>esta trascendental decisi\u00f3n, una vez Boric m\u00e1s hizo las de Pilatos cuando declar\u00f3 que <strong><em>\u201cEs totalmente cierto que el TPP-11 no forma parte de nuestro programa, por lo tanto no es algo que desde el Gobierno estemos impulsando\u201d.<br><\/em><\/strong>A pesar de toda la ambig\u00fcedad de esta declaraci\u00f3n, en el seno de su coalici\u00f3n Apruebo Dignidad, algunos dejaron crecer la esperanza que usar\u00eda de sus atribuciones presidenciales para por lo menos retrasar el avance de las discusiones del tema en el Senado.<br>Seg\u00fan la Constituci\u00f3n de Chile (a\u00fan vigente), en su art\u00edculo 32.15, es atribuci\u00f3n especial del Presidente de la Rep\u00fablica \u00ab\u00a0concluir, firmar y ratificar\u00a0\u00bb tratados internacionales., a lo que hay que agregar lo que dice el Reglamento del Senado en cuanto a que: \u201cel Presidente de la Rep\u00fablica podr\u00e1 retirar, en cualquier momento, un proyecto de acuerdo aprobatorio de un tratado u otro instrumento internacional\u201d.<br>Y ah\u00ed fue cuando les cay\u00f3 el balde agua fr\u00eda. En un a nueva declaraci\u00f3n, Boric se\u00f1al\u00f3 que \u201c<strong><em>el Senado tiene las atribuciones para ponerlo en tabla y tomar una decisi\u00f3n al respecto<\/em>\u201d .<br><\/strong>De su lado, el ministro de Hacienda Mario Marcel argument\u00f3 para desestimar las denuncias en cuanto que la adhesi\u00f3n al tratado implica la entrega de parte de la soberan\u00eda a las transnacionales, aludiendo que el gobierno impulsar\u00eda la adopci\u00f3n de cl\u00e1usulas especiales (side letters) para evitar que se aplique este tipo de mecanismo.<br>Teniendo en cuenta la moral con que se rigen las multinacionales, cabe preguntarse si se trata de optimismo, ingenuidad o simplemente de deshonestidad del ministro Marcel.<br>A la cuesti\u00f3n de principios, cual es la defensa de la soberan\u00eda de Chile, se agrega otra mucho m\u00e1s real y concreta en cuanto a las consecuencias que traer\u00eda a corto plazo la aprobaci\u00f3n del acuerdo por parte de la clase pol\u00edtica repudiada por la inmensa mayor\u00eda de los chilenos.<br>Se trata de una situaci\u00f3n dram\u00e1tica que est\u00e1n viviendo millones de chilenos con una inflaci\u00f3n que ha aumentado un 14,1 por ciento en los \u00faltimos doces meses lo que traducido a la realidad cotidiana, significa una carest\u00eda mucho mayor de los productos de primera necesidad como los alimentos o el transporte.<br>En 2019, se logr\u00f3 detener la aprobaci\u00f3n de este tratado mediante la movilizaci\u00f3n popular y hoy, apenas conocida la iniciativa senatorial y las vacilaciones presidenciales, han surgido movimientos y manifestaciones en diversas ciudades del pa\u00eds.<br>Como afirm\u00f3 el historiador Gabriel Salazar (ver nuestro art\u00edculo), el pueblo chileno, en 200 a\u00f1os ha comprendido el poder de la lucha callejera.<\/p>\n","protected":false},"excerpt":{"rendered":"<div class=\"mh-excerpt\"><p>BORIC TRATA POR TODOS LOS MEDIOS DE SACARLE EL POTO A LA JERINGA EN LO DE LA ADHESI\u00d3N AL TPP-11 Aprovechando la imagen internacional de <a class=\"mh-excerpt-more\" href=\"https:\/\/lekahuin.com\/?p=2624\" title=\"Chile\">[&#8230;]<\/a><\/p>\n<\/div>","protected":false},"author":211878710,"featured_media":0,"comment_status":"open","ping_status":"open","sticky":false,"template":"","format":"standard","meta":{"_coblocks_attr":"","_coblocks_dimensions":"","_coblocks_responsive_height":"","_coblocks_accordion_ie_support":"","_crdt_document":"","advanced_seo_description":"","jetpack_seo_html_title":"","jetpack_seo_noindex":false,"_jetpack_newsletter_access":"","_jetpack_dont_email_post_to_subs":false,"_jetpack_newsletter_tier_id":0,"_jetpack_memberships_contains_paywalled_content":false,"_jetpack_memberships_contains_paid_content":false,"footnotes":"","jetpack_post_was_ever_published":false},"categories":[6325],"tags":[],"class_list":["post-2624","post","type-post","status-publish","format-standard","hentry","category-non-classe"],"jetpack_featured_media_url":"","jetpack_likes_enabled":true,"jetpack_sharing_enabled":true,"jetpack_shortlink":"https:\/\/wp.me\/pdoWOp-Gk","jetpack-related-posts":[{"id":3023,"url":"https:\/\/lekahuin.com\/?p=3023","url_meta":{"origin":2624,"position":0},"title":"Chile","author":"Le Kahuin","date":"24 novembre 2022","format":false,"excerpt":"TELETON: CON TODO EL CORAZ\u00d3N Y\u2026CON LAS LUQUITAS PARA UNOS CUANTOS Por Claudio JEDLICKI El inefable animador ... Don Francisco !! El Centro de Investigaci\u00f3n Period\u00edstica, CIPER, efectu\u00f3 recientemente una investigaci\u00f3n tan completa como seria sobre la Telet\u00f3n que recauda todos los a\u00f1os varios miles de millones de pesos para\u2026","rel":"","context":"Dans &quot;Non class\u00e9&quot;","block_context":{"text":"Non class\u00e9","link":"https:\/\/lekahuin.com\/?cat=6325"},"img":{"alt_text":"","src":"https:\/\/i0.wp.com\/lekahuin.com\/wp-content\/uploads\/2022\/11\/teleton.jpg?resize=350%2C200&ssl=1","width":350,"height":200,"srcset":"https:\/\/i0.wp.com\/lekahuin.com\/wp-content\/uploads\/2022\/11\/teleton.jpg?resize=350%2C200&ssl=1 1x, https:\/\/i0.wp.com\/lekahuin.com\/wp-content\/uploads\/2022\/11\/teleton.jpg?resize=525%2C300&ssl=1 1.5x, https:\/\/i0.wp.com\/lekahuin.com\/wp-content\/uploads\/2022\/11\/teleton.jpg?resize=700%2C400&ssl=1 2x, https:\/\/i0.wp.com\/lekahuin.com\/wp-content\/uploads\/2022\/11\/teleton.jpg?resize=1050%2C600&ssl=1 3x, https:\/\/i0.wp.com\/lekahuin.com\/wp-content\/uploads\/2022\/11\/teleton.jpg?resize=1400%2C800&ssl=1 4x"},"classes":[]},{"id":13869,"url":"https:\/\/lekahuin.com\/?p=13869","url_meta":{"origin":2624,"position":1},"title":"Editorial &#8211; Elecci\u00f3n Presidencial","author":"Le Kahuin","date":"25 juillet 2025","format":false,"excerpt":"\u201cPORQUE ESTA VEZ NO SE TRATA DE CAMBIAR UN PRESIDENTE\u2026\u201d(*) Por la imagen que guarda el partido Comunista, el \u201cParrrrrtido\u201d\u00a0, como dicen los viejos militantes del PC, la designaci\u00f3n de Jeannette Jara en la primaria del oficialismo como candidata para la presidencial de noviembre fue, sin duda alguna, motivo de\u2026","rel":"","context":"Dans &quot;EDITORIAL&quot;","block_context":{"text":"EDITORIAL","link":"https:\/\/lekahuin.com\/?cat=55294250"},"img":{"alt_text":"","src":"https:\/\/i0.wp.com\/lekahuin.com\/wp-content\/uploads\/2025\/07\/j-jara-2-fb.webp?resize=350%2C200","width":350,"height":200,"srcset":"https:\/\/i0.wp.com\/lekahuin.com\/wp-content\/uploads\/2025\/07\/j-jara-2-fb.webp?resize=350%2C200 1x, https:\/\/i0.wp.com\/lekahuin.com\/wp-content\/uploads\/2025\/07\/j-jara-2-fb.webp?resize=525%2C300 1.5x, https:\/\/i0.wp.com\/lekahuin.com\/wp-content\/uploads\/2025\/07\/j-jara-2-fb.webp?resize=700%2C400 2x"},"classes":[]},{"id":4775,"url":"https:\/\/lekahuin.com\/?p=4775","url_meta":{"origin":2624,"position":2},"title":"Editorial","author":"Le Kahuin","date":"25 mars 2023","format":false,"excerpt":"Primer a\u00f1o de gobierno de Boric \u201c\u00a1VAS A VOLVER DEPRIMIDO DE ESE PA\u00cdS DE MIERDA\u2026!\u201d por Fernando Maignant Despu\u00e9s de nueve a\u00f1os sin ir a Chile y con la idea siempre pendiente de volver, las referencias de muchos de los que han estado all\u00ed recientemente, sumadas a las de otros\u2026","rel":"","context":"Dans &quot;Non class\u00e9&quot;","block_context":{"text":"Non class\u00e9","link":"https:\/\/lekahuin.com\/?cat=6325"},"img":{"alt_text":"","src":"","width":0,"height":0},"classes":[]},{"id":11303,"url":"https:\/\/lekahuin.com\/?p=11303","url_meta":{"origin":2624,"position":3},"title":"Chile &#8211; Monsalve","author":"Le Kahuin","date":"26 octobre 2024","format":false,"excerpt":"MONSALVE: UN CULPABLE DEMASIADO PERFECTO Y MUCHAS INTERROGANTES EN SUSPENSO Despu\u00e9s del terremoto que afect\u00f3 a la Derecha chilena con el llamado caso Hermosilla, sus r\u00e9plicas a nivel del poder judicial y que enterr\u00f3 las pretensiones del heredero natural del pi\u00f1erismo, Andr\u00e9s Chadwick, hab\u00eda no pocos que se preguntaban cu\u00e1ndo\u2026","rel":"","context":"Dans &quot;CHILE&quot;","block_context":{"text":"CHILE","link":"https:\/\/lekahuin.com\/?cat=55294247"},"img":{"alt_text":"","src":"https:\/\/i0.wp.com\/lekahuin.com\/wp-content\/uploads\/2024\/10\/Monsalve-a-poil.jpg?resize=350%2C200&ssl=1","width":350,"height":200,"srcset":"https:\/\/i0.wp.com\/lekahuin.com\/wp-content\/uploads\/2024\/10\/Monsalve-a-poil.jpg?resize=350%2C200&ssl=1 1x, https:\/\/i0.wp.com\/lekahuin.com\/wp-content\/uploads\/2024\/10\/Monsalve-a-poil.jpg?resize=525%2C300&ssl=1 1.5x, https:\/\/i0.wp.com\/lekahuin.com\/wp-content\/uploads\/2024\/10\/Monsalve-a-poil.jpg?resize=700%2C400&ssl=1 2x, https:\/\/i0.wp.com\/lekahuin.com\/wp-content\/uploads\/2024\/10\/Monsalve-a-poil.jpg?resize=1050%2C600&ssl=1 3x, https:\/\/i0.wp.com\/lekahuin.com\/wp-content\/uploads\/2024\/10\/Monsalve-a-poil.jpg?resize=1400%2C800&ssl=1 4x"},"classes":[]},{"id":1827,"url":"https:\/\/lekahuin.com\/?p=1827","url_meta":{"origin":2624,"position":4},"title":"Chile","author":"Le Kahuin","date":"22 mars 2022","format":false,"excerpt":"FIASCO DE LA MISION DE IZKIA SICHES EN LA ARAUCAN\u00cdA MUESTRA DE DOS SOCIEDADES QUE SE DESCONOCEN Izkia Siches, ministra del Interior en visita de regi\u00f3n mapuche El martes 15 de marzo, apenas cuatro d\u00edas despu\u00e9s de asumir sus funciones, durante una visita a la Araucan\u00eda y cuando la ministra\u2026","rel":"","context":"Dans &quot;Non class\u00e9&quot;","block_context":{"text":"Non class\u00e9","link":"https:\/\/lekahuin.com\/?cat=6325"},"img":{"alt_text":"","src":"https:\/\/i0.wp.com\/lekahuin.com\/wp-content\/uploads\/2022\/03\/izkia-mapuches.jpg?resize=350%2C200&ssl=1","width":350,"height":200,"srcset":"https:\/\/i0.wp.com\/lekahuin.com\/wp-content\/uploads\/2022\/03\/izkia-mapuches.jpg?resize=350%2C200&ssl=1 1x, https:\/\/i0.wp.com\/lekahuin.com\/wp-content\/uploads\/2022\/03\/izkia-mapuches.jpg?resize=525%2C300&ssl=1 1.5x, https:\/\/i0.wp.com\/lekahuin.com\/wp-content\/uploads\/2022\/03\/izkia-mapuches.jpg?resize=700%2C400&ssl=1 2x"},"classes":[]},{"id":7746,"url":"https:\/\/lekahuin.com\/?p=7746","url_meta":{"origin":2624,"position":5},"title":"Chile &#8211; Argentina","author":"Le Kahuin","date":"26 novembre 2023","format":false,"excerpt":"\u00a1 CUIDADO ! D\u00cdME CON QUIEN ANDAS... A fines del presente mes de noviembre, despu\u00e9s de haber mantenido la situaci\u00f3n en suspenso durante varios d\u00edas, nuestro Querido, Bienamado, Joven, Barbudo y Amarillo Mandatario, finalmente decidi\u00f3 viajar a Buenos Aires, para asistir a la transmisi\u00f3n del mando en la hermana rep\u00fablica.Como\u2026","rel":"","context":"Dans &quot;Non class\u00e9&quot;","block_context":{"text":"Non class\u00e9","link":"https:\/\/lekahuin.com\/?cat=6325"},"img":{"alt_text":"","src":"https:\/\/i0.wp.com\/lekahuin.com\/wp-content\/uploads\/2023\/11\/El-nuevo-presidente-argentino.jpg?resize=350%2C200&ssl=1","width":350,"height":200,"srcset":"https:\/\/i0.wp.com\/lekahuin.com\/wp-content\/uploads\/2023\/11\/El-nuevo-presidente-argentino.jpg?resize=350%2C200&ssl=1 1x, https:\/\/i0.wp.com\/lekahuin.com\/wp-content\/uploads\/2023\/11\/El-nuevo-presidente-argentino.jpg?resize=525%2C300&ssl=1 1.5x, https:\/\/i0.wp.com\/lekahuin.com\/wp-content\/uploads\/2023\/11\/El-nuevo-presidente-argentino.jpg?resize=700%2C400&ssl=1 2x"},"classes":[]}],"_links":{"self":[{"href":"https:\/\/lekahuin.com\/index.php?rest_route=\/wp\/v2\/posts\/2624","targetHints":{"allow":["GET"]}}],"collection":[{"href":"https:\/\/lekahuin.com\/index.php?rest_route=\/wp\/v2\/posts"}],"about":[{"href":"https:\/\/lekahuin.com\/index.php?rest_route=\/wp\/v2\/types\/post"}],"author":[{"embeddable":true,"href":"https:\/\/lekahuin.com\/index.php?rest_route=\/wp\/v2\/users\/211878710"}],"replies":[{"embeddable":true,"href":"https:\/\/lekahuin.com\/index.php?rest_route=%2Fwp%2Fv2%2Fcomments&post=2624"}],"version-history":[{"count":6,"href":"https:\/\/lekahuin.com\/index.php?rest_route=\/wp\/v2\/posts\/2624\/revisions"}],"predecessor-version":[{"id":2720,"href":"https:\/\/lekahuin.com\/index.php?rest_route=\/wp\/v2\/posts\/2624\/revisions\/2720"}],"wp:attachment":[{"href":"https:\/\/lekahuin.com\/index.php?rest_route=%2Fwp%2Fv2%2Fmedia&parent=2624"}],"wp:term":[{"taxonomy":"category","embeddable":true,"href":"https:\/\/lekahuin.com\/index.php?rest_route=%2Fwp%2Fv2%2Fcategories&post=2624"},{"taxonomy":"post_tag","embeddable":true,"href":"https:\/\/lekahuin.com\/index.php?rest_route=%2Fwp%2Fv2%2Ftags&post=2624"}],"curies":[{"name":"wp","href":"https:\/\/api.w.org\/{rel}","templated":true}]}}