{"id":2628,"date":"2022-09-26T00:48:28","date_gmt":"2022-09-25T22:48:28","guid":{"rendered":"https:\/\/lekahuin.com\/?p=2628"},"modified":"2022-09-26T15:31:00","modified_gmt":"2022-09-26T13:31:00","slug":"chile-20","status":"publish","type":"post","link":"https:\/\/lekahuin.com\/?p=2628","title":{"rendered":"Chile"},"content":{"rendered":"\n<p class=\"has-text-align-center has-large-font-size wp-block-paragraph\" id=\"\u00bfQUI\u00c9NFUEELRECHAZADO?\"><strong>\u00bfQUI\u00c9N FUE EL RECHAZADO?<\/strong><\/p>\n\n\n\n<p class=\"has-text-align-center has-medium-font-size wp-block-paragraph\"><strong>Por Claudio Jedlicki <\/strong><\/p>\n\n\n\n<figure class=\"wp-block-image size-large\"><img data-recalc-dims=\"1\" fetchpriority=\"high\" decoding=\"async\" width=\"696\" height=\"623\" data-attachment-id=\"2683\" data-permalink=\"https:\/\/lekahuin.com\/?attachment_id=2683\" data-orig-file=\"https:\/\/i0.wp.com\/lekahuin.com\/wp-content\/uploads\/2022\/09\/rechazo-festejos-instagram.jpg?fit=696%2C623&amp;ssl=1\" data-orig-size=\"696,623\" data-comments-opened=\"1\" data-image-meta=\"{&quot;aperture&quot;:&quot;0&quot;,&quot;credit&quot;:&quot;chagoz&quot;,&quot;camera&quot;:&quot;&quot;,&quot;caption&quot;:&quot;&quot;,&quot;created_timestamp&quot;:&quot;1664205901&quot;,&quot;copyright&quot;:&quot;&quot;,&quot;focal_length&quot;:&quot;0&quot;,&quot;iso&quot;:&quot;0&quot;,&quot;shutter_speed&quot;:&quot;0&quot;,&quot;title&quot;:&quot;&quot;,&quot;orientation&quot;:&quot;0&quot;}\" data-image-title=\"rechazo-festejos-instagram\" data-image-description=\"\" data-image-caption=\"\" data-large-file=\"https:\/\/i0.wp.com\/lekahuin.com\/wp-content\/uploads\/2022\/09\/rechazo-festejos-instagram.jpg?fit=696%2C623&amp;ssl=1\" src=\"https:\/\/i0.wp.com\/lekahuin.com\/wp-content\/uploads\/2022\/09\/rechazo-festejos-instagram.jpg?resize=696%2C623&#038;ssl=1\" alt=\"\" class=\"wp-image-2683\" \/><figcaption class=\"wp-element-caption\">4 de septiembre de 2022  &#8212;  Festejos del Rechazo    &#8212;   Foto:Instagram<\/figcaption><\/figure>\n\n\n\n<p class=\"has-text-align-justify wp-block-paragraph\">Es relativamente conocido, y no s\u00f3lo reservado a expertos, que una consulta por refer\u00e9ndum o plebiscito genera en la mayor\u00eda del electorado, una respuesta que no contesta a la pregunta planteada, pero que s\u00ed manifiesta la aprobaci\u00f3n o el desacuerdo que el votante tiene de la pol\u00edtica gubernamental.<br>Que en este caso no haya sido el gobierno el consultante no altera la regla en raz\u00f3n de la orientaci\u00f3n ideol\u00f3gica de la mayor\u00eda de la Convenci\u00f3n Constitucional y del apoyo a esta del gobierno actual.<br>&nbsp;Recordemos algunos argumentos que pueden concurrir a dar asidero a lo postulado y explicar el triunfo del Rechazo.<br>&nbsp;Perm\u00edtasenos antes de todo observar la coincidencia entre el 38% obtenido por el Apruebo y el 37% de popularidad del gobierno Boric estimado por la \u00faltima encuesta del mes de agosto de la Cadem que, sea dicho de paso, se supone representativa de la totalidad de los electores y no s\u00f3lo de aquellos que concurren a votar o se abstienen.<br>Si comparaci\u00f3n y aun menos coincidencia no es raz\u00f3n, convengamos en que hay materia para sorprenderse y de alguna manera interrogarnos y hasta desafiarnos&#8230;&#8230;<br>De los casi 13 millones de votantes, s\u00f3lo algunos pocos miles habr\u00e1n le\u00eddo la propuesta y a lo m\u00e1s un par de millones habr\u00e1 le\u00eddo o escuchado alg\u00fan an\u00e1lisis sobre sus principales contenidos en la prensa.<br>Much\u00edsimos m\u00e1s algo se han \u201cinformado\u201d; m\u00e1s acertado ser\u00eda escribir desinformado, con algunas l\u00edneas le\u00eddas en las redes sociales, teniendo en cuenta que estas conexiones son escogidas y por lo tanto coincidentes con la orientaci\u00f3n de cada cual.<br>&nbsp;En esas condiciones, son muy escasos los elementos para formarse un juicio que permitieron a unos y otros abarcar la profundidad de la propuesta que se les planteaba.<br>Si la voluntad de sancionar al gobierno era fuerte, esta falta de elementos de an\u00e1lisis sirvi\u00f3 para votar contra la opci\u00f3n que era asociada a este.<br>Es con respecto a esta \u00faltima opci\u00f3n que debemos interrogarnos, sabiendo que es en las comunas y regiones donde votan los sectores m\u00e1s desfavorecidos que el rechazo se impone con m\u00e1rgenes consecuentes.<br>Pienso que el factor m\u00e1s importante de este descontento y la p\u00e9rdida de adhesi\u00f3n popular desde la elecci\u00f3n de Boric viene de la dr\u00e1stica aceleraci\u00f3n de la inflaci\u00f3n, cuyas causas objetivas escapan de mucho a la poblaci\u00f3n y de la cual responsabilizan al gobierno.<br>Cabe se\u00f1alar que la p\u00e9rdida de poder de compra no solo no se acompa\u00f1a de reajuste alguno, pero s\u00ed de medidas de restrictivas del gasto y de ausencia de compensaci\u00f3n del deterioro del nivel de vida que los aflige.<br>&nbsp;Viene a sumarse a la situaci\u00f3n de empobrecimiento que perciben, el tratamiento de la cuesti\u00f3n mapuche, la inseguridad que engendra la delincuencia y la llegada masiva de inmigrantes, de la cuales se responsabiliza al gobierno de turno, as\u00ed como algunos desaciertos propios a la falta de preparaci\u00f3n de los nuevos gobernantes.<br>&nbsp;Entre estas \u00faltimas, la m\u00e1s grave es la de haber minimizado las consecuencias del triunfo potencial del rechazo abriendo anticipadamente una alternativa de recambio para adoptar una nueva Constituci\u00f3n.<br>En este contexto de morosidad, nos parece una hip\u00f3tesis explicativa factible y aceptable sostener que el descontento popular de una parte no despreciable de los sectores de bajos ingresos haya primado sobre otras consideraciones y se haya concretizado sumando su voto al rechazo de los sectores reaccionarios.<br>&nbsp;Estos \u00faltimos ideol\u00f3gicamente opuestos al gobierno Boric, s\u00ed ve\u00edan adem\u00e1s en la propuesta de la Convenci\u00f3n la oportunidad que se abr\u00eda para enmendar el rumbo del modelo neoliberal heredado de la dictadura del cual han podido continuar benefici\u00e1ndose, a pesar de los m\u00e1s de treinta a\u00f1os que han transcurridos desde que Pinochet dejo de gobernar.<br>&nbsp;En todo caso preferimos optar por esta opci\u00f3n explicativa que confundirnos en la letan\u00eda de lamentos y el derrotismo que circulan en las redes que frecuentamos la gran mayor\u00eda de aquellos que hemos sido opositores de siempre al pinochetismo y a sus ac\u00f3litos, sin conseguir explicarnos la disidencia de buena parte del voto popular.<br>Cierto es que los tiempos que vienen para nosotros no ser\u00e1n f\u00e1ciles, ya el gobierno est\u00e1 concediendo casi todo lo que la oposici\u00f3n exige para dar paso a la soluci\u00f3n de recambio, es decir una reforma \u201cgatopardista\u201dde la Constituci\u00f3n<br><\/p>\n\n\n\n<p class=\"wp-block-paragraph\"><\/p>\n","protected":false},"excerpt":{"rendered":"<div class=\"mh-excerpt\"><p>\u00bfQUI\u00c9N FUE EL RECHAZADO? Por Claudio Jedlicki Es relativamente conocido, y no s\u00f3lo reservado a expertos, que una consulta por refer\u00e9ndum o plebiscito genera en <a class=\"mh-excerpt-more\" href=\"https:\/\/lekahuin.com\/?p=2628\" title=\"Chile\">[&#8230;]<\/a><\/p>\n<\/div>","protected":false},"author":211878710,"featured_media":0,"comment_status":"open","ping_status":"open","sticky":false,"template":"","format":"standard","meta":{"_coblocks_attr":"","_coblocks_dimensions":"","_coblocks_responsive_height":"","_coblocks_accordion_ie_support":"","_crdt_document":"","advanced_seo_description":"","jetpack_seo_html_title":"","jetpack_seo_noindex":false,"_jetpack_newsletter_access":"","_jetpack_dont_email_post_to_subs":false,"_jetpack_newsletter_tier_id":0,"_jetpack_memberships_contains_paywalled_content":false,"_jetpack_memberships_contains_paid_content":false,"footnotes":"","jetpack_post_was_ever_published":false},"categories":[6325],"tags":[],"class_list":["post-2628","post","type-post","status-publish","format-standard","hentry","category-non-classe"],"jetpack_featured_media_url":"","jetpack_likes_enabled":true,"jetpack_sharing_enabled":true,"jetpack_shortlink":"https:\/\/wp.me\/pdoWOp-Go","jetpack-related-posts":[{"id":2741,"url":"https:\/\/lekahuin.com\/?p=2741","url_meta":{"origin":2628,"position":0},"title":"Chile","author":"Le Kahuin","date":"21 octobre 2022","format":false,"excerpt":"A PROP\u00d3SITO DEL PROYECTO SOBRE EL ABORTO DE UN DIPUTADO DE NOMBRE QUE RIMA CON DIARREA \u201cSi consideramos que el aborto es un asesinato, debemos aceptar que la paja es un genocidio\u201dMahmud Al-Jaluf, \u00a0fil\u00f3sofo persa del siglo XI Cuando un obscuro personaje p\u00fablico y sin mucha envergadura trata de llamar\u2026","rel":"","context":"Dans &quot;Non class\u00e9&quot;","block_context":{"text":"Non class\u00e9","link":"https:\/\/lekahuin.com\/?cat=6325"},"img":{"alt_text":"","src":"https:\/\/i0.wp.com\/lekahuin.com\/wp-content\/uploads\/2022\/10\/cristobal-urruticoechea.jpg?resize=350%2C200&ssl=1","width":350,"height":200},"classes":[]},{"id":16249,"url":"https:\/\/lekahuin.com\/?p=16249","url_meta":{"origin":2628,"position":1},"title":"Cuba &#8211; EEUU &#8211; Genocidio","author":"Le Kahuin","date":"28 f\u00e9vrier 2026","format":false,"excerpt":"EEUU EST\u00c1 AMENAZANDO A CUBA CON UN GENOCIDIO A LARGO PLAZO MEDIANTE EL HAMBRE Y LAS ENFERMEDADES El brutal bloqueo contra Cuba que Estados Unidos mantiene impuesto por el gobierno de J.F: Kennedy y que ahora Donal Trump ha extendido para provocar la asfixia total de la isla no tiene\u2026","rel":"","context":"Dans &quot;INTERNACIONAL&quot;","block_context":{"text":"INTERNACIONAL","link":"https:\/\/lekahuin.com\/?cat=55294248"},"img":{"alt_text":"","src":"https:\/\/i0.wp.com\/lekahuin.com\/wp-content\/uploads\/2026\/02\/francia-no-al-bloqueo.jpg?resize=350%2C200&ssl=1","width":350,"height":200,"srcset":"https:\/\/i0.wp.com\/lekahuin.com\/wp-content\/uploads\/2026\/02\/francia-no-al-bloqueo.jpg?resize=350%2C200&ssl=1 1x, https:\/\/i0.wp.com\/lekahuin.com\/wp-content\/uploads\/2026\/02\/francia-no-al-bloqueo.jpg?resize=525%2C300&ssl=1 1.5x, https:\/\/i0.wp.com\/lekahuin.com\/wp-content\/uploads\/2026\/02\/francia-no-al-bloqueo.jpg?resize=700%2C400&ssl=1 2x, https:\/\/i0.wp.com\/lekahuin.com\/wp-content\/uploads\/2026\/02\/francia-no-al-bloqueo.jpg?resize=1050%2C600&ssl=1 3x"},"classes":[]},{"id":4414,"url":"https:\/\/lekahuin.com\/?p=4414","url_meta":{"origin":2628,"position":2},"title":"Chile Neruda","author":"Le Kahuin","date":"24 f\u00e9vrier 2023","format":false,"excerpt":"NERUDA FUE ENVENENADO Y LA DICTADURA INVENT\u00d3 LA F\u00c1BULA DEL C\u00c1NCER, TAL COMO LA DEL SUICIDIO DE ALLENDE Conferencia de prensa de Manuel Araya y Francisco Mar\u00edn sobre Neruda La versi\u00f3n oficial sobre la muerte de Pablo Neruda, once d\u00edas despu\u00e9s del golpe de Estado de 1973, que se\u00f1alaba se\u2026","rel":"","context":"Dans &quot;Non class\u00e9&quot;","block_context":{"text":"Non class\u00e9","link":"https:\/\/lekahuin.com\/?cat=6325"},"img":{"alt_text":"","src":"https:\/\/i0.wp.com\/lekahuin.com\/wp-content\/uploads\/2023\/02\/Manuel-Araya-y-Francisco-Marin-en-conferencia-de-prensa-sobre-Neruda.jpg?resize=350%2C200&ssl=1","width":350,"height":200,"srcset":"https:\/\/i0.wp.com\/lekahuin.com\/wp-content\/uploads\/2023\/02\/Manuel-Araya-y-Francisco-Marin-en-conferencia-de-prensa-sobre-Neruda.jpg?resize=350%2C200&ssl=1 1x, https:\/\/i0.wp.com\/lekahuin.com\/wp-content\/uploads\/2023\/02\/Manuel-Araya-y-Francisco-Marin-en-conferencia-de-prensa-sobre-Neruda.jpg?resize=525%2C300&ssl=1 1.5x, https:\/\/i0.wp.com\/lekahuin.com\/wp-content\/uploads\/2023\/02\/Manuel-Araya-y-Francisco-Marin-en-conferencia-de-prensa-sobre-Neruda.jpg?resize=700%2C400&ssl=1 2x"},"classes":[]},{"id":3632,"url":"https:\/\/lekahuin.com\/?p=3632","url_meta":{"origin":2628,"position":3},"title":"Chile","author":"Le Kahuin","date":"23 d\u00e9cembre 2022","format":false,"excerpt":"CARABINEROS SE ANOT\u00d3 UN MUERTO M\u00c1S Y EL ESTADO UNA V\u00cdCTIMA M\u00c1S DE SU DESIDIA En octubre de 2019, Patricio Pardo, de 26 a\u00f1os fue herido por cuatro balines que le dispar\u00f3 Carabineros en el rostro, a quemarropa y muri\u00f3 tres a\u00f1os despu\u00e9s, v\u00edctima de esas heridas, que tambi\u00e9n impactaron\u2026","rel":"","context":"Dans &quot;Non class\u00e9&quot;","block_context":{"text":"Non class\u00e9","link":"https:\/\/lekahuin.com\/?cat=6325"},"img":{"alt_text":"","src":"https:\/\/i0.wp.com\/lekahuin.com\/wp-content\/uploads\/2022\/12\/Patricio-Pardo-de-26-anos-se-suicido-1.jpg?resize=350%2C200&ssl=1","width":350,"height":200,"srcset":"https:\/\/i0.wp.com\/lekahuin.com\/wp-content\/uploads\/2022\/12\/Patricio-Pardo-de-26-anos-se-suicido-1.jpg?resize=350%2C200&ssl=1 1x, https:\/\/i0.wp.com\/lekahuin.com\/wp-content\/uploads\/2022\/12\/Patricio-Pardo-de-26-anos-se-suicido-1.jpg?resize=525%2C300&ssl=1 1.5x, https:\/\/i0.wp.com\/lekahuin.com\/wp-content\/uploads\/2022\/12\/Patricio-Pardo-de-26-anos-se-suicido-1.jpg?resize=700%2C400&ssl=1 2x"},"classes":[]},{"id":4232,"url":"https:\/\/lekahuin.com\/?p=4232","url_meta":{"origin":2628,"position":4},"title":"Chile","author":"Le Kahuin","date":"25 janvier 2023","format":false,"excerpt":"LA DERECHA CHILENA EN LA VIA DEL GOLPE \u201cSOFT\u201d FRENTE A UN GOBIERNO CON LOS PANTALONES ABAJO Fiel a sus m\u00e1s arraigadas tradiciones golpistas, la derecha chilena representada por la coalici\u00f3n Chile Vamos manifest\u00f3 claramente, a mediados del mes de enero, sus intenciones de destituir al presidente Boric mediante el\u2026","rel":"","context":"Dans &quot;Non class\u00e9&quot;","block_context":{"text":"Non class\u00e9","link":"https:\/\/lekahuin.com\/?cat=6325"},"img":{"alt_text":"","src":"https:\/\/i0.wp.com\/lekahuin.com\/wp-content\/uploads\/2023\/01\/Guaton-con-los-panta-abajo-portada-1.jpg?resize=350%2C200&ssl=1","width":350,"height":200,"srcset":"https:\/\/i0.wp.com\/lekahuin.com\/wp-content\/uploads\/2023\/01\/Guaton-con-los-panta-abajo-portada-1.jpg?resize=350%2C200&ssl=1 1x, https:\/\/i0.wp.com\/lekahuin.com\/wp-content\/uploads\/2023\/01\/Guaton-con-los-panta-abajo-portada-1.jpg?resize=525%2C300&ssl=1 1.5x, https:\/\/i0.wp.com\/lekahuin.com\/wp-content\/uploads\/2023\/01\/Guaton-con-los-panta-abajo-portada-1.jpg?resize=700%2C400&ssl=1 2x"},"classes":[]},{"id":2353,"url":"https:\/\/lekahuin.com\/?p=2353","url_meta":{"origin":2628,"position":5},"title":"Chile","author":"Le Kahuin","date":"27 juin 2022","format":false,"excerpt":"PRESOS POLITICOS : REPETICION DE ESCENARIO. LA HISTORIA VUELVE A REPETIRSE ... Manifestaci\u00f3n por la libertad de los Presos Pol\u00edticos en 2022. Ya, en octubre de 2020, diputados de Convergencia Social (CS) hab\u00edan presentado un proyecto para indultar a quienes fueron arrestados durante la Revuelta Social. La propuesta hab\u00eda sido\u2026","rel":"","context":"Dans &quot;Non class\u00e9&quot;","block_context":{"text":"Non class\u00e9","link":"https:\/\/lekahuin.com\/?cat=6325"},"img":{"alt_text":"","src":"https:\/\/i0.wp.com\/lekahuin.com\/wp-content\/uploads\/2022\/06\/manif.jpg?resize=350%2C200&ssl=1","width":350,"height":200,"srcset":"https:\/\/i0.wp.com\/lekahuin.com\/wp-content\/uploads\/2022\/06\/manif.jpg?resize=350%2C200&ssl=1 1x, https:\/\/i0.wp.com\/lekahuin.com\/wp-content\/uploads\/2022\/06\/manif.jpg?resize=525%2C300&ssl=1 1.5x, https:\/\/i0.wp.com\/lekahuin.com\/wp-content\/uploads\/2022\/06\/manif.jpg?resize=700%2C400&ssl=1 2x, https:\/\/i0.wp.com\/lekahuin.com\/wp-content\/uploads\/2022\/06\/manif.jpg?resize=1050%2C600&ssl=1 3x, https:\/\/i0.wp.com\/lekahuin.com\/wp-content\/uploads\/2022\/06\/manif.jpg?resize=1400%2C800&ssl=1 4x"},"classes":[]}],"_links":{"self":[{"href":"https:\/\/lekahuin.com\/index.php?rest_route=\/wp\/v2\/posts\/2628","targetHints":{"allow":["GET"]}}],"collection":[{"href":"https:\/\/lekahuin.com\/index.php?rest_route=\/wp\/v2\/posts"}],"about":[{"href":"https:\/\/lekahuin.com\/index.php?rest_route=\/wp\/v2\/types\/post"}],"author":[{"embeddable":true,"href":"https:\/\/lekahuin.com\/index.php?rest_route=\/wp\/v2\/users\/211878710"}],"replies":[{"embeddable":true,"href":"https:\/\/lekahuin.com\/index.php?rest_route=%2Fwp%2Fv2%2Fcomments&post=2628"}],"version-history":[{"count":7,"href":"https:\/\/lekahuin.com\/index.php?rest_route=\/wp\/v2\/posts\/2628\/revisions"}],"predecessor-version":[{"id":2685,"href":"https:\/\/lekahuin.com\/index.php?rest_route=\/wp\/v2\/posts\/2628\/revisions\/2685"}],"wp:attachment":[{"href":"https:\/\/lekahuin.com\/index.php?rest_route=%2Fwp%2Fv2%2Fmedia&parent=2628"}],"wp:term":[{"taxonomy":"category","embeddable":true,"href":"https:\/\/lekahuin.com\/index.php?rest_route=%2Fwp%2Fv2%2Fcategories&post=2628"},{"taxonomy":"post_tag","embeddable":true,"href":"https:\/\/lekahuin.com\/index.php?rest_route=%2Fwp%2Fv2%2Ftags&post=2628"}],"curies":[{"name":"wp","href":"https:\/\/api.w.org\/{rel}","templated":true}]}}