{"id":305,"date":"2021-10-12T01:58:52","date_gmt":"2021-10-11T23:58:52","guid":{"rendered":"https:\/\/lekahuin.com\/?p=305"},"modified":"2021-10-23T01:46:18","modified_gmt":"2021-10-22T23:46:18","slug":"asesinato-de-denise-cortes-activista-de-derechos-humanos","status":"publish","type":"post","link":"https:\/\/lekahuin.com\/?p=305","title":{"rendered":"Muerte de Denisse Cortez."},"content":{"rendered":"\n<h3 class=\"has-text-align-center has-medium-font-size wp-block-heading\">Un montaje m\u00e1s? Muerte premeditada?<\/h3>\n\n\n\n<p class=\"has-text-align-justify wp-block-paragraph\">La muerte de la militante Denisse Cortez, el pasado 10 de octubre, presenta elementos que hacen pensar se trata, una vez m\u00e1s, de un montaje y de un crimen premeditado, en la misma l\u00ednea de los falsos \u201cenfrentamientos\u201d con que la dictadura trat\u00f3 de ocultar los asesinatos de sus opositores.<\/p>\n\n\n\n<p class=\"has-text-align-justify wp-block-paragraph\">El pasado domingo 10 de octubre, en Santiago y durante una marcha por la Resistencia mapuche y la autonom\u00eda de los pueblos, Denisse Cortez, estudiante de tercer a\u00f1o de Derecho y miembro de la organizaci\u00f3n Defensor\u00eda de los DDHH, se encontraba parlamentando con carabineros, cuando recibi\u00f3 un proyectil a la altura del cuello que la dej\u00f3 herida de gravedad.<\/p>\n\n\n\n<p class=\"has-text-align-justify wp-block-paragraph\">Resultado de la herida, poco despu\u00e9s, Denisse falleci\u00f3 en el hospital hasta donde fue trasladada.<\/p>\n\n\n\n<p class=\"has-text-align-justify wp-block-paragraph\">Carabineros apenas si tard\u00f3 en dar a conocer su versi\u00f3n, en el sentido que la militante hab\u00eda sido alcanzada por \u201cfuegos artificiales\u201d lanzados por los propios manifestantes.<\/p>\n\n\n\n<p class=\"has-text-align-justify wp-block-paragraph\">Curiosamente, comenzaron a circular tambi\u00e9n muy r\u00e1pidamente por las redes sociales, las im\u00e1genes de una de las c\u00e1maras que portan los miembros de las fuerzas policiales que, legalmente, son de uso reservado.<\/p>\n\n\n\n<p class=\"has-text-align-justify wp-block-paragraph\">Sin duda pura coincidencia o descuido de alg\u00fan carabinero que, en medio de la tensi\u00f3n la dej\u00f3 por all\u00ed.<\/p>\n\n\n\n<p class=\"has-text-align-justify wp-block-paragraph\">En dichas im\u00e1genes. poco n\u00edtidas, puede verse, en la parte derecha de la pantalla, a Denisse Cortez que se acerca a carabineros con la mano en alto en signo de apaciguamiento. Luego se escucha una corta explosi\u00f3n, como la de un disparo y, delante y en medio de dos carabineros, se percibe la silueta de la militante cuando recibe un muy violento impacto a la altura del cuello.<\/p>\n\n\n\n<p class=\"has-text-align-justify wp-block-paragraph\">Otro v\u00eddeo privado, esta vez captado desde lo alto, muestra en la parte derecha de la pantalla a un polic\u00eda que dispara con un arma lanza proyectiles lacrim\u00f3genos e, inmediatamente despu\u00e9s, en medio de la pantalla, donde se encontraba Denisse delante de dos o tres carabineros, algo como un impacto y despu\u00e9s mucho humo blanco.<\/p>\n\n\n\n<p class=\"has-text-align-justify wp-block-paragraph\">\u201cImpacto de fuegos artificiales que estallaron, producto del calor de una barricada\u2026\u201d, explic\u00f3 el jefe de la Zona Metropolitana de Carabineros, general Enrique Monr\u00e1s. \u201cElemento similar a un fuego artificial\u201d, precis\u00f3 seg\u00fan versi\u00f3n ulterior del Ministerio P\u00fablico.<\/p>\n\n\n\n<p class=\"has-text-align-justify wp-block-paragraph\">\u00bfPor qu\u00e9 tanto empe\u00f1o en presentar, tan burda y reiteradamente, como si se tratara de descartar toda otra explicaci\u00f3n, que la muerte de la militante fue causada \u201cfuegos artificiales\u201d, lanzados por los propios manifestantes?<\/p>\n\n\n\n<p class=\"has-text-align-justify wp-block-paragraph\">\u00bfPor qu\u00e9, las im\u00e1genes de una c\u00e1mara, tradicionalmente de acceso dif\u00edcil incluso para la Justicia y a menudo ocultadas o manipuladas por Carabineros, circularon casi inmediatamente despu\u00e9s por las redes sociales?<\/p>\n\n\n\n<p class=\"has-text-align-justify wp-block-paragraph\">Todas estas interrogantes pendientes nos llevan invariablemente a dudar y a buscar las verdaderas circunstancias de la muerte de Denisse, en un contexto que va mucho m\u00e1s all\u00e1 que el de la manifestaci\u00f3n del 10 de octubre, cual el de los m\u00e9todos empleados para aplastar los movimientos populares, desde la \u00e9poca de Pinochet y como ha sido ahora, en plena \u201cdemocracia.<\/p>\n\n\n\n<p class=\"has-text-align-justify wp-block-paragraph\">\u00bfQui\u00e9n era Denisse Cortez y por qu\u00e9 su muerte ha causado tanta tristeza y tanto impacto?.<\/p>\n\n\n\n<p class=\"has-text-align-justify wp-block-paragraph\">Refiri\u00e9ndose a ella y a sus actividades, la Universidad Academia de Humanismo Cristiano, donde cursaba el tercer a\u00f1o de Derecho, resumi\u00f3 lo que hab\u00eda hecho de ella una l\u00edder, conocida, reconocida y querida por muchos:<\/p>\n\n\n\n<p class=\"has-text-align-justify wp-block-paragraph\">\u201cDestacamos el compromiso social de Denisse y su permanente defensa de los DD.HH., desde distintas brigadas de salud y de defensor\u00eda legal\u201d, expres\u00f3 la UAHC, en un comunicado<\/p>\n\n\n\n<p class=\"has-text-align-justify wp-block-paragraph\">Quiz\u00e1s y desgraciadamente, fue este compromiso el que determin\u00f3 su muerte, al convertirse al parecer en un \u201cobjetivo\u201d que deb\u00eda ser \u201cneutralizado\u201d, tal como lo se\u00f1alan los manuales de contrainsurgencia estadounidense y lo que ense\u00f1an los mercenarios israel\u00edes operando en varios pa\u00edses latinoamericanos.<\/p>\n\n\n\n<p class=\"has-text-align-justify wp-block-paragraph\">\u201cNeutralizar\u201d puede ser el impedimento de la acci\u00f3n de un l\u00edder o de una persona notable, c\u00e9lebre, carism\u00e1tica y con influencia pol\u00edtica, moral o cultural, mediante el soborno, la persecuci\u00f3n, la amenazas el miedo, el acoso, , el hostigamiento y, por \u00faltimo, tambi\u00e9n el asesinato.<\/p>\n\n\n\n<p class=\"has-text-align-justify wp-block-paragraph\">Durante la dictadura de Pinochet, luego de la represi\u00f3n, ciega y generalizada de los primeros tiempos, con el nacimiento de la DINA y luego de la CNI, fue haciendo m\u00e1s estructurada y orientada a \u201cneutralizar\u201d sobre todo a los l\u00edderes y a los oponentes que, por su acci\u00f3n ten\u00edan gran influencia sobre su medio o la masa.<\/p>\n\n\n\n<p class=\"has-text-align-justify wp-block-paragraph\">As\u00ed fueron \u201cneutralizados\u201d Miguel Enr\u00edquez, los hermanos Vergara Toledo, Ra\u00fal Pellegr\u00edn y el propio sacerdote Andr\u00e9 Jarlan.<\/p>\n\n\n\n<p class=\"has-text-align-justify wp-block-paragraph\">Evidentemente, con el retorno de la \u201cdemocracia en la medida de lo posible\u201d y durante los gobiernos de la Concertaci\u00f3n, de la Nueva Mayor\u00eda y con Pi\u00f1era I y II, los nuevos tiempos exigieron nuevas formas, m\u00e1s \u201celegantes\u201d y m\u00e1s discretas que las brutalidades de Pinochet, pero al parecer, sin renunciar al fondo de los m\u00e9todos.<\/p>\n","protected":false},"excerpt":{"rendered":"<div class=\"mh-excerpt\"><p>Un montaje m\u00e1s? Muerte premeditada? La muerte de la militante Denisse Cortez, el pasado 10 de octubre, presenta elementos que hacen pensar se trata, una <a class=\"mh-excerpt-more\" href=\"https:\/\/lekahuin.com\/?p=305\" title=\"Muerte de Denisse Cortez.\">[&#8230;]<\/a><\/p>\n<\/div>","protected":false},"author":211878710,"featured_media":660,"comment_status":"open","ping_status":"open","sticky":false,"template":"","format":"standard","meta":{"_coblocks_attr":"","_coblocks_dimensions":"","_coblocks_responsive_height":"","_coblocks_accordion_ie_support":"","_crdt_document":"","advanced_seo_description":"","jetpack_seo_html_title":"","jetpack_seo_noindex":false,"_jetpack_newsletter_access":"","_jetpack_dont_email_post_to_subs":false,"_jetpack_newsletter_tier_id":0,"_jetpack_memberships_contains_paywalled_content":false,"_jetpack_memberships_contains_paid_content":false,"footnotes":"","jetpack_post_was_ever_published":false},"categories":[6325],"tags":[],"class_list":["post-305","post","type-post","status-publish","format-standard","has-post-thumbnail","hentry","category-non-classe"],"jetpack_featured_media_url":"https:\/\/i0.wp.com\/lekahuin.com\/wp-content\/uploads\/2021\/10\/denisse-245315433_1719487191573418_8973161289611840543_n-1.png?fit=369%2C339&ssl=1","jetpack_likes_enabled":true,"jetpack_sharing_enabled":true,"jetpack_shortlink":"https:\/\/wp.me\/pdoWOp-4V","jetpack-related-posts":[{"id":15402,"url":"https:\/\/lekahuin.com\/?p=15402","url_meta":{"origin":305,"position":0},"title":"Chile &#8211; Corrupci\u00f3n","author":"Le Kahuin","date":"30 novembre 2025","format":false,"excerpt":"DENUNCIAR CORRUPCI\u00d3N DE LAS AUTORIDADES\u00a0PUEDE PROVOCAR UN EDEMA PULMONAR FATAL En la historia mundial de la Medicina y de los descubrimientos en el marco de esta ciencia, seguramente quedar\u00e1 establecida la relaci\u00f3n directa entre el hecho de denunciar la corrupci\u00f3n de las autoridades y el edema pulmonar, con resultado final\u2026","rel":"","context":"Dans &quot;CHILE&quot;","block_context":{"text":"CHILE","link":"https:\/\/lekahuin.com\/?cat=55294247"},"img":{"alt_text":"","src":"https:\/\/i0.wp.com\/lekahuin.com\/wp-content\/uploads\/2025\/11\/Miguel-Angel-Toledo-2.jpg?resize=350%2C200&ssl=1","width":350,"height":200,"srcset":"https:\/\/i0.wp.com\/lekahuin.com\/wp-content\/uploads\/2025\/11\/Miguel-Angel-Toledo-2.jpg?resize=350%2C200&ssl=1 1x, https:\/\/i0.wp.com\/lekahuin.com\/wp-content\/uploads\/2025\/11\/Miguel-Angel-Toledo-2.jpg?resize=525%2C300&ssl=1 1.5x"},"classes":[]},{"id":4780,"url":"https:\/\/lekahuin.com\/?p=4780","url_meta":{"origin":305,"position":1},"title":"Chile &#8211; Justicia","author":"Le Kahuin","date":"25 mars 2023","format":false,"excerpt":"CORTE SUPREMA CONDENA A 59 EX AGENTES DE LA DINA \u00bfY LOS COMPLICES E INSTIGADORES CIVILES, CU\u00c1NDO? Casi cincuenta a\u00f1os despu\u00e9s, la justicia aplicada en la medida de lo posible dio un importante paso y envi\u00f3 (por fin) a prisi\u00f3n a 59 ex agentes de la polic\u00eda secreta de Pinochet,\u2026","rel":"","context":"Dans &quot;Non class\u00e9&quot;","block_context":{"text":"Non class\u00e9","link":"https:\/\/lekahuin.com\/?cat=6325"},"img":{"alt_text":"","src":"https:\/\/i0.wp.com\/lekahuin.com\/wp-content\/uploads\/2023\/03\/chile-suprema-59-condenas.jpg?resize=350%2C200&ssl=1","width":350,"height":200,"srcset":"https:\/\/i0.wp.com\/lekahuin.com\/wp-content\/uploads\/2023\/03\/chile-suprema-59-condenas.jpg?resize=350%2C200&ssl=1 1x, https:\/\/i0.wp.com\/lekahuin.com\/wp-content\/uploads\/2023\/03\/chile-suprema-59-condenas.jpg?resize=525%2C300&ssl=1 1.5x, https:\/\/i0.wp.com\/lekahuin.com\/wp-content\/uploads\/2023\/03\/chile-suprema-59-condenas.jpg?resize=700%2C400&ssl=1 2x"},"classes":[]},{"id":9886,"url":"https:\/\/lekahuin.com\/?p=9886","url_meta":{"origin":305,"position":2},"title":"Chile &#8211; Carabineros","author":"Le Kahuin","date":"24 mai 2024","format":false,"excerpt":"A FALTA DE PISTAS EN MUERTE DE TRES CARABINEROS SURGEN HIP\u00d3TESIS MALINTENCIONADAS Peritaje del veh\u00edculo en que se desplazaban los tres carabineros Transcurrido un mes desde la violenta muerte de tres carabineros en la localidad de Ca\u00f1ete, al sur de Chile, poco o nada se sab\u00eda sobre los avances de\u2026","rel":"","context":"Dans &quot;Non class\u00e9&quot;","block_context":{"text":"Non class\u00e9","link":"https:\/\/lekahuin.com\/?cat=6325"},"img":{"alt_text":"","src":"https:\/\/i0.wp.com\/lekahuin.com\/wp-content\/uploads\/2024\/05\/tres-carabineros-crimen.webp?resize=350%2C200&ssl=1","width":350,"height":200,"srcset":"https:\/\/i0.wp.com\/lekahuin.com\/wp-content\/uploads\/2024\/05\/tres-carabineros-crimen.webp?resize=350%2C200&ssl=1 1x, https:\/\/i0.wp.com\/lekahuin.com\/wp-content\/uploads\/2024\/05\/tres-carabineros-crimen.webp?resize=525%2C300&ssl=1 1.5x"},"classes":[]},{"id":3000,"url":"https:\/\/lekahuin.com\/?p=3000","url_meta":{"origin":305,"position":3},"title":"Chile","author":"Le Kahuin","date":"24 novembre 2022","format":false,"excerpt":"JUAN EMILIO CHEYRE, REGAL\u00d3N DE LA CONCERTACI\u00d3N, PROCESADO POR ENCUBRIR CRIMENES DE LESA HUMANIDAD Y POR MALVERSACION DE FONDOS PUBLICOS El ex general Juan Emilio Cheyre y el ex Presidente Ricardo Lagos esforzados cateadores de vinos ... Cheyre , se encuentra condenado por violaciones a los Derechos Humanos y hoy\u2026","rel":"","context":"Dans &quot;Non class\u00e9&quot;","block_context":{"text":"Non class\u00e9","link":"https:\/\/lekahuin.com\/?cat=6325"},"img":{"alt_text":"","src":"https:\/\/i0.wp.com\/lekahuin.com\/wp-content\/uploads\/2022\/11\/cheyre-lagos.jpg?resize=350%2C200&ssl=1","width":350,"height":200,"srcset":"https:\/\/i0.wp.com\/lekahuin.com\/wp-content\/uploads\/2022\/11\/cheyre-lagos.jpg?resize=350%2C200&ssl=1 1x, https:\/\/i0.wp.com\/lekahuin.com\/wp-content\/uploads\/2022\/11\/cheyre-lagos.jpg?resize=525%2C300&ssl=1 1.5x"},"classes":[]},{"id":11113,"url":"https:\/\/lekahuin.com\/?p=11113","url_meta":{"origin":305,"position":4},"title":"Chile &#8211; \u00ab\u00a0Justicia\u00a0\u00bb","author":"Le Kahuin","date":"25 septembre 2024","format":false,"excerpt":"EN CHILE, UNA JUSTICIA CIEGA E IMPARCIAL, PERO CON MUCHOS LAZARILLOS BIEN RECOMPENSADOS En un pa\u00eds civilizado y democr\u00e1tico, como se supone que es Chile, las decisiones y veredictos de la Honorable Corte Suprema son definitivos y no cabe ninguna posibilidad de cuestionarlos legalmente.Dicho en otras palabras y vaya s\u00f3lo\u2026","rel":"","context":"Dans &quot;CHILE&quot;","block_context":{"text":"CHILE","link":"https:\/\/lekahuin.com\/?cat=55294247"},"img":{"alt_text":"","src":"https:\/\/i0.wp.com\/lekahuin.com\/wp-content\/uploads\/2024\/09\/Portada-LA-JUSTICIA-CHILENA-1.jpg?resize=350%2C200&ssl=1","width":350,"height":200,"srcset":"https:\/\/i0.wp.com\/lekahuin.com\/wp-content\/uploads\/2024\/09\/Portada-LA-JUSTICIA-CHILENA-1.jpg?resize=350%2C200&ssl=1 1x, https:\/\/i0.wp.com\/lekahuin.com\/wp-content\/uploads\/2024\/09\/Portada-LA-JUSTICIA-CHILENA-1.jpg?resize=525%2C300&ssl=1 1.5x, https:\/\/i0.wp.com\/lekahuin.com\/wp-content\/uploads\/2024\/09\/Portada-LA-JUSTICIA-CHILENA-1.jpg?resize=700%2C400&ssl=1 2x, https:\/\/i0.wp.com\/lekahuin.com\/wp-content\/uploads\/2024\/09\/Portada-LA-JUSTICIA-CHILENA-1.jpg?resize=1050%2C600&ssl=1 3x, https:\/\/i0.wp.com\/lekahuin.com\/wp-content\/uploads\/2024\/09\/Portada-LA-JUSTICIA-CHILENA-1.jpg?resize=1400%2C800&ssl=1 4x"},"classes":[]},{"id":1325,"url":"https:\/\/lekahuin.com\/?p=1325","url_meta":{"origin":305,"position":5},"title":"Marta Ugarte","author":"Le Kahuin","date":"17 d\u00e9cembre 2021","format":false,"excerpt":"CONDENAN A ASESINOS DE MARTA UGARTE: COMPLICES DE LA PRENSA SIGUEN IMPUNES Cuarenta y cinco a\u00f1os despu\u00e9s del asesinato de la dirigente comunista Marta Ugarte, la Corte Suprema de Chile rechaz\u00f3 todos los recursos y confirm\u00f3 la sentencia que conden\u00f3 a 18 agentes del Estado por este crimen. Los dieciocho\u2026","rel":"","context":"Dans &quot;Non class\u00e9&quot;","block_context":{"text":"Non class\u00e9","link":"https:\/\/lekahuin.com\/?cat=6325"},"img":{"alt_text":"","src":"https:\/\/i0.wp.com\/lekahuin.com\/wp-content\/uploads\/2021\/12\/bestian-crimen-de-marta-ugarte.jpg?resize=350%2C200&ssl=1","width":350,"height":200},"classes":[]}],"_links":{"self":[{"href":"https:\/\/lekahuin.com\/index.php?rest_route=\/wp\/v2\/posts\/305","targetHints":{"allow":["GET"]}}],"collection":[{"href":"https:\/\/lekahuin.com\/index.php?rest_route=\/wp\/v2\/posts"}],"about":[{"href":"https:\/\/lekahuin.com\/index.php?rest_route=\/wp\/v2\/types\/post"}],"author":[{"embeddable":true,"href":"https:\/\/lekahuin.com\/index.php?rest_route=\/wp\/v2\/users\/211878710"}],"replies":[{"embeddable":true,"href":"https:\/\/lekahuin.com\/index.php?rest_route=%2Fwp%2Fv2%2Fcomments&post=305"}],"version-history":[{"count":23,"href":"https:\/\/lekahuin.com\/index.php?rest_route=\/wp\/v2\/posts\/305\/revisions"}],"predecessor-version":[{"id":947,"href":"https:\/\/lekahuin.com\/index.php?rest_route=\/wp\/v2\/posts\/305\/revisions\/947"}],"wp:featuredmedia":[{"embeddable":true,"href":"https:\/\/lekahuin.com\/index.php?rest_route=\/wp\/v2\/media\/660"}],"wp:attachment":[{"href":"https:\/\/lekahuin.com\/index.php?rest_route=%2Fwp%2Fv2%2Fmedia&parent=305"}],"wp:term":[{"taxonomy":"category","embeddable":true,"href":"https:\/\/lekahuin.com\/index.php?rest_route=%2Fwp%2Fv2%2Fcategories&post=305"},{"taxonomy":"post_tag","embeddable":true,"href":"https:\/\/lekahuin.com\/index.php?rest_route=%2Fwp%2Fv2%2Ftags&post=305"}],"curies":[{"name":"wp","href":"https:\/\/api.w.org\/{rel}","templated":true}]}}