{"id":3995,"date":"2023-01-24T00:15:47","date_gmt":"2023-01-23T23:15:47","guid":{"rendered":"https:\/\/lekahuin.com\/?p=3995"},"modified":"2023-01-24T23:37:01","modified_gmt":"2023-01-24T22:37:01","slug":"chile-36","status":"publish","type":"post","link":"https:\/\/lekahuin.com\/?p=3995","title":{"rendered":"Chile."},"content":{"rendered":"\n<h2 class=\"wp-block-heading has-text-align-center\"><strong><strong>EL NARCOTR\u00c1FICO Y EL CRIMEN ORGANIZADO, ABONADOS POR LA DICTADURA DE PINOCHET Y LA ECONOMIA ULTRALIBERAL<\/strong><\/strong><\/h2>\n\n\n\n<p class=\"has-text-align-center wp-block-paragraph\"><strong>por SERGIO ZAMORA<\/strong><\/p>\n\n\n<div class=\"wp-block-image\">\n<figure class=\"aligncenter size-full\"><img data-recalc-dims=\"1\" decoding=\"async\" data-attachment-id=\"4163\" data-permalink=\"https:\/\/lekahuin.com\/?attachment_id=4163\" data-orig-file=\"https:\/\/i0.wp.com\/lekahuin.com\/wp-content\/uploads\/2023\/01\/la-delgada-linea-blanca-1-e1674778901953.jpg?fit=362%2C250&amp;ssl=1\" data-orig-size=\"362,250\" data-comments-opened=\"1\" data-image-meta=\"{&quot;aperture&quot;:&quot;0&quot;,&quot;credit&quot;:&quot;chagoz&quot;,&quot;camera&quot;:&quot;&quot;,&quot;caption&quot;:&quot;&quot;,&quot;created_timestamp&quot;:&quot;1674526494&quot;,&quot;copyright&quot;:&quot;&quot;,&quot;focal_length&quot;:&quot;0&quot;,&quot;iso&quot;:&quot;0&quot;,&quot;shutter_speed&quot;:&quot;0&quot;,&quot;title&quot;:&quot;&quot;,&quot;orientation&quot;:&quot;0&quot;}\" data-image-title=\"la-delgada-linea-blanca-1\" data-image-description=\"\" data-image-caption=\"\" data-large-file=\"https:\/\/i0.wp.com\/lekahuin.com\/wp-content\/uploads\/2023\/01\/la-delgada-linea-blanca-1-e1674778901953.jpg?fit=362%2C250&amp;ssl=1\" src=\"https:\/\/i0.wp.com\/lekahuin.com\/wp-content\/uploads\/2023\/01\/la-delgada-linea-blanca-1.jpg?ssl=1\" alt=\"\" class=\"wp-image-4163\"\/><\/figure>\n<\/div>\n\n\n<p class=\"has-text-align-justify wp-block-paragraph\" style=\"font-size:16px\">Dos libros de hace ya m\u00e1s de una d\u00e9cada podr\u00edan ser considerados entre los primeros en denunciar la instalaci\u00f3n en Chile del crimen organizado internacional, primero al amparo del narcotr\u00e1fico creado por la Dictadura y luego bajo el amparo del sistema econ\u00f3mico ultraliberal instaurado en el pa\u00eds.<br>El libro <strong><em><strong>La delgada l\u00ednea blanca<\/strong><\/em><\/strong>, de Rodrigo de Castro y Juan Gasparini, entrega detalles sobre la participaci\u00f3n de Chile en la gran red del narcotr\u00e1fico, iniciada en el periodo de la dictadura de Pinochet y que habr\u00eda sido la obra de su brazo derecho, el entonces jefe de la DINA, Manuel Contreras.<br>Esto habr\u00eda obedecido a la necesidad de obtener el dinero necesario para poder impulsar las diferentes actividades clandestina de la DINA, y consolidar as\u00ed el poder de Pinochet.<br>Ya en la segunda mitad de los a\u00f1os setenta, las agencias antinarc\u00f3ticos de los Estado Unidos contaban con una serie de antecedentes que involucraban a la inteligencia militar chilena con el narcotr\u00e1fico internacional.<br>A partir de 1977 funcionarios del gobierno de James Carter, presionaron al r\u00e9gimen de Pinochet para que terminara con las actividades de la DINA, responsable del asesinato de Orlando Letelier en Washington.<br>El agente de la DINA Michael Townley sindicado como el autor material del atentado se apoy\u00f3 en la estructura de esta y adem\u00e1s cont\u00f3 con la ayuda de cubanos anticastristas que estaban coludidos con el narcotr\u00e1fico.<br>Esto fue fue descubierto, pero no investigado por el FBI, porque seg\u00fan el organismo federal estadounidense, \u201ca pesar de que cuando comenzaron a investigar ve\u00edan droga por todos lados, lo que les interesaba era \u201ccapturar a los asesinos de Letelier\u201d.<br>La participaci\u00f3n en negocios de uno de los hijos de Pinochet, Marco Antonio, con un conocido narcotraficante, Yamal Edgardo Bathich Villarroel, hace pensar sin grandes dudas que el propio Pinochet estaba al corriente del negocio de la droga en Chile.<br>Cierto es que la actitud de los Estados Unidos facilit\u00f3 la proliferaci\u00f3n de redes de narcotr\u00e1fico, al desarrollar sus propias redes ilegales con el fin de aportar armas a la guerrilla de los \u201ccontras\u201d antisandinistas o al Ir\u00e1n e Irak en los a\u00f1os ochenta.<br>Muchas veces, el transporte de armas coincid\u00eda con el transporte de drogas. En lo referido a las armas, De Castro afirma que \u201cLa producci\u00f3n b\u00e9lica de Cardoen en Chile y en el extranjero destinada a Irak estuvo siempre piloteada por los servicios secretos norteamericanos durante los a\u00f1os ochenta. Y, adem\u00e1s, Cardoen gozaba tambi\u00e9n de la protecci\u00f3n de la c\u00fapula militar chilena y de la CNI.\u201d<br>En lo referido a las drogas, el cap\u00edtulo que De Castro dedica al narcotraficante chileno Yamal Edgardo Bathich Villarroel explica mejor que todo otro ejemplo las ramificaciones, y el poder, de la droga.<br>&nbsp;En un momento el veh\u00edculo de Bathich estaba siendo seguido secretamente por un autom\u00f3vil de Carabineros, cuando la intervenci\u00f3n telef\u00f3nica de los investigadores judiciales capta el siguiente mensaje recibido por este en su celular: \u201c<strong><em><strong><em>Un Toyota Tercel 1996, patente DS 2479 lo est\u00e1 siguiendo\u201d<\/em><\/strong><\/em><\/strong>.<br>Despu\u00e9s de ese llamado, Bathich, sin sospechar que su tel\u00e9fono m\u00f3vil estaba intervenido llam\u00f3 inmediatamente a un numero de la Direcci\u00f3n de <strong>Inteligencia del Ejercito de Chile (DINE<\/strong>): para se\u00f1alar el hecho<strong>&nbsp;<\/strong>y exigir se identificase el veh\u00edculo..<br>Minutos mas tarde lleg\u00f3 la respuesta: el autom\u00f3vil corresponde a un veh\u00edculo de Carabineros de Chile. Sin perder un segundo Bathich llam\u00f3 a un coronel de la instituci\u00f3n policial.<br>\u00bf<strong>\u201cPorque mierda me est\u00e1n siguiendo\u201d?<\/strong>. El coronel respondi\u00f3 no estar al tanto pero que har\u00eda lo necesario por saberlo, pero no sin advertir que: \u201c<strong>Ten presente que esto nos costar\u00e1 mucho dinero<\/strong>\u201d. <strong>\u201cNo importa. Aver\u00edgualo ahora mismo\u201d.<\/strong>&nbsp;Respondi\u00f3 Bathich.<br>Acto seguido, Bathich llam\u00f3 a Gloria Olivares, jueza de la Corte de Apelaciones de Santiago, iniciando el siguiente di\u00e1logo: \u201c\u00bfGlorita te despierto?\u201d\u2026 \u201cNo quiero molestarte, pero en estos momentos me est\u00e1 siguiendo un auto de Carabineros. Deben contar con una orden judicial de alg\u00fan juzgado de Santiago. \u00bfPuedes tenerme algo para ma\u00f1ana? \u00a1Hay que pararlos!\u201d<br>Muestra m\u00e1s que elocuente de la colusi\u00f3n de un criminal de la droga, con &nbsp;de la Direcci\u00f3n de Inteligencia del Ej\u00e9rcito de Chile (DINE), con un alto oficial de Carabineros y con una jueza!<br>El libro de Manuel Salazar, <strong><em><strong>Conexiones mafiosas-El crimen organizado a las puertas de Chile<\/strong><\/em><\/strong>, Editorial Mare Nostrum, Chile, 2008, permite completar la lectura de la <em>Delgada l\u00ednea blanca-Narcoterrorismo en Chile y Argentina<\/em>&nbsp;de Rodrigo de Castro y Juan Gasparini.<br>Es un amplio panorama del crimen organizado a nivel mundial. Un mundo de violencia, de corrupci\u00f3n, en donde si la droga juega un rol preponderante, se acompa\u00f1a de otros cr\u00edmenes como el secuestro de menores para el tr\u00e1fico de \u00f3rganos, desv\u00edo de la ayuda humanitaria o venta de tecnolog\u00edas nucleares.<br>Los 24 cap\u00edtulos del libro permiten echar una mirada a la mafia \u00edtalo americana, a los carteles colombianos, a las triadas chinas, a la droga en Bolivia, en M\u00e9xico e incluso en el Vaticano.<br>En el cap\u00edtulo 2, <em>A las puertas del Vaticano<\/em>, se describe brevemente la colusi\u00f3n de la mafia italoamericana, la logia mas\u00f3nica P2 (Propaganda 2), la CIA, el Partido Dem\u00f3crata Cristiano de Italia, y varios de los encumbrados habitantes del Vaticano.<br>Nos permite darnos cuenta del rol jugado por la logia mas\u00f3nica P2 creada por Licio Gelli, creada para oponerse a la influencia del Partido Comunista Italiano y su concomitancia con la \u201cOperaci\u00f3n Gladio\u201d.<br>Este fue un plan de la CIA para impedir la expansi\u00f3n del comunismo en Europa, dirigido por el general Alexander Haig, antiguo comandante en jefe de la OTAN.<br>Gladio forj\u00f3 acuerdo entre la mafia y ciertos funcionarios de la curia vaticana, reclut\u00f3 a neofascistas para atentados que se atribu\u00edan a la izquierda y reparti\u00f3 millones de liras entre los partidos pol\u00edticos y la prensa.<br>&nbsp;Este cap\u00edtulo permite comprender la debacle del banco Ambrosiano, vinculado al Vaticano, y el suicidio de su director, Roberto Calvi, quien apareci\u00f3 colgado en un puente de Londres.<br>En lo relativo a Chile, el cap\u00edtulo 3, <em>V\u00ednculos y protecci\u00f3n en Chile<\/em>&nbsp;nos permite constatar la presencia de la droga en diferentes \u00e9pocas y la colusi\u00f3n de jueces con narcotraficantes.<br>Tal es el caso de magistrados de la Corte de Apelaciones de Iquique, quienes, en septiembre de 1973, aludiendo sumarios de guerra, permitieron el asesinato de varios funcionarios de Aduanas y de un abogado procurador del Consejo de Defensa del Estado (CDE).<br>Los funcionarios de Aduana y el abogado hab\u00edan acumulado amplios antecedentes que compromet\u00edan a varios magistrados y empresarios locales en las redes de la coca\u00edna.<br>Los investigadores aduaneros Juan Calder\u00f3n Villal\u00f3n y Marios Morris m\u00e1s otros tres fueron fusilados en el centro de detenci\u00f3n de Pisagua, pese a los esfuerzos de los abogados del CDE e incluso de algunos agentes antidrogas de EEUU que estaban en Chile.<\/p>\n","protected":false},"excerpt":{"rendered":"<div class=\"mh-excerpt\"><p>EL NARCOTR\u00c1FICO Y EL CRIMEN ORGANIZADO, ABONADOS POR LA DICTADURA DE PINOCHET Y LA ECONOMIA ULTRALIBERAL por SERGIO ZAMORA Dos libros de hace ya m\u00e1s <a class=\"mh-excerpt-more\" href=\"https:\/\/lekahuin.com\/?p=3995\" title=\"Chile.\">[&#8230;]<\/a><\/p>\n<\/div>","protected":false},"author":211878710,"featured_media":0,"comment_status":"open","ping_status":"open","sticky":false,"template":"","format":"standard","meta":{"_coblocks_attr":"","_coblocks_dimensions":"","_coblocks_responsive_height":"","_coblocks_accordion_ie_support":"","_crdt_document":"","advanced_seo_description":"","jetpack_seo_html_title":"","jetpack_seo_noindex":false,"_jetpack_newsletter_access":"","_jetpack_dont_email_post_to_subs":false,"_jetpack_newsletter_tier_id":0,"_jetpack_memberships_contains_paywalled_content":false,"_jetpack_memberships_contains_paid_content":false,"footnotes":"","jetpack_post_was_ever_published":false},"categories":[6325],"tags":[],"class_list":["post-3995","post","type-post","status-publish","format-standard","hentry","category-non-classe"],"jetpack_featured_media_url":"","jetpack_likes_enabled":true,"jetpack_sharing_enabled":true,"jetpack_shortlink":"https:\/\/wp.me\/pdoWOp-12r","jetpack-related-posts":[{"id":9431,"url":"https:\/\/lekahuin.com\/?p=9431","url_meta":{"origin":3995,"position":0},"title":"Chile &#8211; Redol\u00e9s","author":"Le Kahuin","date":"18 avril 2024","format":false,"excerpt":"LA MADRE DEL CORDERO Por Mauricio Redol\u00e9s. Poeta y Cantautor Parece ser, por el tono de los noticieros de televisi\u00f3n, que por fin se ha llegado a descubrir \"la madre del cordero\", o sea, el origen de todos los males en que est\u00e1 enraizado el as\u00ed llamado \"Problema de Seguridad\"\u2026","rel":"","context":"Dans &quot;CHILE&quot;","block_context":{"text":"CHILE","link":"https:\/\/lekahuin.com\/?cat=55294247"},"img":{"alt_text":"","src":"https:\/\/i0.wp.com\/lekahuin.com\/wp-content\/uploads\/2024\/04\/lovalledor2-1.png?resize=350%2C200&ssl=1","width":350,"height":200},"classes":[]},{"id":13874,"url":"https:\/\/lekahuin.com\/?p=13874","url_meta":{"origin":3995,"position":1},"title":"Chile &#8211; Olor a banana","author":"Le Kahuin","date":"25 juillet 2025","format":false,"excerpt":"CHILE: TRANSICION A UNA REPUBLICA BANANERA - II En el art\u00edculo\u00a0anterior comenzamos\u00a0a ver los elementos que hacen pensar en la deriva de lo que deb\u00eda ser la \u00a0\u00ab\u00a0copia feliz del Ed\u00e9n\u00bb para convertirse en una Rep\u00fablica Bananera. Hoy, abordamos otros aspectos.Una rep\u00fablica bananera hace referencia a un pa\u00eds peque\u00f1o, subdesarrollado,\u2026","rel":"","context":"Dans &quot;CHILE&quot;","block_context":{"text":"CHILE","link":"https:\/\/lekahuin.com\/?cat=55294247"},"img":{"alt_text":"","src":"https:\/\/i0.wp.com\/lekahuin.com\/wp-content\/uploads\/2025\/07\/chile-bananero.webp?resize=350%2C200&ssl=1","width":350,"height":200,"srcset":"https:\/\/i0.wp.com\/lekahuin.com\/wp-content\/uploads\/2025\/07\/chile-bananero.webp?resize=350%2C200&ssl=1 1x, https:\/\/i0.wp.com\/lekahuin.com\/wp-content\/uploads\/2025\/07\/chile-bananero.webp?resize=525%2C300&ssl=1 1.5x"},"classes":[]},{"id":2758,"url":"https:\/\/lekahuin.com\/?p=2758","url_meta":{"origin":3995,"position":2},"title":"Chile","author":"Le Kahuin","date":"21 octobre 2022","format":false,"excerpt":"DINERO EN UN SACO ROTO ES AUMENTO DE PRESUPUESTO PARA CARABINEROS,\u00a0SIN AL MENOS UNA M\u00cdNIMA REFORMA A principios de octubre, nuestro querido, amado, joven \u00a0y amarillo presidente anunci\u00f3 \u00a0por cadena nacional para el pr\u00f3ximo a\u00f1o, un aumento de 164 mil millones de pesos \u00a0(+4,4%) para la r\u00fabrica Orden P\u00fablico y\u2026","rel":"","context":"Dans &quot;Non class\u00e9&quot;","block_context":{"text":"Non class\u00e9","link":"https:\/\/lekahuin.com\/?cat=6325"},"img":{"alt_text":"","src":"","width":0,"height":0},"classes":[]},{"id":12714,"url":"https:\/\/lekahuin.com\/?p=12714","url_meta":{"origin":3995,"position":3},"title":"Chile &#8211; Corrupci\u00f3n &#8211; Senado","author":"Le Kahuin","date":"23 mars 2025","format":false,"excerpt":"\u201cLOS SENADORES EST\u00c1N RECIBIENDO PLATAS NEGRAS\u2026 EST\u00c1N ATERRADOS\u2026 NO QUIEREN QUE LOS PILLEN\u201d La Sala del Senado, con votos de la derecha, rechaz\u00f3 que la Fiscal\u00eda pueda levantar el secreto bancario de organizaciones criminales sin tener que pedir una autorizaci\u00f3n judicial. Una grave y muy bien fundamentada acusaci\u00f3n de corrupci\u00f3n\u2026","rel":"","context":"Dans &quot;CHILE&quot;","block_context":{"text":"CHILE","link":"https:\/\/lekahuin.com\/?cat=55294247"},"img":{"alt_text":"","src":"https:\/\/i0.wp.com\/lekahuin.com\/wp-content\/uploads\/2025\/03\/senado-chile.jpg?resize=350%2C200&ssl=1","width":350,"height":200},"classes":[]},{"id":8412,"url":"https:\/\/lekahuin.com\/?p=8412","url_meta":{"origin":3995,"position":4},"title":"Internacional &#8211; Ecuador","author":"Le Kahuin","date":"26 janvier 2024","format":false,"excerpt":"EL DESARROLLO DEL CRIMEN ORGANIZADO Y DEL NARCOTR\u00c1FICO BAJO EL ALA PROTECTORA DEL SISTEMA NEOLIBERAL Despu\u00e9s del asalto y la ocupaci\u00f3n de los estudios, de un canal de televisi\u00f3n en Guayaquil, puerto principal del Ecuador, el 6 de enero y, pocos d\u00edas despu\u00e9s, el asesinato del fiscal encargado de la\u2026","rel":"","context":"Dans &quot;INTERNACIONAL&quot;","block_context":{"text":"INTERNACIONAL","link":"https:\/\/lekahuin.com\/?cat=55294248"},"img":{"alt_text":"","src":"https:\/\/i0.wp.com\/lekahuin.com\/wp-content\/uploads\/2024\/01\/ecuador-toma-TV.png?resize=350%2C200&ssl=1","width":350,"height":200,"srcset":"https:\/\/i0.wp.com\/lekahuin.com\/wp-content\/uploads\/2024\/01\/ecuador-toma-TV.png?resize=350%2C200&ssl=1 1x, https:\/\/i0.wp.com\/lekahuin.com\/wp-content\/uploads\/2024\/01\/ecuador-toma-TV.png?resize=525%2C300&ssl=1 1.5x, https:\/\/i0.wp.com\/lekahuin.com\/wp-content\/uploads\/2024\/01\/ecuador-toma-TV.png?resize=700%2C400&ssl=1 2x"},"classes":[]},{"id":4194,"url":"https:\/\/lekahuin.com\/?p=4194","url_meta":{"origin":3995,"position":5},"title":"Chile","author":"Le Kahuin","date":"25 janvier 2023","format":false,"excerpt":"\u00bfQU\u00c9 HAR\u00cdAMOS SI TUVI\u00c9SEMOS UNA PEL\u00cdCULA FILMADA, POR EJEMPLO,\u00a0DURANTE LA BATALLA DE MAIP\u00da O LA PRIMERA JUNTA DE GOBIERNO? Foto publicada por The Clinic Hagamos un esfuerzo mental e imaginemos que (es un ejemplo), en tiempos de la primera Junta Nacional de gobierno o de la batalla de Maip\u00fa, hubiese\u2026","rel":"","context":"Dans &quot;Non class\u00e9&quot;","block_context":{"text":"Non class\u00e9","link":"https:\/\/lekahuin.com\/?cat=6325"},"img":{"alt_text":"","src":"https:\/\/i0.wp.com\/lekahuin.com\/wp-content\/uploads\/2023\/01\/pablo-salas-3.jpg?resize=350%2C200&ssl=1","width":350,"height":200,"srcset":"https:\/\/i0.wp.com\/lekahuin.com\/wp-content\/uploads\/2023\/01\/pablo-salas-3.jpg?resize=350%2C200&ssl=1 1x, https:\/\/i0.wp.com\/lekahuin.com\/wp-content\/uploads\/2023\/01\/pablo-salas-3.jpg?resize=525%2C300&ssl=1 1.5x, https:\/\/i0.wp.com\/lekahuin.com\/wp-content\/uploads\/2023\/01\/pablo-salas-3.jpg?resize=700%2C400&ssl=1 2x"},"classes":[]}],"_links":{"self":[{"href":"https:\/\/lekahuin.com\/index.php?rest_route=\/wp\/v2\/posts\/3995","targetHints":{"allow":["GET"]}}],"collection":[{"href":"https:\/\/lekahuin.com\/index.php?rest_route=\/wp\/v2\/posts"}],"about":[{"href":"https:\/\/lekahuin.com\/index.php?rest_route=\/wp\/v2\/types\/post"}],"author":[{"embeddable":true,"href":"https:\/\/lekahuin.com\/index.php?rest_route=\/wp\/v2\/users\/211878710"}],"replies":[{"embeddable":true,"href":"https:\/\/lekahuin.com\/index.php?rest_route=%2Fwp%2Fv2%2Fcomments&post=3995"}],"version-history":[{"count":5,"href":"https:\/\/lekahuin.com\/index.php?rest_route=\/wp\/v2\/posts\/3995\/revisions"}],"predecessor-version":[{"id":4165,"href":"https:\/\/lekahuin.com\/index.php?rest_route=\/wp\/v2\/posts\/3995\/revisions\/4165"}],"wp:attachment":[{"href":"https:\/\/lekahuin.com\/index.php?rest_route=%2Fwp%2Fv2%2Fmedia&parent=3995"}],"wp:term":[{"taxonomy":"category","embeddable":true,"href":"https:\/\/lekahuin.com\/index.php?rest_route=%2Fwp%2Fv2%2Fcategories&post=3995"},{"taxonomy":"post_tag","embeddable":true,"href":"https:\/\/lekahuin.com\/index.php?rest_route=%2Fwp%2Fv2%2Ftags&post=3995"}],"curies":[{"name":"wp","href":"https:\/\/api.w.org\/{rel}","templated":true}]}}