{"id":5118,"date":"2023-04-25T00:21:57","date_gmt":"2023-04-24T22:21:57","guid":{"rendered":"https:\/\/lekahuin.com\/?p=5118"},"modified":"2023-04-25T12:40:24","modified_gmt":"2023-04-25T10:40:24","slug":"internacional-francia-2","status":"publish","type":"post","link":"https:\/\/lekahuin.com\/?p=5118","title":{"rendered":"Internacional &#8211; Francia"},"content":{"rendered":"\n<h2 class=\"wp-block-heading has-text-align-center\"><strong><strong>RECHAZO MASIVO A LEY DE JUBILACIONES EN FRANCIA, NUEVO SIGNO DE CRISIS GENERAL DEL MODELO NEOLIBERAL<\/strong><\/strong><\/h2>\n\n\n<div class=\"wp-block-image\">\n<figure class=\"aligncenter size-full is-resized\"><img data-recalc-dims=\"1\" fetchpriority=\"high\" decoding=\"async\" data-attachment-id=\"5254\" data-permalink=\"https:\/\/lekahuin.com\/?attachment_id=5254\" data-orig-file=\"https:\/\/i0.wp.com\/lekahuin.com\/wp-content\/uploads\/2023\/04\/Casserolade-1.jpg?fit=441%2C246&amp;ssl=1\" data-orig-size=\"441,246\" data-comments-opened=\"1\" data-image-meta=\"{&quot;aperture&quot;:&quot;0&quot;,&quot;credit&quot;:&quot;chagoz&quot;,&quot;camera&quot;:&quot;&quot;,&quot;caption&quot;:&quot;&quot;,&quot;created_timestamp&quot;:&quot;1682425734&quot;,&quot;copyright&quot;:&quot;&quot;,&quot;focal_length&quot;:&quot;0&quot;,&quot;iso&quot;:&quot;0&quot;,&quot;shutter_speed&quot;:&quot;0&quot;,&quot;title&quot;:&quot;&quot;,&quot;orientation&quot;:&quot;0&quot;}\" data-image-title=\"Casserolade-1\" data-image-description=\"\" data-image-caption=\"\" data-large-file=\"https:\/\/i0.wp.com\/lekahuin.com\/wp-content\/uploads\/2023\/04\/Casserolade-1.jpg?fit=441%2C246&amp;ssl=1\" src=\"https:\/\/i0.wp.com\/lekahuin.com\/wp-content\/uploads\/2023\/04\/Casserolade-1.jpg?resize=559%2C312&#038;ssl=1\" alt=\"\" class=\"wp-image-5254\" width=\"559\" height=\"312\" srcset=\"https:\/\/i0.wp.com\/lekahuin.com\/wp-content\/uploads\/2023\/04\/Casserolade-1.jpg?w=441&amp;ssl=1 441w, https:\/\/i0.wp.com\/lekahuin.com\/wp-content\/uploads\/2023\/04\/Casserolade-1.jpg?resize=300%2C167&amp;ssl=1 300w, https:\/\/i0.wp.com\/lekahuin.com\/wp-content\/uploads\/2023\/04\/Casserolade-1.jpg?resize=150%2C84&amp;ssl=1 150w\" sizes=\"(max-width: 559px) 100vw, 559px\" \/><\/figure>\n<\/div>\n\n\n<p class=\"has-text-align-justify wp-block-paragraph\">Despu\u00e9s de varias semanas de manifestaciones, con millones de personas protestando en las grandes ciudades como en los pueblos rurales o menores de toda Francia y, luego de haber obtenido la aprobaci\u00f3n del Consejo Constitucional, el presidente franc\u00e9s Emanuel Macron firm\u00f3 la ley que prolonga el tiempo de trabajo antes de jubilar, hasta los 64 a\u00f1os.<br>El visto bueno del Consejo Constitucional, organismo encargado en Francia de verificar que una nueva ley est\u00e1 en conformidad con la Constituci\u00f3n, fue sin duda el mayor argumento legal que el presidente Macron esperaba para enfrentar a la inmensa mayor\u00eda de los franceses que rechazan el proyecto (m\u00e1s del 70%, seg\u00fan encuestas) y que se lo han hecho saber.<br>Este episodio podr\u00eda haber marcado una derrota m\u00e1s para el movimiento social franc\u00e9s que, desde hace unos quince a\u00f1os, debi\u00f3 resignarse a aceptar toda una serie de medidas en orden a disminuir cada vez m\u00e1s la participaci\u00f3n del Estado en lo econ\u00f3mico. social, educacional y sanitario, entre otros, para entregarlo al control del sector privado.<br>Es decir, el desarrollo del mismo proyecto que en Chile, la dictadura militar impuso mediante el crimen, aplicado en este caso como en otros, a trav\u00e9s de leyes creadas ex profeso y a menudo de manera anti democr\u00e1tica, que se conoce como sistema neoliberal.<br>En el caso franc\u00e9s, la Constituci\u00f3n actual, &nbsp;promulgada por Charles de Gaulle en 1958, en un momento de grave crisis como era el de la guerra colonial en Argelia, otorg\u00f3 poderes casi absolutos y con caracter\u00edsticas casi mon\u00e1rquicas a la instituci\u00f3n presidencial.<br>De Gaulle utiliz\u00f3 este poder para afirmar los grandes principios de independencia econ\u00f3mica y de pol\u00edtica social elaborados por el Consejo Nacional de la Resistencia contra la ocupaci\u00f3n nazi y, tratar as\u00ed de recuperar para Francia el sitial de gran potencia mundial.<br>Parad\u00f3jicamente y desde 1983, cuando el socialista Fran\u00e7ois Mitterrand debi\u00f3 ceder a la presi\u00f3n de la Uni\u00f3n Europea y enmendar el rumbo econ\u00f3mico iniciado dos a\u00f1os antes, esa misma herramienta comenz\u00f3 a ser utilizada para desarticular el sistema de protecci\u00f3n social franc\u00e9s y el papel protag\u00f3nico del Estado en la econom\u00eda, la educaci\u00f3n, la salud, entre otros.<br>Desde hace unos quince a\u00f1os, las grandes movilizaciones -huelgas, paralizaci\u00f3n de f\u00e1bricas y ferrocarriles, ocupaci\u00f3n de industrias o universidades \u2013 contra esta deriva neoliberal no consiguieron detenerla.<br>En 2016, durante el gobierno del socialista (\u00bf?) Fran\u00e7ois Hollande, la ley de reforma del C\u00f3digo del Trabajo que, con el pretexto de dar mayor competitividad a las empresas, recort\u00f3 importantes conquistas laborales como la seguridad del empleo o la indemnizaci\u00f3n de cesant\u00eda, marc\u00f3 un momento c\u00falmine en esta l\u00ednea neoliberal.<br>No obstante, dos a\u00f1os despu\u00e9s, bajo la presidencia de Emmanuel Macron, la revuelta de los \u201cGilets Jaunes\u201d, que parti\u00f3 contra el alza del precio de los combustibles y que alcanz\u00f3 ciertos niveles de violencia, signific\u00f3 un sacud\u00f3n a todo lo que hab\u00eda sido m\u00e9todos de organizaci\u00f3n para la lucha social y sindical e incluso un grave cuestionamiento para la izquierda pol\u00edtica.<br>La utilizaci\u00f3n desmedida de la violencia policial del gobierno y la prolongaci\u00f3n del movimiento con objetivos no bien definidos, hicieron que este fuera disminuyendo hasta quedar reducido a grupos de irreductibles que mantuvieron las movilizaciones m\u00e1s como un ritual que como un m\u00e9todo de lucha.<br>No obstante, este movimiento de los Gilets Jaunes habr\u00eda de dar un balance positivo pues, adem\u00e1s de sacudir esa suerte de modorra sindical, hizo que el gobierno se viese obligado a destinar unos 13 mil millones de euros para tratar de solucionar, por aqu\u00ed y por all\u00e1, los problemas que potencialmente pod\u00edan generar nuevos conflictos.<br>En esta nueva confrontaci\u00f3n en torno a la reforma de las jubilaciones, la experiencia de los Gilets Jaunes ha sido esencial.<br>As\u00ed, las direcciones de las diversas centrales sindicales nacionales, enfrentadas al peligro de verse sobrepasadas por las bases, (lo que ocurri\u00f3 en un comienzo del movimiento en algunos sectores), se vieron obligadas a asumir y dirigir el proceso, lo que permiti\u00f3 un elemento esencial en el desarrollo de este, el de la unidad de acci\u00f3n.<br>De esta unidad, en la que se integraron los partidos de izquierda, result\u00f3 un trabajo de informaci\u00f3n para desmontar toda la maquinaria de comunicaci\u00f3n implementada por el gobierno:<br>No. La reforma no es necesaria, no es justa, no garantiza una pensi\u00f3n m\u00ednima de 1.200 euros ni tampoco protege a las mujeres trabajadoras.<br>Por su actitud arrogante y despiadada, \u201ccomo la de un gerente que administra no un pa\u00eds sino una empresa\u201d, Emmanuel Macron se han convertido en la personificaci\u00f3n de todo el malestar y frustraci\u00f3n que ha venido acumulando la sociedad francesa, agravada ahora por la pandemia de Covid, la inflaci\u00f3n y las crisis energ\u00e9tica y ecol\u00f3gica.<br>As\u00ed, la firma de la ley, lejos de provocar una desmovilizaci\u00f3n signific\u00f3 un nuevo impulso al movimiento contra esta. La alocuci\u00f3n presidencial despu\u00e9s de la promulgaci\u00f3n fue acallada simb\u00f3lica y espont\u00e1neamente por multitud de conciertos de cacerolas frente a las municipalidades en todo el pa\u00eds, acciones que se han venido repitiendo desde entonces.<br>Otra de las evidencias resultado del movimiento de los Gilets Jaunes y de las infructuosas tentativas de negociaciones en torno a la ley de reforma de las jubilaciones por los sindicatos, es que m\u00e1s que las manifestaciones bien ordenadas, como procesiones religiosas, lo que dio resultados en 2018 fueron las acciones m\u00e1s en\u00e9rgicas e incluso violentas.<br>La reacci\u00f3n preventiva del gobierno y que demuestra la debilidad pol\u00edtica en que se encuentra este, ha sido la represi\u00f3n de cualquier manifestaci\u00f3n hostil, llegando al l\u00edmite de la ilegalidad o del rid\u00edculo, como el detener a personas por el simple hecho de portar una cacerola \u201cfactible de convertirse en un arma\u201d.<br>En el momento del cierre de nuestra edici\u00f3n, todas las perspectivas de un eficaz y significativo rechazo estaban centradas en la movilizaci\u00f3n y una eventual paralizaci\u00f3n de todo el pa\u00eds para el Primero de Mayo.<\/p>\n","protected":false},"excerpt":{"rendered":"<div class=\"mh-excerpt\"><p>RECHAZO MASIVO A LEY DE JUBILACIONES EN FRANCIA, NUEVO SIGNO DE CRISIS GENERAL DEL MODELO NEOLIBERAL Despu\u00e9s de varias semanas de manifestaciones, con millones de <a class=\"mh-excerpt-more\" href=\"https:\/\/lekahuin.com\/?p=5118\" title=\"Internacional &#8211; Francia\">[&#8230;]<\/a><\/p>\n<\/div>","protected":false},"author":211878710,"featured_media":0,"comment_status":"open","ping_status":"open","sticky":false,"template":"","format":"standard","meta":{"_coblocks_attr":"","_coblocks_dimensions":"","_coblocks_responsive_height":"","_coblocks_accordion_ie_support":"","_crdt_document":"","advanced_seo_description":"","jetpack_seo_html_title":"","jetpack_seo_noindex":false,"_jetpack_newsletter_access":"","_jetpack_dont_email_post_to_subs":false,"_jetpack_newsletter_tier_id":0,"_jetpack_memberships_contains_paywalled_content":false,"_jetpack_memberships_contains_paid_content":false,"footnotes":"","jetpack_post_was_ever_published":false},"categories":[6325],"tags":[],"class_list":["post-5118","post","type-post","status-publish","format-standard","hentry","category-non-classe"],"jetpack_featured_media_url":"","jetpack_likes_enabled":true,"jetpack_sharing_enabled":true,"jetpack_shortlink":"https:\/\/wp.me\/pdoWOp-1ky","jetpack-related-posts":[{"id":8222,"url":"https:\/\/lekahuin.com\/?p=8222","url_meta":{"origin":5118,"position":0},"title":"Francia &#8211; Ley De Inmigraci\u00f3n","author":"Le Kahuin","date":"23 d\u00e9cembre 2023","format":false,"excerpt":"LEY DE INMIGRACI\u00d3N EN FRANCIA APROBADA POR AMPLIA MAYOR\u00cdA PROVOCA DESDE YA ACTIVA RESISTENCIA Foto: \"LA HUMANIDAD MAS FUERTE QUE EL RACISMO. ACOGIDA DIGNA DE LOS MIGRANTES\" Esta nueva ley de inmigraci\u00f3n en Francia fue aprobada en la Asamblea Nacional con los votos de la extrema derecha del partido de\u2026","rel":"","context":"Dans &quot;INTERNACIONAL&quot;","block_context":{"text":"INTERNACIONAL","link":"https:\/\/lekahuin.com\/?cat=55294248"},"img":{"alt_text":"","src":"https:\/\/i0.wp.com\/lekahuin.com\/wp-content\/uploads\/2023\/12\/manif-iimmigration-1.png?resize=350%2C200&ssl=1","width":350,"height":200},"classes":[]},{"id":5404,"url":"https:\/\/lekahuin.com\/?p=5404","url_meta":{"origin":5118,"position":1},"title":"Francia &#8211; Cacerolazos","author":"Le Kahuin","date":"26 mai 2023","format":false,"excerpt":"GOBIERNO FRANC\u00c9S DECLARA GUERRA A LAS CACEROLAS Y PROHIBE ACCESO DEL P\u00daBLICO A CEREMONIAS P\u00daBLICAS Manifestaciones en Francia - Cacerolazos Despu\u00e9s de la promulgaci\u00f3n por el presidente Emmanuel Macron, de la ley que prolonga en Francia la edad de la jubilaci\u00f3n hasta los 64 a\u00f1os, el gobierno franc\u00e9s se encuentra\u2026","rel":"","context":"Dans &quot;Non class\u00e9&quot;","block_context":{"text":"Non class\u00e9","link":"https:\/\/lekahuin.com\/?cat=6325"},"img":{"alt_text":"","src":"https:\/\/i0.wp.com\/lekahuin.com\/wp-content\/uploads\/2023\/04\/Casserolade-1.jpg?resize=350%2C200&ssl=1","width":350,"height":200},"classes":[]},{"id":4762,"url":"https:\/\/lekahuin.com\/?p=4762","url_meta":{"origin":5118,"position":2},"title":"Internacional &#8211; Francia","author":"Le Kahuin","date":"25 mars 2023","format":false,"excerpt":"EN FRANCIA, TRES MILLONES Y MEDIO DE MANIFESTANTES CONTRA LA REFORMA NEOLIBERAL DE LAS JUBILACIONES Manifestaciones en Francia y Espa\u00f1a (en solidaridad) le 23 marzo de 2023 La movilizaci\u00f3n contra la reforma de jubilaciones del gobierno neoliberal franc\u00e9s, que prolonga la vida activa de los trabajadores hasta los 64 a\u00f1os,\u2026","rel":"","context":"Dans &quot;Non class\u00e9&quot;","block_context":{"text":"Non class\u00e9","link":"https:\/\/lekahuin.com\/?cat=6325"},"img":{"alt_text":"","src":"https:\/\/i0.wp.com\/lekahuin.com\/wp-content\/uploads\/2023\/03\/manif-23-marzo-RevPerm.jpg?resize=350%2C200","width":350,"height":200},"classes":[]},{"id":14490,"url":"https:\/\/lekahuin.com\/?p=14490","url_meta":{"origin":5118,"position":3},"title":"Internacional &#8211; Francia &#8211; Crisis","author":"Le Kahuin","date":"30 septembre 2025","format":false,"excerpt":"EN EL PA\u00cdS FAMOSO POR SU REFINADA COCINA, LA OLLA SOCIAL A PUNTO DE REVENTAR En Francia, dos grandes movilizaciones populares, s\u00edmbolos de la profunda crisis pol\u00edtica, social y econ\u00f3mica que vive el pa\u00eds, marcaron la etapa del regreso a las actividades normales, laborales, econ\u00f3micas y estudiantiles, despu\u00e9s del periodo\u2026","rel":"","context":"Dans &quot;INTERNACIONAL&quot;","block_context":{"text":"INTERNACIONAL","link":"https:\/\/lekahuin.com\/?cat=55294248"},"img":{"alt_text":"","src":"https:\/\/i0.wp.com\/lekahuin.com\/wp-content\/uploads\/2025\/09\/Francia-crisis-social-1280x626-1.webp?resize=350%2C200&ssl=1","width":350,"height":200,"srcset":"https:\/\/i0.wp.com\/lekahuin.com\/wp-content\/uploads\/2025\/09\/Francia-crisis-social-1280x626-1.webp?resize=350%2C200&ssl=1 1x, https:\/\/i0.wp.com\/lekahuin.com\/wp-content\/uploads\/2025\/09\/Francia-crisis-social-1280x626-1.webp?resize=525%2C300&ssl=1 1.5x, https:\/\/i0.wp.com\/lekahuin.com\/wp-content\/uploads\/2025\/09\/Francia-crisis-social-1280x626-1.webp?resize=700%2C400&ssl=1 2x, https:\/\/i0.wp.com\/lekahuin.com\/wp-content\/uploads\/2025\/09\/Francia-crisis-social-1280x626-1.webp?resize=1050%2C600&ssl=1 3x"},"classes":[]},{"id":10635,"url":"https:\/\/lekahuin.com\/?p=10635","url_meta":{"origin":5118,"position":4},"title":"Chile &#8211; Extrema derecha","author":"Le Kahuin","date":"26 ao\u00fbt 2024","format":false,"excerpt":"EL CRECIMIENTO DE LA EXTREMA DERECHA: ALGUNAS CONVERGENCIAS\u00a0Y DIVERGENCIAS ENTRE CHILE Y FRANCIA(Segunda parte) Por Claudio Jedlicki \u00a0Existe una diferencia fundamental en los contextos de Chile y de Francia en los que prospera la extrema derecha, lo que corresponde a los niveles de desarrollo, las conquistas sociales alcanzadas y la\u2026","rel":"","context":"Dans &quot;CHILE&quot;","block_context":{"text":"CHILE","link":"https:\/\/lekahuin.com\/?cat=55294247"},"img":{"alt_text":"","src":"https:\/\/i0.wp.com\/lekahuin.com\/wp-content\/uploads\/2024\/08\/ultraderecha-1.webp?resize=350%2C200&ssl=1","width":350,"height":200,"srcset":"https:\/\/i0.wp.com\/lekahuin.com\/wp-content\/uploads\/2024\/08\/ultraderecha-1.webp?resize=350%2C200&ssl=1 1x, https:\/\/i0.wp.com\/lekahuin.com\/wp-content\/uploads\/2024\/08\/ultraderecha-1.webp?resize=525%2C300&ssl=1 1.5x, https:\/\/i0.wp.com\/lekahuin.com\/wp-content\/uploads\/2024\/08\/ultraderecha-1.webp?resize=700%2C400&ssl=1 2x"},"classes":[]},{"id":10447,"url":"https:\/\/lekahuin.com\/?p=10447","url_meta":{"origin":5118,"position":5},"title":"Chile &#8211; PC","author":"Le Kahuin","date":"24 juillet 2024","format":false,"excerpt":"\"HAY CADA VEZ MAS COMUNISTAS AFUERA\u00a0DEL PARRRRTIDO QUE ADENTRO...\" \"Cada vez hay m\u00e1s comunistas fuera del \"parrrtido\"que adentro\", me comentaba un amigo de juventud, refiri\u00e9ndose\u00a0al PC, donde hab\u00eda dejado de militar, pero a cuyos principios hist\u00f3ricos, por cuyo respeto las pas\u00f3 bastante mal durante la Dictadura, \u00a0segu\u00eda sinti\u00e9ndose profundamente vinculado.Esta\u2026","rel":"","context":"Dans &quot;CHILE&quot;","block_context":{"text":"CHILE","link":"https:\/\/lekahuin.com\/?cat=55294247"},"img":{"alt_text":"","src":"https:\/\/i0.wp.com\/lekahuin.com\/wp-content\/uploads\/2024\/07\/foto_pc.jpg?resize=350%2C200&ssl=1","width":350,"height":200,"srcset":"https:\/\/i0.wp.com\/lekahuin.com\/wp-content\/uploads\/2024\/07\/foto_pc.jpg?resize=350%2C200&ssl=1 1x, https:\/\/i0.wp.com\/lekahuin.com\/wp-content\/uploads\/2024\/07\/foto_pc.jpg?resize=525%2C300&ssl=1 1.5x"},"classes":[]}],"_links":{"self":[{"href":"https:\/\/lekahuin.com\/index.php?rest_route=\/wp\/v2\/posts\/5118","targetHints":{"allow":["GET"]}}],"collection":[{"href":"https:\/\/lekahuin.com\/index.php?rest_route=\/wp\/v2\/posts"}],"about":[{"href":"https:\/\/lekahuin.com\/index.php?rest_route=\/wp\/v2\/types\/post"}],"author":[{"embeddable":true,"href":"https:\/\/lekahuin.com\/index.php?rest_route=\/wp\/v2\/users\/211878710"}],"replies":[{"embeddable":true,"href":"https:\/\/lekahuin.com\/index.php?rest_route=%2Fwp%2Fv2%2Fcomments&post=5118"}],"version-history":[{"count":3,"href":"https:\/\/lekahuin.com\/index.php?rest_route=\/wp\/v2\/posts\/5118\/revisions"}],"predecessor-version":[{"id":5255,"href":"https:\/\/lekahuin.com\/index.php?rest_route=\/wp\/v2\/posts\/5118\/revisions\/5255"}],"wp:attachment":[{"href":"https:\/\/lekahuin.com\/index.php?rest_route=%2Fwp%2Fv2%2Fmedia&parent=5118"}],"wp:term":[{"taxonomy":"category","embeddable":true,"href":"https:\/\/lekahuin.com\/index.php?rest_route=%2Fwp%2Fv2%2Fcategories&post=5118"},{"taxonomy":"post_tag","embeddable":true,"href":"https:\/\/lekahuin.com\/index.php?rest_route=%2Fwp%2Fv2%2Ftags&post=5118"}],"curies":[{"name":"wp","href":"https:\/\/api.w.org\/{rel}","templated":true}]}}