{"id":5343,"date":"2023-04-26T16:57:59","date_gmt":"2023-04-26T14:57:59","guid":{"rendered":"https:\/\/lekahuin.com\/?p=5343"},"modified":"2023-04-26T17:04:18","modified_gmt":"2023-04-26T15:04:18","slug":"chile-libertad-prensa","status":"publish","type":"post","link":"https:\/\/lekahuin.com\/?p=5343","title":{"rendered":"Chile &#8211; Libertad Prensa"},"content":{"rendered":"<div class=\"wp-block-image\">\n<figure class=\"aligncenter size-full\"><img data-recalc-dims=\"1\" fetchpriority=\"high\" decoding=\"async\" width=\"395\" height=\"220\" data-attachment-id=\"5345\" data-permalink=\"https:\/\/lekahuin.com\/?attachment_id=5345\" data-orig-file=\"https:\/\/i0.wp.com\/lekahuin.com\/wp-content\/uploads\/2023\/04\/medios-de-comunicacion-libres-e1592277134952.webp?fit=395%2C220&amp;ssl=1\" data-orig-size=\"395,220\" data-comments-opened=\"1\" data-image-meta=\"{&quot;aperture&quot;:&quot;0&quot;,&quot;credit&quot;:&quot;&quot;,&quot;camera&quot;:&quot;&quot;,&quot;caption&quot;:&quot;&quot;,&quot;created_timestamp&quot;:&quot;0&quot;,&quot;copyright&quot;:&quot;&quot;,&quot;focal_length&quot;:&quot;0&quot;,&quot;iso&quot;:&quot;0&quot;,&quot;shutter_speed&quot;:&quot;0&quot;,&quot;title&quot;:&quot;&quot;,&quot;orientation&quot;:&quot;0&quot;}\" data-image-title=\"medios-de-comunicacion-libres-e1592277134952\" data-image-description=\"\" data-image-caption=\"\" data-large-file=\"https:\/\/i0.wp.com\/lekahuin.com\/wp-content\/uploads\/2023\/04\/medios-de-comunicacion-libres-e1592277134952.webp?fit=395%2C220&amp;ssl=1\" src=\"https:\/\/i0.wp.com\/lekahuin.com\/wp-content\/uploads\/2023\/04\/medios-de-comunicacion-libres-e1592277134952.webp?resize=395%2C220&#038;ssl=1\" alt=\"\" class=\"wp-image-5345\" srcset=\"https:\/\/i0.wp.com\/lekahuin.com\/wp-content\/uploads\/2023\/04\/medios-de-comunicacion-libres-e1592277134952.webp?w=395&amp;ssl=1 395w, https:\/\/i0.wp.com\/lekahuin.com\/wp-content\/uploads\/2023\/04\/medios-de-comunicacion-libres-e1592277134952.webp?resize=300%2C167&amp;ssl=1 300w, https:\/\/i0.wp.com\/lekahuin.com\/wp-content\/uploads\/2023\/04\/medios-de-comunicacion-libres-e1592277134952.webp?resize=150%2C84&amp;ssl=1 150w\" sizes=\"(max-width: 395px) 100vw, 395px\" \/><figcaption class=\"wp-element-caption\"><strong>Imagen publicada por Correo de los Trabajadores (CCTC)<\/strong><\/figcaption><\/figure>\n<\/div>\n\n\n<p class=\"has-text-align-justify wp-block-paragraph\"><strong>El 20 de marzo pasado, el diario digital RESUMEN de Concepci\u00f3n fue objeto de un grave atentado que signific\u00f3 importantes p\u00e9rdidas materiales y de documentaci\u00f3n, el segundo en menos de un a\u00f1o.<br>El 24 de enero de este a\u00f1o, un Tribunal de Garant\u00eda de Concepci\u00f3n hab\u00eda condenado a Felipe Soto, director de ese mismo medio, a 61 d\u00edas de c\u00e1rcel, por un reportaje sobre \u201cpresuntos sobresueldos en la Municipalidad de Quilleco\u201d, publicado el 5 de julio de 2022, cinco d\u00edas antes del primer atentado, donde adem\u00e1s del incendio del local, hubo robo de documentos<br>Hace apenas unas semanas, el 18 de abril \u00faltimo, Cristina Mitretta, asesora de prensa de la diputada (Comunes) Claudia Mix y el conductor del programa Mate al Rey y director de la revista \u201cEl Porte\u00f1o\u201d, Gustavo Burgos, fueron v\u00edctimas de una \u201cencerrona\u201d en Santiago.<br>Durante el ataque, ambos sufrieron golpes, amenazas contra sus vidas, robo de tel\u00e9fonos y del veh\u00edculo. La asistente parlamentaria se\u00f1al\u00f3 que no se trat\u00f3 de un asalto \u201ccom\u00fan\u201d debido a las caracter\u00edsticas de los asaltantes que ten\u00edan un acento chileno y un \u201cbuen hablar\u201d.<br>Mitretta y Burgos hicieron una denuncia en la comisar\u00eda de Curacav\u00ed y precisaron adem\u00e1s que un veh\u00edculo policial pas\u00f3 por el lugar sin detenerse, ni perseguir a los delincuentes.<\/strong><br><br>El 3 de mayo se celebrar\u00e1 como todos los a\u00f1os el D\u00eda Mundial de la Libertad de prensa. Fecha importante para revisar y analizar el papel de los periodistas, la importancia de los medios de comunicaci\u00f3n, el pluralismo informativo, la seguridad de las comunicaciones y las leyes que protegen y que limitan a los medios.<br>Am\u00e9rica Latina es una de las regiones m\u00e1s peligrosas para los periodistas. En 20 a\u00f1os, 125 profesionales han sido asesinados, siendo M\u00e9xico el pa\u00eds m\u00e1s mort\u00edfero en la regi\u00f3n.<br>Chile, a pesar de tener buenas calificaciones en este sentido en los rankings internacionales, varios informes indican una degradaci\u00f3n de dichos \u00edndices, con una ca\u00edda estrepitosa de 28 lugares, desvirtuando la imagen paradis\u00edaca de la libertad de prensa en Chile y mostrando la existencia de problemas estructurales en la materia.<br>Un informe sobre la libertad de expresi\u00f3n establecido el 13-07-2022, por la Facultad de Comunicaci\u00f3n e Imagen (FCEI) de la U de Chile se\u00f1al\u00f3 la reiteraci\u00f3n de las agresiones a la prensa por agentes del Estado (127).&nbsp;Estas comprenden detenciones arbitrarias efectuadas por la polic\u00eda, ataques con gaz pimienta a foto-reporteros (25), actos de hostigamiento (53), todos los cuales impiden o dificultan la labor de informaci\u00f3n.<br>Por su parte, el Observatorio del Derecho a la Comunicaci\u00f3n (ODC), la Fundaci\u00f3n de Datos Protegidos (FDP) y el Instituto de Comunicaci\u00f3n e Imagen (ICEI) de la U de Chile, en un informe establecido en 2020, se\u00f1alaba, un a\u00f1o antes, un retroceso y un fuerte aumento de casos de agresiones a la prensa en 2019.<br>Estos tuvieron lugar sobre todo durante la revuelta social de octubre, que comprenden traumas oculares, ocultamiento de informaci\u00f3n p\u00fablica, presiones del gobierno, restricci\u00f3n de difusi\u00f3n de informaciones en los medios independientes de las redes sociales, durante las cinco semanas posteriores a l 18 de octubre de ese a\u00f1o.<br>El balance efectuado, entre octubre de 2019 y marzo de 2021, indica 294 ataques a la prensa por parte de Carabineros, entre los cuales se destacan 3 traumas oculares, lesiones con armas disuasivas y 75 detenciones.<br>En marzo &#8211; abril de 2021, un ataque fue perpetrado contra un equipo de TVN, que realizaba un reportaje y entrevistas a dirigentes mapuches, que dej\u00f3 un resultado de heridos a bala y un camar\u00f3grafo quien perdi\u00f3 un ojo.<br>Igualmente hay que hacer notar las actividades de inteligencia del Ej\u00e9rcito contra 6 periodistas de investigaci\u00f3n, los cambios producidos en la direcci\u00f3n editorial de la RED, la restricci\u00f3n de contenidos y los ataques inform\u00e1ticos a los medios independientes digitales.<br>El 1\u00ba de mayo de 2022, la reportera y periodista del medio de televisi\u00f3n comunitaria Se\u00f1al 3 La Victoria, Cristina Sandoval Astudillo, fue asesinada cuando cubr\u00eda una manifestaci\u00f3n en la capital.<br>En un comunicado del 13 de mayo, Se\u00f1al 3 denunci\u00f3&nbsp;las complicidades y responsabilidades de Carabineros y del Gobierno en su asesinato. En ese, destacaron que, curiosamente individuos (lumpen sicario), as\u00ed como varios otros, mantuvieron contacto directo y estrecho&nbsp;con Carabineros y actuaron bajo el amparo de la instituci\u00f3n.<br>En cuanto a los ataques contra Resumen, cinco d\u00edas antes del primer atentado, el 5 de julio del a\u00f1o pasado, este hab\u00eda publicado un reportaje donde refer\u00eda a la trayectoria pol\u00edtica de Rodrigo Doroch Y\u00e1\u00f1ez, funcionario del gobierno Regional de B\u00edoB\u00edo, luego de lo cual este interpuso una querella en contra del comunicador.<br>Despu\u00e9s de una larga tramitaci\u00f3n, el director de Resumen, Felipe Soto fue condenado por un Tribunal de Garant\u00eda de Concepci\u00f3n a 61 d\u00edas de reclusi\u00f3n, a una importante multa y a la suspensi\u00f3n de cargos y oficios p\u00fablicos durante el tiempo de condena, luego de considerarlo culpable del delito de injurias graves.<br>El ODC se\u00f1al\u00f3 que existe un abuso de empresarios, de pol\u00edticos y de altos funcionarios, en el uso de recursos judiciales, de querellas u otras acciones contra periodistas, precisando que en 2015 las querellas, que eran al menos 1000, para aumentar al doble en 2020.<br>Por su parte, en varias ocasiones, la Comisi\u00f3n Inter-americana de Derechos Humanos (CIDH ha insistido para que se retire la posibilidad de darle un car\u00e1cter penal a actos interpretados como difamaci\u00f3n, injurias y calumnias cuando se trate de funcionarios p\u00fablicos.<br>&nbsp;El ODC concluy\u00f3 que la existencia y aplicaci\u00f3n de normas legales represivas est\u00e1n criminalizando la libertad de expresi\u00f3n, generando un efecto disuasivo e inhibitorio de investigaciones y reportajes sobre asuntos de inter\u00e9s p\u00fablico.<br>Estos hechos recuerdan las criminales actividades de los servicios de la CNI perpetradas durante de la dictadura.<br>Por su parte, el Colegio de Periodistas y la diputada Mix presentaron querellas por robo y agresi\u00f3n, manifestando la preocupaci\u00f3n por las agresiones contra los periodistas, esperando que el caso sea investigado y los responsables identificados y sancionados judicialmente.<\/p>\n","protected":false},"excerpt":{"rendered":"<div class=\"mh-excerpt\"><p>El 20 de marzo pasado, el diario digital RESUMEN de Concepci\u00f3n fue objeto de un grave atentado que signific\u00f3 importantes p\u00e9rdidas materiales y de documentaci\u00f3n, <a class=\"mh-excerpt-more\" href=\"https:\/\/lekahuin.com\/?p=5343\" title=\"Chile &#8211; Libertad Prensa\">[&#8230;]<\/a><\/p>\n<\/div>","protected":false},"author":211878710,"featured_media":0,"comment_status":"open","ping_status":"open","sticky":false,"template":"","format":"standard","meta":{"_coblocks_attr":"","_coblocks_dimensions":"","_coblocks_responsive_height":"","_coblocks_accordion_ie_support":"","_crdt_document":"","advanced_seo_description":"","jetpack_seo_html_title":"","jetpack_seo_noindex":false,"_jetpack_newsletter_access":"","_jetpack_dont_email_post_to_subs":false,"_jetpack_newsletter_tier_id":0,"_jetpack_memberships_contains_paywalled_content":false,"_jetpack_memberships_contains_paid_content":false,"footnotes":"","jetpack_post_was_ever_published":false},"categories":[6325],"tags":[],"class_list":["post-5343","post","type-post","status-publish","format-standard","hentry","category-non-classe"],"jetpack_featured_media_url":"","jetpack_likes_enabled":true,"jetpack_sharing_enabled":true,"jetpack_shortlink":"https:\/\/wp.me\/pdoWOp-1ob","jetpack-related-posts":[{"id":6924,"url":"https:\/\/lekahuin.com\/?p=6924","url_meta":{"origin":5343,"position":0},"title":"Chile Valpara\u00edso &#8211; Atentado a la Armada","author":"Le Kahuin","date":"25 septembre 2023","format":false,"excerpt":"GRAVE Y CRIMINAL ATENTADO DE MUJERES TERRORISTAS\u00a0CONTRA PERSONAL DE LA ARMADA Y SIMBOLOS PATRIOS Valpara\u00edso - 11 de septiembre de 2023 (Reportaje casi imaginario)Un grave atentado terrorista contra la integridad moral del personal de la Armada y contra el honor de los h\u00e9roes navales tuvo lugar el 11 de septiembre\u2026","rel":"","context":"Dans &quot;Non class\u00e9&quot;","block_context":{"text":"Non class\u00e9","link":"https:\/\/lekahuin.com\/?cat=6325"},"img":{"alt_text":"","src":"https:\/\/i0.wp.com\/lekahuin.com\/wp-content\/uploads\/2023\/09\/file_20230911174144-1.jpg?resize=350%2C200&ssl=1","width":350,"height":200,"srcset":"https:\/\/i0.wp.com\/lekahuin.com\/wp-content\/uploads\/2023\/09\/file_20230911174144-1.jpg?resize=350%2C200&ssl=1 1x, https:\/\/i0.wp.com\/lekahuin.com\/wp-content\/uploads\/2023\/09\/file_20230911174144-1.jpg?resize=525%2C300&ssl=1 1.5x, https:\/\/i0.wp.com\/lekahuin.com\/wp-content\/uploads\/2023\/09\/file_20230911174144-1.jpg?resize=700%2C400&ssl=1 2x"},"classes":[]},{"id":10758,"url":"https:\/\/lekahuin.com\/?p=10758","url_meta":{"origin":5343,"position":1},"title":"Chile &#8211; H\u00e9ctor Llaitul","author":"Le Kahuin","date":"28 ao\u00fbt 2024","format":false,"excerpt":"H\u00c9CTOR LLAITUL CATRILLANCA DEPUSO HUELGA DE HAMBRE El l\u00edder de la Coordinadora Malleco-Arauco (CAM), H\u00e9ctor Llaitul, depuso su huelga de hambre que mantuvo durante 87 d\u00edas (huelga seca desde el 20 de agosto). A petici\u00f3n de la senadora Fabiola Capillai, Presidenta de la Comisi\u00f3n de Derechos Humanos del Senado y\u2026","rel":"","context":"Dans &quot;CHILE&quot;","block_context":{"text":"CHILE","link":"https:\/\/lekahuin.com\/?cat=55294247"},"img":{"alt_text":"","src":"https:\/\/i0.wp.com\/lekahuin.com\/wp-content\/uploads\/2024\/08\/Hector-Llaitul.jpg?resize=350%2C200&ssl=1","width":350,"height":200,"srcset":"https:\/\/i0.wp.com\/lekahuin.com\/wp-content\/uploads\/2024\/08\/Hector-Llaitul.jpg?resize=350%2C200&ssl=1 1x, https:\/\/i0.wp.com\/lekahuin.com\/wp-content\/uploads\/2024\/08\/Hector-Llaitul.jpg?resize=525%2C300&ssl=1 1.5x, https:\/\/i0.wp.com\/lekahuin.com\/wp-content\/uploads\/2024\/08\/Hector-Llaitul.jpg?resize=700%2C400&ssl=1 2x"},"classes":[]},{"id":10161,"url":"https:\/\/lekahuin.com\/?p=10161","url_meta":{"origin":5343,"position":2},"title":"Cultura &#8211; Libro","author":"Le Kahuin","date":"24 juin 2024","format":false,"excerpt":"\u00a1 UNA REVOLUCIONARIA OLVIDADA ! Por Sergio Zamora Desde el emotivo prefacio escrito por Carmen Castillo, el libro Tati Allende-Una revolucionaria olvidada, de Marco \u00c1lvarez Vergara, nos permite conocer casi \u00edntimamente a una de las tres hijas de Salvador Allende y rescatar de un casi olvido la historia de su\u2026","rel":"","context":"Dans &quot;Non class\u00e9&quot;","block_context":{"text":"Non class\u00e9","link":"https:\/\/lekahuin.com\/?cat=6325"},"img":{"alt_text":"","src":"https:\/\/i0.wp.com\/lekahuin.com\/wp-content\/uploads\/2024\/06\/tati-2.png?resize=350%2C200&ssl=1","width":350,"height":200},"classes":[]},{"id":8640,"url":"https:\/\/lekahuin.com\/?p=8640","url_meta":{"origin":5343,"position":3},"title":"WallMapu &#8211; Huelga de hambre","author":"Le Kahuin","date":"3 f\u00e9vrier 2024","format":false,"excerpt":"URGENTE : Ernesto Llaitul es trasladado al Hospital Regional de Concepci\u00f3n por descompensaci\u00f3n tras 82 d\u00edas de huelga de hambre Ernesto, quien es\u00a0hijo del l\u00edder de la Coordinadora Arauco Malleco (CAM), H\u00e9ctor\u00a0Llaitul, est\u00e1 en huelga de hambre desde el 13 de noviembre del 2023 junto a otros presos pol\u00edticos mapuche.En\u2026","rel":"","context":"Dans &quot;CHILE&quot;","block_context":{"text":"CHILE","link":"https:\/\/lekahuin.com\/?cat=55294247"},"img":{"alt_text":"","src":"https:\/\/i0.wp.com\/lekahuin.com\/wp-content\/uploads\/2024\/02\/Ernesto-LLaitul-conducido-al-hospital-1.png?resize=350%2C200&ssl=1","width":350,"height":200,"srcset":"https:\/\/i0.wp.com\/lekahuin.com\/wp-content\/uploads\/2024\/02\/Ernesto-LLaitul-conducido-al-hospital-1.png?resize=350%2C200&ssl=1 1x, https:\/\/i0.wp.com\/lekahuin.com\/wp-content\/uploads\/2024\/02\/Ernesto-LLaitul-conducido-al-hospital-1.png?resize=525%2C300&ssl=1 1.5x, https:\/\/i0.wp.com\/lekahuin.com\/wp-content\/uploads\/2024\/02\/Ernesto-LLaitul-conducido-al-hospital-1.png?resize=700%2C400&ssl=1 2x"},"classes":[]},{"id":9450,"url":"https:\/\/lekahuin.com\/?p=9450","url_meta":{"origin":5343,"position":4},"title":"Chile &#8211; Wallmapu","author":"Le Kahuin","date":"18 avril 2024","format":false,"excerpt":"UN CURA QUE CUELGA LA SOTANA Y SE DEDICA A DEFENDER A LOS INDIOS, UN MUY MAL EJEMPLO QUE HAY QUE PERSEGUIR Y CASTIGAR... Cualquiera persona honesta y cristiana comprender\u00e1 f\u00e1cilmente la necesidad de cortar de ra\u00edz y castigar el mal ejemplo que significa el que un cura de buena\u2026","rel":"","context":"Dans &quot;CHILE&quot;","block_context":{"text":"CHILE","link":"https:\/\/lekahuin.com\/?cat=55294247"},"img":{"alt_text":"","src":"https:\/\/i0.wp.com\/lekahuin.com\/wp-content\/uploads\/2024\/04\/cura-luis-garcia-huidobro.jpg?resize=350%2C200&ssl=1","width":350,"height":200},"classes":[]},{"id":10644,"url":"https:\/\/lekahuin.com\/?p=10644","url_meta":{"origin":5343,"position":5},"title":"Chile &#8211; Jorge Silva","author":"Le Kahuin","date":"26 ao\u00fbt 2024","format":false,"excerpt":"FALLECE JORGE SILVA ORT\u00cdZ, CAPIT\u00c1N CONSTITUCIONALISTA\u00a0DE LA FUERZA A\u00c9REA DE CHILE EN 1973 Por Pedro Alejandro Matta El capit\u00e1n de la Fuerza A\u00e9rea de Chile (FACH) Jorge Silva Ortiz estuvo al mando del Servicio de Contrainteligencia de esa instituci\u00f3n en el per\u00edodo entre la elecci\u00f3n de Salvador Allende como presidente\u2026","rel":"","context":"Dans &quot;CHILE&quot;","block_context":{"text":"CHILE","link":"https:\/\/lekahuin.com\/?cat=55294247"},"img":{"alt_text":"","src":"https:\/\/i0.wp.com\/lekahuin.com\/wp-content\/uploads\/2024\/08\/jorge-silva-2.jpg?resize=350%2C200","width":350,"height":200},"classes":[]}],"_links":{"self":[{"href":"https:\/\/lekahuin.com\/index.php?rest_route=\/wp\/v2\/posts\/5343","targetHints":{"allow":["GET"]}}],"collection":[{"href":"https:\/\/lekahuin.com\/index.php?rest_route=\/wp\/v2\/posts"}],"about":[{"href":"https:\/\/lekahuin.com\/index.php?rest_route=\/wp\/v2\/types\/post"}],"author":[{"embeddable":true,"href":"https:\/\/lekahuin.com\/index.php?rest_route=\/wp\/v2\/users\/211878710"}],"replies":[{"embeddable":true,"href":"https:\/\/lekahuin.com\/index.php?rest_route=%2Fwp%2Fv2%2Fcomments&post=5343"}],"version-history":[{"count":5,"href":"https:\/\/lekahuin.com\/index.php?rest_route=\/wp\/v2\/posts\/5343\/revisions"}],"predecessor-version":[{"id":5350,"href":"https:\/\/lekahuin.com\/index.php?rest_route=\/wp\/v2\/posts\/5343\/revisions\/5350"}],"wp:attachment":[{"href":"https:\/\/lekahuin.com\/index.php?rest_route=%2Fwp%2Fv2%2Fmedia&parent=5343"}],"wp:term":[{"taxonomy":"category","embeddable":true,"href":"https:\/\/lekahuin.com\/index.php?rest_route=%2Fwp%2Fv2%2Fcategories&post=5343"},{"taxonomy":"post_tag","embeddable":true,"href":"https:\/\/lekahuin.com\/index.php?rest_route=%2Fwp%2Fv2%2Ftags&post=5343"}],"curies":[{"name":"wp","href":"https:\/\/api.w.org\/{rel}","templated":true}]}}