{"id":5404,"date":"2023-05-26T23:00:00","date_gmt":"2023-05-26T21:00:00","guid":{"rendered":"https:\/\/lekahuin.com\/?p=5404"},"modified":"2023-05-25T21:06:52","modified_gmt":"2023-05-25T19:06:52","slug":"francia-cacerolazos","status":"publish","type":"post","link":"https:\/\/lekahuin.com\/?p=5404","title":{"rendered":"Francia &#8211; Cacerolazos"},"content":{"rendered":"\n<h2 class=\"wp-block-heading has-text-align-center\"><strong>GOBIERNO FRANC\u00c9S DECLARA GUERRA A LAS CACEROLAS Y PROHIBE ACCESO DEL P\u00daBLICO A CEREMONIAS P\u00daBLICAS<\/strong><\/h2>\n\n\n<div class=\"wp-block-image\">\n<figure class=\"aligncenter size-full\"><img data-recalc-dims=\"1\" fetchpriority=\"high\" decoding=\"async\" width=\"441\" height=\"246\" data-attachment-id=\"5254\" data-permalink=\"https:\/\/lekahuin.com\/?attachment_id=5254\" data-orig-file=\"https:\/\/i0.wp.com\/lekahuin.com\/wp-content\/uploads\/2023\/04\/Casserolade-1.jpg?fit=441%2C246&amp;ssl=1\" data-orig-size=\"441,246\" data-comments-opened=\"1\" data-image-meta=\"{&quot;aperture&quot;:&quot;0&quot;,&quot;credit&quot;:&quot;chagoz&quot;,&quot;camera&quot;:&quot;&quot;,&quot;caption&quot;:&quot;&quot;,&quot;created_timestamp&quot;:&quot;1682425734&quot;,&quot;copyright&quot;:&quot;&quot;,&quot;focal_length&quot;:&quot;0&quot;,&quot;iso&quot;:&quot;0&quot;,&quot;shutter_speed&quot;:&quot;0&quot;,&quot;title&quot;:&quot;&quot;,&quot;orientation&quot;:&quot;0&quot;}\" data-image-title=\"Casserolade-1\" data-image-description=\"\" data-image-caption=\"\" data-large-file=\"https:\/\/i0.wp.com\/lekahuin.com\/wp-content\/uploads\/2023\/04\/Casserolade-1.jpg?fit=441%2C246&amp;ssl=1\" src=\"https:\/\/i0.wp.com\/lekahuin.com\/wp-content\/uploads\/2023\/04\/Casserolade-1.jpg?resize=441%2C246&#038;ssl=1\" alt=\"\" class=\"wp-image-5254\" srcset=\"https:\/\/i0.wp.com\/lekahuin.com\/wp-content\/uploads\/2023\/04\/Casserolade-1.jpg?w=441&amp;ssl=1 441w, https:\/\/i0.wp.com\/lekahuin.com\/wp-content\/uploads\/2023\/04\/Casserolade-1.jpg?resize=300%2C167&amp;ssl=1 300w, https:\/\/i0.wp.com\/lekahuin.com\/wp-content\/uploads\/2023\/04\/Casserolade-1.jpg?resize=150%2C84&amp;ssl=1 150w\" sizes=\"(max-width: 441px) 100vw, 441px\" \/><figcaption class=\"wp-element-caption\">Manifestaciones en Francia &#8211; Cacerolazos<\/figcaption><\/figure>\n<\/div>\n\n\n<p class=\"has-drop-cap has-text-align-justify is-style-default wp-block-paragraph\">Despu\u00e9s de la promulgaci\u00f3n por el presidente Emmanuel Macron, de la ley que prolonga en Francia la edad de la jubilaci\u00f3n hasta los 64 a\u00f1os, el gobierno franc\u00e9s se encuentra enfrentado a nuevas formas de manifestaciones de repudio a esta legislaci\u00f3n, lo que parece estar afect\u00e1ndolo mucho m\u00e1s que los millones que salieron a las calles en los \u00faltimos meses.<br>A mediados de abril pasado, el Consejo Constitucional franc\u00e9s, organismo de \u00faltima instancia que determina la conformidad con la Constituci\u00f3n de un cuerpo legal, dio su aprobaci\u00f3n para el proyecto impulsado por el Gobierno, luego que este obvi\u00f3 su discusi\u00f3n en la C\u00e1mara de Diputados, donde pod\u00eda haber sido rechazado.<br>Desde el momento mismo en que fue conocida la decisi\u00f3n del Consejo Constitucional y la inmediata firma de promulgaci\u00f3n por el presidente Macron, comenzaron a generarse en todo el pa\u00eds manifestaciones espont\u00e1neas con cacerolas frente a las municipalidades u otros locales de la administraci\u00f3n p\u00fablica.<br>Fue as\u00ed como, respondiendo a un llamado que circul\u00f3 a trav\u00e9s de las redes sociales, hubo \u201ccaceroleos\u201d a lo largo del pa\u00eds, para acallar simb\u00f3licamente una alocuci\u00f3n por televisi\u00f3n del mandatario franc\u00e9s en que este quiso explicar sus razones para prolongar la edad exigida para acogerse a la jubilaci\u00f3n.<br>El movimiento de rechazo provocado desde un comienzo por este proyecto de ley determin\u00f3 en un hecho casi ins\u00f3lito, una hasta ahora f\u00e9rrea unidad de todas las federaciones sindicales y manifestaciones de millones de personas en toda Francia, desde las principales ciudades hasta en los peque\u00f1os pueblos que nunca hab\u00edan vivido tales momentos de agitaci\u00f3n.<br>So pretexto de des\u00f3rdenes y alteraci\u00f3n del orden p\u00fablico por parte de \u201cgrupos ultra izquierdistas\u201d infiltrados en las manifestaciones, el gobierno dio rienda suelta a la polic\u00eda para actuar y utilizar gases lacrim\u00f3genos, golpes de cachiporras, granadas, disparos de bolas de goma, detenciones sin motivo real y todo tipo de violencias contra los manifestantes.<br>Esta represi\u00f3n desatada determin\u00f3 nuevas formas de manifestaci\u00f3n que se dieron espont\u00e1neamente, como fue la organizaci\u00f3n de peque\u00f1os grupos que actuaban en las calles adyacentes a la marcha principal, obligando a la polic\u00eda a desplazarse constantemente para reprimir a estos grupos que se dispersaban r\u00e1pidamente tal como se hab\u00edan constituido.<br>Esta misma t\u00e1ctica ha sido adoptada natural y espont\u00e1neamente durante los \u201ccaceroleos\u201d en cada ocasi\u00f3n en que alg\u00fan ministro, alto funcionario, representante del gobierno o incluso el propio Presidente, ha querido participar en una reuni\u00f3n p\u00fablica en la capital o en el resto del territorio.<br>Esta situaci\u00f3n, dif\u00edcil de controlar o de reprimir ha generado de parte de las autoridades la adopci\u00f3n de medidas totalmente absurdas, carentes de sentido e incluso rid\u00edculas, como el prohibir a las personas el porte de cacerolas o el acceso del p\u00fablico a lugares donde se celebrar\u00eda un acto p\u00fablico.<br>Celoso por ajustar estas disposiciones al estricto imperio de la ley, un prefecto (representante del Ejecutivo) de un departamento del sur de Francia, en su texto oficial prohibitorio defini\u00f3 las cacerolas como <em><strong>\u201cobjetos susceptibles de constituir un arma o que puedan servir de proyectiles representando un peligro, as\u00ed como el uso de dispositivos sonoros port\u00e1tiles\u201d<br><\/strong><\/em>En este contexto, que ha sido ir\u00f3nicamente comentado por la prensa internacional, destac\u00f3 una imagen del presidente Emmanuel durante las ceremonias de celebraci\u00f3n de la Victoria contra el nazismo, el 8 mayo, junto al Arco del Triunfo en Par\u00eds.<br>En ella se ve al mandatario recorriendo la avenida de los Campos El\u00edseos en su autom\u00f3vil oficial, saludando con la mano hacia las aceras completamente desiertas y vac\u00edas, luego que el p\u00fablico fue obligado a retirarse a varias cuadras m\u00e1s lejos.<br><br><\/p>\n","protected":false},"excerpt":{"rendered":"<div class=\"mh-excerpt\"><p>GOBIERNO FRANC\u00c9S DECLARA GUERRA A LAS CACEROLAS Y PROHIBE ACCESO DEL P\u00daBLICO A CEREMONIAS P\u00daBLICAS Despu\u00e9s de la promulgaci\u00f3n por el presidente Emmanuel Macron, de <a class=\"mh-excerpt-more\" href=\"https:\/\/lekahuin.com\/?p=5404\" title=\"Francia &#8211; Cacerolazos\">[&#8230;]<\/a><\/p>\n<\/div>","protected":false},"author":211878710,"featured_media":0,"comment_status":"open","ping_status":"open","sticky":false,"template":"","format":"standard","meta":{"_coblocks_attr":"","_coblocks_dimensions":"","_coblocks_responsive_height":"","_coblocks_accordion_ie_support":"","_crdt_document":"","advanced_seo_description":"","jetpack_seo_html_title":"","jetpack_seo_noindex":false,"_jetpack_newsletter_access":"","_jetpack_dont_email_post_to_subs":false,"_jetpack_newsletter_tier_id":0,"_jetpack_memberships_contains_paywalled_content":false,"_jetpack_memberships_contains_paid_content":false,"footnotes":"","jetpack_post_was_ever_published":false},"categories":[6325],"tags":[],"class_list":["post-5404","post","type-post","status-publish","format-standard","hentry","category-non-classe"],"jetpack_featured_media_url":"","jetpack_likes_enabled":true,"jetpack_sharing_enabled":true,"jetpack_shortlink":"https:\/\/wp.me\/pdoWOp-1pa","jetpack-related-posts":[{"id":4762,"url":"https:\/\/lekahuin.com\/?p=4762","url_meta":{"origin":5404,"position":0},"title":"Internacional &#8211; Francia","author":"Le Kahuin","date":"25 mars 2023","format":false,"excerpt":"EN FRANCIA, TRES MILLONES Y MEDIO DE MANIFESTANTES CONTRA LA REFORMA NEOLIBERAL DE LAS JUBILACIONES Manifestaciones en Francia y Espa\u00f1a (en solidaridad) le 23 marzo de 2023 La movilizaci\u00f3n contra la reforma de jubilaciones del gobierno neoliberal franc\u00e9s, que prolonga la vida activa de los trabajadores hasta los 64 a\u00f1os,\u2026","rel":"","context":"Dans &quot;Non class\u00e9&quot;","block_context":{"text":"Non class\u00e9","link":"https:\/\/lekahuin.com\/?cat=6325"},"img":{"alt_text":"","src":"https:\/\/i0.wp.com\/lekahuin.com\/wp-content\/uploads\/2023\/03\/manif-23-marzo-RevPerm.jpg?resize=350%2C200","width":350,"height":200},"classes":[]},{"id":3731,"url":"https:\/\/lekahuin.com\/?p=3731","url_meta":{"origin":5404,"position":1},"title":"Par\u00eds &#8211; Francia","author":"Le Kahuin","date":"24 d\u00e9cembre 2022","format":false,"excerpt":"MANIFESTACION FRENTE A LA EMBAJADA Un plant\u00f3n en la plaza Salvador Allende de Par\u00eds, frente a la embajada de Chile en la capital francesa, realizaron el pasado 16 de diciembre, representantes de diversas organizaciones chilenas en Francia, para exigir del gobierno chileno la liberaci\u00f3n de todos los prisioneros pol\u00edticos. Dicha\u2026","rel":"","context":"Dans &quot;Non class\u00e9&quot;","block_context":{"text":"Non class\u00e9","link":"https:\/\/lekahuin.com\/?cat=6325"},"img":{"alt_text":"","src":"https:\/\/i0.wp.com\/lekahuin.com\/wp-content\/uploads\/2022\/12\/WhatsApp-Image-2022-12-22-at-18.13.56.jpeg?resize=350%2C200&ssl=1","width":350,"height":200,"srcset":"https:\/\/i0.wp.com\/lekahuin.com\/wp-content\/uploads\/2022\/12\/WhatsApp-Image-2022-12-22-at-18.13.56.jpeg?resize=350%2C200&ssl=1 1x, https:\/\/i0.wp.com\/lekahuin.com\/wp-content\/uploads\/2022\/12\/WhatsApp-Image-2022-12-22-at-18.13.56.jpeg?resize=525%2C300&ssl=1 1.5x, https:\/\/i0.wp.com\/lekahuin.com\/wp-content\/uploads\/2022\/12\/WhatsApp-Image-2022-12-22-at-18.13.56.jpeg?resize=700%2C400&ssl=1 2x, https:\/\/i0.wp.com\/lekahuin.com\/wp-content\/uploads\/2022\/12\/WhatsApp-Image-2022-12-22-at-18.13.56.jpeg?resize=1050%2C600&ssl=1 3x, https:\/\/i0.wp.com\/lekahuin.com\/wp-content\/uploads\/2022\/12\/WhatsApp-Image-2022-12-22-at-18.13.56.jpeg?resize=1400%2C800&ssl=1 4x"},"classes":[]},{"id":5118,"url":"https:\/\/lekahuin.com\/?p=5118","url_meta":{"origin":5404,"position":2},"title":"Internacional &#8211; Francia","author":"Le Kahuin","date":"25 avril 2023","format":false,"excerpt":"RECHAZO MASIVO A LEY DE JUBILACIONES EN FRANCIA, NUEVO SIGNO DE CRISIS GENERAL DEL MODELO NEOLIBERAL Despu\u00e9s de varias semanas de manifestaciones, con millones de personas protestando en las grandes ciudades como en los pueblos rurales o menores de toda Francia y, luego de haber obtenido la aprobaci\u00f3n del Consejo\u2026","rel":"","context":"Dans &quot;Non class\u00e9&quot;","block_context":{"text":"Non class\u00e9","link":"https:\/\/lekahuin.com\/?cat=6325"},"img":{"alt_text":"","src":"https:\/\/i0.wp.com\/lekahuin.com\/wp-content\/uploads\/2023\/04\/Casserolade-1.jpg?resize=350%2C200&ssl=1","width":350,"height":200},"classes":[]},{"id":4000,"url":"https:\/\/lekahuin.com\/?p=4000","url_meta":{"origin":5404,"position":3},"title":"FRANCIA","author":"Le Kahuin","date":"24 janvier 2023","format":false,"excerpt":"EN FRANCIA, DOS MILLONES MANIFESTARON CONTRA EL GOBIERNO Y SU NEFASTA REFORMA AL SISTEMA DE JUBILACIONES Dibujo de \"urbs\" publicado en Facebook por la Secci\u00f3n Secci\u00f3n sindical de Ferrocarriles (SNCF) de la Estaci\u00f3n de Lyon en Par\u00eds Unos dos millones de personas manifestaron el pasado jueves 19 de enero en\u2026","rel":"","context":"Dans &quot;Non class\u00e9&quot;","block_context":{"text":"Non class\u00e9","link":"https:\/\/lekahuin.com\/?cat=6325"},"img":{"alt_text":"","src":"https:\/\/i0.wp.com\/lekahuin.com\/wp-content\/uploads\/2023\/01\/manif-france-19-01-2.jpg?resize=350%2C200","width":350,"height":200,"srcset":"https:\/\/i0.wp.com\/lekahuin.com\/wp-content\/uploads\/2023\/01\/manif-france-19-01-2.jpg?resize=350%2C200 1x, https:\/\/i0.wp.com\/lekahuin.com\/wp-content\/uploads\/2023\/01\/manif-france-19-01-2.jpg?resize=525%2C300 1.5x"},"classes":[]},{"id":8222,"url":"https:\/\/lekahuin.com\/?p=8222","url_meta":{"origin":5404,"position":4},"title":"Francia &#8211; Ley De Inmigraci\u00f3n","author":"Le Kahuin","date":"23 d\u00e9cembre 2023","format":false,"excerpt":"LEY DE INMIGRACI\u00d3N EN FRANCIA APROBADA POR AMPLIA MAYOR\u00cdA PROVOCA DESDE YA ACTIVA RESISTENCIA Foto: \"LA HUMANIDAD MAS FUERTE QUE EL RACISMO. ACOGIDA DIGNA DE LOS MIGRANTES\" Esta nueva ley de inmigraci\u00f3n en Francia fue aprobada en la Asamblea Nacional con los votos de la extrema derecha del partido de\u2026","rel":"","context":"Dans &quot;INTERNACIONAL&quot;","block_context":{"text":"INTERNACIONAL","link":"https:\/\/lekahuin.com\/?cat=55294248"},"img":{"alt_text":"","src":"https:\/\/i0.wp.com\/lekahuin.com\/wp-content\/uploads\/2023\/12\/manif-iimmigration-1.png?resize=350%2C200&ssl=1","width":350,"height":200},"classes":[]},{"id":14486,"url":"https:\/\/lekahuin.com\/?p=14486","url_meta":{"origin":5404,"position":5},"title":"Francia &#8211; Reconocimiento Palestina","author":"Le Kahuin","date":"30 septembre 2025","format":false,"excerpt":"CON BOMBOS Y PLATILLOS, FRANCIA RECONOCE A PALESTINA, PERO MUY A LA SAGA DEL MOVIMIENTO MUNDIAL DE SOLIDARIDAD Foto: La Jornada El 22 de septiembre, el anuncio del reconocimiento del Estado de Palestina por el presidente franc\u00e9s Emmanuel Macron quiso tener las caracter\u00edsticas de un hecho hist\u00f3rico, pero tan pronto\u2026","rel":"","context":"Dans &quot;Non class\u00e9&quot;","block_context":{"text":"Non class\u00e9","link":"https:\/\/lekahuin.com\/?cat=6325"},"img":{"alt_text":"","src":"https:\/\/i0.wp.com\/lekahuin.com\/wp-content\/uploads\/2025\/09\/francia-reconoce-Palestina.webp?resize=350%2C200&ssl=1","width":350,"height":200,"srcset":"https:\/\/i0.wp.com\/lekahuin.com\/wp-content\/uploads\/2025\/09\/francia-reconoce-Palestina.webp?resize=350%2C200&ssl=1 1x, https:\/\/i0.wp.com\/lekahuin.com\/wp-content\/uploads\/2025\/09\/francia-reconoce-Palestina.webp?resize=525%2C300&ssl=1 1.5x, https:\/\/i0.wp.com\/lekahuin.com\/wp-content\/uploads\/2025\/09\/francia-reconoce-Palestina.webp?resize=700%2C400&ssl=1 2x, https:\/\/i0.wp.com\/lekahuin.com\/wp-content\/uploads\/2025\/09\/francia-reconoce-Palestina.webp?resize=1050%2C600&ssl=1 3x"},"classes":[]}],"_links":{"self":[{"href":"https:\/\/lekahuin.com\/index.php?rest_route=\/wp\/v2\/posts\/5404","targetHints":{"allow":["GET"]}}],"collection":[{"href":"https:\/\/lekahuin.com\/index.php?rest_route=\/wp\/v2\/posts"}],"about":[{"href":"https:\/\/lekahuin.com\/index.php?rest_route=\/wp\/v2\/types\/post"}],"author":[{"embeddable":true,"href":"https:\/\/lekahuin.com\/index.php?rest_route=\/wp\/v2\/users\/211878710"}],"replies":[{"embeddable":true,"href":"https:\/\/lekahuin.com\/index.php?rest_route=%2Fwp%2Fv2%2Fcomments&post=5404"}],"version-history":[{"count":7,"href":"https:\/\/lekahuin.com\/index.php?rest_route=\/wp\/v2\/posts\/5404\/revisions"}],"predecessor-version":[{"id":5412,"href":"https:\/\/lekahuin.com\/index.php?rest_route=\/wp\/v2\/posts\/5404\/revisions\/5412"}],"wp:attachment":[{"href":"https:\/\/lekahuin.com\/index.php?rest_route=%2Fwp%2Fv2%2Fmedia&parent=5404"}],"wp:term":[{"taxonomy":"category","embeddable":true,"href":"https:\/\/lekahuin.com\/index.php?rest_route=%2Fwp%2Fv2%2Fcategories&post=5404"},{"taxonomy":"post_tag","embeddable":true,"href":"https:\/\/lekahuin.com\/index.php?rest_route=%2Fwp%2Fv2%2Ftags&post=5404"}],"curies":[{"name":"wp","href":"https:\/\/api.w.org\/{rel}","templated":true}]}}