{"id":6096,"date":"2023-07-24T13:59:00","date_gmt":"2023-07-24T11:59:00","guid":{"rendered":"https:\/\/lekahuin.com\/?p=6096"},"modified":"2023-07-24T16:27:17","modified_gmt":"2023-07-24T14:27:17","slug":"francia-gira-presidencial","status":"publish","type":"post","link":"https:\/\/lekahuin.com\/?p=6096","title":{"rendered":"Francia &#8211; Gira Presidencial"},"content":{"rendered":"\n<h2 class=\"wp-block-heading has-text-align-center\">EL PRESIDENTE QUE VIMOS EN FRANCIA, \u00bfERA UNO SOLO O SON VARIOS? <br><\/h2>\n\n\n\n<figure class=\"wp-block-gallery alignleft has-nested-images columns-default is-cropped wp-block-gallery-1 is-layout-flex wp-block-gallery-is-layout-flex\"><div class=\"wp-block-image\">\n<figure class=\"aligncenter size-medium is-resized\"><img data-recalc-dims=\"1\" fetchpriority=\"high\" decoding=\"async\" data-attachment-id=\"6153\" data-permalink=\"https:\/\/lekahuin.com\/?attachment_id=6153\" data-orig-file=\"https:\/\/i0.wp.com\/lekahuin.com\/wp-content\/uploads\/2023\/07\/boric-sorbonne.png?fit=512%2C448&amp;ssl=1\" data-orig-size=\"512,448\" data-comments-opened=\"1\" data-image-meta=\"{&quot;aperture&quot;:&quot;0&quot;,&quot;credit&quot;:&quot;&quot;,&quot;camera&quot;:&quot;&quot;,&quot;caption&quot;:&quot;&quot;,&quot;created_timestamp&quot;:&quot;0&quot;,&quot;copyright&quot;:&quot;&quot;,&quot;focal_length&quot;:&quot;0&quot;,&quot;iso&quot;:&quot;0&quot;,&quot;shutter_speed&quot;:&quot;0&quot;,&quot;title&quot;:&quot;&quot;,&quot;orientation&quot;:&quot;0&quot;}\" data-image-title=\"boric-sorbonne\" data-image-description=\"\" data-image-caption=\"\" data-large-file=\"https:\/\/i0.wp.com\/lekahuin.com\/wp-content\/uploads\/2023\/07\/boric-sorbonne.png?fit=512%2C448&amp;ssl=1\" data-id=\"6153\" src=\"https:\/\/i0.wp.com\/lekahuin.com\/wp-content\/uploads\/2023\/07\/boric-sorbonne.png?resize=350%2C350&#038;ssl=1\" alt=\"\" class=\"wp-image-6153\" style=\"object-fit:cover;width:350px;height:350px\" width=\"350\" height=\"350\" srcset=\"https:\/\/i0.wp.com\/lekahuin.com\/wp-content\/uploads\/2023\/07\/boric-sorbonne.png?resize=400%2C400&amp;ssl=1 400w, https:\/\/i0.wp.com\/lekahuin.com\/wp-content\/uploads\/2023\/07\/boric-sorbonne.png?resize=200%2C200&amp;ssl=1 200w\" sizes=\"(max-width: 350px) 100vw, 350px\" \/><\/figure>\n<\/div>\n\n<div class=\"wp-block-image\">\n<figure class=\"aligncenter size-full is-resized\"><img data-recalc-dims=\"1\" decoding=\"async\" data-attachment-id=\"6155\" data-permalink=\"https:\/\/lekahuin.com\/?attachment_id=6155\" data-orig-file=\"https:\/\/i0.wp.com\/lekahuin.com\/wp-content\/uploads\/2023\/07\/boric-sorbonne-2-1.jpg?fit=260%2C173&amp;ssl=1\" data-orig-size=\"260,173\" data-comments-opened=\"1\" data-image-meta=\"{&quot;aperture&quot;:&quot;0&quot;,&quot;credit&quot;:&quot;&quot;,&quot;camera&quot;:&quot;&quot;,&quot;caption&quot;:&quot;&quot;,&quot;created_timestamp&quot;:&quot;0&quot;,&quot;copyright&quot;:&quot;&quot;,&quot;focal_length&quot;:&quot;0&quot;,&quot;iso&quot;:&quot;0&quot;,&quot;shutter_speed&quot;:&quot;0&quot;,&quot;title&quot;:&quot;&quot;,&quot;orientation&quot;:&quot;0&quot;}\" data-image-title=\"boric-sorbonne-2-1\" data-image-description=\"\" data-image-caption=\"\" data-large-file=\"https:\/\/i0.wp.com\/lekahuin.com\/wp-content\/uploads\/2023\/07\/boric-sorbonne-2-1.jpg?fit=260%2C173&amp;ssl=1\" data-id=\"6155\" src=\"https:\/\/i0.wp.com\/lekahuin.com\/wp-content\/uploads\/2023\/07\/boric-sorbonne-2-1.jpg?resize=350%2C350&#038;ssl=1\" alt=\"\" class=\"wp-image-6155\" style=\"object-fit:cover;width:350px;height:350px\" width=\"350\" height=\"350\"\/><figcaption class=\"wp-element-caption\">LA SORBONNE &#8211; PARIS<\/figcaption><\/figure>\n<\/div><\/figure>\n\n\n\n<p class=\"has-text-align-justify wp-block-paragraph\">Debido sin duda a las innumerables d\u00e9cadas que tengo en mi registro del tiempo, he ido poco a poco quedando al margen y sin comprender todos los adelantos tecnol\u00f3gicos que mis nietos manejan ahora con tanta o m\u00e1s destreza que aquella con la que yo hac\u00eda \u201cbailar\u201d un trompo o ensartaba la campana del emboque.<br>El pensar en estas viejas habilidades que eran las m\u00edas, me sirve en parte de consuelo cuando trato infructuosamente de escribir un mensaje en el tel\u00e9fono m\u00f3vil, r\u00e1pidamente, como lo hacen los j\u00f3venes, con los dos pulgares, para terminar haci\u00e9ndolo con un solo \u00edndice.<br>Esta situaci\u00f3n me ha llevado a un estado de desconfianza y de duda frente a todo lo que podr\u00eda relacionarse de cerca o de lejos con aspectos de la tecnolog\u00eda moderna, como puede ser la inteligencia artificial, el uso inmoderado de \u201cchips\u201d, \u00a0microcircuitos o de robots, como esos que fabrican los japoneses con una apariencia cada vez m\u00e1s humana.<br>El pasado <strong>jueves 20 de julio estuve en el anfiteatro Richelieu de la Universidad de la Sorbona en Par\u00eds<\/strong>, donde nuestro joven y progresista presidente de la Rep\u00fablica hab\u00eda de ofrecer una conferencia, en el marco de la gira que estaba realizando por algunos pa\u00edses europeos.<br>Para ser honesto, debo decir que no me interesaba mayormente lo que pod\u00eda decir.<br>Si me somet\u00ed al juego de pistas y de relaciones para ingresar al recinto universitario, como si se tratara de un billete de entrada rebajado y bajo cuerda para un partido cl\u00e1sico del f\u00fatbol, fue porque quer\u00eda ver el ambiente y eventualmente estar presente si hab\u00eda alg\u00fan tipo de manifestaci\u00f3n.<br>Sin entrar en detalles, pues ser\u00eda muy largo, la sensaci\u00f3n con la que part\u00ed cuando termin\u00f3 la ceremonia fue la de preguntarme si gracias a la tecnolog\u00eda en rob\u00f3tica de los japoneses o a la utilizaci\u00f3n de \u201cchips\u201d\u00a0<strong>nos hab\u00edan enviado otro Boric<\/strong>, bajo forma de un robot o el mismo, pero con un microcircuito para contar otra historia diferente de la que conocen en Chile.<br>O bien, si algun\u00a0genio maligno superior y oculto no lo hab\u00eda programado nuevamente, despu\u00e9s de pasar por <strong>Espa\u00f1a donde hizo una<\/strong> <strong>apolog\u00eda del modelo neoliberal de la Concertaci\u00f3n<\/strong> ante los empresarios, para despu\u00e9s hablar en <strong>Par\u00eds en favor de la educaci\u00f3n, la salud, la previsi\u00f3n como un derecho y no como un negocio.<\/strong><br>Al terminar la ceremonia, un amigo me habl\u00f3 del encuentro en la ma\u00f1ana de nuestro progresista Presidente con la alcaldesa de Par\u00eds Anne Hidalgo (tan socialista como los socialistas chilenos) y del sentido homenaje al presidente Allende que tuvo lugar en el encuentro. \u00a0<br>All\u00ed me dije que no pod\u00eda ser el mismo (Boric), que en Santiago hab\u00eda nombrado a un coordinador de la conmemoraci\u00f3n de los 50 a\u00f1os, quien luego de manifestarse en una onda casi de justificaci\u00f3n del golpe de Estado, fue obligado a renunciar por organizaciones y familiares de ejecutados pol\u00edticos y desaparecidos.<br>Menos a\u00fan aquel que hace unas semanas hab\u00eda manifestado que <em>\u201c<strong>Desde la izquierda tenemos que ser capaces de analizarlo (el gobierno de Allende) con mucho mayor detalle y no solamente desde una perspectiva m\u00edtica<\/strong>\u00ab\u00a0<\/em>,\u00a0dando paso, as\u00ed, a todos los falsos debates que est\u00e1 buscando la derecha para justificarse y bajar el perfil a la conmemoraci\u00f3n.<br>Desgraciadamente, cuando nuestro progresista Presidente se dirig\u00eda hacia el autom\u00f3vil al salir de La Sorbona, no pude acercarme para tocarlo y comprobar si no era uno de pl\u00e1stico o si ten\u00eda en la mu\u00f1eca la huella de un microprocesador para poder adaptarlo seg\u00fan las circunstancias.  <strong><em>FEFF<\/em><\/strong><\/p>\n","protected":false},"excerpt":{"rendered":"<div class=\"mh-excerpt\"><p>EL PRESIDENTE QUE VIMOS EN FRANCIA, \u00bfERA UNO SOLO O SON VARIOS? Debido sin duda a las innumerables d\u00e9cadas que tengo en mi registro del <a class=\"mh-excerpt-more\" href=\"https:\/\/lekahuin.com\/?p=6096\" title=\"Francia &#8211; Gira Presidencial\">[&#8230;]<\/a><\/p>\n<\/div>","protected":false},"author":211878710,"featured_media":0,"comment_status":"open","ping_status":"open","sticky":false,"template":"","format":"standard","meta":{"_coblocks_attr":"","_coblocks_dimensions":"","_coblocks_responsive_height":"","_coblocks_accordion_ie_support":"","_crdt_document":"","advanced_seo_description":"","jetpack_seo_html_title":"","jetpack_seo_noindex":false,"_jetpack_newsletter_access":"","_jetpack_dont_email_post_to_subs":false,"_jetpack_newsletter_tier_id":0,"_jetpack_memberships_contains_paywalled_content":false,"_jetpack_memberships_contains_paid_content":false,"footnotes":"","jetpack_post_was_ever_published":false},"categories":[6325],"tags":[],"class_list":["post-6096","post","type-post","status-publish","format-standard","hentry","category-non-classe"],"jetpack_featured_media_url":"","jetpack_likes_enabled":true,"jetpack_sharing_enabled":true,"jetpack_shortlink":"https:\/\/wp.me\/pdoWOp-1Ak","jetpack-related-posts":[{"id":6399,"url":"https:\/\/lekahuin.com\/?p=6399","url_meta":{"origin":6096,"position":0},"title":"Internacional &#8211; Argentina Milei","author":"Le Kahuin","date":"4 septembre 2023","format":false,"excerpt":"ESPANTAJOS PARA HACER QUE HASTA EL FASCISMO\u00a0TENGA UNA PINTA PRESENTABLE Es evidente que hay muchas razones que siguen pendientes para explicar c\u00f3mo Javier Milei, una especie de espantajo hist\u00e9rico, con un lenguaje grosero y proposiciones que har\u00edan palidecer hasta a los ide\u00f3logos nazis, pudo obtener la m\u00e1s alta votaci\u00f3n en\u2026","rel":"","context":"Dans &quot;Non class\u00e9&quot;","block_context":{"text":"Non class\u00e9","link":"https:\/\/lekahuin.com\/?cat=6325"},"img":{"alt_text":"","src":"https:\/\/i0.wp.com\/lekahuin.com\/wp-content\/uploads\/2023\/09\/JMilei.jpeg?resize=350%2C200&ssl=1","width":350,"height":200},"classes":[]},{"id":10952,"url":"https:\/\/lekahuin.com\/?p=10952","url_meta":{"origin":6096,"position":1},"title":"Francia &#8211; Abb\u00e9 Pierre","author":"Le Kahuin","date":"23 septembre 2024","format":false,"excerpt":"El violador eres t\u00fa... EL ABATE PEDRO, DEFENSOR Y PROTECTOR DE LOS POBRES, RESULT\u00d3 SER TAMBI\u00c9N UN PASTOR QUE SE COM\u00cdA A SUS OVEJAS Hay que imaginar el revuelo que provocar\u00eda en Chile si alg\u00fan d\u00eda se descubriera (por supuesto no es verdad y es s\u00f3lo un ejemplo) que, cuando\u2026","rel":"","context":"Dans &quot;INTERNACIONAL&quot;","block_context":{"text":"INTERNACIONAL","link":"https:\/\/lekahuin.com\/?cat=55294248"},"img":{"alt_text":"","src":"https:\/\/i0.wp.com\/lekahuin.com\/wp-content\/uploads\/2024\/09\/Abbe-Pierre.jpg?resize=350%2C200&ssl=1","width":350,"height":200,"srcset":"https:\/\/i0.wp.com\/lekahuin.com\/wp-content\/uploads\/2024\/09\/Abbe-Pierre.jpg?resize=350%2C200&ssl=1 1x, https:\/\/i0.wp.com\/lekahuin.com\/wp-content\/uploads\/2024\/09\/Abbe-Pierre.jpg?resize=525%2C300&ssl=1 1.5x, https:\/\/i0.wp.com\/lekahuin.com\/wp-content\/uploads\/2024\/09\/Abbe-Pierre.jpg?resize=700%2C400&ssl=1 2x, https:\/\/i0.wp.com\/lekahuin.com\/wp-content\/uploads\/2024\/09\/Abbe-Pierre.jpg?resize=1050%2C600&ssl=1 3x, https:\/\/i0.wp.com\/lekahuin.com\/wp-content\/uploads\/2024\/09\/Abbe-Pierre.jpg?resize=1400%2C800&ssl=1 4x"},"classes":[]},{"id":2264,"url":"https:\/\/lekahuin.com\/?p=2264","url_meta":{"origin":6096,"position":2},"title":"Francia","author":"Le Kahuin","date":"24 juin 2022","format":false,"excerpt":"COMUNIDAD CHILENA DEBE JUGAR UN GRAN PAPEL EN EL PROCESO DE CAMBIOS EN FRANCIA \"Quisieron enterrarnos, pero no sab\u00edan que \u00e9ramos semilla\" Rodrigo Arenas, recientemente elegido diputado en Francia \u201cQuisiera que la comunidad chilena organizada, residente en Francia, se convierta en parte integrante y participante del proceso de cambio que\u2026","rel":"","context":"Dans &quot;Non class\u00e9&quot;","block_context":{"text":"Non class\u00e9","link":"https:\/\/lekahuin.com\/?cat=6325"},"img":{"alt_text":"","src":"https:\/\/i0.wp.com\/lekahuin.com\/wp-content\/uploads\/2022\/07\/primnera-sesion-de-la-nueva-asamblea-nacional-francesa-2.jpg?resize=350%2C200&ssl=1","width":350,"height":200,"srcset":"https:\/\/i0.wp.com\/lekahuin.com\/wp-content\/uploads\/2022\/07\/primnera-sesion-de-la-nueva-asamblea-nacional-francesa-2.jpg?resize=350%2C200&ssl=1 1x, https:\/\/i0.wp.com\/lekahuin.com\/wp-content\/uploads\/2022\/07\/primnera-sesion-de-la-nueva-asamblea-nacional-francesa-2.jpg?resize=525%2C300&ssl=1 1.5x, https:\/\/i0.wp.com\/lekahuin.com\/wp-content\/uploads\/2022\/07\/primnera-sesion-de-la-nueva-asamblea-nacional-francesa-2.jpg?resize=700%2C400&ssl=1 2x"},"classes":[]},{"id":2751,"url":"https:\/\/lekahuin.com\/?p=2751","url_meta":{"origin":6096,"position":3},"title":"Francia","author":"Le Kahuin","date":"21 octobre 2022","format":false,"excerpt":"NOBEL DE LITERATURA FUE A CHILE DURANTE GOBIERNO DE ALLENDE: \u201cSENT\u00cd QUE ESE VIAJE A CHILE ESTABA TRANSFORMANDO MI VIDA\u201d Annie Ernaux, Premio Nobel de Literatura - 2022 El impacto en su vida y las intensas emociones que vivi\u00f3 la ganadora del Premio Nobel de Literatura, la francesa Annie Ernaux,\u2026","rel":"","context":"Dans &quot;Non class\u00e9&quot;","block_context":{"text":"Non class\u00e9","link":"https:\/\/lekahuin.com\/?cat=6325"},"img":{"alt_text":"","src":"https:\/\/i0.wp.com\/lekahuin.com\/wp-content\/uploads\/2022\/10\/annie-ernaux.jpg?resize=350%2C200&ssl=1","width":350,"height":200},"classes":[]},{"id":11799,"url":"https:\/\/lekahuin.com\/?p=11799","url_meta":{"origin":6096,"position":4},"title":"Internacional &#8211; Francia &#8211; Crisis","author":"Le Kahuin","date":"20 d\u00e9cembre 2024","format":false,"excerpt":"FRANCIA SUMIDA EN UNA GRAVE CRISIS POL\u00cdTICA EN MEDIO DE MANIFESTACIONES DE GRAVE CRISIS MORAL Francia, la patria de los Derechos Humanos (y sede de Le Kahuin de Par\u00eds), viv\u00eda en este diciembre, dos hechos que ilustran sensiblemente la crisis moral y pol\u00edtica en que est\u00e1 culminando la acci\u00f3n de\u2026","rel":"","context":"Dans &quot;INTERNACIONAL&quot;","block_context":{"text":"INTERNACIONAL","link":"https:\/\/lekahuin.com\/?cat=55294248"},"img":{"alt_text":"","src":"https:\/\/i0.wp.com\/lekahuin.com\/wp-content\/uploads\/2024\/12\/El-rey-y-su-bufon.jpg?resize=350%2C200&ssl=1","width":350,"height":200},"classes":[]},{"id":11701,"url":"https:\/\/lekahuin.com\/?p=11701","url_meta":{"origin":6096,"position":5},"title":"Internacional &#8211; Gira de E. Macron","author":"Le Kahuin","date":"27 novembre 2024","format":false,"excerpt":"CONFORME A LA TRADICIONAL HOSPITALIDAD DEL PUEBLO CHILENO\u00a0PRESIDENTE FRANC\u00c9S EMMANUEL MACRON FUE RECIBIDO COMO SE MEREC\u00cdA Visita de Charles de Gaulle 1964 Visita de Emmanuel Macron 2024 Sesenta a\u00f1os despu\u00e9s de la visita del presidente franc\u00e9s general Charles de Gaulle, como en la ocasi\u00f3n, ahora, los chilenos tuvieron el honor\u2026","rel":"","context":"Dans &quot;Non class\u00e9&quot;","block_context":{"text":"Non class\u00e9","link":"https:\/\/lekahuin.com\/?cat=6325"},"img":{"alt_text":"","src":"https:\/\/i0.wp.com\/lekahuin.com\/wp-content\/uploads\/2024\/11\/49369414708_f2bd815ff7_b-macron-chile.jpg?resize=350%2C200","width":350,"height":200,"srcset":"https:\/\/i0.wp.com\/lekahuin.com\/wp-content\/uploads\/2024\/11\/49369414708_f2bd815ff7_b-macron-chile.jpg?resize=350%2C200 1x, https:\/\/i0.wp.com\/lekahuin.com\/wp-content\/uploads\/2024\/11\/49369414708_f2bd815ff7_b-macron-chile.jpg?resize=525%2C300 1.5x, https:\/\/i0.wp.com\/lekahuin.com\/wp-content\/uploads\/2024\/11\/49369414708_f2bd815ff7_b-macron-chile.jpg?resize=700%2C400 2x"},"classes":[]}],"_links":{"self":[{"href":"https:\/\/lekahuin.com\/index.php?rest_route=\/wp\/v2\/posts\/6096","targetHints":{"allow":["GET"]}}],"collection":[{"href":"https:\/\/lekahuin.com\/index.php?rest_route=\/wp\/v2\/posts"}],"about":[{"href":"https:\/\/lekahuin.com\/index.php?rest_route=\/wp\/v2\/types\/post"}],"author":[{"embeddable":true,"href":"https:\/\/lekahuin.com\/index.php?rest_route=\/wp\/v2\/users\/211878710"}],"replies":[{"embeddable":true,"href":"https:\/\/lekahuin.com\/index.php?rest_route=%2Fwp%2Fv2%2Fcomments&post=6096"}],"version-history":[{"count":14,"href":"https:\/\/lekahuin.com\/index.php?rest_route=\/wp\/v2\/posts\/6096\/revisions"}],"predecessor-version":[{"id":6178,"href":"https:\/\/lekahuin.com\/index.php?rest_route=\/wp\/v2\/posts\/6096\/revisions\/6178"}],"wp:attachment":[{"href":"https:\/\/lekahuin.com\/index.php?rest_route=%2Fwp%2Fv2%2Fmedia&parent=6096"}],"wp:term":[{"taxonomy":"category","embeddable":true,"href":"https:\/\/lekahuin.com\/index.php?rest_route=%2Fwp%2Fv2%2Fcategories&post=6096"},{"taxonomy":"post_tag","embeddable":true,"href":"https:\/\/lekahuin.com\/index.php?rest_route=%2Fwp%2Fv2%2Ftags&post=6096"}],"curies":[{"name":"wp","href":"https:\/\/api.w.org\/{rel}","templated":true}]}}