{"id":6437,"date":"2023-09-04T18:00:00","date_gmt":"2023-09-04T16:00:00","guid":{"rendered":"https:\/\/lekahuin.com\/?p=6437"},"modified":"2023-09-04T16:28:54","modified_gmt":"2023-09-04T14:28:54","slug":"cultura-premio-nacional-ciencias-sociales","status":"publish","type":"post","link":"https:\/\/lekahuin.com\/?p=6437","title":{"rendered":"Cultura &#8211; Premio Nacional Ciencias Sociales"},"content":{"rendered":"\n<h2 class=\"wp-block-heading has-text-align-center\"><strong><strong>PREMIO NACIONAL DE HUMANIDADES Y CIENCIAS SOCIALES PARA EL FIL\u00d3SOFO Y MUSIC\u00d3LOGO GAST\u00d3N SOUBLETTE<\/strong><\/strong><\/h2>\n\n\n<div class=\"wp-block-image\">\n<figure class=\"aligncenter size-full is-resized\"><img data-recalc-dims=\"1\" fetchpriority=\"high\" decoding=\"async\" width=\"275\" height=\"183\" data-attachment-id=\"6479\" data-permalink=\"https:\/\/lekahuin.com\/?attachment_id=6479\" data-orig-file=\"https:\/\/i0.wp.com\/lekahuin.com\/wp-content\/uploads\/2023\/09\/Gaston-Soublette.jpeg?fit=275%2C183&amp;ssl=1\" data-orig-size=\"275,183\" data-comments-opened=\"1\" data-image-meta=\"{&quot;aperture&quot;:&quot;0&quot;,&quot;credit&quot;:&quot;&quot;,&quot;camera&quot;:&quot;&quot;,&quot;caption&quot;:&quot;&quot;,&quot;created_timestamp&quot;:&quot;0&quot;,&quot;copyright&quot;:&quot;&quot;,&quot;focal_length&quot;:&quot;0&quot;,&quot;iso&quot;:&quot;0&quot;,&quot;shutter_speed&quot;:&quot;0&quot;,&quot;title&quot;:&quot;&quot;,&quot;orientation&quot;:&quot;0&quot;}\" data-image-title=\"Gaston-Soublette\" data-image-description=\"\" data-image-caption=\"\" data-large-file=\"https:\/\/i0.wp.com\/lekahuin.com\/wp-content\/uploads\/2023\/09\/Gaston-Soublette.jpeg?fit=275%2C183&amp;ssl=1\" src=\"https:\/\/i0.wp.com\/lekahuin.com\/wp-content\/uploads\/2023\/09\/Gaston-Soublette.jpeg?resize=275%2C183&#038;ssl=1\" alt=\"\" class=\"wp-image-6479\" style=\"width:500px;height:auto\" srcset=\"https:\/\/i0.wp.com\/lekahuin.com\/wp-content\/uploads\/2023\/09\/Gaston-Soublette.jpeg?w=275&amp;ssl=1 275w, https:\/\/i0.wp.com\/lekahuin.com\/wp-content\/uploads\/2023\/09\/Gaston-Soublette.jpeg?resize=150%2C100&amp;ssl=1 150w\" sizes=\"(max-width: 275px) 100vw, 275px\" \/><\/figure>\n<\/div>\n\n\n<p class=\"has-text-align-justify wp-block-paragraph\">Gast\u00f3n Soublette, <strong><em><strong><em>\u201cun sabio necesario en los tiempos que vivimos\u201d,<\/em><\/strong><\/em><\/strong>&nbsp;tal como fue definido por el propio jurado que le otorg\u00f3 el galard\u00f3n, obtuvo este a\u00f1o el Premio Nacional de Humanidades y Ciencias Sociales.<br>\u201c<strong><em><strong><em>Gast\u00f3n Soublette es un estudioso de las humanidades, es un humanista que ejerce tanto el rol cr\u00edtico del conocimiento como el valor del saber humano en su relaci\u00f3n con la naturaleza, un sabio necesario en los tiempos que vivimos\u201d,<\/em><\/strong><\/em><\/strong>&nbsp;expresaron los miembros del jurado.<br>Agregando luego se trata de <strong><em><strong><em>\u201cun hombre de paz, con una gran sensibilidad para vincular distintas culturas, religiones y cosmovisiones, lo que proyecta a distintos mundos y generaciones para quienes ha sido una permanente inspiraci\u00f3n\u201d.<\/em><\/strong><\/em><\/strong><strong><em><strong><em><br><\/em><\/strong><\/em><\/strong>Soublette estudi\u00f3 en el&nbsp;<a href=\"https:\/\/es.wikipedia.org\/wiki\/Colegio_de_los_Sagrados_Corazones_de_Valpara%C3%ADso\">Colegio de los Padres Franceses de Valpara\u00edso-<\/a>&nbsp;y luego en la Escuela de Arquitectura, ingresando posteriormente a la&nbsp;<a href=\"https:\/\/es.wikipedia.org\/wiki\/Facultad_de_Derecho_de_la_Universidad_de_Chile\">Facultad de Derecho<\/a>&nbsp;de la&nbsp;<a href=\"https:\/\/es.wikipedia.org\/wiki\/Universidad_de_Chile\">Universidad de Chile<\/a>&nbsp;y finalmente en el Conservatorio de Par\u00eds, donde estudi\u00f3 m\u00fasica y musicolog\u00eda.<br>Fue miembro del Instituto de investigaciones musicales de la&nbsp;<a href=\"https:\/\/es.wikipedia.org\/wiki\/Universidad_de_Chile\">Universidad de Chile<\/a>&nbsp;(1958 a 1969) y desde los a\u00f1os 70 es profesor de filosof\u00eda y director del Instituto de Est\u00e9tica en la&nbsp;<a href=\"https:\/\/es.wikipedia.org\/wiki\/Pontificia_Universidad_Cat%C3%B3lica_de_Chile\">Pontificia Universidad Cat\u00f3lica de Chile<\/a>.<br>El galardonado fil\u00f3sofo y music\u00f3logo de 96 a\u00f1os es reconocido por su gran aporte a la cultura musical tradicional chilena desde su trabajo en la transcripci\u00f3n a la partitura de las obras de Violeta Parra, como en la colaboraci\u00f3n con folcloristas como Margot Loyola, H\u00e9ctor Pavez y Gabriela Pizarro.<\/p>\n","protected":false},"excerpt":{"rendered":"<div class=\"mh-excerpt\"><p>PREMIO NACIONAL DE HUMANIDADES Y CIENCIAS SOCIALES PARA EL FIL\u00d3SOFO Y MUSIC\u00d3LOGO GAST\u00d3N SOUBLETTE Gast\u00f3n Soublette, \u201cun sabio necesario en los tiempos que vivimos\u201d,&nbsp;tal como <a class=\"mh-excerpt-more\" href=\"https:\/\/lekahuin.com\/?p=6437\" title=\"Cultura &#8211; Premio Nacional Ciencias Sociales\">[&#8230;]<\/a><\/p>\n<\/div>","protected":false},"author":211878710,"featured_media":0,"comment_status":"open","ping_status":"open","sticky":false,"template":"","format":"standard","meta":{"_coblocks_attr":"","_coblocks_dimensions":"","_coblocks_responsive_height":"","_coblocks_accordion_ie_support":"","_crdt_document":"","advanced_seo_description":"","jetpack_seo_html_title":"","jetpack_seo_noindex":false,"_jetpack_newsletter_access":"","_jetpack_dont_email_post_to_subs":false,"_jetpack_newsletter_tier_id":0,"_jetpack_memberships_contains_paywalled_content":false,"_jetpack_memberships_contains_paid_content":false,"footnotes":"","jetpack_post_was_ever_published":false},"categories":[6325],"tags":[],"class_list":["post-6437","post","type-post","status-publish","format-standard","hentry","category-non-classe"],"jetpack_featured_media_url":"","jetpack_likes_enabled":true,"jetpack_sharing_enabled":true,"jetpack_shortlink":"https:\/\/wp.me\/pdoWOp-1FP","jetpack-related-posts":[{"id":6434,"url":"https:\/\/lekahuin.com\/?p=6434","url_meta":{"origin":6437,"position":0},"title":"Cultura &#8211; Premio Nacional Artes","author":"Le Kahuin","date":"4 septembre 2023","format":false,"excerpt":"PREMIO NACIONAL DE ARTES DE LA REPRESENTACI\u00d3N Y AUDIOVISUALES\u00a0PARA EL GRAN PATRICIO GUZM\u00c1N El gran cineasta y documentalista Patricio Guzm\u00e1n que, en cada una de sus obras, como \u201cLa batalla de Chile\u201d \u201cEl bot\u00f3n de n\u00e1car\u201d, \u201cNostalgia de la luz\u201d, \u201cLa cordillera de los sue\u00f1os\u201d y \u201cMi pa\u00eds imaginario\u201d, ha\u2026","rel":"","context":"Dans &quot;Non class\u00e9&quot;","block_context":{"text":"Non class\u00e9","link":"https:\/\/lekahuin.com\/?cat=6325"},"img":{"alt_text":"","src":"https:\/\/i0.wp.com\/lekahuin.com\/wp-content\/uploads\/2023\/09\/Pato-Guzman.jpg?resize=350%2C200&ssl=1","width":350,"height":200,"srcset":"https:\/\/i0.wp.com\/lekahuin.com\/wp-content\/uploads\/2023\/09\/Pato-Guzman.jpg?resize=350%2C200&ssl=1 1x, https:\/\/i0.wp.com\/lekahuin.com\/wp-content\/uploads\/2023\/09\/Pato-Guzman.jpg?resize=525%2C300&ssl=1 1.5x, https:\/\/i0.wp.com\/lekahuin.com\/wp-content\/uploads\/2023\/09\/Pato-Guzman.jpg?resize=700%2C400&ssl=1 2x"},"classes":[]},{"id":10274,"url":"https:\/\/lekahuin.com\/?p=10274","url_meta":{"origin":6437,"position":1},"title":"Internacional &#8211; M\u00e9xico &#8211; Opini\u00f3n","author":"Le Kahuin","date":"25 juin 2024","format":false,"excerpt":"QUIEN ES CLAUDIA SHEINBAUM\u00a0? Por Margarita Labarca Goddard Esto es para los chilenos que no la conocen bien.El \u00a02 de junio de 2024, gan\u00f3 Claudia Sheinbaum la presidencia de M\u00e9xico, por un 60 por ciento o m\u00e1s de los votos, 30 puntos por encima de su m\u00e1s cercana competidora. Aqu\u00ed,\u2026","rel":"","context":"Dans &quot;INTERNACIONAL&quot;","block_context":{"text":"INTERNACIONAL","link":"https:\/\/lekahuin.com\/?cat=55294248"},"img":{"alt_text":"","src":"https:\/\/i0.wp.com\/lekahuin.com\/wp-content\/uploads\/2024\/06\/claudia-sheinbaum.jpg?resize=350%2C200&ssl=1","width":350,"height":200,"srcset":"https:\/\/i0.wp.com\/lekahuin.com\/wp-content\/uploads\/2024\/06\/claudia-sheinbaum.jpg?resize=350%2C200&ssl=1 1x, https:\/\/i0.wp.com\/lekahuin.com\/wp-content\/uploads\/2024\/06\/claudia-sheinbaum.jpg?resize=525%2C300&ssl=1 1.5x, https:\/\/i0.wp.com\/lekahuin.com\/wp-content\/uploads\/2024\/06\/claudia-sheinbaum.jpg?resize=700%2C400&ssl=1 2x, https:\/\/i0.wp.com\/lekahuin.com\/wp-content\/uploads\/2024\/06\/claudia-sheinbaum.jpg?resize=1050%2C600&ssl=1 3x, https:\/\/i0.wp.com\/lekahuin.com\/wp-content\/uploads\/2024\/06\/claudia-sheinbaum.jpg?resize=1400%2C800&ssl=1 4x"},"classes":[]},{"id":8986,"url":"https:\/\/lekahuin.com\/?p=8986","url_meta":{"origin":6437,"position":2},"title":"Cultura &#8211; Pel\u00edcula de Maite Alberdi","author":"Le Kahuin","date":"19 f\u00e9vrier 2024","format":false,"excerpt":"PEL\u00cdCULA CHILENA \u201cLA MEMORIA INFINITA\u201d PREMIADA EN ESPA\u00d1A EN MEDIO DE PADEMIA DE ALZHEIMER DE LA CLASE POL\u00cdTICA CHILENA Con justa raz\u00f3n, m\u00e1s de alguien hizo notar la iron\u00eda que significaba el hecho que cuatro d\u00edas despu\u00e9s de la muerte de Sebasti\u00e1n Pi\u00f1era en Chile y toda la parafernalia de\u2026","rel":"","context":"Dans &quot;CULTURA&quot;","block_context":{"text":"CULTURA","link":"https:\/\/lekahuin.com\/?cat=55294249"},"img":{"alt_text":"","src":"https:\/\/i0.wp.com\/lekahuin.com\/wp-content\/uploads\/2024\/02\/la-memoria-infinita.png?resize=350%2C200&ssl=1","width":350,"height":200,"srcset":"https:\/\/i0.wp.com\/lekahuin.com\/wp-content\/uploads\/2024\/02\/la-memoria-infinita.png?resize=350%2C200&ssl=1 1x, https:\/\/i0.wp.com\/lekahuin.com\/wp-content\/uploads\/2024\/02\/la-memoria-infinita.png?resize=525%2C300&ssl=1 1.5x"},"classes":[]},{"id":6431,"url":"https:\/\/lekahuin.com\/?p=6431","url_meta":{"origin":6437,"position":3},"title":"Cultura &#8211; Premio Nacional Periodismo","author":"Le Kahuin","date":"4 septembre 2023","format":false,"excerpt":"PATRICIA STAMBUK OBTUVO ESTE A\u00d1O\u00a0PREMIO NACIONAL DE PERIODISMO La periodista magall\u00e1nica Patricia Stambuk, de reconocido trabajo entregado en nueve libros sobre los pueblos originarios, en particular yaganes y rapanui, y como profesional de prensa, radio y televisi\u00f3n, obtuvo el Premio Nacional de Periodismo 2023.En 2019 hab\u00eda recibido el Premio Manuel\u2026","rel":"","context":"Dans &quot;Non class\u00e9&quot;","block_context":{"text":"Non class\u00e9","link":"https:\/\/lekahuin.com\/?cat=6325"},"img":{"alt_text":"","src":"https:\/\/i0.wp.com\/lekahuin.com\/wp-content\/uploads\/2023\/09\/Premio-nac-periodismo.png?resize=350%2C200&ssl=1","width":350,"height":200},"classes":[]},{"id":9516,"url":"https:\/\/lekahuin.com\/?p=9516","url_meta":{"origin":6437,"position":4},"title":"Internacional &#8211; Mart\u00edn Almada","author":"Le Kahuin","date":"22 avril 2024","format":false,"excerpt":"FALLECE MART\u00cdN ALMADA, EL HOMBRE QUE DEJ\u00d3 A LA LUZ EL SINIESTRO PLAN C\u00d3NDOR Mart\u00edn Almada, legista y profesor paraguayo que falleci\u00f3 a los 87 a\u00f1os, merecer\u00eda ser mucho mejor conocido y reconocido como uno de los grandes personajes en la lucha por la defensa de los Derechos Humanos en\u2026","rel":"","context":"Dans &quot;INTERNACIONAL&quot;","block_context":{"text":"INTERNACIONAL","link":"https:\/\/lekahuin.com\/?cat=55294248"},"img":{"alt_text":"","src":"https:\/\/i0.wp.com\/lekahuin.com\/wp-content\/uploads\/2024\/04\/Martin-Almada-el-dia-2.png?resize=350%2C200&ssl=1","width":350,"height":200,"srcset":"https:\/\/i0.wp.com\/lekahuin.com\/wp-content\/uploads\/2024\/04\/Martin-Almada-el-dia-2.png?resize=350%2C200&ssl=1 1x, https:\/\/i0.wp.com\/lekahuin.com\/wp-content\/uploads\/2024\/04\/Martin-Almada-el-dia-2.png?resize=525%2C300&ssl=1 1.5x"},"classes":[]},{"id":14815,"url":"https:\/\/lekahuin.com\/?p=14815","url_meta":{"origin":6437,"position":5},"title":"Internacional &#8211; Premio Nobel de la Paz","author":"Le Kahuin","date":"28 octobre 2025","format":false,"excerpt":"PREMIO NOBEL ADOLFO PEREZ ESQUIVEL ENV\u00cdA CARTA A LA PREMIO NOBEL DE LA PAZ, MARIA CORINA MACHADO Te env\u00edo el saludo de Paz y Bien que tanto necesita la humanidad y los pueblos que viven en la pobreza, conflictos, guerras y hambre. Esta carta abierta es para expresarte y compartir\u2026","rel":"","context":"Dans &quot;INTERNACIONAL&quot;","block_context":{"text":"INTERNACIONAL","link":"https:\/\/lekahuin.com\/?cat=55294248"},"img":{"alt_text":"","src":"https:\/\/i0.wp.com\/lekahuin.com\/wp-content\/uploads\/2025\/10\/esquivel-machado.png?resize=350%2C200&ssl=1","width":350,"height":200,"srcset":"https:\/\/i0.wp.com\/lekahuin.com\/wp-content\/uploads\/2025\/10\/esquivel-machado.png?resize=350%2C200&ssl=1 1x, https:\/\/i0.wp.com\/lekahuin.com\/wp-content\/uploads\/2025\/10\/esquivel-machado.png?resize=525%2C300&ssl=1 1.5x"},"classes":[]}],"_links":{"self":[{"href":"https:\/\/lekahuin.com\/index.php?rest_route=\/wp\/v2\/posts\/6437","targetHints":{"allow":["GET"]}}],"collection":[{"href":"https:\/\/lekahuin.com\/index.php?rest_route=\/wp\/v2\/posts"}],"about":[{"href":"https:\/\/lekahuin.com\/index.php?rest_route=\/wp\/v2\/types\/post"}],"author":[{"embeddable":true,"href":"https:\/\/lekahuin.com\/index.php?rest_route=\/wp\/v2\/users\/211878710"}],"replies":[{"embeddable":true,"href":"https:\/\/lekahuin.com\/index.php?rest_route=%2Fwp%2Fv2%2Fcomments&post=6437"}],"version-history":[{"count":3,"href":"https:\/\/lekahuin.com\/index.php?rest_route=\/wp\/v2\/posts\/6437\/revisions"}],"predecessor-version":[{"id":6480,"href":"https:\/\/lekahuin.com\/index.php?rest_route=\/wp\/v2\/posts\/6437\/revisions\/6480"}],"wp:attachment":[{"href":"https:\/\/lekahuin.com\/index.php?rest_route=%2Fwp%2Fv2%2Fmedia&parent=6437"}],"wp:term":[{"taxonomy":"category","embeddable":true,"href":"https:\/\/lekahuin.com\/index.php?rest_route=%2Fwp%2Fv2%2Fcategories&post=6437"},{"taxonomy":"post_tag","embeddable":true,"href":"https:\/\/lekahuin.com\/index.php?rest_route=%2Fwp%2Fv2%2Ftags&post=6437"}],"curies":[{"name":"wp","href":"https:\/\/api.w.org\/{rel}","templated":true}]}}