{"id":6443,"date":"2023-09-04T18:00:00","date_gmt":"2023-09-04T16:00:00","guid":{"rendered":"https:\/\/lekahuin.com\/?p=6443"},"modified":"2023-10-23T01:43:39","modified_gmt":"2023-10-22T23:43:39","slug":"internacional-prigoyin","status":"publish","type":"post","link":"https:\/\/lekahuin.com\/?p=6443","title":{"rendered":"Internacional &#8211; Prigoy\u00edn"},"content":{"rendered":"\n<h2 class=\"wp-block-heading has-text-align-center\"><strong><strong>PRIGOY\u00cdN (QUE EN PAZ DESCANSE)&nbsp;Y EL ANTIGUO TESTAMENTO<\/strong><\/strong><\/h2>\n\n\n<div class=\"wp-block-image\">\n<figure class=\"aligncenter size-full\"><img data-recalc-dims=\"1\" fetchpriority=\"high\" decoding=\"async\" width=\"729\" height=\"506\" data-attachment-id=\"6503\" data-permalink=\"https:\/\/lekahuin.com\/?attachment_id=6503\" data-orig-file=\"https:\/\/i0.wp.com\/lekahuin.com\/wp-content\/uploads\/2023\/09\/Prigojine.png?fit=729%2C506&amp;ssl=1\" data-orig-size=\"729,506\" data-comments-opened=\"1\" data-image-meta=\"{&quot;aperture&quot;:&quot;0&quot;,&quot;credit&quot;:&quot;&quot;,&quot;camera&quot;:&quot;&quot;,&quot;caption&quot;:&quot;&quot;,&quot;created_timestamp&quot;:&quot;0&quot;,&quot;copyright&quot;:&quot;&quot;,&quot;focal_length&quot;:&quot;0&quot;,&quot;iso&quot;:&quot;0&quot;,&quot;shutter_speed&quot;:&quot;0&quot;,&quot;title&quot;:&quot;&quot;,&quot;orientation&quot;:&quot;0&quot;}\" data-image-title=\"Prigojine\" data-image-description=\"\" data-image-caption=\"\" data-large-file=\"https:\/\/i0.wp.com\/lekahuin.com\/wp-content\/uploads\/2023\/09\/Prigojine.png?fit=729%2C506&amp;ssl=1\" src=\"https:\/\/i0.wp.com\/lekahuin.com\/wp-content\/uploads\/2023\/09\/Prigojine.png?resize=729%2C506&#038;ssl=1\" alt=\"\" class=\"wp-image-6503\" srcset=\"https:\/\/i0.wp.com\/lekahuin.com\/wp-content\/uploads\/2023\/09\/Prigojine.png?w=729&amp;ssl=1 729w, https:\/\/i0.wp.com\/lekahuin.com\/wp-content\/uploads\/2023\/09\/Prigojine.png?resize=300%2C208&amp;ssl=1 300w, https:\/\/i0.wp.com\/lekahuin.com\/wp-content\/uploads\/2023\/09\/Prigojine.png?resize=150%2C104&amp;ssl=1 150w\" sizes=\"(max-width: 729px) 100vw, 729px\" \/><\/figure>\n<\/div>\n\n\n<p class=\"has-text-align-justify wp-block-paragraph\">Vamos a suponer que todos los informes oficiales y los resultados de todos los ex\u00e1menes forenses son aut\u00e9nticos, que el l\u00edder de la milicia rusa de mercenarios Wagner, Evgueny Prigoy\u00edn, se encontraba realmente en su avi\u00f3n Embraer 600 que se precipit\u00f3 a tierra al noroeste de Mosc\u00fa el &nbsp;23 de agosto y que ahora est\u00e1 muerto y bien muerto.<br>Es importante dejar esto en claro, pues no es la primera vez que el delincuente salido de prisi\u00f3n que supo cultivar sus relaciones, entre ellas las del compa\u00f1ero Vladimir Put\u00edn (cuando este oficiaba en San Peterburgo), para pasar de vendedor de completos a due\u00f1o de un restaurante de lujo y luego jefe de una milicia de al menos 50.000 mercenarios, es dado por muerto en un accidente a\u00e9reo.<br>Como es evidente, es dif\u00edcil pensar que la ca\u00edda del aparato donde viajaba no s\u00f3lo el jefe de Wagner, sino tambi\u00e9n su n\u00famero 2, el neonazi y principal responsable en esta de los asuntos militares, Dimitri Utkin, m\u00e1s otros importantes allegados a Prigoy\u00edn, haya sido un accidente.<br>Sin embargo, en contra del pensamiento de todos los racionalistas, no puede descartarse que hay fuerzas ocultas que juegan en el destino de las personas y circunstancias que, en una relaci\u00f3n de causa a efecto, traen mala suerte y una consecuente desgracia.<br>La actualidad nos muestra un ejemplo.<br>A\u00fan a riesgo de ser acusado por alg\u00fan camarada de t\u00edtere del imperialismo yanqui, neonazi pro ucraniano, aliado de la OTAN, traidor a los valores de la clase obrera, o simplemente de ser supersticioso, lo menos que se puede decir es que enemistarse con el compa\u00f1ero Vladimir trae mala suerte.<br>Como el romper un espejo, cruzar un gato negro, iniciar algo un viernes 13, el caerle mal al compa\u00f1ero puede significar una desgracia: &nbsp;veinte a\u00f1os de c\u00e1rcel, el caerse por una escalera o desde una ventana de un piso alto, el comer algo en mal estado, el sufrir un ataque cardiaco o el morir en un accidente a\u00e9reo.<br>Del mismo modo que no se podr\u00eda responsabilizar al espejo roto o al gato negro de las desgracias que provocan, ser\u00eda absurdo cargar a la cuenta del compa\u00f1ero Put\u00edn aquellas que sufrieron los que se enemistaron con \u00e9l.<br>Craso error es entonces el considerar que la muerte de Prigoy\u00edn est\u00e1 en relaci\u00f3n con el paseo que organiz\u00f3 para sus tropas en junio pasado hasta unos cientos de kil\u00f3metros de Mosc\u00fa. Si en alg\u00fan momento el compa\u00f1ero Put\u00edn pareci\u00f3 disgustado por esta travesura, pronto se repuso y dej\u00f3 que durante dos meses su viejo compinche fuese a descansar a Bielorrusia y al \u00c1frica.<br>M\u00e1s a\u00fan, desmintiendo las malintencionadas sospechas, sin poder ocultar la tristeza y el dolor que le provoc\u00f3 la p\u00e9rdida de su compadre de juventud en San Peterburgo, aprovech\u00f3 una ceremonia conmemorando la batalla de Kursk donde habl\u00f3 de \u201cdevoci\u00f3n\u201d y \u201clealtad\u201d, para referirse al difunto Prigoy\u00edn.<br><strong><em><strong><em>\u201cSaludo la memoria de un hombre de negocios de talento \u2026 que cometi\u00f3 errores\u201d<\/em><\/strong><\/em><\/strong>, dijo el compa\u00f1ero Put\u00edn.<br>Por cierto, \u00bfQui\u00e9n no comete errores? <strong><em><strong><em>Errare humanum est.<\/em><\/strong><\/em><\/strong><strong><em><strong><em><br><\/em><\/strong><\/em><\/strong>Antes de convertirse en el \u201ctalentoso hombre de negocios\u201d, Evgueny Prigoyin pas\u00f3 varios a\u00f1os en prisi\u00f3n condenado como ratero, tr\u00e1ficante de drogas y cafiche.<br>Durante su reclusi\u00f3n quiz\u00e1s le habr\u00eda servido el haber le\u00eddo entre otros el Antiguo Testamento y en particular el libro de Isa\u00edas y el cap\u00edtulo 14 vers\u00edculo 12 en relaci\u00f3n al \u00e1ngel ca\u00eddo que, sin duda su amigo, el compa\u00f1ero Vladimir s\u00ed ley\u00f3.<br>&nbsp;&nbsp;<strong><em><strong><em>\u201cC\u00f3mo ca\u00edste del cielo, oh Lucifer, hijo de la ma\u00f1ana. Derribado fuiste a tierra, t\u00fa que debilitabas las naciones, t\u00fa que dec\u00edas en tu coraz\u00f3n subir\u00e9 al cielo\u2026\u201d<\/em><\/strong><\/em><\/strong><strong><em><strong><em><\/em><\/strong><\/em><\/strong><\/p>\n","protected":false},"excerpt":{"rendered":"<div class=\"mh-excerpt\"><p>PRIGOY\u00cdN (QUE EN PAZ DESCANSE)&nbsp;Y EL ANTIGUO TESTAMENTO Vamos a suponer que todos los informes oficiales y los resultados de todos los ex\u00e1menes forenses son <a class=\"mh-excerpt-more\" href=\"https:\/\/lekahuin.com\/?p=6443\" title=\"Internacional &#8211; Prigoy\u00edn\">[&#8230;]<\/a><\/p>\n<\/div>","protected":false},"author":211878710,"featured_media":0,"comment_status":"open","ping_status":"open","sticky":false,"template":"","format":"standard","meta":{"_coblocks_attr":"","_coblocks_dimensions":"","_coblocks_responsive_height":"","_coblocks_accordion_ie_support":"","_crdt_document":"","advanced_seo_description":"","jetpack_seo_html_title":"","jetpack_seo_noindex":false,"_jetpack_newsletter_access":"","_jetpack_dont_email_post_to_subs":false,"_jetpack_newsletter_tier_id":0,"_jetpack_memberships_contains_paywalled_content":false,"_jetpack_memberships_contains_paid_content":false,"footnotes":"","jetpack_post_was_ever_published":false},"categories":[55294248],"tags":[],"class_list":["post-6443","post","type-post","status-publish","format-standard","hentry","category-internacional"],"jetpack_featured_media_url":"","jetpack_likes_enabled":true,"jetpack_sharing_enabled":true,"jetpack_shortlink":"https:\/\/wp.me\/pdoWOp-1FV","jetpack-related-posts":[{"id":7324,"url":"https:\/\/lekahuin.com\/?p=7324","url_meta":{"origin":6443,"position":0},"title":"Chile &#8211; Palestina","author":"Le Kahuin","date":"29 octobre 2023","format":false,"excerpt":"\u201cGaza y la hipocres\u00eda Internacional\u201d Por Daniel Jadue, Alcalde de la Municipalidad de Recoleta Gaza, octubre de 2023 Desde anoche y seguramente en los d\u00edas que vienen, Palestina volver\u00e1 a ser noticia en los medios de comunicaci\u00f3n hegem\u00f3nicos y en las declaraciones de condena de los l\u00edderes mundiales, los que\u2026","rel":"","context":"Dans &quot;Non class\u00e9&quot;","block_context":{"text":"Non class\u00e9","link":"https:\/\/lekahuin.com\/?cat=6325"},"img":{"alt_text":"","src":"https:\/\/i0.wp.com\/lekahuin.com\/wp-content\/uploads\/2023\/10\/gaza1-2-ea4a6.jpg?resize=350%2C200&ssl=1","width":350,"height":200,"srcset":"https:\/\/i0.wp.com\/lekahuin.com\/wp-content\/uploads\/2023\/10\/gaza1-2-ea4a6.jpg?resize=350%2C200&ssl=1 1x, https:\/\/i0.wp.com\/lekahuin.com\/wp-content\/uploads\/2023\/10\/gaza1-2-ea4a6.jpg?resize=525%2C300&ssl=1 1.5x, https:\/\/i0.wp.com\/lekahuin.com\/wp-content\/uploads\/2023\/10\/gaza1-2-ea4a6.jpg?resize=700%2C400&ssl=1 2x"},"classes":[]},{"id":7679,"url":"https:\/\/lekahuin.com\/?p=7679","url_meta":{"origin":6443,"position":1},"title":"Chile &#8211; Comunidad Palestina","author":"Le Kahuin","date":"26 novembre 2023","format":false,"excerpt":"DECLARACI\u00d3N \u00a0Hoy la comunidad Palestina de Chile expresa su gratitud y felicita al Gobierno de Chile por mantener una postura coherente en cuanto a los Derechos Humanos y el respeto al Derecho Internacional.Esta posici\u00f3n incluye la firme condena de las flagrantes violaciones de Israel a los est\u00e1ndares internacionales en materia\u2026","rel":"","context":"Dans &quot;Non class\u00e9&quot;","block_context":{"text":"Non class\u00e9","link":"https:\/\/lekahuin.com\/?cat=6325"},"img":{"alt_text":"","src":"https:\/\/i0.wp.com\/lekahuin.com\/wp-content\/uploads\/2023\/11\/palestina-santiago.png?resize=350%2C200&ssl=1","width":350,"height":200,"srcset":"https:\/\/i0.wp.com\/lekahuin.com\/wp-content\/uploads\/2023\/11\/palestina-santiago.png?resize=350%2C200&ssl=1 1x, https:\/\/i0.wp.com\/lekahuin.com\/wp-content\/uploads\/2023\/11\/palestina-santiago.png?resize=525%2C300&ssl=1 1.5x, https:\/\/i0.wp.com\/lekahuin.com\/wp-content\/uploads\/2023\/11\/palestina-santiago.png?resize=700%2C400&ssl=1 2x, https:\/\/i0.wp.com\/lekahuin.com\/wp-content\/uploads\/2023\/11\/palestina-santiago.png?resize=1050%2C600&ssl=1 3x"},"classes":[]},{"id":16549,"url":"https:\/\/lekahuin.com\/?p=16549","url_meta":{"origin":6443,"position":2},"title":"Chile &#8211; Alza &#8211; Bencina","author":"Le Kahuin","date":"28 mars 2026","format":false,"excerpt":"EL \u201cBENCINAZO\u201d, OTRO GOLPE AL BOLSILLO DE LA GENTE Y UN REGALO M\u00c1S A LAS GRANDES EMPRESAS PETROLERAS El \u201cbencinazo\u201d forma parte de la estrategia de Kast que consiste en asestar toda una serie de medidas impactantes, que no necesariamente se llevar\u00e1n efecto, pero con las cuales cuenta aturdir a\u2026","rel":"","context":"Dans &quot;CHILE&quot;","block_context":{"text":"CHILE","link":"https:\/\/lekahuin.com\/?cat=55294247"},"img":{"alt_text":"","src":"https:\/\/i0.wp.com\/lekahuin.com\/wp-content\/uploads\/2026\/03\/arrepentidos-2.png?resize=350%2C200&ssl=1","width":350,"height":200},"classes":[]},{"id":7192,"url":"https:\/\/lekahuin.com\/?p=7192","url_meta":{"origin":6443,"position":3},"title":"Internacional &#8211; Conmemoraciones 50 a\u00f1os","author":"Le Kahuin","date":"26 septembre 2023","format":false,"excerpt":"A NIVEL INTERNACIONAL CONMEMORACION DEL 50\u00ba ANIVERSARIO\u00a0FUE SIN POL\u00c9MICA Y CON INMENSO RESPETO Y ENTUSIASMO Conmemoraciones 50 a\u00f1os : Los puntitos son calles, pasajes, avenidas y plazas donde sale el nombre de Salvador Allende en Europa. Si, con uno de esos proverbios que en pocas palabras resumen un hecho complejo,\u2026","rel":"","context":"Dans &quot;INTERNACIONAL&quot;","block_context":{"text":"INTERNACIONAL","link":"https:\/\/lekahuin.com\/?cat=55294248"},"img":{"alt_text":"","src":"https:\/\/i0.wp.com\/lekahuin.com\/wp-content\/uploads\/2023\/09\/internacional-conmemoraciones.jpg?resize=350%2C200&ssl=1","width":350,"height":200,"srcset":"https:\/\/i0.wp.com\/lekahuin.com\/wp-content\/uploads\/2023\/09\/internacional-conmemoraciones.jpg?resize=350%2C200&ssl=1 1x, https:\/\/i0.wp.com\/lekahuin.com\/wp-content\/uploads\/2023\/09\/internacional-conmemoraciones.jpg?resize=525%2C300&ssl=1 1.5x, https:\/\/i0.wp.com\/lekahuin.com\/wp-content\/uploads\/2023\/09\/internacional-conmemoraciones.jpg?resize=700%2C400&ssl=1 2x"},"classes":[]},{"id":10136,"url":"https:\/\/lekahuin.com\/?p=10136","url_meta":{"origin":6443,"position":4},"title":"Opini\u00f3n","author":"Le Kahuin","date":"24 juin 2024","format":false,"excerpt":"POL\u00cdTICA INTERNACIONAL BORIC Por Pedro Alejandro Matta Algunas consideraciones sobre la pol\u00edtica internacional de Boric (que veo atrae cr\u00edticas, principalmente de integrantes o simpatizantes del PC):Yo creo, y en esto coincido con Boric, que la \u00fanica forma que tenemos los pa\u00edses menos importantes (y Chile est\u00e1 entre ellos) de protegerse\u2026","rel":"","context":"Dans &quot;OPINION&quot;","block_context":{"text":"OPINION","link":"https:\/\/lekahuin.com\/?cat=55294254"},"img":{"alt_text":"","src":"https:\/\/i0.wp.com\/lekahuin.com\/wp-content\/uploads\/2024\/06\/boric-zelanski_653x431.jpg?resize=350%2C200&ssl=1","width":350,"height":200,"srcset":"https:\/\/i0.wp.com\/lekahuin.com\/wp-content\/uploads\/2024\/06\/boric-zelanski_653x431.jpg?resize=350%2C200&ssl=1 1x, https:\/\/i0.wp.com\/lekahuin.com\/wp-content\/uploads\/2024\/06\/boric-zelanski_653x431.jpg?resize=525%2C300&ssl=1 1.5x"},"classes":[]},{"id":3855,"url":"https:\/\/lekahuin.com\/?p=3855","url_meta":{"origin":6443,"position":5},"title":"Par\u00eds &#8211; Francia","author":"Le Kahuin","date":"25 d\u00e9cembre 2022","format":false,"excerpt":"CARTA DIRIGIDA AL PRESIDENTE GABRIEL BORIC CON OCASION DEL DIA INTERNACIONAL DE LOS DERECHOS HUMANOS , EXIGIENDO LA LIBERACION DE TODOS LOS PRISIONEROS POLITICOS EN CHILE Esta carta destinada al Presidente chileno Gabriel Boric, firmada por varias asociaciones franco - chilenas, fue depositada en la sede de la Embajada de\u2026","rel":"","context":"Dans &quot;Non class\u00e9&quot;","block_context":{"text":"Non class\u00e9","link":"https:\/\/lekahuin.com\/?cat=6325"},"img":{"alt_text":"","src":"https:\/\/i0.wp.com\/lekahuin.com\/wp-content\/uploads\/2022\/12\/221210-Carta-a-G-BORIC_00.png?resize=350%2C200","width":350,"height":200,"srcset":"https:\/\/i0.wp.com\/lekahuin.com\/wp-content\/uploads\/2022\/12\/221210-Carta-a-G-BORIC_00.png?resize=350%2C200 1x, https:\/\/i0.wp.com\/lekahuin.com\/wp-content\/uploads\/2022\/12\/221210-Carta-a-G-BORIC_00.png?resize=525%2C300 1.5x, https:\/\/i0.wp.com\/lekahuin.com\/wp-content\/uploads\/2022\/12\/221210-Carta-a-G-BORIC_00.png?resize=700%2C400 2x, https:\/\/i0.wp.com\/lekahuin.com\/wp-content\/uploads\/2022\/12\/221210-Carta-a-G-BORIC_00.png?resize=1050%2C600 3x, https:\/\/i0.wp.com\/lekahuin.com\/wp-content\/uploads\/2022\/12\/221210-Carta-a-G-BORIC_00.png?resize=1400%2C800 4x"},"classes":[]}],"_links":{"self":[{"href":"https:\/\/lekahuin.com\/index.php?rest_route=\/wp\/v2\/posts\/6443","targetHints":{"allow":["GET"]}}],"collection":[{"href":"https:\/\/lekahuin.com\/index.php?rest_route=\/wp\/v2\/posts"}],"about":[{"href":"https:\/\/lekahuin.com\/index.php?rest_route=\/wp\/v2\/types\/post"}],"author":[{"embeddable":true,"href":"https:\/\/lekahuin.com\/index.php?rest_route=\/wp\/v2\/users\/211878710"}],"replies":[{"embeddable":true,"href":"https:\/\/lekahuin.com\/index.php?rest_route=%2Fwp%2Fv2%2Fcomments&post=6443"}],"version-history":[{"count":4,"href":"https:\/\/lekahuin.com\/index.php?rest_route=\/wp\/v2\/posts\/6443\/revisions"}],"predecessor-version":[{"id":6504,"href":"https:\/\/lekahuin.com\/index.php?rest_route=\/wp\/v2\/posts\/6443\/revisions\/6504"}],"wp:attachment":[{"href":"https:\/\/lekahuin.com\/index.php?rest_route=%2Fwp%2Fv2%2Fmedia&parent=6443"}],"wp:term":[{"taxonomy":"category","embeddable":true,"href":"https:\/\/lekahuin.com\/index.php?rest_route=%2Fwp%2Fv2%2Fcategories&post=6443"},{"taxonomy":"post_tag","embeddable":true,"href":"https:\/\/lekahuin.com\/index.php?rest_route=%2Fwp%2Fv2%2Ftags&post=6443"}],"curies":[{"name":"wp","href":"https:\/\/api.w.org\/{rel}","templated":true}]}}