{"id":7192,"date":"2023-09-26T13:33:12","date_gmt":"2023-09-26T11:33:12","guid":{"rendered":"https:\/\/lekahuin.com\/?p=7192"},"modified":"2023-10-23T01:36:27","modified_gmt":"2023-10-22T23:36:27","slug":"internacional-conmemoraciones-50-anos","status":"publish","type":"post","link":"https:\/\/lekahuin.com\/?p=7192","title":{"rendered":"Internacional &#8211; Conmemoraciones 50 a\u00f1os"},"content":{"rendered":"\n<h2 class=\"wp-block-heading has-text-align-center\"><strong>A NIVEL INTERNACIONAL CONMEMORACION DEL 50\u00ba ANIVERSARIO&nbsp;FUE SIN POL\u00c9MICA Y CON INMENSO RESPETO Y ENTUSIASMO<\/strong><\/h2>\n\n\n<div class=\"wp-block-image\">\n<figure class=\"aligncenter size-full\"><img data-recalc-dims=\"1\" fetchpriority=\"high\" decoding=\"async\" width=\"828\" height=\"666\" data-attachment-id=\"7195\" data-permalink=\"https:\/\/lekahuin.com\/?attachment_id=7195\" data-orig-file=\"https:\/\/i0.wp.com\/lekahuin.com\/wp-content\/uploads\/2023\/09\/internacional-conmemoraciones.jpg?fit=828%2C666&amp;ssl=1\" data-orig-size=\"828,666\" data-comments-opened=\"1\" data-image-meta=\"{&quot;aperture&quot;:&quot;0&quot;,&quot;credit&quot;:&quot;&quot;,&quot;camera&quot;:&quot;&quot;,&quot;caption&quot;:&quot;&quot;,&quot;created_timestamp&quot;:&quot;0&quot;,&quot;copyright&quot;:&quot;&quot;,&quot;focal_length&quot;:&quot;0&quot;,&quot;iso&quot;:&quot;0&quot;,&quot;shutter_speed&quot;:&quot;0&quot;,&quot;title&quot;:&quot;&quot;,&quot;orientation&quot;:&quot;0&quot;}\" data-image-title=\"internacional-conmemoraciones\" data-image-description=\"\" data-image-caption=\"\" data-large-file=\"https:\/\/i0.wp.com\/lekahuin.com\/wp-content\/uploads\/2023\/09\/internacional-conmemoraciones.jpg?fit=828%2C666&amp;ssl=1\" src=\"https:\/\/i0.wp.com\/lekahuin.com\/wp-content\/uploads\/2023\/09\/internacional-conmemoraciones.jpg?resize=828%2C666&#038;ssl=1\" alt=\"\" class=\"wp-image-7195\" srcset=\"https:\/\/i0.wp.com\/lekahuin.com\/wp-content\/uploads\/2023\/09\/internacional-conmemoraciones.jpg?w=828&amp;ssl=1 828w, https:\/\/i0.wp.com\/lekahuin.com\/wp-content\/uploads\/2023\/09\/internacional-conmemoraciones.jpg?resize=300%2C241&amp;ssl=1 300w, https:\/\/i0.wp.com\/lekahuin.com\/wp-content\/uploads\/2023\/09\/internacional-conmemoraciones.jpg?resize=150%2C121&amp;ssl=1 150w, https:\/\/i0.wp.com\/lekahuin.com\/wp-content\/uploads\/2023\/09\/internacional-conmemoraciones.jpg?resize=768%2C618&amp;ssl=1 768w\" sizes=\"(max-width: 828px) 100vw, 828px\" \/><figcaption class=\"wp-element-caption\"><strong>Conmemoraciones 50 a\u00f1os : Los puntitos son calles, pasajes, avenidas y plazas donde sale el nombre de Salvador Allende en Europa<\/strong>.<\/figcaption><\/figure>\n<\/div>\n\n\n<p class=\"has-text-align-justify wp-block-paragraph\">Si, con uno de esos proverbios que en pocas palabras resumen un hecho complejo, hubiese que interpretar las condiciones en que se conmemor\u00f3 el 50\u00ba aniversario del golpe de Estado, en Chile como en numerosos pa\u00edses del mundo, habr\u00eda que decir que nadie es profeta en su tierra\u201d o quiz\u00e1s el que \u201clos \u00e1rboles impiden ver el bosque\u201d.<br>Todo esto referido a los actos y manifestaciones en torno a la fecha por parte de las instancias oficiales chilenas que, por momentos, parecieron actuar de mala gana y, por el contrario, el entusiasmo y la voluntad observados a nivel internacional, para homenajear al presidente Salvador Allende y denunciar los cr\u00edmenes de la Dictadura.<br>Excepto el comentario de alg\u00fan cronista aislado que pas\u00f3 inadvertido, no se conoci\u00f3 de parte de las organizaciones internacionales afines con la derecha chilena, alguna declaraci\u00f3n oficial subscribiendo las posiciones negacionistas y el cuestionamiento de hechos hist\u00f3ricos universalmente reconocidos por parte de esta.<br>Entre algunos de estos ejemplos de esta situaci\u00f3n, observada no s\u00f3lo a niveles nacionales y locales, sino tambi\u00e9n en un contexto mundial, figura el emocionado mensaje del secretario general de las Naciones Unidas Antonio Guterres.<br>\u201c<strong><em><strong><em>El Golpe y la muerte de Salvador Allende, siete meses antes de la Revoluci\u00f3n de los Claveles (*), me conmovieron profundamente, al igual que las historias de chilenos perseguidos que conoc\u00ed como refugiados\u201d,<\/em><\/strong><\/em><\/strong>&nbsp;dijo Guterres.<br>\u201c<strong><em><strong><em>El Golpe de Estado de 1973 fue un quiebre institucional que rompi\u00f3 los lazos de convivencia y marc\u00f3 a generaciones de chilenos y chilenas, pero tambi\u00e9n inspir\u00f3 a muchos a luchar por la justicia y la libertad\u201d,<\/em><\/strong><\/em><\/strong>&nbsp;coment\u00f3 el secretario general de la ONU.<br>De su lado, el Alto representante de la Uni\u00f3n Europea, Josep Borrel, declar\u00f3: <strong><em><strong><em>\u201cEl 50\u00ba aniversario del Golpe de Estado en Chile es una fecha marcada en el coraz\u00f3n de todos los dem\u00f3cratas en todo el mundo\u201d.<\/em><\/strong><\/em><\/strong><strong><em><strong><em><br><\/em><\/strong><\/em><\/strong>Luego, refiri\u00e9ndose en particular al presidente Allende, coment\u00f3: <strong><em><strong><em>\u201cS\u00ed, recordamos para no olvidar la muerte de Salvador Allende y la dignidad de ese \u00faltimo mensaje de esperanza que lanz\u00f3 a trav\u00e9s de Radio Magallanes entre explosiones y disparos.\u201d<\/em><\/strong><\/em><\/strong><strong><em><strong><em><br><\/em><\/strong><\/em><\/strong><strong><em><strong><em>\u201cUna frase que forma parte ya de las grandes frases de la historia pol\u00edtica mundial, que todos hemos repetido y guardamos en la memoria y el coraz\u00f3n\u201d, coment\u00f3<\/em><\/strong><\/em><\/strong><strong><em><strong><em><br><\/em><\/strong><\/em><\/strong>En Francia, ser\u00eda largo sino imposible se\u00f1alar todos los homenajes oficiales al presidente Allende, los que se expresaron tanto en peque\u00f1as comunas locales, ciudades principales, como hasta la capital, Par\u00eds, donde, en la fachada de la municipalidad central fue instalado un lienzo con la imagen del mandatario, entre otros tantos actos de homenaje.<br>El propio Emmanuel Macron, presidente franc\u00e9s de centro-derecha, en un mensaje dirigido a su par chileno, se\u00f1al\u00f3 \u201c<strong><em><strong><em>unirse al dolor y condolencias de las personas y familias que sufrieron por el golpe de Estado\u201d, recordando como ejemplo de la solidaridad francesa \u201cla acogida que dio Francia a miles de chilenos exiliados por la dictadura\u201d.<\/em><\/strong><\/em><\/strong><strong><em><strong><em><br><\/em><\/strong><\/em><\/strong>Desde Venezuela, el presidente Nicol\u00e1s Maduro destac\u00f3 el <strong><em><strong><em>\u201ccoraje&nbsp;y car\u00e1cter consecuente\u201d<\/em><\/strong><\/em><\/strong>&nbsp;del presidente Salvador Allende, cuyo ejemplo y valores, destac\u00f3: <strong><em><strong><em>\u201cviven eternamente en los corazones\u201d<\/em><\/strong><\/em><\/strong>&nbsp;de los pueblos de Am\u00e9rica Latina.<br>Incluso, el gobierno italiano, dirigido por la ultraderechista Giorgia Meloni se\u00f1al\u00f3 que <strong><em><strong><em>\u00ab\u00a0Italia conmemora a las v\u00edctimas de la dictadura y recuerda a los diplom\u00e1ticos italianos en Santiago\u00a0\u00bb,<\/em><\/strong><\/em><\/strong>&nbsp;al tiempo que expres\u00f3 su solidaridad por la conmemoraci\u00f3n de los&nbsp;50 a\u00f1os del golpe de Estado en Chile&nbsp;y afirm\u00f3 <strong><em><strong><em>\u00ab\u00a0est\u00e1&nbsp;con quienes luchan por la libertad y la democracia\u00a0\u00bb.<\/em><\/strong><\/em><\/strong><strong><em><strong><em><br><\/em><\/strong><\/em><\/strong><strong><em><strong><em>\u201cSalvador Allende fue el ap\u00f3stol de la democracia de Chile y un s\u00edmbolo de la dignidad de los servidores p\u00fablicos en todo el mundo [&#8230;] En este aniversario, celebremos el compromiso chileno con la democracia y los derechos humanos y reafirmemos nuestra dedicaci\u00f3n para construir un mundo m\u00e1s justo, solidario y pac\u00edfico\u201d,<\/em><\/strong><\/em><\/strong>&nbsp;dijo el presidente de M\u00e9xico Andr\u00e9s Manuel L\u00f3pez Obrador.<br>Refiri\u00e9ndose al 11 de septiembre, fecha anversario del golpe de Estado de 1973, Pedro S\u00e1nchez, jefe del gobierno espa\u00f1ol, manifest\u00f3 <strong><em><strong><em>que \u201caprovech\u00f3 este d\u00eda para la memoria y el recuerdo &nbsp;(\u2026) de quienes dieron su vida por la libertad y la democracia, quienes sufrieron torturas y persecuci\u00f3n y exilio\u00a0\u00bb. \u00ab\u00a0En su memoria, encontramos la inspiraci\u00f3n para fortalecer la democracia, y en su dignidad, un ejemplo de coherencia que inspir\u00f3 al mundo entero\u00a0\u00bb.<\/em><\/strong><\/em><\/strong><strong><em><strong><em><br><\/em><\/strong><\/em><\/strong>En Estados Unidos, un grupo de parlamentarios encabezado por el senador Bernie Sanders y la representante Alexandria Ocasio-Cortez, present\u00f3 ante el Congreso un proyecto en conmemoraci\u00f3n del golpe Militar de 1973, en que demanda &nbsp;que el gobierno pida oficialmente disculpas por su participaci\u00f3n en el derrocamiento del presidente Salvador Allende y por la dictadura que ayud\u00f3 a instaurar en Chile.<br>Por su parte, Luis Arce, presidente de Bolivia, pa\u00eds con el que Chile no mantiene relaciones diplom\u00e1ticas, pero que estuvo presente en las ceremonias de conmemoraci\u00f3n del 50\u00ba aniversario del golpe de Estado, declar\u00f3: <strong><em><strong><em>\u201cEl pueblo boliviano est\u00e1 comprometido con la democracia, el pueblo boliviano contin\u00faa apoyando todas aquellas iniciativas que propongan el fortalecimiento de los lazos de hermandad y democracia en nuestros pa\u00edses. \u00a1Gloria al compa\u00f1ero presidente Allende!\u201d&nbsp;<\/em><\/strong><\/em><\/strong>.<br>De su lado, el presidente colombiano Gustavo Petro se\u00f1al\u00f3 que <strong><em><strong><em>\u201cdespu\u00e9s del golpe contra Allende vinieron 30 a\u00f1os de dictaduras e insurgencias y ahora, y esa es la importancia de este acto, 50 a\u00f1os despu\u00e9s en el mismo sitio del Palacio que fue bombardeado y el punto donde fue asesinado Allende, plantear la democracia como una alternativa, quiz\u00e1s la \u00fanica que tenemos para construir paz\u201d.<\/em><\/strong><\/em><\/strong><strong><em><strong><em><\/em><\/strong><\/em><\/strong><\/p>\n","protected":false},"excerpt":{"rendered":"<div class=\"mh-excerpt\"><p>A NIVEL INTERNACIONAL CONMEMORACION DEL 50\u00ba ANIVERSARIO&nbsp;FUE SIN POL\u00c9MICA Y CON INMENSO RESPETO Y ENTUSIASMO Si, con uno de esos proverbios que en pocas palabras <a class=\"mh-excerpt-more\" href=\"https:\/\/lekahuin.com\/?p=7192\" title=\"Internacional &#8211; Conmemoraciones 50 a\u00f1os\">[&#8230;]<\/a><\/p>\n<\/div>","protected":false},"author":211878710,"featured_media":0,"comment_status":"open","ping_status":"open","sticky":false,"template":"","format":"standard","meta":{"_coblocks_attr":"","_coblocks_dimensions":"","_coblocks_responsive_height":"","_coblocks_accordion_ie_support":"","_crdt_document":"","advanced_seo_description":"","jetpack_seo_html_title":"","jetpack_seo_noindex":false,"_jetpack_newsletter_access":"","_jetpack_dont_email_post_to_subs":false,"_jetpack_newsletter_tier_id":0,"_jetpack_memberships_contains_paywalled_content":false,"_jetpack_memberships_contains_paid_content":false,"footnotes":"","jetpack_post_was_ever_published":false},"categories":[55294248],"tags":[],"class_list":["post-7192","post","type-post","status-publish","format-standard","hentry","category-internacional"],"jetpack_featured_media_url":"","jetpack_likes_enabled":true,"jetpack_sharing_enabled":true,"jetpack_shortlink":"https:\/\/wp.me\/pdoWOp-1S0","jetpack-related-posts":[{"id":11823,"url":"https:\/\/lekahuin.com\/?p=11823","url_meta":{"origin":7192,"position":0},"title":"Francia &#8211; Exppchfr &#8211; 25 a\u00f1os","author":"Le Kahuin","date":"20 d\u00e9cembre 2024","format":false,"excerpt":"FELIZ VIG\u00c9SIMO QUINTO ANIVERSARIO A LA ASOCIACI\u00d3N DE EX PRESOS POL\u00cdTICOS DE CHILE EN FRANCIA La Asociaci\u00f3n de ex presos pol\u00edticos chilenos en Francia celebr\u00f3 a mediados del presente mes de diciembre sus 25 a\u00f1os, destac\u00e1ndose como una de las m\u00e1s activas organizaciones de chilenos en el extranjero, en este\u2026","rel":"","context":"Dans &quot;INTERNACIONAL&quot;","block_context":{"text":"INTERNACIONAL","link":"https:\/\/lekahuin.com\/?cat=55294248"},"img":{"alt_text":"","src":"https:\/\/i0.wp.com\/lekahuin.com\/wp-content\/uploads\/2024\/12\/Afiche-Aexppch.jpg?resize=350%2C200&ssl=1","width":350,"height":200},"classes":[]},{"id":6066,"url":"https:\/\/lekahuin.com\/?p=6066","url_meta":{"origin":7192,"position":1},"title":"Chile &#8211; 50 A\u00f1os","author":"Le Kahuin","date":"24 juillet 2023","format":false,"excerpt":"PATRICIO FERN\u00c1NDEZ, UN FUSIBLE PARA VER HASTA DONDE POD\u00cdA SER DESLAVADA LA CONMEMORACI\u00d3N DEL 11-9-73 Poco le dur\u00f3 a Patricio Fern\u00e1ndez Chadwick el honor o el placer de haber sido nombrado por Gabriel Boric como coordinador de las actividades de conmemoraci\u00f3n de los 50 a\u00f1os del golpe de Estado.Poco tiempo\u2026","rel":"","context":"Dans &quot;Non class\u00e9&quot;","block_context":{"text":"Non class\u00e9","link":"https:\/\/lekahuin.com\/?cat=6325"},"img":{"alt_text":"","src":"https:\/\/i0.wp.com\/lekahuin.com\/wp-content\/uploads\/2023\/07\/Patricio-fernandez.png?resize=350%2C200&ssl=1","width":350,"height":200,"srcset":"https:\/\/i0.wp.com\/lekahuin.com\/wp-content\/uploads\/2023\/07\/Patricio-fernandez.png?resize=350%2C200&ssl=1 1x, https:\/\/i0.wp.com\/lekahuin.com\/wp-content\/uploads\/2023\/07\/Patricio-fernandez.png?resize=525%2C300&ssl=1 1.5x"},"classes":[]},{"id":9241,"url":"https:\/\/lekahuin.com\/?p=9241","url_meta":{"origin":7192,"position":2},"title":"Argentina &#8211; Manifestaci\u00f3n 24 marzo 2024","author":"Le Kahuin","date":"25 mars 2024","format":false,"excerpt":"MILES DE ARGENTINOS MANIFESTARON EN EL 48 ANIVERSARIO DEL GOLPE MILITAR Y POR LA MEMORIA Fotos : AFP Miles de argentinos manifestaron el domingo 24 de marzo en las principales ciudades del pa\u00eds bajo el lema \u201cHoy m\u00e1s que nunca, nunca m\u00e1s\u201d, con motivo del aniversario del golpe militar que\u2026","rel":"","context":"Dans &quot;INTERNACIONAL&quot;","block_context":{"text":"INTERNACIONAL","link":"https:\/\/lekahuin.com\/?cat=55294248"},"img":{"alt_text":"","src":"https:\/\/i0.wp.com\/lekahuin.com\/wp-content\/uploads\/2024\/03\/manig-argentina-1-1.webp?resize=350%2C200&ssl=1","width":350,"height":200,"srcset":"https:\/\/i0.wp.com\/lekahuin.com\/wp-content\/uploads\/2024\/03\/manig-argentina-1-1.webp?resize=350%2C200&ssl=1 1x, https:\/\/i0.wp.com\/lekahuin.com\/wp-content\/uploads\/2024\/03\/manig-argentina-1-1.webp?resize=525%2C300&ssl=1 1.5x, https:\/\/i0.wp.com\/lekahuin.com\/wp-content\/uploads\/2024\/03\/manig-argentina-1-1.webp?resize=700%2C400&ssl=1 2x, https:\/\/i0.wp.com\/lekahuin.com\/wp-content\/uploads\/2024\/03\/manig-argentina-1-1.webp?resize=1050%2C600&ssl=1 3x, https:\/\/i0.wp.com\/lekahuin.com\/wp-content\/uploads\/2024\/03\/manig-argentina-1-1.webp?resize=1400%2C800&ssl=1 4x"},"classes":[]},{"id":6043,"url":"https:\/\/lekahuin.com\/?p=6043","url_meta":{"origin":7192,"position":3},"title":"Internacional &#8211; Europa Chile","author":"Le Kahuin","date":"24 juillet 2023","format":false,"excerpt":"CHILENOS EN EUROPA PIDEN A BORIC ACT\u00daE PARA EXTRADITAR A ASESINO DE VICTOR JARA La Red Europea por los Derechos C\u00edvicos y Pol\u00edticos inici\u00f3 una petici\u00f3n que ser\u00e1 enviada luego al Presidente de la Rep\u00fablica Gabriel Boric solicit\u00e1ndole que act\u00fae en todo lo que est\u00e1 a su alcance para obtener\u2026","rel":"","context":"Dans &quot;Non class\u00e9&quot;","block_context":{"text":"Non class\u00e9","link":"https:\/\/lekahuin.com\/?cat=6325"},"img":{"alt_text":"","src":"https:\/\/i0.wp.com\/lekahuin.com\/wp-content\/uploads\/2023\/07\/Pedro-Barrientos-se-busca-1.jpg?resize=350%2C200&ssl=1","width":350,"height":200,"srcset":"https:\/\/i0.wp.com\/lekahuin.com\/wp-content\/uploads\/2023\/07\/Pedro-Barrientos-se-busca-1.jpg?resize=350%2C200&ssl=1 1x, https:\/\/i0.wp.com\/lekahuin.com\/wp-content\/uploads\/2023\/07\/Pedro-Barrientos-se-busca-1.jpg?resize=525%2C300&ssl=1 1.5x"},"classes":[]},{"id":11158,"url":"https:\/\/lekahuin.com\/?p=11158","url_meta":{"origin":7192,"position":4},"title":"Chile &#8211; Represi\u00f3n policial","author":"Le Kahuin","date":"26 septembre 2024","format":false,"excerpt":"GOBIERNO SUELTA A CARABINEROS CONTRA MANIFESTACIONES\u00a0\u00a0EN MEMORIA DE LAS V\u00cdCTIMAS DE LA DICTADURA Ni\u00f1as del Liceo n\u00ba1 Javiera Carrera fueron reprimidas violentamente durante conmemoraci\u00f3n del 11 de septiembre de 1973 Un a\u00f1o despu\u00e9s del escaso entusiasmo que puso el Gobierno para los actos de conmemoraci\u00f3n del 50 aniversario del golpe\u2026","rel":"","context":"Dans &quot;CHILE&quot;","block_context":{"text":"CHILE","link":"https:\/\/lekahuin.com\/?cat=55294247"},"img":{"alt_text":"","src":"https:\/\/i0.wp.com\/lekahuin.com\/wp-content\/uploads\/2024\/09\/Repre-liceo-1-ninas.png?resize=350%2C200&ssl=1","width":350,"height":200,"srcset":"https:\/\/i0.wp.com\/lekahuin.com\/wp-content\/uploads\/2024\/09\/Repre-liceo-1-ninas.png?resize=350%2C200&ssl=1 1x, https:\/\/i0.wp.com\/lekahuin.com\/wp-content\/uploads\/2024\/09\/Repre-liceo-1-ninas.png?resize=525%2C300&ssl=1 1.5x, https:\/\/i0.wp.com\/lekahuin.com\/wp-content\/uploads\/2024\/09\/Repre-liceo-1-ninas.png?resize=700%2C400&ssl=1 2x"},"classes":[]},{"id":6841,"url":"https:\/\/lekahuin.com\/?p=6841","url_meta":{"origin":7192,"position":5},"title":"Chile Romer\u00eda 10 septiembre 2023","author":"Le Kahuin","date":"18 septembre 2023","format":false,"excerpt":"Organizaciones de Derechos Humanos responsabilizaron a Delegaci\u00f3n Presidencial tras incidentes en romer\u00eda Diario UChile Romer\u00eda del 10 de septiembre de 2023 Foto : Aton A trav\u00e9s de una declaraci\u00f3n p\u00fablica, la Coordinadora Nacional de Organizaciones de Derechos Humanos y Sociales cuestionaron la acci\u00f3n de la\u00a0Delegaci\u00f3n Presidencial y de Carabineros durante\u2026","rel":"","context":"Dans &quot;Non class\u00e9&quot;","block_context":{"text":"Non class\u00e9","link":"https:\/\/lekahuin.com\/?cat=6325"},"img":{"alt_text":"","src":"https:\/\/i0.wp.com\/lekahuin.com\/wp-content\/uploads\/2023\/09\/marcha-11-2023-aton.jpg?resize=350%2C200&ssl=1","width":350,"height":200,"srcset":"https:\/\/i0.wp.com\/lekahuin.com\/wp-content\/uploads\/2023\/09\/marcha-11-2023-aton.jpg?resize=350%2C200&ssl=1 1x, https:\/\/i0.wp.com\/lekahuin.com\/wp-content\/uploads\/2023\/09\/marcha-11-2023-aton.jpg?resize=525%2C300&ssl=1 1.5x, https:\/\/i0.wp.com\/lekahuin.com\/wp-content\/uploads\/2023\/09\/marcha-11-2023-aton.jpg?resize=700%2C400&ssl=1 2x"},"classes":[]}],"_links":{"self":[{"href":"https:\/\/lekahuin.com\/index.php?rest_route=\/wp\/v2\/posts\/7192","targetHints":{"allow":["GET"]}}],"collection":[{"href":"https:\/\/lekahuin.com\/index.php?rest_route=\/wp\/v2\/posts"}],"about":[{"href":"https:\/\/lekahuin.com\/index.php?rest_route=\/wp\/v2\/types\/post"}],"author":[{"embeddable":true,"href":"https:\/\/lekahuin.com\/index.php?rest_route=\/wp\/v2\/users\/211878710"}],"replies":[{"embeddable":true,"href":"https:\/\/lekahuin.com\/index.php?rest_route=%2Fwp%2Fv2%2Fcomments&post=7192"}],"version-history":[{"count":6,"href":"https:\/\/lekahuin.com\/index.php?rest_route=\/wp\/v2\/posts\/7192\/revisions"}],"predecessor-version":[{"id":7211,"href":"https:\/\/lekahuin.com\/index.php?rest_route=\/wp\/v2\/posts\/7192\/revisions\/7211"}],"wp:attachment":[{"href":"https:\/\/lekahuin.com\/index.php?rest_route=%2Fwp%2Fv2%2Fmedia&parent=7192"}],"wp:term":[{"taxonomy":"category","embeddable":true,"href":"https:\/\/lekahuin.com\/index.php?rest_route=%2Fwp%2Fv2%2Fcategories&post=7192"},{"taxonomy":"post_tag","embeddable":true,"href":"https:\/\/lekahuin.com\/index.php?rest_route=%2Fwp%2Fv2%2Ftags&post=7192"}],"curies":[{"name":"wp","href":"https:\/\/api.w.org\/{rel}","templated":true}]}}