{"id":8102,"date":"2023-12-22T15:12:23","date_gmt":"2023-12-22T14:12:23","guid":{"rendered":"https:\/\/lekahuin.com\/?p=8102"},"modified":"2023-12-23T00:52:04","modified_gmt":"2023-12-22T23:52:04","slug":"wallmapu-comunicados-sobre-maicol","status":"publish","type":"post","link":"https:\/\/lekahuin.com\/?p=8102","title":{"rendered":"Wallmapu &#8211; Comunicados sobre Maicol"},"content":{"rendered":"\n<h2 class=\"wp-block-heading has-text-align-center\"><strong>COMUNICADO P\u00daBLICO DEL LOF MALLECOCHE (*)<\/strong><strong><br><\/strong><strong>SOBRE LA MUERTE DE MAICOL PALACIOS<\/strong><\/h2>\n\n\n<div class=\"wp-block-image\">\n<figure class=\"aligncenter size-full is-resized\"><img data-recalc-dims=\"1\" fetchpriority=\"high\" decoding=\"async\" width=\"306\" height=\"209\" data-attachment-id=\"8158\" data-permalink=\"https:\/\/lekahuin.com\/?attachment_id=8158\" data-orig-file=\"https:\/\/i0.wp.com\/lekahuin.com\/wp-content\/uploads\/2023\/12\/Maicol-padre-e-hijo-Gaceta-ambiental-2022.png?fit=306%2C209&amp;ssl=1\" data-orig-size=\"306,209\" data-comments-opened=\"1\" data-image-meta=\"{&quot;aperture&quot;:&quot;0&quot;,&quot;credit&quot;:&quot;&quot;,&quot;camera&quot;:&quot;&quot;,&quot;caption&quot;:&quot;&quot;,&quot;created_timestamp&quot;:&quot;0&quot;,&quot;copyright&quot;:&quot;&quot;,&quot;focal_length&quot;:&quot;0&quot;,&quot;iso&quot;:&quot;0&quot;,&quot;shutter_speed&quot;:&quot;0&quot;,&quot;title&quot;:&quot;&quot;,&quot;orientation&quot;:&quot;0&quot;}\" data-image-title=\"Maicol-padre-e-hijo-Gaceta-ambiental-2022\" data-image-description=\"\" data-image-caption=\"\" data-large-file=\"https:\/\/i0.wp.com\/lekahuin.com\/wp-content\/uploads\/2023\/12\/Maicol-padre-e-hijo-Gaceta-ambiental-2022.png?fit=306%2C209&amp;ssl=1\" src=\"https:\/\/i0.wp.com\/lekahuin.com\/wp-content\/uploads\/2023\/12\/Maicol-padre-e-hijo-Gaceta-ambiental-2022.png?resize=306%2C209&#038;ssl=1\" alt=\"\" class=\"wp-image-8158\" style=\"width:574px;height:auto\" srcset=\"https:\/\/i0.wp.com\/lekahuin.com\/wp-content\/uploads\/2023\/12\/Maicol-padre-e-hijo-Gaceta-ambiental-2022.png?w=306&amp;ssl=1 306w, https:\/\/i0.wp.com\/lekahuin.com\/wp-content\/uploads\/2023\/12\/Maicol-padre-e-hijo-Gaceta-ambiental-2022.png?resize=300%2C205&amp;ssl=1 300w, https:\/\/i0.wp.com\/lekahuin.com\/wp-content\/uploads\/2023\/12\/Maicol-padre-e-hijo-Gaceta-ambiental-2022.png?resize=150%2C102&amp;ssl=1 150w\" sizes=\"(max-width: 306px) 100vw, 306px\" \/><figcaption class=\"wp-element-caption\">Maicol junto a su padre Jorge Palacios Ca\u00f1uta, Preso Pol\u00edtico Mapuche quien cumple condena de 8 a\u00f1os en la prisi\u00f3n de Angol.<\/figcaption><\/figure>\n<\/div>\n\n\n<p class=\"has-drop-cap has-text-align-justify wp-block-paragraph\">En la madrugada de este 7 de diciembre familiares y amistades informaron del homicidio de Maicol Palacios en Collipulli. Fue atropellado por un veh\u00edculo conducido por un operador de maquinaria pesada en una empresa forestal de Collipulli.<br><br>&nbsp;Al igual que el d\u00eda en que asesinaron al weichafe Camilo Catrillanca, r\u00e1pidamente han comenzado a instalar como versi\u00f3n que Maicol habr\u00eda participado en un robo de un veh\u00edculo en la ciudad de Victoria, a pesar de no tener ning\u00fan antecedente fidedigno de dicha informaci\u00f3n. El primer paso es la deshumanizaci\u00f3n del mapuche: son tiempos en que ni nuestros muertos pueden estar tranquilos. &nbsp;<br><br>Lo que s\u00ed es ver\u00eddico es que Maicol Palacios fue amenazado en innumerables oportunidades en los \u00faltimos a\u00f1os, incluyendo a funcionarios de Carabineros de Chile, por su rol clave como testigo en la condena de los Carabineros que participaron en el asesinato de Camilo Catrillanca, en las torturas a Maicol y en el encubrimiento de estos hechos. Los condenados en ese juicio fueron Carlos Alarc\u00f3n a 16 a\u00f1os, Ra\u00fal \u00c1vila a 3 a\u00f1os y un d\u00eda, Patricio Sep\u00falveda a 61 d\u00edas de presidio, Braulio Valenzuela a 3 a\u00f1os y un d\u00eda, Gonzalo P\u00e9rez a 61 d\u00edas de presidio, Manuel Valdivieso y Jorge Contreras a 300 d\u00edas de presidio.<br>&nbsp;<br>Como represalia a la participaci\u00f3n de Maicol como testigo y v\u00edctima en el Caso Catrillanca, toda su familia ha sufrido persecuci\u00f3n policial. Actualmente, el padre de Maicol, Jorge Palacios Ca\u00f1uta y el hermano de \u00e9ste, Pedro Palacios Ca\u00f1uta, se encuentran cumpliendo una pena de 8 a\u00f1os en la C\u00e1rcel de Angol, por un montaje que armaron en su contra mientras se tramitaba el juicio del Caso Catrillanca. En el a\u00f1o 2021, pronto a cumplir sus 18 a\u00f1os de edad, Maicol concedi\u00f3 su primera entrevista para sacar la voz en defensa de su padre: \u201cMi padre est\u00e1 preso porque quer\u00edan quebrarme\u201d.<br>&nbsp;<br>Maicol ten\u00eda 20 a\u00f1os al momento de ser asesinado. Hace unas semanas hab\u00eda participado en la graduaci\u00f3n de un curso de barber\u00eda y en la ceremonia de graduaci\u00f3n por sus estudios de 2\u00b0 medio, los cuales hab\u00eda retomado luego de verlos truncados por las torturas que sufri\u00f3 el d\u00eda del asesinato de Camilo Catrillanca en 2018, cuando solo ten\u00eda 15 a\u00f1os de edad. Entre sus familiares se encuentra una peque\u00f1a hija de 3 a\u00f1os, quien era su principal raz\u00f3n para seguir adelante a pesar de todo lo que hab\u00eda sufrido.<br>&nbsp;<br>El eluwun (ceremonia f\u00fanebre) se realizar\u00e1 este fin de semana en la Comunidad Co\u00f1omil Epuleo, comunidad de su madre. Su familia y el Lof Mallecoche pide que todas las comunidades en resistencia y quienes conocieron a Maicol les acompa\u00f1en en el viaje que inicia hacia la Wenu Mapu.<br><br><strong>AMULEPE TAI\u00d1 WEICHAN<br>MARRICHIWEW<br><\/strong>&nbsp;<br>(*) La estructura social mapuche se basa en una unidad social b\u00e1sica conocida como lof, el cual corresponde a&nbsp;grupos consangu\u00edneos, patrilineales, basados principalmente en el parentesco, siendo una de sus caracter\u00edsticas esenciales la horizontalidad entre los lof.<\/p>\n\n\n\n<h2 class=\"wp-block-heading has-text-align-center\"><strong>MADRE DE MAICKOL PIDE RESPETO POR SU MEMORIA<br>Y POR EL DOLOR DE ELLA Y DE SUS HERMANOS<\/strong><\/h2>\n\n\n\n<p class=\"has-text-align-justify wp-block-paragraph\">\u201cAnte el fallecimiento de mi hijo Maickol Palacios Castillo, el d\u00eda 7 de diciembre, quisiera expresar lo siguiente:<br>En este momento de dolor que estamos viviendo como familia, como madre pido respeto por nuestro dolor, queremos en conjunto con sus hermanos velar a nuestro hijo en paz.<br><br>Solicito que dejen de publicar posibles versiones de los hechos, porque se sabr\u00e1 la verdad con tiempo, pero en este momento queremos estar juntos como familia, acompa\u00f1arnos y dar una despedida tal cual como toda familia que pierde a ser querido.<br><br>Nadie est\u00e1 libre de lo que nos sucedi\u00f3 y nosotros no deseamos este dolor a nadie.<br><br>C\u00f3mo madre he tenido que leer diferentes versiones y acusaciones de personas que no lo conoc\u00edan, que opinan sin ponerse en el lugar de una madre que perdi\u00f3 a su hijo, del dolor que estamos viviendo.<br><br>Maickol es m\u00e1s que el joven que acompa\u00f1aba a Camilo Catrillanca, es hijo, hermano y padre y por esta raz\u00f3n s\u00f3lo pedimos que lo dejen irse en paz.<br><br>Carolina Ester Castillo Vera y hermanos de Maickol.<br>Viernes 8 de diciembre 2023.\u201d<\/p>\n","protected":false},"excerpt":{"rendered":"<div class=\"mh-excerpt\"><p>COMUNICADO P\u00daBLICO DEL LOF MALLECOCHE (*)SOBRE LA MUERTE DE MAICOL PALACIOS En la madrugada de este 7 de diciembre familiares y amistades informaron del homicidio <a class=\"mh-excerpt-more\" href=\"https:\/\/lekahuin.com\/?p=8102\" title=\"Wallmapu &#8211; Comunicados sobre Maicol\">[&#8230;]<\/a><\/p>\n<\/div>","protected":false},"author":211878710,"featured_media":0,"comment_status":"open","ping_status":"open","sticky":false,"template":"","format":"standard","meta":{"_coblocks_attr":"","_coblocks_dimensions":"","_coblocks_responsive_height":"","_coblocks_accordion_ie_support":"","_crdt_document":"","advanced_seo_description":"","jetpack_seo_html_title":"","jetpack_seo_noindex":false,"_jetpack_newsletter_access":"","_jetpack_dont_email_post_to_subs":false,"_jetpack_newsletter_tier_id":0,"_jetpack_memberships_contains_paywalled_content":false,"_jetpack_memberships_contains_paid_content":false,"footnotes":"","jetpack_post_was_ever_published":false},"categories":[55294247],"tags":[],"class_list":["post-8102","post","type-post","status-publish","format-standard","hentry","category-chile"],"jetpack_featured_media_url":"","jetpack_likes_enabled":true,"jetpack_sharing_enabled":true,"jetpack_shortlink":"https:\/\/wp.me\/pdoWOp-26G","jetpack-related-posts":[{"id":8096,"url":"https:\/\/lekahuin.com\/?p=8096","url_meta":{"origin":8102,"position":0},"title":"Wallmapu &#8211; Testigo muerte de Camilo Catrillanca","author":"Le Kahuin","date":"22 d\u00e9cembre 2023","format":false,"excerpt":"MUERE EN ACCIDENTE, EL TESTIGO QUE PERMITI\u00d3 CONDENAR A LOS ASESINOS Y C\u00d3MPLICES EN EL CRIMEN DE CAMILO CATRILLANCA Seg\u00fan las implacables leyes no escritas de cualquiera organizaci\u00f3n criminal que se respete, aquel que se atreve a desafiar esta, ya sea desobedeciendo sus normas, neg\u00e1ndose al tributo impuesto o testimoniando\u2026","rel":"","context":"Dans &quot;CHILE&quot;","block_context":{"text":"CHILE","link":"https:\/\/lekahuin.com\/?cat=55294247"},"img":{"alt_text":"","src":"https:\/\/i0.wp.com\/lekahuin.com\/wp-content\/uploads\/2023\/12\/maikol-palacios-1.webp?resize=350%2C200&ssl=1","width":350,"height":200,"srcset":"https:\/\/i0.wp.com\/lekahuin.com\/wp-content\/uploads\/2023\/12\/maikol-palacios-1.webp?resize=350%2C200&ssl=1 1x, https:\/\/i0.wp.com\/lekahuin.com\/wp-content\/uploads\/2023\/12\/maikol-palacios-1.webp?resize=525%2C300&ssl=1 1.5x"},"classes":[]},{"id":11701,"url":"https:\/\/lekahuin.com\/?p=11701","url_meta":{"origin":8102,"position":1},"title":"Internacional &#8211; Gira de E. Macron","author":"Le Kahuin","date":"27 novembre 2024","format":false,"excerpt":"CONFORME A LA TRADICIONAL HOSPITALIDAD DEL PUEBLO CHILENO\u00a0PRESIDENTE FRANC\u00c9S EMMANUEL MACRON FUE RECIBIDO COMO SE MEREC\u00cdA Visita de Charles de Gaulle 1964 Visita de Emmanuel Macron 2024 Sesenta a\u00f1os despu\u00e9s de la visita del presidente franc\u00e9s general Charles de Gaulle, como en la ocasi\u00f3n, ahora, los chilenos tuvieron el honor\u2026","rel":"","context":"Dans &quot;Non class\u00e9&quot;","block_context":{"text":"Non class\u00e9","link":"https:\/\/lekahuin.com\/?cat=6325"},"img":{"alt_text":"","src":"https:\/\/i0.wp.com\/lekahuin.com\/wp-content\/uploads\/2024\/11\/49369414708_f2bd815ff7_b-macron-chile.jpg?resize=350%2C200","width":350,"height":200,"srcset":"https:\/\/i0.wp.com\/lekahuin.com\/wp-content\/uploads\/2024\/11\/49369414708_f2bd815ff7_b-macron-chile.jpg?resize=350%2C200 1x, https:\/\/i0.wp.com\/lekahuin.com\/wp-content\/uploads\/2024\/11\/49369414708_f2bd815ff7_b-macron-chile.jpg?resize=525%2C300 1.5x, https:\/\/i0.wp.com\/lekahuin.com\/wp-content\/uploads\/2024\/11\/49369414708_f2bd815ff7_b-macron-chile.jpg?resize=700%2C400 2x"},"classes":[]},{"id":12635,"url":"https:\/\/lekahuin.com\/?p=12635","url_meta":{"origin":8102,"position":2},"title":"Memoria &#8211; Campo de concentraci\u00f3n Puchuncav\u00ed","author":"Le Kahuin","date":"4 mars 2025","format":false,"excerpt":"CORPORACI\u00d3N MELINKA-PUCHUNCAV\u00cd2024: UN A\u00d1O DE RECONOCIMIENTOS Y TRABAJO COMUNITARIO Con la participaci\u00f3n en seminarios y conversatorios, adem\u00e1s de un reconocimiento a su presidente, la Corporaci\u00f3n de Memoria y Cultura Melinka-Puchuncav\u00ed cerr\u00f3 meses de intenso trabajo en defensa de la memoria y la educaci\u00f3n en derechos humanos.El 2024 comenz\u00f3 con importantes\u2026","rel":"","context":"Dans &quot;CHILE&quot;","block_context":{"text":"CHILE","link":"https:\/\/lekahuin.com\/?cat=55294247"},"img":{"alt_text":"","src":"https:\/\/i0.wp.com\/lekahuin.com\/wp-content\/uploads\/2025\/03\/puchuncavi-01.jpg?resize=350%2C200&ssl=1","width":350,"height":200,"srcset":"https:\/\/i0.wp.com\/lekahuin.com\/wp-content\/uploads\/2025\/03\/puchuncavi-01.jpg?resize=350%2C200&ssl=1 1x, https:\/\/i0.wp.com\/lekahuin.com\/wp-content\/uploads\/2025\/03\/puchuncavi-01.jpg?resize=525%2C300&ssl=1 1.5x"},"classes":[]},{"id":10447,"url":"https:\/\/lekahuin.com\/?p=10447","url_meta":{"origin":8102,"position":3},"title":"Chile &#8211; PC","author":"Le Kahuin","date":"24 juillet 2024","format":false,"excerpt":"\"HAY CADA VEZ MAS COMUNISTAS AFUERA\u00a0DEL PARRRRTIDO QUE ADENTRO...\" \"Cada vez hay m\u00e1s comunistas fuera del \"parrrtido\"que adentro\", me comentaba un amigo de juventud, refiri\u00e9ndose\u00a0al PC, donde hab\u00eda dejado de militar, pero a cuyos principios hist\u00f3ricos, por cuyo respeto las pas\u00f3 bastante mal durante la Dictadura, \u00a0segu\u00eda sinti\u00e9ndose profundamente vinculado.Esta\u2026","rel":"","context":"Dans &quot;CHILE&quot;","block_context":{"text":"CHILE","link":"https:\/\/lekahuin.com\/?cat=55294247"},"img":{"alt_text":"","src":"https:\/\/i0.wp.com\/lekahuin.com\/wp-content\/uploads\/2024\/07\/foto_pc.jpg?resize=350%2C200&ssl=1","width":350,"height":200,"srcset":"https:\/\/i0.wp.com\/lekahuin.com\/wp-content\/uploads\/2024\/07\/foto_pc.jpg?resize=350%2C200&ssl=1 1x, https:\/\/i0.wp.com\/lekahuin.com\/wp-content\/uploads\/2024\/07\/foto_pc.jpg?resize=525%2C300&ssl=1 1.5x"},"classes":[]},{"id":13400,"url":"https:\/\/lekahuin.com\/?p=13400","url_meta":{"origin":8102,"position":4},"title":"Chile &#8211; Represi\u00f3n","author":"Le Kahuin","date":"26 mai 2025","format":false,"excerpt":"REGLAS SOBRE USO DE LA FUERZA: UN PROYECTO AL QUE LA DERECHA\u00a0LE PUSO SU SELLO REPRESIVO Y DICTATORIAL El proyecto sobre Reglas de uso de la fuerza (RUF) por parte de las fuerzas de Orden y Seguridad p\u00fablica y de las Fuerzas Armadas, en v\u00edas de convertirse en ley, m\u00e1s\u2026","rel":"","context":"Dans &quot;CHILE&quot;","block_context":{"text":"CHILE","link":"https:\/\/lekahuin.com\/?cat=55294247"},"img":{"alt_text":"","src":"https:\/\/i0.wp.com\/lekahuin.com\/wp-content\/uploads\/2025\/05\/RUF-ejercito.webp?resize=350%2C200&ssl=1","width":350,"height":200,"srcset":"https:\/\/i0.wp.com\/lekahuin.com\/wp-content\/uploads\/2025\/05\/RUF-ejercito.webp?resize=350%2C200&ssl=1 1x, https:\/\/i0.wp.com\/lekahuin.com\/wp-content\/uploads\/2025\/05\/RUF-ejercito.webp?resize=525%2C300&ssl=1 1.5x"},"classes":[]},{"id":11109,"url":"https:\/\/lekahuin.com\/?p=11109","url_meta":{"origin":8102,"position":5},"title":"Chile &#8211; Aborto","author":"Le Kahuin","date":"25 septembre 2024","format":false,"excerpt":"EL ABORTO, COMO UN DERECHO NATURAL Y LIBRE DE LOS TAB\u00daES E HIPOCRES\u00cdAS DE LA RELIGI\u00d3N El 14 de septiembre se cumplieron siete a\u00f1os desde que se promulg\u00f3 en Chile la ley sobre interrupci\u00f3n voluntaria del embarazo que, si bien signific\u00f3 un avance en cuanto a los derechos de las\u2026","rel":"","context":"Dans &quot;CHILE&quot;","block_context":{"text":"CHILE","link":"https:\/\/lekahuin.com\/?cat=55294247"},"img":{"alt_text":"","src":"https:\/\/i0.wp.com\/lekahuin.com\/wp-content\/uploads\/2024\/09\/chile-aborto-despenalizacion_portada2.jpg?resize=350%2C200&ssl=1","width":350,"height":200,"srcset":"https:\/\/i0.wp.com\/lekahuin.com\/wp-content\/uploads\/2024\/09\/chile-aborto-despenalizacion_portada2.jpg?resize=350%2C200&ssl=1 1x, https:\/\/i0.wp.com\/lekahuin.com\/wp-content\/uploads\/2024\/09\/chile-aborto-despenalizacion_portada2.jpg?resize=525%2C300&ssl=1 1.5x"},"classes":[]}],"_links":{"self":[{"href":"https:\/\/lekahuin.com\/index.php?rest_route=\/wp\/v2\/posts\/8102","targetHints":{"allow":["GET"]}}],"collection":[{"href":"https:\/\/lekahuin.com\/index.php?rest_route=\/wp\/v2\/posts"}],"about":[{"href":"https:\/\/lekahuin.com\/index.php?rest_route=\/wp\/v2\/types\/post"}],"author":[{"embeddable":true,"href":"https:\/\/lekahuin.com\/index.php?rest_route=\/wp\/v2\/users\/211878710"}],"replies":[{"embeddable":true,"href":"https:\/\/lekahuin.com\/index.php?rest_route=%2Fwp%2Fv2%2Fcomments&post=8102"}],"version-history":[{"count":6,"href":"https:\/\/lekahuin.com\/index.php?rest_route=\/wp\/v2\/posts\/8102\/revisions"}],"predecessor-version":[{"id":8162,"href":"https:\/\/lekahuin.com\/index.php?rest_route=\/wp\/v2\/posts\/8102\/revisions\/8162"}],"wp:attachment":[{"href":"https:\/\/lekahuin.com\/index.php?rest_route=%2Fwp%2Fv2%2Fmedia&parent=8102"}],"wp:term":[{"taxonomy":"category","embeddable":true,"href":"https:\/\/lekahuin.com\/index.php?rest_route=%2Fwp%2Fv2%2Fcategories&post=8102"},{"taxonomy":"post_tag","embeddable":true,"href":"https:\/\/lekahuin.com\/index.php?rest_route=%2Fwp%2Fv2%2Ftags&post=8102"}],"curies":[{"name":"wp","href":"https:\/\/api.w.org\/{rel}","templated":true}]}}