{"id":8998,"date":"2024-02-20T00:26:46","date_gmt":"2024-02-19T23:26:46","guid":{"rendered":"https:\/\/lekahuin.com\/?p=8998"},"modified":"2024-02-20T00:26:46","modified_gmt":"2024-02-19T23:26:46","slug":"palestina-solidaridad","status":"publish","type":"post","link":"https:\/\/lekahuin.com\/?p=8998","title":{"rendered":"Palestina &#8211; Solidaridad"},"content":{"rendered":"\n<h2 class=\"wp-block-heading has-text-align-center\"><strong>CIENTOS DE MILES DE PERSONAS A TRAV\u00c9S DEL MUNDO EN JORNADA DE SOLIDARIDAD CON EL PUEBLO PALESTINO<\/strong><\/h2>\n\n\n<div class=\"wp-block-image\">\n<figure class=\"aligncenter size-large is-resized\"><img data-recalc-dims=\"1\" fetchpriority=\"high\" decoding=\"async\" width=\"1024\" height=\"546\" data-attachment-id=\"9001\" data-permalink=\"https:\/\/lekahuin.com\/?attachment_id=9001\" data-orig-file=\"https:\/\/i0.wp.com\/lekahuin.com\/wp-content\/uploads\/2024\/02\/internac-gaza.jpg?fit=1200%2C640&amp;ssl=1\" data-orig-size=\"1200,640\" data-comments-opened=\"1\" data-image-meta=\"{&quot;aperture&quot;:&quot;0&quot;,&quot;credit&quot;:&quot;&quot;,&quot;camera&quot;:&quot;&quot;,&quot;caption&quot;:&quot;&quot;,&quot;created_timestamp&quot;:&quot;0&quot;,&quot;copyright&quot;:&quot;&quot;,&quot;focal_length&quot;:&quot;0&quot;,&quot;iso&quot;:&quot;0&quot;,&quot;shutter_speed&quot;:&quot;0&quot;,&quot;title&quot;:&quot;&quot;,&quot;orientation&quot;:&quot;0&quot;}\" data-image-title=\"internac-gaza\" data-image-description=\"\" data-image-caption=\"&lt;p&gt;Par\u00eds, Manifestaci\u00f3n contra la masacre en Gaza&lt;\/p&gt;\n\" data-large-file=\"https:\/\/i0.wp.com\/lekahuin.com\/wp-content\/uploads\/2024\/02\/internac-gaza.jpg?fit=1024%2C546&amp;ssl=1\" src=\"https:\/\/i0.wp.com\/lekahuin.com\/wp-content\/uploads\/2024\/02\/internac-gaza.jpg?resize=1024%2C546&#038;ssl=1\" alt=\"\" class=\"wp-image-9001\" style=\"width:706px;height:auto\" srcset=\"https:\/\/i0.wp.com\/lekahuin.com\/wp-content\/uploads\/2024\/02\/internac-gaza.jpg?resize=1024%2C546&amp;ssl=1 1024w, https:\/\/i0.wp.com\/lekahuin.com\/wp-content\/uploads\/2024\/02\/internac-gaza.jpg?resize=300%2C160&amp;ssl=1 300w, https:\/\/i0.wp.com\/lekahuin.com\/wp-content\/uploads\/2024\/02\/internac-gaza.jpg?resize=150%2C80&amp;ssl=1 150w, https:\/\/i0.wp.com\/lekahuin.com\/wp-content\/uploads\/2024\/02\/internac-gaza.jpg?resize=768%2C410&amp;ssl=1 768w, https:\/\/i0.wp.com\/lekahuin.com\/wp-content\/uploads\/2024\/02\/internac-gaza.jpg?w=1200&amp;ssl=1 1200w\" sizes=\"(max-width: 1000px) 100vw, 1000px\" \/><\/figure>\n<\/div>\n\n\n<p class=\"has-text-align-justify wp-block-paragraph\"><strong><em>El 14 de febrero reciente, cientos de miles de personas salieron a las calles en el mundo entero para protestar contra el genocidio que lleva adelante Israel en la franja de Gaza y en los territorios ocupados de Cisjordania y, en solidaridad con el pueblo palestino.<\/em><\/strong><br>En <strong>Londres<\/strong>, la columna de manifestantes march\u00f3 hasta la embajada de Israel en el sector de Hyde Park, en pleno o centro de la capital brit\u00e1nica.<br>Desde el comienzo de los bombardeos israel\u00edes contra la franja de Gaza que han provocado la muerte de m\u00e1s de 28.900 personas esencialmente civiles, mujeres y ni\u00f1os, Londres ha sido escenario de las mayores manifestaciones contra la barbarie sionista.<br>En <strong>Madrid,<\/strong> miles de manifestantes marcharon desde la estaci\u00f3n de Atocha hasta la central Plaza del Sol, encabezados por una inmensa banderola donde pod\u00eda leerse \u201cLibertad para Palestina\u201d.<br>Seis ministros del gobierno del primer ministro Pedro S\u00e1nchez participaron en la manifestaci\u00f3n, as\u00ed como miembros del partido de extrema izquierda de la coalici\u00f3n gubernamental, Sumar.<br>En <strong>Suecia<\/strong>, en la ciudad de Malm\u00f6, as\u00ed como en la capital Estocolmo, tuvieron lugar importantes manifestaciones.<br>En <strong>Alemania<\/strong> hubo importantes manifestaciones en la capital Berl\u00edn y en Munich, al sur.<br>En<strong> Italia<\/strong>, hubo marchas en la ciudad de Tur\u00edn y Verona.<br>Siempre en el marco de la Jornada Internacional de acci\u00f3n por Palestina, se registraron manifestaciones en <strong>Dublin, Nueva York, Sydney y Se\u00fal. En Estambul, <\/strong>donde se han sucedido las manifestaciones desde que comenz\u00f3 el bombardeo israel\u00ed contra Gaza, aquella del s\u00e1bado 14 de febrero marc\u00f3 una nueva fecha en la solidaridad con el pueblo palestino.<br>En <strong>Marruecos<\/strong>, pa\u00eds que normaliz\u00f3 sus relaciones con Israel en los controvertidos acuerdos de Abraham, miles de marroqu\u00edes manifestaron en las principales ciudades para exigir se suspenda el acuerdo.<br>Recientemente, Rabat llam\u00f3 a Israel a terminar la guerra contra Gaza, rechazando toda tentativa de deportaci\u00f3n masiva de la poblaci\u00f3n palestina. No obstante, los militantes por la causa palestina consideran que no bastan dichas medidas y exigen que el gobierno condene y denuncie el genocidio y que anule la normalizaci\u00f3n de las relaciones.<br>En la <strong>capital yemenita de Sanaa<\/strong>, millones de personas manifestaron en favor de Palestina en una situaci\u00f3n que se ha hecho habitual cada vez que se ha producido un ataque israel\u00ed contra los palestinos.<br>Desde mediados de noviembre, los hutis del Yemen, apoyados por Ir\u00e1n, han lanzado repetidos ataques contra la navegaci\u00f3n comercial internacional en direcci\u00f3n a puertos israel\u00edes que circula por el estrecho de Bab el Mandeb al sur del Mar Rojo.<br>Estados Unidos y el Reino Unidos han bombardeado Yemen, uno de los pa\u00edses m\u00e1s pobres del mundo alegando las amenazas que pesan contra el comercio mundial entre el Oriente y el Occidente.<br>&#8212;&#8212;&#8212;&#8212;&#8212;&#8212;&#8212;&#8212;&#8212;&#8211;<br>Fuente: <strong>Association France Palestine Solidarit\u00e9<\/strong><\/p>\n","protected":false},"excerpt":{"rendered":"<div class=\"mh-excerpt\"><p>CIENTOS DE MILES DE PERSONAS A TRAV\u00c9S DEL MUNDO EN JORNADA DE SOLIDARIDAD CON EL PUEBLO PALESTINO El 14 de febrero reciente, cientos de miles <a class=\"mh-excerpt-more\" href=\"https:\/\/lekahuin.com\/?p=8998\" title=\"Palestina &#8211; Solidaridad\">[&#8230;]<\/a><\/p>\n<\/div>","protected":false},"author":211878710,"featured_media":0,"comment_status":"open","ping_status":"open","sticky":false,"template":"","format":"standard","meta":{"_coblocks_attr":"","_coblocks_dimensions":"","_coblocks_responsive_height":"","_coblocks_accordion_ie_support":"","_crdt_document":"","advanced_seo_description":"","jetpack_seo_html_title":"","jetpack_seo_noindex":false,"_jetpack_newsletter_access":"","_jetpack_dont_email_post_to_subs":false,"_jetpack_newsletter_tier_id":0,"_jetpack_memberships_contains_paywalled_content":false,"_jetpack_memberships_contains_paid_content":false,"footnotes":"","jetpack_post_was_ever_published":false},"categories":[55294248],"tags":[],"class_list":["post-8998","post","type-post","status-publish","format-standard","hentry","category-internacional"],"jetpack_featured_media_url":"","jetpack_likes_enabled":true,"jetpack_sharing_enabled":true,"jetpack_shortlink":"https:\/\/wp.me\/pdoWOp-2l8","jetpack-related-posts":[{"id":14468,"url":"https:\/\/lekahuin.com\/?p=14468","url_meta":{"origin":8998,"position":0},"title":"Internacional &#8211; Flotilla para Palestina","author":"Le Kahuin","date":"29 septembre 2025","format":false,"excerpt":"ENVIO DE NAV\u00cdOS PARA ESCOLTAR A LA FLOTILLA SUMUD MUESTRA CRECIENTE FUERZA DE LA MOVILIZACI\u00d3N SOLIDARIA POR PALESTINA Al menos dos buques de guerra, uno italiano y otro espa\u00f1ol navegaban al momento del cierre de esta edici\u00f3n, para escoltar la flotilla Sumud, integrada por al menos 80 embarcaciones, que se\u2026","rel":"","context":"Dans &quot;INTERNACIONAL&quot;","block_context":{"text":"INTERNACIONAL","link":"https:\/\/lekahuin.com\/?cat=55294248"},"img":{"alt_text":"","src":"https:\/\/i0.wp.com\/lekahuin.com\/wp-content\/uploads\/2025\/09\/flotilla-gaza-1.webp?resize=350%2C200&ssl=1","width":350,"height":200,"srcset":"https:\/\/i0.wp.com\/lekahuin.com\/wp-content\/uploads\/2025\/09\/flotilla-gaza-1.webp?resize=350%2C200&ssl=1 1x, https:\/\/i0.wp.com\/lekahuin.com\/wp-content\/uploads\/2025\/09\/flotilla-gaza-1.webp?resize=525%2C300&ssl=1 1.5x, https:\/\/i0.wp.com\/lekahuin.com\/wp-content\/uploads\/2025\/09\/flotilla-gaza-1.webp?resize=700%2C400&ssl=1 2x"},"classes":[]},{"id":14486,"url":"https:\/\/lekahuin.com\/?p=14486","url_meta":{"origin":8998,"position":1},"title":"Francia &#8211; Reconocimiento Palestina","author":"Le Kahuin","date":"30 septembre 2025","format":false,"excerpt":"CON BOMBOS Y PLATILLOS, FRANCIA RECONOCE A PALESTINA, PERO MUY A LA SAGA DEL MOVIMIENTO MUNDIAL DE SOLIDARIDAD Foto: La Jornada El 22 de septiembre, el anuncio del reconocimiento del Estado de Palestina por el presidente franc\u00e9s Emmanuel Macron quiso tener las caracter\u00edsticas de un hecho hist\u00f3rico, pero tan pronto\u2026","rel":"","context":"Dans &quot;Non class\u00e9&quot;","block_context":{"text":"Non class\u00e9","link":"https:\/\/lekahuin.com\/?cat=6325"},"img":{"alt_text":"","src":"https:\/\/i0.wp.com\/lekahuin.com\/wp-content\/uploads\/2025\/09\/francia-reconoce-Palestina.webp?resize=350%2C200&ssl=1","width":350,"height":200,"srcset":"https:\/\/i0.wp.com\/lekahuin.com\/wp-content\/uploads\/2025\/09\/francia-reconoce-Palestina.webp?resize=350%2C200&ssl=1 1x, https:\/\/i0.wp.com\/lekahuin.com\/wp-content\/uploads\/2025\/09\/francia-reconoce-Palestina.webp?resize=525%2C300&ssl=1 1.5x, https:\/\/i0.wp.com\/lekahuin.com\/wp-content\/uploads\/2025\/09\/francia-reconoce-Palestina.webp?resize=700%2C400&ssl=1 2x, https:\/\/i0.wp.com\/lekahuin.com\/wp-content\/uploads\/2025\/09\/francia-reconoce-Palestina.webp?resize=1050%2C600&ssl=1 3x"},"classes":[]},{"id":16798,"url":"https:\/\/lekahuin.com\/?p=16798","url_meta":{"origin":8998,"position":2},"title":"Valpara\u00edso &#8211; Palestina","author":"Le Kahuin","date":"27 avril 2026","format":false,"excerpt":"LA CITA POR PALESTINA ES TODOS LOS S\u00c1BADOS, EN EL MUELLE PRAT DE VALPARA\u00cdSO En este mes se cumplir\u00e1n dos a\u00f1os desde que un grupo de compa\u00f1eras y compa\u00f1eros de la Coordinadora por Palestina Valpara\u00edso se re\u00fane, cada s\u00e1bado al mediod\u00eda para realizar una funa al barco MSC embarcaci\u00f3n que\u2026","rel":"","context":"Dans &quot;INTERNACIONAL&quot;","block_context":{"text":"INTERNACIONAL","link":"https:\/\/lekahuin.com\/?cat=55294248"},"img":{"alt_text":"","src":"https:\/\/i0.wp.com\/lekahuin.com\/wp-content\/uploads\/2026\/04\/valpo-manif-01.jpg?resize=350%2C200&ssl=1","width":350,"height":200,"srcset":"https:\/\/i0.wp.com\/lekahuin.com\/wp-content\/uploads\/2026\/04\/valpo-manif-01.jpg?resize=350%2C200&ssl=1 1x, https:\/\/i0.wp.com\/lekahuin.com\/wp-content\/uploads\/2026\/04\/valpo-manif-01.jpg?resize=525%2C300&ssl=1 1.5x, https:\/\/i0.wp.com\/lekahuin.com\/wp-content\/uploads\/2026\/04\/valpo-manif-01.jpg?resize=700%2C400&ssl=1 2x"},"classes":[]},{"id":11206,"url":"https:\/\/lekahuin.com\/?p=11206","url_meta":{"origin":8998,"position":3},"title":"Internacional &#8211; Israel &#8211; L\u00edbano","author":"Le Kahuin","date":"26 septembre 2024","format":false,"excerpt":"ATAQUE ISRAEL\u00cd CONTRA EL L\u00cdBANO PARA DESVIAR LA ATENCI\u00d3N DEL FRACASO DE LOS OBJETIVOS EN LA FRANJA DE GAZA Desde el viernes 27 \u00faltimo y hoy s\u00e1bado, Israel ha intensificado el bombardeo de la periferia de Beyrouth. Despu\u00e9s del genocidio en curso contra los palestinos en la franja de Gaza,\u2026","rel":"","context":"Dans &quot;INTERNACIONAL&quot;","block_context":{"text":"INTERNACIONAL","link":"https:\/\/lekahuin.com\/?cat=55294248"},"img":{"alt_text":"","src":"https:\/\/i0.wp.com\/lekahuin.com\/wp-content\/uploads\/2024\/09\/liban-israel-pilonne.jpg?resize=350%2C200","width":350,"height":200,"srcset":"https:\/\/i0.wp.com\/lekahuin.com\/wp-content\/uploads\/2024\/09\/liban-israel-pilonne.jpg?resize=350%2C200 1x, https:\/\/i0.wp.com\/lekahuin.com\/wp-content\/uploads\/2024\/09\/liban-israel-pilonne.jpg?resize=525%2C300 1.5x, https:\/\/i0.wp.com\/lekahuin.com\/wp-content\/uploads\/2024\/09\/liban-israel-pilonne.jpg?resize=700%2C400 2x, https:\/\/i0.wp.com\/lekahuin.com\/wp-content\/uploads\/2024\/09\/liban-israel-pilonne.jpg?resize=1050%2C600 3x"},"classes":[]},{"id":7324,"url":"https:\/\/lekahuin.com\/?p=7324","url_meta":{"origin":8998,"position":4},"title":"Chile &#8211; Palestina","author":"Le Kahuin","date":"29 octobre 2023","format":false,"excerpt":"\u201cGaza y la hipocres\u00eda Internacional\u201d Por Daniel Jadue, Alcalde de la Municipalidad de Recoleta Gaza, octubre de 2023 Desde anoche y seguramente en los d\u00edas que vienen, Palestina volver\u00e1 a ser noticia en los medios de comunicaci\u00f3n hegem\u00f3nicos y en las declaraciones de condena de los l\u00edderes mundiales, los que\u2026","rel":"","context":"Dans &quot;Non class\u00e9&quot;","block_context":{"text":"Non class\u00e9","link":"https:\/\/lekahuin.com\/?cat=6325"},"img":{"alt_text":"","src":"https:\/\/i0.wp.com\/lekahuin.com\/wp-content\/uploads\/2023\/10\/gaza1-2-ea4a6.jpg?resize=350%2C200&ssl=1","width":350,"height":200,"srcset":"https:\/\/i0.wp.com\/lekahuin.com\/wp-content\/uploads\/2023\/10\/gaza1-2-ea4a6.jpg?resize=350%2C200&ssl=1 1x, https:\/\/i0.wp.com\/lekahuin.com\/wp-content\/uploads\/2023\/10\/gaza1-2-ea4a6.jpg?resize=525%2C300&ssl=1 1.5x, https:\/\/i0.wp.com\/lekahuin.com\/wp-content\/uploads\/2023\/10\/gaza1-2-ea4a6.jpg?resize=700%2C400&ssl=1 2x"},"classes":[]},{"id":7865,"url":"https:\/\/lekahuin.com\/?p=7865","url_meta":{"origin":8998,"position":5},"title":"Israel &#8211; Boicot","author":"Le Kahuin","date":"26 novembre 2023","format":false,"excerpt":"EL QUEDARNOS SIN HACER NADA FRENTE A UN CRIMEN NOS HACE C\u00d3MPLICES DE ESTE. El ser testigo de un crimen sin hacer nada para impedirlo o para socorrer a la o las v\u00edctimas nos hace c\u00f3mplices de ese crimen.En los momentos de leer estas l\u00edneas y desde hace 75 a\u00f1os,\u2026","rel":"","context":"Dans &quot;INTERNACIONAL&quot;","block_context":{"text":"INTERNACIONAL","link":"https:\/\/lekahuin.com\/?cat=55294248"},"img":{"alt_text":"","src":"https:\/\/i0.wp.com\/lekahuin.com\/wp-content\/uploads\/2023\/11\/Boicot-Israel.png?resize=350%2C200&ssl=1","width":350,"height":200,"srcset":"https:\/\/i0.wp.com\/lekahuin.com\/wp-content\/uploads\/2023\/11\/Boicot-Israel.png?resize=350%2C200&ssl=1 1x, https:\/\/i0.wp.com\/lekahuin.com\/wp-content\/uploads\/2023\/11\/Boicot-Israel.png?resize=525%2C300&ssl=1 1.5x, https:\/\/i0.wp.com\/lekahuin.com\/wp-content\/uploads\/2023\/11\/Boicot-Israel.png?resize=700%2C400&ssl=1 2x, https:\/\/i0.wp.com\/lekahuin.com\/wp-content\/uploads\/2023\/11\/Boicot-Israel.png?resize=1050%2C600&ssl=1 3x, https:\/\/i0.wp.com\/lekahuin.com\/wp-content\/uploads\/2023\/11\/Boicot-Israel.png?resize=1400%2C800&ssl=1 4x"},"classes":[]}],"_links":{"self":[{"href":"https:\/\/lekahuin.com\/index.php?rest_route=\/wp\/v2\/posts\/8998","targetHints":{"allow":["GET"]}}],"collection":[{"href":"https:\/\/lekahuin.com\/index.php?rest_route=\/wp\/v2\/posts"}],"about":[{"href":"https:\/\/lekahuin.com\/index.php?rest_route=\/wp\/v2\/types\/post"}],"author":[{"embeddable":true,"href":"https:\/\/lekahuin.com\/index.php?rest_route=\/wp\/v2\/users\/211878710"}],"replies":[{"embeddable":true,"href":"https:\/\/lekahuin.com\/index.php?rest_route=%2Fwp%2Fv2%2Fcomments&post=8998"}],"version-history":[{"count":4,"href":"https:\/\/lekahuin.com\/index.php?rest_route=\/wp\/v2\/posts\/8998\/revisions"}],"predecessor-version":[{"id":9003,"href":"https:\/\/lekahuin.com\/index.php?rest_route=\/wp\/v2\/posts\/8998\/revisions\/9003"}],"wp:attachment":[{"href":"https:\/\/lekahuin.com\/index.php?rest_route=%2Fwp%2Fv2%2Fmedia&parent=8998"}],"wp:term":[{"taxonomy":"category","embeddable":true,"href":"https:\/\/lekahuin.com\/index.php?rest_route=%2Fwp%2Fv2%2Fcategories&post=8998"},{"taxonomy":"post_tag","embeddable":true,"href":"https:\/\/lekahuin.com\/index.php?rest_route=%2Fwp%2Fv2%2Ftags&post=8998"}],"curies":[{"name":"wp","href":"https:\/\/api.w.org\/{rel}","templated":true}]}}