{"id":9106,"date":"2024-03-24T13:08:11","date_gmt":"2024-03-24T12:08:11","guid":{"rendered":"https:\/\/lekahuin.com\/?p=9106"},"modified":"2024-03-24T13:08:11","modified_gmt":"2024-03-24T12:08:11","slug":"internacional-francia-la-comuna","status":"publish","type":"post","link":"https:\/\/lekahuin.com\/?p=9106","title":{"rendered":"Internacional &#8211; Francia &#8211; La Comuna"},"content":{"rendered":"\n<h2 class=\"wp-block-heading has-text-align-center\"><strong>OCURRI\u00d3 EL 18 DE MARZO DE 1871, EN PAR\u00cdS, LA COMUNA\u2026<\/strong><\/h2>\n\n\n<div class=\"wp-block-image\">\n<figure class=\"aligncenter size-full\"><img data-recalc-dims=\"1\" fetchpriority=\"high\" decoding=\"async\" width=\"726\" height=\"473\" data-attachment-id=\"9109\" data-permalink=\"https:\/\/lekahuin.com\/?attachment_id=9109\" data-orig-file=\"https:\/\/i0.wp.com\/lekahuin.com\/wp-content\/uploads\/2024\/03\/La-Comuna-Tardi.png?fit=726%2C473&amp;ssl=1\" data-orig-size=\"726,473\" data-comments-opened=\"1\" data-image-meta=\"{&quot;aperture&quot;:&quot;0&quot;,&quot;credit&quot;:&quot;&quot;,&quot;camera&quot;:&quot;&quot;,&quot;caption&quot;:&quot;&quot;,&quot;created_timestamp&quot;:&quot;0&quot;,&quot;copyright&quot;:&quot;&quot;,&quot;focal_length&quot;:&quot;0&quot;,&quot;iso&quot;:&quot;0&quot;,&quot;shutter_speed&quot;:&quot;0&quot;,&quot;title&quot;:&quot;&quot;,&quot;orientation&quot;:&quot;0&quot;}\" data-image-title=\"La-Comuna-Tardi\" data-image-description=\"\" data-image-caption=\"\" data-large-file=\"https:\/\/i0.wp.com\/lekahuin.com\/wp-content\/uploads\/2024\/03\/La-Comuna-Tardi.png?fit=726%2C473&amp;ssl=1\" src=\"https:\/\/i0.wp.com\/lekahuin.com\/wp-content\/uploads\/2024\/03\/La-Comuna-Tardi.png?resize=726%2C473&#038;ssl=1\" alt=\"\" class=\"wp-image-9109\" srcset=\"https:\/\/i0.wp.com\/lekahuin.com\/wp-content\/uploads\/2024\/03\/La-Comuna-Tardi.png?w=726&amp;ssl=1 726w, https:\/\/i0.wp.com\/lekahuin.com\/wp-content\/uploads\/2024\/03\/La-Comuna-Tardi.png?resize=300%2C195&amp;ssl=1 300w, https:\/\/i0.wp.com\/lekahuin.com\/wp-content\/uploads\/2024\/03\/La-Comuna-Tardi.png?resize=150%2C98&amp;ssl=1 150w\" sizes=\"(max-width: 726px) 100vw, 726px\" \/><figcaption class=\"wp-element-caption\"><strong>Ilustraci\u00f3n del dibujante franc\u00e9s Tardi del libro de historietas<br>\u00a0sobre la Comuna de Paris \u201cLe Cri du peuple\u201d de Editorial Casterman<\/strong><\/figcaption><\/figure>\n<\/div>\n\n\n<pre class=\"wp-block-verse\">El 18 de marzo de 1871, el gobierno franc\u00e9s de Defensa Nacional del presidente Adolphe Thiers, que hab\u00eda firmado en Versalles un tratado de paz con el imperio prusiano, luego de la derrota en la batalla de Sed\u00e1n, lanz\u00f3 una ofensiva militar general contra la poblaci\u00f3n de Par\u00eds, organizada en comit\u00e9s locales y de defensa que rechazaban el armisticio, considerado una traici\u00f3n y que hab\u00edan tomado el control de la capital.<br>Nacida inicialmente de un sentimiento patri\u00f3tico, la Comuna se transform\u00f3 en un movimiento social compuesto por los m\u00e1s diversos sectores parisinos, el que durante m\u00e1s de un mes mantuvo a raya al ej\u00e9rcito del poder instalado en Versalles, antigua sede de la monarqu\u00eda, al tiempo de desarrollar un sistema de gobierno y administraci\u00f3n popular y democr\u00e1tico in\u00e9dito.<br>Debido a la falta de consenso, tiempo y recursos, la Comuna termin\u00f3 derrotada por la burgues\u00eda que representaba Thiers en una matanza generalizada, descrita por Karl Marx como una guerra civil o una clara manifestaci\u00f3n de lucha de clases que, a pesar de su final tr\u00e1gico, fue una experiencia que allan\u00f3 el camino para una nueva organizaci\u00f3n social que ya no estar\u00eda regida por el beneficio capitalista.<br>Una de las cl\u00e1usulas del armisticio obligaba al gobierno a organizar elecciones para designar a los miembros de una Asamblea Nacional. Como era de esperar tras la sangrienta represi\u00f3n y la eliminaci\u00f3n de una gran parte de la poblaci\u00f3n parisina, las elecciones se saldaron con la victoria de una mayor\u00eda mon\u00e1rquica partidaria de la paz frente al debilitado bando republicano.<br>La Comuna de Par\u00eds fue una fecha clave en el pensamiento de Karl Marx y Federico Engels, a partir de la cual retomaron el hilo de su reflexi\u00f3n pol\u00edtica sobre la cuesti\u00f3n del poder y del Estado, interrumpida desde la derrota de 1848.<\/pre>\n","protected":false},"excerpt":{"rendered":"<div class=\"mh-excerpt\"><p>OCURRI\u00d3 EL 18 DE MARZO DE 1871, EN PAR\u00cdS, LA COMUNA\u2026 El 18 de marzo de 1871, el gobierno franc\u00e9s de Defensa Nacional del presidente <a class=\"mh-excerpt-more\" href=\"https:\/\/lekahuin.com\/?p=9106\" title=\"Internacional &#8211; Francia &#8211; La Comuna\">[&#8230;]<\/a><\/p>\n<\/div>","protected":false},"author":211878710,"featured_media":0,"comment_status":"open","ping_status":"open","sticky":false,"template":"","format":"standard","meta":{"_coblocks_attr":"","_coblocks_dimensions":"","_coblocks_responsive_height":"","_coblocks_accordion_ie_support":"","_crdt_document":"","advanced_seo_description":"","jetpack_seo_html_title":"","jetpack_seo_noindex":false,"_jetpack_newsletter_access":"","_jetpack_dont_email_post_to_subs":false,"_jetpack_newsletter_tier_id":0,"_jetpack_memberships_contains_paywalled_content":false,"_jetpack_memberships_contains_paid_content":false,"footnotes":"","jetpack_post_was_ever_published":false},"categories":[55294248],"tags":[],"class_list":["post-9106","post","type-post","status-publish","format-standard","hentry","category-internacional"],"jetpack_featured_media_url":"","jetpack_likes_enabled":true,"jetpack_sharing_enabled":true,"jetpack_shortlink":"https:\/\/wp.me\/pdoWOp-2mS","jetpack-related-posts":[{"id":16436,"url":"https:\/\/lekahuin.com\/?p=16436","url_meta":{"origin":9106,"position":0},"title":"Internacional &#8211; Francia &#8211; Elecciones","author":"Le Kahuin","date":"26 mars 2026","format":false,"excerpt":"RESULTADOS EN ELECCIONES MUNICIPALES FRANCESAS NO TAN BRILLANTES PARA LA IZQUIERDA COMO SE ESPERABA Sin embargo en Par\u00eds, dirigida por la alcaldesa socialista Anne Hidalgo suceder\u00e1 otro miembro de este partido, Emmanuel Gregoire (en la foto), as\u00ed como en las dos otras grandes ciudades francesas, Lyon y Marsella, donde resultaron\u2026","rel":"","context":"Dans &quot;INTERNACIONAL&quot;","block_context":{"text":"INTERNACIONAL","link":"https:\/\/lekahuin.com\/?cat=55294248"},"img":{"alt_text":"","src":"https:\/\/i0.wp.com\/lekahuin.com\/wp-content\/uploads\/2026\/03\/Alcalde-de-Paris.png?resize=350%2C200&ssl=1","width":350,"height":200,"srcset":"https:\/\/i0.wp.com\/lekahuin.com\/wp-content\/uploads\/2026\/03\/Alcalde-de-Paris.png?resize=350%2C200&ssl=1 1x, https:\/\/i0.wp.com\/lekahuin.com\/wp-content\/uploads\/2026\/03\/Alcalde-de-Paris.png?resize=525%2C300&ssl=1 1.5x"},"classes":[]},{"id":16818,"url":"https:\/\/lekahuin.com\/?p=16818","url_meta":{"origin":9106,"position":1},"title":"Internacional &#8211; Francia","author":"Le Kahuin","date":"27 avril 2026","format":false,"excerpt":"DECENAS DE MILES MANIFIESTAN EN COMUNA VECINA A PAR\u00cdS EN APOYO DE ALCALDE NEGRO Y COMUNISTA, V\u00cdCTIMA DEL RACISMO El 4 de abril pasado, en una de las comunas vecinas a Par\u00eds \u2013 Saint Denis - tuvo lugar uno de esos acontecimientos que renuevan el entusiasmo y la determinaci\u00f3n de\u2026","rel":"","context":"Dans &quot;INTERNACIONAL&quot;","block_context":{"text":"INTERNACIONAL","link":"https:\/\/lekahuin.com\/?cat=55294248"},"img":{"alt_text":"","src":"https:\/\/i0.wp.com\/lekahuin.com\/wp-content\/uploads\/2026\/04\/bally-bagayoko-maire-de-saint-denis.jpg?resize=350%2C200&ssl=1","width":350,"height":200,"srcset":"https:\/\/i0.wp.com\/lekahuin.com\/wp-content\/uploads\/2026\/04\/bally-bagayoko-maire-de-saint-denis.jpg?resize=350%2C200&ssl=1 1x, https:\/\/i0.wp.com\/lekahuin.com\/wp-content\/uploads\/2026\/04\/bally-bagayoko-maire-de-saint-denis.jpg?resize=525%2C300&ssl=1 1.5x, https:\/\/i0.wp.com\/lekahuin.com\/wp-content\/uploads\/2026\/04\/bally-bagayoko-maire-de-saint-denis.jpg?resize=700%2C400&ssl=1 2x, https:\/\/i0.wp.com\/lekahuin.com\/wp-content\/uploads\/2026\/04\/bally-bagayoko-maire-de-saint-denis.jpg?resize=1050%2C600&ssl=1 3x, https:\/\/i0.wp.com\/lekahuin.com\/wp-content\/uploads\/2026\/04\/bally-bagayoko-maire-de-saint-denis.jpg?resize=1400%2C800&ssl=1 4x"},"classes":[]},{"id":16441,"url":"https:\/\/lekahuin.com\/?p=16441","url_meta":{"origin":9106,"position":2},"title":"Internacional &#8211; Realidad Francia","author":"Le Kahuin","date":"27 mars 2026","format":false,"excerpt":"LA NUEVA Y VERDADERA REALIDAD DE LA SOCIEDAD FRANCESA El nuevo alcalde de la comuna de Saint Denis (al norte de Par\u00eds), Bally Bagayoko, algo insoportable para la Francia de la derecha y de los neofascistas, por ser no solamente negro, sino adem\u00e1s representar a la nueva izquierda de la\u2026","rel":"","context":"Dans &quot;Non class\u00e9&quot;","block_context":{"text":"Non class\u00e9","link":"https:\/\/lekahuin.com\/?cat=6325"},"img":{"alt_text":"","src":"https:\/\/i0.wp.com\/lekahuin.com\/wp-content\/uploads\/2026\/03\/Bally_Bagayoko.jpg?resize=350%2C200&ssl=1","width":350,"height":200,"srcset":"https:\/\/i0.wp.com\/lekahuin.com\/wp-content\/uploads\/2026\/03\/Bally_Bagayoko.jpg?resize=350%2C200&ssl=1 1x, https:\/\/i0.wp.com\/lekahuin.com\/wp-content\/uploads\/2026\/03\/Bally_Bagayoko.jpg?resize=525%2C300&ssl=1 1.5x, https:\/\/i0.wp.com\/lekahuin.com\/wp-content\/uploads\/2026\/03\/Bally_Bagayoko.jpg?resize=700%2C400&ssl=1 2x, https:\/\/i0.wp.com\/lekahuin.com\/wp-content\/uploads\/2026\/03\/Bally_Bagayoko.jpg?resize=1050%2C600&ssl=1 3x, https:\/\/i0.wp.com\/lekahuin.com\/wp-content\/uploads\/2026\/03\/Bally_Bagayoko.jpg?resize=1400%2C800&ssl=1 4x"},"classes":[]},{"id":15328,"url":"https:\/\/lekahuin.com\/?p=15328","url_meta":{"origin":9106,"position":3},"title":"Francia &#8211; m\u00fasicos de la Pintana","author":"Le Kahuin","date":"29 novembre 2025","format":false,"excerpt":"LOS M\u00daSICOS DEL CONJUNTO DE LA PINTANA\u00a0DE VUELTA A PAR\u00cdS Dos a\u00f1os despu\u00e9s de una primera estad\u00eda, los m\u00fasicos de La Pintana \u2013 una de las comunas m\u00e1s pobres de Chile- est\u00e1n de regreso en Par\u00eds.La asociaci\u00f3n cultural Apertio, en cooperaci\u00f3n con la Corporaci\u00f3n Cultural de La Pintana y con\u2026","rel":"","context":"Dans &quot;CULTURA&quot;","block_context":{"text":"CULTURA","link":"https:\/\/lekahuin.com\/?cat=55294249"},"img":{"alt_text":"","src":"https:\/\/i0.wp.com\/lekahuin.com\/wp-content\/uploads\/2025\/11\/Orquesta-La-Pintana-1.jpeg?resize=350%2C200&ssl=1","width":350,"height":200},"classes":[]},{"id":14464,"url":"https:\/\/lekahuin.com\/?p=14464","url_meta":{"origin":9106,"position":4},"title":"Francia &#8211; Fiestas del \u00ab\u00a018\u00a0\u00bb","author":"Le Kahuin","date":"29 septembre 2025","format":false,"excerpt":"UN DOBLE DIECIOCHO PARA CELEBRAR TUVIERON LOS CHILENOS DE PAR\u00cdS Los chilenos residentes en Par\u00eds y su regi\u00f3n tuvieron este a\u00f1o la feliz posibilidad de bailar cueca, comer empanadas y beber esa bebida tradicional de las reuniones festivas de la izquierda que es la Coca Cola, en dos fiestas con\u2026","rel":"","context":"Dans &quot;INTERNACIONAL&quot;","block_context":{"text":"INTERNACIONAL","link":"https:\/\/lekahuin.com\/?cat=55294248"},"img":{"alt_text":"","src":"https:\/\/i0.wp.com\/lekahuin.com\/wp-content\/uploads\/2025\/09\/vitry-fiesta.webp?resize=350%2C200&ssl=1","width":350,"height":200,"srcset":"https:\/\/i0.wp.com\/lekahuin.com\/wp-content\/uploads\/2025\/09\/vitry-fiesta.webp?resize=350%2C200&ssl=1 1x, https:\/\/i0.wp.com\/lekahuin.com\/wp-content\/uploads\/2025\/09\/vitry-fiesta.webp?resize=525%2C300&ssl=1 1.5x, https:\/\/i0.wp.com\/lekahuin.com\/wp-content\/uploads\/2025\/09\/vitry-fiesta.webp?resize=700%2C400&ssl=1 2x"},"classes":[]},{"id":15324,"url":"https:\/\/lekahuin.com\/?p=15324","url_meta":{"origin":9106,"position":5},"title":"Francia &#8211; Exposici\u00f3n &#8211; Nicol\u00e1s Quero","author":"Le Kahuin","date":"29 novembre 2025","format":false,"excerpt":"INSPIRADO EN EL EXILIO, CON LA CORDILLERA COMO L\u00cdMITE,\u00a0NICOLAS QUERO, JOVEN PINTOR CHILENO, EXPONE EN PAR\u00cdS Una exposici\u00f3n de pinturas cuyo tema central es la cordillera de Los Andes, presentada como un di\u00e1logo con el poema Antepara\u00edso\u00a0de Ra\u00fal Zurita, obra del joven pintor chileno Nicol\u00e1s Quero, fue presentada en este\u2026","rel":"","context":"Dans &quot;INTERNACIONAL&quot;","block_context":{"text":"INTERNACIONAL","link":"https:\/\/lekahuin.com\/?cat=55294248"},"img":{"alt_text":"","src":"https:\/\/i0.wp.com\/lekahuin.com\/wp-content\/uploads\/2025\/11\/Quero-1-P1140108-3-rotated.jpg?resize=350%2C200&ssl=1","width":350,"height":200,"srcset":"https:\/\/i0.wp.com\/lekahuin.com\/wp-content\/uploads\/2025\/11\/Quero-1-P1140108-3-rotated.jpg?resize=350%2C200&ssl=1 1x, https:\/\/i0.wp.com\/lekahuin.com\/wp-content\/uploads\/2025\/11\/Quero-1-P1140108-3-rotated.jpg?resize=525%2C300&ssl=1 1.5x, https:\/\/i0.wp.com\/lekahuin.com\/wp-content\/uploads\/2025\/11\/Quero-1-P1140108-3-rotated.jpg?resize=700%2C400&ssl=1 2x, https:\/\/i0.wp.com\/lekahuin.com\/wp-content\/uploads\/2025\/11\/Quero-1-P1140108-3-rotated.jpg?resize=1050%2C600&ssl=1 3x, https:\/\/i0.wp.com\/lekahuin.com\/wp-content\/uploads\/2025\/11\/Quero-1-P1140108-3-rotated.jpg?resize=1400%2C800&ssl=1 4x"},"classes":[]}],"_links":{"self":[{"href":"https:\/\/lekahuin.com\/index.php?rest_route=\/wp\/v2\/posts\/9106","targetHints":{"allow":["GET"]}}],"collection":[{"href":"https:\/\/lekahuin.com\/index.php?rest_route=\/wp\/v2\/posts"}],"about":[{"href":"https:\/\/lekahuin.com\/index.php?rest_route=\/wp\/v2\/types\/post"}],"author":[{"embeddable":true,"href":"https:\/\/lekahuin.com\/index.php?rest_route=\/wp\/v2\/users\/211878710"}],"replies":[{"embeddable":true,"href":"https:\/\/lekahuin.com\/index.php?rest_route=%2Fwp%2Fv2%2Fcomments&post=9106"}],"version-history":[{"count":3,"href":"https:\/\/lekahuin.com\/index.php?rest_route=\/wp\/v2\/posts\/9106\/revisions"}],"predecessor-version":[{"id":9110,"href":"https:\/\/lekahuin.com\/index.php?rest_route=\/wp\/v2\/posts\/9106\/revisions\/9110"}],"wp:attachment":[{"href":"https:\/\/lekahuin.com\/index.php?rest_route=%2Fwp%2Fv2%2Fmedia&parent=9106"}],"wp:term":[{"taxonomy":"category","embeddable":true,"href":"https:\/\/lekahuin.com\/index.php?rest_route=%2Fwp%2Fv2%2Fcategories&post=9106"},{"taxonomy":"post_tag","embeddable":true,"href":"https:\/\/lekahuin.com\/index.php?rest_route=%2Fwp%2Fv2%2Ftags&post=9106"}],"curies":[{"name":"wp","href":"https:\/\/api.w.org\/{rel}","templated":true}]}}