{"id":9111,"date":"2024-03-24T13:51:56","date_gmt":"2024-03-24T12:51:56","guid":{"rendered":"https:\/\/lekahuin.com\/?p=9111"},"modified":"2024-03-24T13:51:56","modified_gmt":"2024-03-24T12:51:56","slug":"chile-palma-de-honor","status":"publish","type":"post","link":"https:\/\/lekahuin.com\/?p=9111","title":{"rendered":"Chile &#8211; Palma de Honor"},"content":{"rendered":"\n<h2 class=\"wp-block-heading has-text-align-center\"><strong>PALMA DE HONOR PARA SUPERAR UN TRAUMA NAVIDE\u00d1O<\/strong><\/h2>\n\n\n<div class=\"wp-block-image\">\n<figure class=\"aligncenter size-large is-resized\"><img data-recalc-dims=\"1\" fetchpriority=\"high\" decoding=\"async\" width=\"1024\" height=\"846\" data-attachment-id=\"9113\" data-permalink=\"https:\/\/lekahuin.com\/?attachment_id=9113\" data-orig-file=\"https:\/\/i0.wp.com\/lekahuin.com\/wp-content\/uploads\/2024\/03\/Palma-de-Honor-No-30.jpg?fit=4496%2C3716&amp;ssl=1\" data-orig-size=\"4496,3716\" data-comments-opened=\"1\" data-image-meta=\"{&quot;aperture&quot;:&quot;0&quot;,&quot;credit&quot;:&quot;&quot;,&quot;camera&quot;:&quot;&quot;,&quot;caption&quot;:&quot;&quot;,&quot;created_timestamp&quot;:&quot;0&quot;,&quot;copyright&quot;:&quot;&quot;,&quot;focal_length&quot;:&quot;0&quot;,&quot;iso&quot;:&quot;0&quot;,&quot;shutter_speed&quot;:&quot;0&quot;,&quot;title&quot;:&quot;&quot;,&quot;orientation&quot;:&quot;1&quot;}\" data-image-title=\"Palma-de-Honor-No-30\" data-image-description=\"\" data-image-caption=\"&lt;p&gt;Alcalde Tom\u00e1s Vodanovic, Palma de Honor&lt;\/p&gt;\n\" data-large-file=\"https:\/\/i0.wp.com\/lekahuin.com\/wp-content\/uploads\/2024\/03\/Palma-de-Honor-No-30.jpg?fit=1024%2C846&amp;ssl=1\" src=\"https:\/\/i0.wp.com\/lekahuin.com\/wp-content\/uploads\/2024\/03\/Palma-de-Honor-No-30.jpg?resize=1024%2C846&#038;ssl=1\" alt=\"\" class=\"wp-image-9113\" style=\"width:458px;height:auto\" srcset=\"https:\/\/i0.wp.com\/lekahuin.com\/wp-content\/uploads\/2024\/03\/Palma-de-Honor-No-30.jpg?resize=1024%2C846&amp;ssl=1 1024w, https:\/\/i0.wp.com\/lekahuin.com\/wp-content\/uploads\/2024\/03\/Palma-de-Honor-No-30.jpg?resize=300%2C248&amp;ssl=1 300w, https:\/\/i0.wp.com\/lekahuin.com\/wp-content\/uploads\/2024\/03\/Palma-de-Honor-No-30.jpg?resize=150%2C124&amp;ssl=1 150w, https:\/\/i0.wp.com\/lekahuin.com\/wp-content\/uploads\/2024\/03\/Palma-de-Honor-No-30.jpg?resize=768%2C635&amp;ssl=1 768w, https:\/\/i0.wp.com\/lekahuin.com\/wp-content\/uploads\/2024\/03\/Palma-de-Honor-No-30.jpg?resize=1536%2C1270&amp;ssl=1 1536w, https:\/\/i0.wp.com\/lekahuin.com\/wp-content\/uploads\/2024\/03\/Palma-de-Honor-No-30.jpg?resize=2048%2C1693&amp;ssl=1 2048w, https:\/\/i0.wp.com\/lekahuin.com\/wp-content\/uploads\/2024\/03\/Palma-de-Honor-No-30.jpg?resize=1200%2C992&amp;ssl=1 1200w, https:\/\/i0.wp.com\/lekahuin.com\/wp-content\/uploads\/2024\/03\/Palma-de-Honor-No-30.jpg?w=3000&amp;ssl=1 3000w\" sizes=\"(max-width: 1000px) 100vw, 1000px\" \/><\/figure>\n<\/div>\n\n\n<p class=\"has-text-align-justify wp-block-paragraph\">En Par\u00eds, la primavera boreal se manifest\u00f3 en su primer d\u00eda con una asoleada y tibia ma\u00f1ana en que la luz multicolor, que irradiaban los vitrales del palacio donde sesiona una vez por mes el Honorable Jurado, proyect\u00f3 hacia el rostro noble de Su Seren\u00edsima Se\u00f1or\u00eda el Presidente (SSS), una especie de halo, que dar\u00eda un tinte a\u00fan m\u00e1s solemne al breve discurso con que inici\u00f3 la sesi\u00f3n.<br><strong><em><strong><em>\u201cHonorables Miembros, hoy, nuestra misi\u00f3n tiene por objeto no s\u00f3lo el designar a aquel que, por sus m\u00e9ritos anteriores, es acreedor de este importante galard\u00f3n que es la Palma de Honor<\/em><\/strong><\/em><\/strong>\u201d, comenz\u00f3 expresando.<br>\u201c<strong><em><strong><em>En esta ocasi\u00f3n esta distinci\u00f3n va mucho m\u00e1s all\u00e1\u201d<\/em><\/strong><\/em><\/strong>, agreg\u00f3, antes de precisar que <strong><em><strong><em>\u201cse trata de premiar para ayudar a superar un trauma que sufri\u00f3 en su tierna adolescencia el elegido y que acaba de manifestar, ahora que es alcalde de la comuna de Maip\u00fa\u201d.<\/em><\/strong><\/em><\/strong><strong><em><strong><em><br><\/em><\/strong><\/em><\/strong>Seguidamente, SSS dijo que la actitud actual del jefe comunal en cuesti\u00f3n seguramente estaba en relaci\u00f3n con un triste episodio de la adolescencia de este y sobre el cual \u00e9l hab\u00eda conocido de o\u00eddas a trav\u00e9s de un amigo de la familia.<br>Luego de advertir a los Honorables Miembros que lo que iban a escuchar ten\u00eda el m\u00e1s estricto car\u00e1cter confidencial, pas\u00f3 a relatar el episodio tal como lo hab\u00eda conocido, tambi\u00e9n confidencialmente.<br><strong><em><strong><em>\u201cCuando ten\u00eda quince a\u00f1os, Tomasito, frustrado por no haber recibido para Navidad la caja de soldados de plomo (que ya no eran de plomo sino de pl\u00e1stico) que hab\u00eda solicitado a trav\u00e9s de una carta destinada al Viejo Pascuero en el Polo Norte y depositada en la oficina de Correos de Chile de su barrio, confi\u00f3 su desencanto a un amigo mayor\u201d,<\/em><\/strong><\/em><\/strong>&nbsp;relat\u00f3 SSS.<br><strong><em><strong><em>\u201cCon toda la crueldad de la que los j\u00f3venes pueden dar prueba en ciertas ocasiones, el amigo en cuesti\u00f3n le inform\u00f3, de rompe y raja, rotundamente y sin pre\u00e1mbulos, que el Viejo Pascuero no exist\u00eda\u2026\u201d<\/em><\/strong><\/em><\/strong>&nbsp;continu\u00f3 SSS, con la voz quebrada y los ojos h\u00famedos al evocar la tragedia.<br><strong><em><strong><em>\u201cNo necesito detallar el trauma que signific\u00f3 para el pobre Tomasito el enterarse de esta triste realidad de la vida\u201d<\/em><\/strong><\/em><\/strong>, acot\u00f3 Su Seren\u00edsima Se\u00f1or\u00eda\u201d.<br>Luego de advertir que, sin querer d\u00e1rsela de sic\u00f3logo, \u00e9l pensaba que ahora que es alcalde de Maip\u00fa, Tomasito ve\u00eda en el Estado la imagen del Viejo Pascuero que se esfum\u00f3 a trav\u00e9s de la cruel revelaci\u00f3n de su amigo, esto le hac\u00eda solicitar ahora no soldados de plomo (o de pl\u00e1stico) sino milicos de verdad, para salir a pelear contra los malos y matarlos a todos.<br>Deseosos de reparar tal entuerto y sin siquiera concertarse ni iniciar uno de esos acalorados debates a los que son tan proclives, por unanimidad, los Honorables decidieron otorgar la Palma de Honor al alcalde de Maip\u00fa, Tomas Vod\u00e1novic.<br>La moci\u00f3n de uno de los honorables de acompa\u00f1ar la estatuilla representando el premio con una caja de soldados de plomo (o de pl\u00e1stico, estilo G.I Joe) , qued\u00f3 pendiente, pues otro objet\u00f3 que podr\u00edan considerarlo como una tentativa de corrupci\u00f3n.<br>Sin m\u00e1s, encabezados por Su Seren\u00edsima Se\u00f1or\u00eda, los Honorables Miembros se dirigieron al Bar Cap Horn, para recuperarse de las emociones vividas, mediante un buen pisco sour. Pero ocurri\u00f3 que fue todo el honorable conjunto que sufri\u00f3 ahora una desilusi\u00f3n.<br>Debido a la rapidez con que se despach\u00f3 la decisi\u00f3n sobre el premio, los Honorables llegaron a destina mucho antes de las 15 horas, cuando abre el Cap Horn, quedando as\u00ed, a su vez traumatizados y con sed.<\/p>\n","protected":false},"excerpt":{"rendered":"<div class=\"mh-excerpt\"><p>PALMA DE HONOR PARA SUPERAR UN TRAUMA NAVIDE\u00d1O En Par\u00eds, la primavera boreal se manifest\u00f3 en su primer d\u00eda con una asoleada y tibia ma\u00f1ana <a class=\"mh-excerpt-more\" href=\"https:\/\/lekahuin.com\/?p=9111\" title=\"Chile &#8211; Palma de Honor\">[&#8230;]<\/a><\/p>\n<\/div>","protected":false},"author":211878710,"featured_media":0,"comment_status":"open","ping_status":"open","sticky":false,"template":"","format":"standard","meta":{"_coblocks_attr":"","_coblocks_dimensions":"","_coblocks_responsive_height":"","_coblocks_accordion_ie_support":"","_crdt_document":"","advanced_seo_description":"","jetpack_seo_html_title":"","jetpack_seo_noindex":false,"_jetpack_newsletter_access":"","_jetpack_dont_email_post_to_subs":false,"_jetpack_newsletter_tier_id":0,"_jetpack_memberships_contains_paywalled_content":false,"_jetpack_memberships_contains_paid_content":false,"footnotes":"","jetpack_post_was_ever_published":false},"categories":[55294247],"tags":[],"class_list":["post-9111","post","type-post","status-publish","format-standard","hentry","category-chile"],"jetpack_featured_media_url":"","jetpack_likes_enabled":true,"jetpack_sharing_enabled":true,"jetpack_shortlink":"https:\/\/wp.me\/pdoWOp-2mX","jetpack-related-posts":[{"id":6486,"url":"https:\/\/lekahuin.com\/?p=6486","url_meta":{"origin":9111,"position":0},"title":"Palma de Honor","author":"Le Kahuin","date":"4 septembre 2023","format":false,"excerpt":"JURADO OTORGA EXAEQO LA PALMA DE HONOR A DOS MUJERES Imposible de determinar cual de las dos es m\u00e1s \u2026 meritoria Diputada RN Camila Flores y Katerine Montealegre, presidenta Juventud UDI Cuando el Honorable Presidente comenz\u00f3 su discurso matinal con una serie circunloquios, contrariamente a su modo habitual directo, sincero\u2026","rel":"","context":"Dans &quot;Non class\u00e9&quot;","block_context":{"text":"Non class\u00e9","link":"https:\/\/lekahuin.com\/?cat=6325"},"img":{"alt_text":"","src":"https:\/\/i0.wp.com\/lekahuin.com\/wp-content\/uploads\/2023\/09\/dos-huevonasen-colores20230831_00093124.jpg?resize=350%2C200&ssl=1","width":350,"height":200,"srcset":"https:\/\/i0.wp.com\/lekahuin.com\/wp-content\/uploads\/2023\/09\/dos-huevonasen-colores20230831_00093124.jpg?resize=350%2C200&ssl=1 1x, https:\/\/i0.wp.com\/lekahuin.com\/wp-content\/uploads\/2023\/09\/dos-huevonasen-colores20230831_00093124.jpg?resize=525%2C300&ssl=1 1.5x, https:\/\/i0.wp.com\/lekahuin.com\/wp-content\/uploads\/2023\/09\/dos-huevonasen-colores20230831_00093124.jpg?resize=700%2C400&ssl=1 2x, https:\/\/i0.wp.com\/lekahuin.com\/wp-content\/uploads\/2023\/09\/dos-huevonasen-colores20230831_00093124.jpg?resize=1050%2C600&ssl=1 3x, https:\/\/i0.wp.com\/lekahuin.com\/wp-content\/uploads\/2023\/09\/dos-huevonasen-colores20230831_00093124.jpg?resize=1400%2C800&ssl=1 4x"},"classes":[]},{"id":12701,"url":"https:\/\/lekahuin.com\/?p=12701","url_meta":{"origin":9111,"position":1},"title":"Palma de Honor n\u00ba 42","author":"Le Kahuin","date":"23 mars 2025","format":false,"excerpt":"\u00a1 DOS VECES SIEMPRE MEJOR QUE UNA ! Evelyn Matthei propone restablecer la pena de muerte. En aquella asoleada, pero fr\u00eda ma\u00f1ana parisina, Su Seren\u00edsima Se\u00f1or\u00eda el presidente del Honorable Jurado de la Palma de Honor se present\u00f3 ante la honorable asamblea con una de esas sonrisas amplias, que denotan\u2026","rel":"","context":"Dans &quot;Non class\u00e9&quot;","block_context":{"text":"Non class\u00e9","link":"https:\/\/lekahuin.com\/?cat=6325"},"img":{"alt_text":"","src":"https:\/\/i0.wp.com\/lekahuin.com\/wp-content\/uploads\/2025\/03\/cuadro-de-honor-sin-capucha.jpg?resize=350%2C200&ssl=1","width":350,"height":200,"srcset":"https:\/\/i0.wp.com\/lekahuin.com\/wp-content\/uploads\/2025\/03\/cuadro-de-honor-sin-capucha.jpg?resize=350%2C200&ssl=1 1x, https:\/\/i0.wp.com\/lekahuin.com\/wp-content\/uploads\/2025\/03\/cuadro-de-honor-sin-capucha.jpg?resize=525%2C300&ssl=1 1.5x, https:\/\/i0.wp.com\/lekahuin.com\/wp-content\/uploads\/2025\/03\/cuadro-de-honor-sin-capucha.jpg?resize=700%2C400&ssl=1 2x"},"classes":[]},{"id":14685,"url":"https:\/\/lekahuin.com\/?p=14685","url_meta":{"origin":9111,"position":2},"title":"Palma de Honor n\u00b049","author":"Le Kahuin","date":"28 octobre 2025","format":false,"excerpt":"PALMA DE HONOR PARA UN VENDEDOR DE TEL\u00c9FONOS FRUSTRADO POR NO HABER PODIDO INCENDIAR CHILE CON SU AMIGO CARLOS En aquella tibia ma\u00f1ana de oto\u00f1o, a pesar de su natural rechazo a todo lo que considera un gadget moderno, Su Seren\u00edsima Se\u00f1or\u00eda apareci\u00f3 en la sala de sesiones del Honorable\u2026","rel":"","context":"Dans &quot;Palma de Honor&quot;","block_context":{"text":"Palma de Honor","link":"https:\/\/lekahuin.com\/?cat=55294256"},"img":{"alt_text":"","src":"https:\/\/i0.wp.com\/lekahuin.com\/wp-content\/uploads\/2025\/10\/Oscar-Guillermo-telefonico.webp?resize=350%2C200&ssl=1","width":350,"height":200,"srcset":"https:\/\/i0.wp.com\/lekahuin.com\/wp-content\/uploads\/2025\/10\/Oscar-Guillermo-telefonico.webp?resize=350%2C200&ssl=1 1x, https:\/\/i0.wp.com\/lekahuin.com\/wp-content\/uploads\/2025\/10\/Oscar-Guillermo-telefonico.webp?resize=525%2C300&ssl=1 1.5x, https:\/\/i0.wp.com\/lekahuin.com\/wp-content\/uploads\/2025\/10\/Oscar-Guillermo-telefonico.webp?resize=700%2C400&ssl=1 2x, https:\/\/i0.wp.com\/lekahuin.com\/wp-content\/uploads\/2025\/10\/Oscar-Guillermo-telefonico.webp?resize=1050%2C600&ssl=1 3x"},"classes":[]},{"id":16413,"url":"https:\/\/lekahuin.com\/?p=16413","url_meta":{"origin":9111,"position":3},"title":"Palma n\u00b0 54","author":"Le Kahuin","date":"26 mars 2026","format":false,"excerpt":"APENAS INSTALADO EN SU CARGO Y YA SS.EE EL PRESIDENTE OBTIENE LA PALMA DE HONOR \u201cDebemos prepararnos para los pr\u00f3ximos cuatro a\u00f1os, lo que ser\u00e1 sin duda una de las etapas m\u00e1s atareadas de nuestras vidas en tanto responsables de otorgar este mundialmente reconocido y prestigiado galard\u00f3n que es la\u2026","rel":"","context":"Dans &quot;Non class\u00e9&quot;","block_context":{"text":"Non class\u00e9","link":"https:\/\/lekahuin.com\/?cat=6325"},"img":{"alt_text":"","src":"https:\/\/i0.wp.com\/lekahuin.com\/wp-content\/uploads\/2026\/03\/Palma_20260319.jpg?resize=350%2C200&ssl=1","width":350,"height":200,"srcset":"https:\/\/i0.wp.com\/lekahuin.com\/wp-content\/uploads\/2026\/03\/Palma_20260319.jpg?resize=350%2C200&ssl=1 1x, https:\/\/i0.wp.com\/lekahuin.com\/wp-content\/uploads\/2026\/03\/Palma_20260319.jpg?resize=525%2C300&ssl=1 1.5x, https:\/\/i0.wp.com\/lekahuin.com\/wp-content\/uploads\/2026\/03\/Palma_20260319.jpg?resize=700%2C400&ssl=1 2x, https:\/\/i0.wp.com\/lekahuin.com\/wp-content\/uploads\/2026\/03\/Palma_20260319.jpg?resize=1050%2C600&ssl=1 3x, https:\/\/i0.wp.com\/lekahuin.com\/wp-content\/uploads\/2026\/03\/Palma_20260319.jpg?resize=1400%2C800&ssl=1 4x"},"classes":[]},{"id":9499,"url":"https:\/\/lekahuin.com\/?p=9499","url_meta":{"origin":9111,"position":4},"title":"Palma de Honor","author":"Le Kahuin","date":"22 avril 2024","format":false,"excerpt":"CORDERO CON GASTROENTERITIS CEREBRAL Bien a pesar de que se trataba de presidir la trig\u00e9simo primera sesi\u00f3n del Honorable Jurado de la Palma de Honor, Su Seren\u00edsima Se\u00f1or\u00eda inici\u00f3 el acto sin ninguna solemnidad, vestido con abrigo de calle y sombrero, pero sin la capa de armi\u00f1o ni la peluca\u2026","rel":"","context":"Dans &quot;CHILE&quot;","block_context":{"text":"CHILE","link":"https:\/\/lekahuin.com\/?cat=55294247"},"img":{"alt_text":"","src":"https:\/\/i0.wp.com\/lekahuin.com\/wp-content\/uploads\/2024\/04\/Doc-Cordero.jpg?resize=350%2C200&ssl=1","width":350,"height":200,"srcset":"https:\/\/i0.wp.com\/lekahuin.com\/wp-content\/uploads\/2024\/04\/Doc-Cordero.jpg?resize=350%2C200&ssl=1 1x, https:\/\/i0.wp.com\/lekahuin.com\/wp-content\/uploads\/2024\/04\/Doc-Cordero.jpg?resize=525%2C300&ssl=1 1.5x, https:\/\/i0.wp.com\/lekahuin.com\/wp-content\/uploads\/2024\/04\/Doc-Cordero.jpg?resize=700%2C400&ssl=1 2x, https:\/\/i0.wp.com\/lekahuin.com\/wp-content\/uploads\/2024\/04\/Doc-Cordero.jpg?resize=1050%2C600&ssl=1 3x, https:\/\/i0.wp.com\/lekahuin.com\/wp-content\/uploads\/2024\/04\/Doc-Cordero.jpg?resize=1400%2C800&ssl=1 4x"},"classes":[]},{"id":16243,"url":"https:\/\/lekahuin.com\/?p=16243","url_meta":{"origin":9111,"position":5},"title":"Palma de Honor n\u00ba 53","author":"Le Kahuin","date":"28 f\u00e9vrier 2026","format":false,"excerpt":"LA PALMA DE HONOR PARA EL CAPIT\u00c1N DE UN BARCO MANICERO Su Seren\u00edsima Se\u00f1or\u00eda lleg\u00f3 aquel jueves, d\u00eda de las sesiones del Honorable Jurado de la Palma de Honor, alegre como un d\u00eda de la primavera que comenzaba a perfilarse en Par\u00eds, \u201cla ciudad del amor\u201d, como dicen los si\u00faticos\u2026","rel":"","context":"Dans &quot;Non class\u00e9&quot;","block_context":{"text":"Non class\u00e9","link":"https:\/\/lekahuin.com\/?cat=6325"},"img":{"alt_text":"","src":"https:\/\/i0.wp.com\/lekahuin.com\/wp-content\/uploads\/2026\/02\/Palma-de-Honor-Com-Gonzalez1.jpg?resize=350%2C200&ssl=1","width":350,"height":200,"srcset":"https:\/\/i0.wp.com\/lekahuin.com\/wp-content\/uploads\/2026\/02\/Palma-de-Honor-Com-Gonzalez1.jpg?resize=350%2C200&ssl=1 1x, https:\/\/i0.wp.com\/lekahuin.com\/wp-content\/uploads\/2026\/02\/Palma-de-Honor-Com-Gonzalez1.jpg?resize=525%2C300&ssl=1 1.5x, https:\/\/i0.wp.com\/lekahuin.com\/wp-content\/uploads\/2026\/02\/Palma-de-Honor-Com-Gonzalez1.jpg?resize=700%2C400&ssl=1 2x, https:\/\/i0.wp.com\/lekahuin.com\/wp-content\/uploads\/2026\/02\/Palma-de-Honor-Com-Gonzalez1.jpg?resize=1050%2C600&ssl=1 3x, https:\/\/i0.wp.com\/lekahuin.com\/wp-content\/uploads\/2026\/02\/Palma-de-Honor-Com-Gonzalez1.jpg?resize=1400%2C800&ssl=1 4x"},"classes":[]}],"_links":{"self":[{"href":"https:\/\/lekahuin.com\/index.php?rest_route=\/wp\/v2\/posts\/9111","targetHints":{"allow":["GET"]}}],"collection":[{"href":"https:\/\/lekahuin.com\/index.php?rest_route=\/wp\/v2\/posts"}],"about":[{"href":"https:\/\/lekahuin.com\/index.php?rest_route=\/wp\/v2\/types\/post"}],"author":[{"embeddable":true,"href":"https:\/\/lekahuin.com\/index.php?rest_route=\/wp\/v2\/users\/211878710"}],"replies":[{"embeddable":true,"href":"https:\/\/lekahuin.com\/index.php?rest_route=%2Fwp%2Fv2%2Fcomments&post=9111"}],"version-history":[{"count":3,"href":"https:\/\/lekahuin.com\/index.php?rest_route=\/wp\/v2\/posts\/9111\/revisions"}],"predecessor-version":[{"id":9115,"href":"https:\/\/lekahuin.com\/index.php?rest_route=\/wp\/v2\/posts\/9111\/revisions\/9115"}],"wp:attachment":[{"href":"https:\/\/lekahuin.com\/index.php?rest_route=%2Fwp%2Fv2%2Fmedia&parent=9111"}],"wp:term":[{"taxonomy":"category","embeddable":true,"href":"https:\/\/lekahuin.com\/index.php?rest_route=%2Fwp%2Fv2%2Fcategories&post=9111"},{"taxonomy":"post_tag","embeddable":true,"href":"https:\/\/lekahuin.com\/index.php?rest_route=%2Fwp%2Fv2%2Ftags&post=9111"}],"curies":[{"name":"wp","href":"https:\/\/api.w.org\/{rel}","templated":true}]}}