{"id":9505,"date":"2024-04-22T22:05:34","date_gmt":"2024-04-22T20:05:34","guid":{"rendered":"https:\/\/lekahuin.com\/?p=9505"},"modified":"2024-04-22T22:09:28","modified_gmt":"2024-04-22T20:09:28","slug":"chile-paro-de-portuarios","status":"publish","type":"post","link":"https:\/\/lekahuin.com\/?p=9505","title":{"rendered":"Chile &#8211; Paro de portuarios"},"content":{"rendered":"\n<h2 class=\"wp-block-heading has-text-align-center\"><strong>PORTUARIOS PARALIZAN EN VALPARA\u00cdSO Y SAN ANTONIO EXIGIENDO MEJORAS EN LAS CONDICIONES DE TRABAJO<\/strong><\/h2>\n\n\n<div class=\"wp-block-image\">\n<figure class=\"aligncenter size-full is-resized\"><img data-recalc-dims=\"1\" fetchpriority=\"high\" decoding=\"async\" width=\"836\" height=\"474\" data-attachment-id=\"9506\" data-permalink=\"https:\/\/lekahuin.com\/?attachment_id=9506\" data-orig-file=\"https:\/\/i0.wp.com\/lekahuin.com\/wp-content\/uploads\/2024\/04\/paro-portuario-050424.png?fit=836%2C474&amp;ssl=1\" data-orig-size=\"836,474\" data-comments-opened=\"1\" data-image-meta=\"{&quot;aperture&quot;:&quot;0&quot;,&quot;credit&quot;:&quot;&quot;,&quot;camera&quot;:&quot;&quot;,&quot;caption&quot;:&quot;&quot;,&quot;created_timestamp&quot;:&quot;0&quot;,&quot;copyright&quot;:&quot;&quot;,&quot;focal_length&quot;:&quot;0&quot;,&quot;iso&quot;:&quot;0&quot;,&quot;shutter_speed&quot;:&quot;0&quot;,&quot;title&quot;:&quot;&quot;,&quot;orientation&quot;:&quot;0&quot;}\" data-image-title=\"paro-portuario-050424\" data-image-description=\"\" data-image-caption=\"\" data-large-file=\"https:\/\/i0.wp.com\/lekahuin.com\/wp-content\/uploads\/2024\/04\/paro-portuario-050424.png?fit=836%2C474&amp;ssl=1\" src=\"https:\/\/i0.wp.com\/lekahuin.com\/wp-content\/uploads\/2024\/04\/paro-portuario-050424.png?resize=836%2C474&#038;ssl=1\" alt=\"\" class=\"wp-image-9506\" style=\"width:636px;height:auto\" srcset=\"https:\/\/i0.wp.com\/lekahuin.com\/wp-content\/uploads\/2024\/04\/paro-portuario-050424.png?w=836&amp;ssl=1 836w, https:\/\/i0.wp.com\/lekahuin.com\/wp-content\/uploads\/2024\/04\/paro-portuario-050424.png?resize=300%2C170&amp;ssl=1 300w, https:\/\/i0.wp.com\/lekahuin.com\/wp-content\/uploads\/2024\/04\/paro-portuario-050424.png?resize=150%2C85&amp;ssl=1 150w, https:\/\/i0.wp.com\/lekahuin.com\/wp-content\/uploads\/2024\/04\/paro-portuario-050424.png?resize=768%2C435&amp;ssl=1 768w\" sizes=\"(max-width: 836px) 100vw, 836px\" \/><figcaption class=\"wp-element-caption\">Barricadas en el puerto<\/figcaption><\/figure>\n<\/div>\n\n\n<p class=\"has-drop-cap has-text-align-justify wp-block-paragraph\">El jueves 05 de abril de 2024 los trabajadores portuarios realizaron un paro de actividades exigiendo mejores condiciones laborales, la concretizaci\u00f3n de medidas de seguridad, la implementaci\u00f3n de normas de justicia laboral y un desarrollo sostenible en los puertos chilenos.<br><br>El movimiento fue acompa\u00f1ado con la instalaci\u00f3n de barricadas en los sectores vecinos los puertos.<br>La Uni\u00f3n Portuaria de Chile, que representa a m\u00e1s de seis mil trabajadores con presencia en 26 puertos, a trav\u00e9s de su portavoz, Juan Pablo Pizarro, se\u00f1al\u00f3 que existe una acumulaci\u00f3n de problemas que se arrastran desde el gobierno de Pi\u00f1era hasta el actual, de Gabriel Boric.<br><br>El gobierno de este \u00faltimo es acusado de incumplimiento de promesas en materias laborales y de seguridad. Se\u00f1alan que se han constituido mesas de trabajo, pero no se ha avanzado concretamente en un marco regulatorio que acabe con los abusos laborales.<br><br>Esta situaci\u00f3n de insatisfacci\u00f3n es la que provoca una seria inquietud por el futuro y la determinaci\u00f3n en la movilizaci\u00f3n. Ejemplo de ello, recientemente, la descarbonizaci\u00f3n en el puerto de Tocopilla ha generado el desempleo de una centena de trabajadores. Ello est\u00e1 al origen de la exigencia de soluciones concretas y efectivas.<br><br>Una Ley General de Pesca est\u00e1 en discusi\u00f3n hace ya m\u00e1s de una d\u00e9cada sin cristalizar. La aprobaci\u00f3n de esta ley es imperiosa para terminar con los abusos laborales y permitir garant\u00edas de establecimiento de condiciones laborales justas y equitativas para todos los trabajadores portuarios. &nbsp;<br><br>Existen tambi\u00e9n demandas complementarias que conciernen la salud laboral, sobre todo las enfermedades profesionales y las medidas de seguridad en el trabajo. Se exige que sean destinadas a proteger la integridad f\u00edsica y evitar situaciones como aquellas producidas por una serie de accidentes acontecidos recientemente.<br><br>A trav\u00e9s de un comunicado oficial, los trabajadores portuarios tambi\u00e9n hicieron un llamado a la unidad en el gremio y a implementar la modernizaci\u00f3n de los puertos con el fin de aumentar la capacidad competitiva de las instalaciones portuarias chilenas en el \u00e1mbito internacional y tambi\u00e9n posibilitar oportunidades de desarrollo y empleo, especialmente en un contexto de transici\u00f3n energ\u00e9tica del pa\u00eds.<br><br>Existen actualmente varios terminales p\u00fablicos que se encuentran abandonados y por ende paralizados.<br>Las consecuencias del paro se hicieron visibles tambi\u00e9n en el puerto de San Antonio, el m\u00e1s importante de Chile, ubicado en la regi\u00f3n de Valpara\u00edso. All\u00ed, manifestantes llevaron a cabo la instalaci\u00f3n de barricadas con el fin de llamar la atenci\u00f3n de la opini\u00f3n p\u00fablica sobre sus problemas y necesidades urgentes.<br><br>El sector empresarial exportador tambi\u00e9n manifest\u00f3 su inquietud.<br><br>Hicieron un llamado urgente a las autoridades y a la sociedad chilena para tratar de manera concreta dichos problemas. Se\u00f1alan que es imperativo que se encuentren soluciones viables y sostenibles que garanticen un ambiente laboral seguro, justo y propicio para el crecimiento econ\u00f3mico y social del pa\u00eds.<\/p>\n","protected":false},"excerpt":{"rendered":"<div class=\"mh-excerpt\"><p>PORTUARIOS PARALIZAN EN VALPARA\u00cdSO Y SAN ANTONIO EXIGIENDO MEJORAS EN LAS CONDICIONES DE TRABAJO El jueves 05 de abril de 2024 los trabajadores portuarios realizaron <a class=\"mh-excerpt-more\" href=\"https:\/\/lekahuin.com\/?p=9505\" title=\"Chile &#8211; Paro de portuarios\">[&#8230;]<\/a><\/p>\n<\/div>","protected":false},"author":211878710,"featured_media":0,"comment_status":"open","ping_status":"open","sticky":false,"template":"","format":"standard","meta":{"_coblocks_attr":"","_coblocks_dimensions":"","_coblocks_responsive_height":"","_coblocks_accordion_ie_support":"","_crdt_document":"","advanced_seo_description":"","jetpack_seo_html_title":"","jetpack_seo_noindex":false,"_jetpack_newsletter_access":"","_jetpack_dont_email_post_to_subs":false,"_jetpack_newsletter_tier_id":0,"_jetpack_memberships_contains_paywalled_content":false,"_jetpack_memberships_contains_paid_content":false,"footnotes":"","jetpack_post_was_ever_published":false},"categories":[55294247],"tags":[],"class_list":["post-9505","post","type-post","status-publish","format-standard","hentry","category-chile"],"jetpack_featured_media_url":"","jetpack_likes_enabled":true,"jetpack_sharing_enabled":true,"jetpack_shortlink":"https:\/\/wp.me\/pdoWOp-2tj","jetpack-related-posts":[{"id":2287,"url":"https:\/\/lekahuin.com\/?p=2287","url_meta":{"origin":9505,"position":0},"title":"Chile","author":"Le Kahuin","date":"24 juin 2022","format":false,"excerpt":"ANUNCIADO CIERRE DE PLANTA VENTANAS DE CODELCO PROVOCA POL\u00c9MICAS Y DESDE YA, PAROS LABORALES La huelga convocada por la Federaci\u00f3n de Trabajadores del Cobre (FTC) termin\u00f3 el 24 de junio. Ella comprend\u00eda a 14.000 trabajadores de planta permanente e incluy\u00f3 a 40.000 subcontratados. Hab\u00eda comenzado el mi\u00e9rcoles 22 de junio.\u2026","rel":"","context":"Dans &quot;Non class\u00e9&quot;","block_context":{"text":"Non class\u00e9","link":"https:\/\/lekahuin.com\/?cat=6325"},"img":{"alt_text":"","src":"https:\/\/i0.wp.com\/lekahuin.com\/wp-content\/uploads\/2022\/06\/huelga-ventanas.jpg?resize=350%2C200&ssl=1","width":350,"height":200,"srcset":"https:\/\/i0.wp.com\/lekahuin.com\/wp-content\/uploads\/2022\/06\/huelga-ventanas.jpg?resize=350%2C200&ssl=1 1x, https:\/\/i0.wp.com\/lekahuin.com\/wp-content\/uploads\/2022\/06\/huelga-ventanas.jpg?resize=525%2C300&ssl=1 1.5x, https:\/\/i0.wp.com\/lekahuin.com\/wp-content\/uploads\/2022\/06\/huelga-ventanas.jpg?resize=700%2C400&ssl=1 2x"},"classes":[]},{"id":5686,"url":"https:\/\/lekahuin.com\/?p=5686","url_meta":{"origin":9505,"position":1},"title":"Memoria &#8211; Nelson Cabrera V\u00e1squez (Neco)","author":"Le Kahuin","date":"19 mai 2023","format":false,"excerpt":"Delante del Cuartel Silva Palma, denuncia del lugar como centro de tortura bajo la dictadura militar. Aunque desafectado, el recinto pertenece siempre a la Marina Nacional 20 de marzo de2008.- \u00a0Acogida de la nave japonesa ''Peace Boat'' (Buque por la Paz) con visitas de los lugares que fueron centros de\u2026","rel":"","context":"Dans &quot;Non class\u00e9&quot;","block_context":{"text":"Non class\u00e9","link":"https:\/\/lekahuin.com\/?cat=6325"},"img":{"alt_text":"","src":"https:\/\/i0.wp.com\/lekahuin.com\/wp-content\/uploads\/2023\/05\/museo-historico-neco.png?resize=350%2C200&ssl=1","width":350,"height":200,"srcset":"https:\/\/i0.wp.com\/lekahuin.com\/wp-content\/uploads\/2023\/05\/museo-historico-neco.png?resize=350%2C200&ssl=1 1x, https:\/\/i0.wp.com\/lekahuin.com\/wp-content\/uploads\/2023\/05\/museo-historico-neco.png?resize=525%2C300&ssl=1 1.5x"},"classes":[]},{"id":1217,"url":"https:\/\/lekahuin.com\/?p=1217","url_meta":{"origin":9505,"position":2},"title":"Valpara\u00edso","author":"Le Kahuin","date":"18 novembre 2021","format":false,"excerpt":"Despu\u00e9s del \"Combate Naval\" de Valpara\u00edso, Arturo Prat podr\u00eda pasar al olvido Durante el mes de octubre de 2021 los medios de informaci\u00f3n audiovisuales, escritos y redes sociales cubrieron ampliamente lo que la posteridad conocer\u00e1, sin duda, como \"el combate naval de Valpara\u00edso\". Nueva gesta heroica de la Armada de\u2026","rel":"","context":"Dans &quot;Non class\u00e9&quot;","block_context":{"text":"Non class\u00e9","link":"https:\/\/lekahuin.com\/?cat=6325"},"img":{"alt_text":"","src":"https:\/\/i0.wp.com\/lekahuin.com\/wp-content\/uploads\/2021\/11\/combate-naval-index.jpg?resize=350%2C200&ssl=1","width":350,"height":200,"srcset":"https:\/\/i0.wp.com\/lekahuin.com\/wp-content\/uploads\/2021\/11\/combate-naval-index.jpg?resize=350%2C200&ssl=1 1x, https:\/\/i0.wp.com\/lekahuin.com\/wp-content\/uploads\/2021\/11\/combate-naval-index.jpg?resize=525%2C300&ssl=1 1.5x, https:\/\/i0.wp.com\/lekahuin.com\/wp-content\/uploads\/2021\/11\/combate-naval-index.jpg?resize=700%2C400&ssl=1 2x"},"classes":[]},{"id":9254,"url":"https:\/\/lekahuin.com\/?p=9254","url_meta":{"origin":9505,"position":3},"title":"Chile &#8211; Protesta de Profesores","author":"Le Kahuin","date":"25 mars 2024","format":false,"excerpt":"DOCENTES DE TODO CHILE PROTESTAN POR SUICIDIO DE PROFESORA ACOSADA Y AMENAZADA POR APODERADO Y LUEGO SANCIONADA POR SU JERARQU\u00cdA El Colegio de Profesores hizo un llamado a un paro general para el lunes 25 por suicidio de profesora en Antofagasta. Uno de los gremios m\u00e1s importantes para el desarrollo\u2026","rel":"","context":"Dans &quot;CHILE&quot;","block_context":{"text":"CHILE","link":"https:\/\/lekahuin.com\/?cat=55294247"},"img":{"alt_text":"","src":"https:\/\/i0.wp.com\/lekahuin.com\/wp-content\/uploads\/2024\/03\/DOCENTE-1.jpg?resize=350%2C200&ssl=1","width":350,"height":200,"srcset":"https:\/\/i0.wp.com\/lekahuin.com\/wp-content\/uploads\/2024\/03\/DOCENTE-1.jpg?resize=350%2C200&ssl=1 1x, https:\/\/i0.wp.com\/lekahuin.com\/wp-content\/uploads\/2024\/03\/DOCENTE-1.jpg?resize=525%2C300&ssl=1 1.5x, https:\/\/i0.wp.com\/lekahuin.com\/wp-content\/uploads\/2024\/03\/DOCENTE-1.jpg?resize=700%2C400&ssl=1 2x, https:\/\/i0.wp.com\/lekahuin.com\/wp-content\/uploads\/2024\/03\/DOCENTE-1.jpg?resize=1050%2C600&ssl=1 3x"},"classes":[]},{"id":4000,"url":"https:\/\/lekahuin.com\/?p=4000","url_meta":{"origin":9505,"position":4},"title":"FRANCIA","author":"Le Kahuin","date":"24 janvier 2023","format":false,"excerpt":"EN FRANCIA, DOS MILLONES MANIFESTARON CONTRA EL GOBIERNO Y SU NEFASTA REFORMA AL SISTEMA DE JUBILACIONES Dibujo de \"urbs\" publicado en Facebook por la Secci\u00f3n Secci\u00f3n sindical de Ferrocarriles (SNCF) de la Estaci\u00f3n de Lyon en Par\u00eds Unos dos millones de personas manifestaron el pasado jueves 19 de enero en\u2026","rel":"","context":"Dans &quot;Non class\u00e9&quot;","block_context":{"text":"Non class\u00e9","link":"https:\/\/lekahuin.com\/?cat=6325"},"img":{"alt_text":"","src":"https:\/\/i0.wp.com\/lekahuin.com\/wp-content\/uploads\/2023\/01\/manif-france-19-01-2.jpg?resize=350%2C200","width":350,"height":200,"srcset":"https:\/\/i0.wp.com\/lekahuin.com\/wp-content\/uploads\/2023\/01\/manif-france-19-01-2.jpg?resize=350%2C200 1x, https:\/\/i0.wp.com\/lekahuin.com\/wp-content\/uploads\/2023\/01\/manif-france-19-01-2.jpg?resize=525%2C300 1.5x"},"classes":[]},{"id":5442,"url":"https:\/\/lekahuin.com\/?p=5442","url_meta":{"origin":9505,"position":5},"title":"Memoria &#8211; Primera marcha","author":"Le Kahuin","date":"26 mai 2023","format":false,"excerpt":"EL 11 DE MAYO DE 1983, EN CONDICIONES MIL VECES M\u00c1S DIF\u00cdCILES, EL PUEBLO CHILENO SUPO REACTIVAR LA LLAMA DE LA RESISTENCIA Hoy, en un momento particularmente cr\u00edtico, con un gobierno \u201cprogresista\u201d completamente paralizado y al garete frente a una derecha y extrema derecha a la cual este le ha\u2026","rel":"","context":"Dans &quot;Non class\u00e9&quot;","block_context":{"text":"Non class\u00e9","link":"https:\/\/lekahuin.com\/?cat=6325"},"img":{"alt_text":"","src":"https:\/\/i0.wp.com\/lekahuin.com\/wp-content\/uploads\/2023\/05\/jornada-83-860.jpg?resize=350%2C200&ssl=1","width":350,"height":200,"srcset":"https:\/\/i0.wp.com\/lekahuin.com\/wp-content\/uploads\/2023\/05\/jornada-83-860.jpg?resize=350%2C200&ssl=1 1x, https:\/\/i0.wp.com\/lekahuin.com\/wp-content\/uploads\/2023\/05\/jornada-83-860.jpg?resize=525%2C300&ssl=1 1.5x, https:\/\/i0.wp.com\/lekahuin.com\/wp-content\/uploads\/2023\/05\/jornada-83-860.jpg?resize=700%2C400&ssl=1 2x"},"classes":[]}],"_links":{"self":[{"href":"https:\/\/lekahuin.com\/index.php?rest_route=\/wp\/v2\/posts\/9505","targetHints":{"allow":["GET"]}}],"collection":[{"href":"https:\/\/lekahuin.com\/index.php?rest_route=\/wp\/v2\/posts"}],"about":[{"href":"https:\/\/lekahuin.com\/index.php?rest_route=\/wp\/v2\/types\/post"}],"author":[{"embeddable":true,"href":"https:\/\/lekahuin.com\/index.php?rest_route=\/wp\/v2\/users\/211878710"}],"replies":[{"embeddable":true,"href":"https:\/\/lekahuin.com\/index.php?rest_route=%2Fwp%2Fv2%2Fcomments&post=9505"}],"version-history":[{"count":4,"href":"https:\/\/lekahuin.com\/index.php?rest_route=\/wp\/v2\/posts\/9505\/revisions"}],"predecessor-version":[{"id":9511,"href":"https:\/\/lekahuin.com\/index.php?rest_route=\/wp\/v2\/posts\/9505\/revisions\/9511"}],"wp:attachment":[{"href":"https:\/\/lekahuin.com\/index.php?rest_route=%2Fwp%2Fv2%2Fmedia&parent=9505"}],"wp:term":[{"taxonomy":"category","embeddable":true,"href":"https:\/\/lekahuin.com\/index.php?rest_route=%2Fwp%2Fv2%2Fcategories&post=9505"},{"taxonomy":"post_tag","embeddable":true,"href":"https:\/\/lekahuin.com\/index.php?rest_route=%2Fwp%2Fv2%2Ftags&post=9505"}],"curies":[{"name":"wp","href":"https:\/\/api.w.org\/{rel}","templated":true}]}}